{"id":1868,"date":"2025-03-31T18:54:20","date_gmt":"2025-03-31T21:54:20","guid":{"rendered":"https:\/\/diariodelsurdigital.com.ar\/?p=1868"},"modified":"2025-03-31T18:54:21","modified_gmt":"2025-03-31T21:54:21","slug":"por-cinco-dias-habiles-se-exponen-los-listados-de-docentes-provisorios-de-suplencias-de-ascenso","status":"publish","type":"post","link":"https:\/\/diariodelsurdigital.com.ar\/?p=1868","title":{"rendered":"Por cinco d\u00edas h\u00e1biles se exponen los listados de docentes provisorios de suplencias de ascenso"},"content":{"rendered":"\n<p>Desde este 31 de marzo y por el t\u00e9rmino de cinco d\u00edas h\u00e1biles, se exponen los listados docentes provisorios de suplencias de ascenso de nivel inicial, primario y sus modalidades. As\u00ed lo estableci\u00f3 Jurado de Concursos del Consejo General de Educaci\u00f3n (CGE), a trav\u00e9s de la Circular 6 del 27 de marzo.<\/p>\n\n\n\n<p>La exposici\u00f3n corresponde al concurso N\u00b0 188, convocado por Resoluciones N\u00b0 4425\/18 CGE, N\u00b0 4718\/18 CGE, N\u00b0 1957\/22 CGE, N\u00b0 2199\/22 CGE, N\u00ba 3000\/24 CGE.<\/p>\n\n\n\n<p>El Listado Provisorio se publicar\u00e1 en la p\u00e1gina del Sistema de Administraci\u00f3n y Gesti\u00f3n Educativa (SAGE),&nbsp;<a href=\"http:\/\/www.entrerios.gov.ar\/webpregase\/pregase\/index.php\">http:\/\/www.entrerios.gov.ar\/webpregase\/pregase\/index.php&nbsp;<\/a><\/p>\n\n\n\n<p>El ordenamiento para el listado de suplencias de ascenso se enmarca en la Resoluci\u00f3n N\u00ba 3000\/24 CGE.<\/p>\n\n\n\n<p>Antes de realizar un reclamo cada docente deber\u00e1 verificar si re\u00fane todos los requisitos para el o los cargo\/s de ascenso que aspira.<\/p>\n\n\n\n<p>La circular precisa que s\u00f3lo se podr\u00e1 realizar un \u00fanico reclamo exclusivamente v\u00eda SAGE, referido a la inclusi\u00f3n en el listado, requisitos, omisiones o diferencias en el puntaje final con respecto a los listados N\u00ba 188 y 192.<\/p>\n\n\n\n<p>Para ser considerados, los reclamos deben ser precisos.<\/p>\n\n\n\n<p>La evaluaci\u00f3n para esta actualizaci\u00f3n se toma de los listados N\u00ba 188 y N\u00ba192, seg\u00fan corresponda, por lo que no se responder\u00e1n reclamos sobre conceptos, servicios, acciones de formaci\u00f3n docente, jerarqu\u00eda y zona.<\/p>\n\n\n\n<p>Si se observa que el docente no realiz\u00f3 reclamos en el listado provisorio, no podr\u00e1 efectuarlos en el listado definitivo. Transcurrido el per\u00edodo de exposici\u00f3n y reclamos, los docentes podr\u00e1n consultar su anal\u00edtico, pero no realizar reclamos.<\/p>\n\n\n\n<p>Todos los casos y dudas no previstos o no considerados ser\u00e1n analizados y resueltos por Jurado de Concursos.<\/p>\n","protected":false},"excerpt":{"rendered":"<p>Desde este 31 de marzo y por el t\u00e9rmino de cinco d\u00edas h\u00e1biles, se exponen los listados docentes provisorios de suplencias de ascenso de nivel inicial, primario y sus modalidades. As\u00ed lo estableci\u00f3 Jurado de Concursos del Consejo General de Educaci\u00f3n (CGE), a trav\u00e9s de la Circular 6 del 27 de marzo. La exposici\u00f3n corresponde [&hellip;]<\/p>\n","protected":false},"author":2,"featured_media":1869,"comment_status":"open","ping_status":"open","sticky":false,"template":"","format":"standard","meta":{"footnotes":""},"categories":[17],"tags":[],"class_list":{"0":"post-1868","1":"post","2":"type-post","3":"status-publish","4":"format-standard","5":"has-post-thumbnail","7":"category-provinciales"},"yoast_head":"<!-- This site is optimized with the Yoast SEO plugin v27.4 - https:\/\/yoast.com\/product\/yoast-seo-wordpress\/ -->\n<title>Por cinco d\u00edas h\u00e1biles se exponen los listados de docentes provisorios de suplencias de ascenso - Diario del Sur<\/title>\n<meta name=\"robots\" content=\"index, follow, max-snippet:-1, max-image-preview:large, max-video-preview:-1\" \/>\n<link rel=\"canonical\" href=\"https:\/\/diariodelsurdigital.com.ar\/?p=1868\" \/>\n<meta property=\"og:locale\" content=\"es_ES\" \/>\n<meta property=\"og:type\" content=\"article\" \/>\n<meta property=\"og:title\" content=\"Por cinco d\u00edas h\u00e1biles se exponen los listados de docentes provisorios de suplencias de ascenso - Diario del Sur\" \/>\n<meta property=\"og:description\" content=\"Desde este 31 de marzo y por el t\u00e9rmino de cinco d\u00edas h\u00e1biles, se exponen los listados docentes provisorios de suplencias de ascenso de nivel inicial, primario y sus modalidades. As\u00ed lo estableci\u00f3 Jurado de Concursos del Consejo General de Educaci\u00f3n (CGE), a trav\u00e9s de la Circular 6 del 27 de marzo. La exposici\u00f3n corresponde [&hellip;]\" \/>\n<meta property=\"og:url\" content=\"https:\/\/diariodelsurdigital.com.ar\/?p=1868\" \/>\n<meta property=\"og:site_name\" content=\"Diario del Sur\" \/>\n<meta property=\"article:published_time\" content=\"2025-03-31T21:54:20+00:00\" \/>\n<meta property=\"article:modified_time\" content=\"2025-03-31T21:54:21+00:00\" \/>\n<meta property=\"og:image\" content=\"https:\/\/diariodelsurdigital.com.ar\/wp-content\/uploads\/2025\/03\/docentes-suplentes-1536x1024-1.jpg\" \/>\n\t<meta property=\"og:image:width\" content=\"460\" \/>\n\t<meta property=\"og:image:height\" content=\"307\" \/>\n\t<meta property=\"og:image:type\" content=\"image\/jpeg\" \/>\n<meta name=\"author\" content=\"Diario del Sur Digital\" \/>\n<meta name=\"twitter:card\" content=\"summary_large_image\" \/>\n<meta name=\"twitter:label1\" content=\"Escrito por\" \/>\n\t<meta name=\"twitter:data1\" content=\"Diario del Sur Digital\" \/>\n\t<meta name=\"twitter:label2\" content=\"Tiempo de lectura\" \/>\n\t<meta name=\"twitter:data2\" content=\"2 minutos\" \/>\n<script type=\"application\/ld+json\" class=\"yoast-schema-graph\">{\"@context\":\"https:\\\/\\\/schema.org\",\"@graph\":[{\"@type\":\"Article\",\"@id\":\"https:\\\/\\\/diariodelsurdigital.com.ar\\\/?p=1868#article\",\"isPartOf\":{\"@id\":\"https:\\\/\\\/diariodelsurdigital.com.ar\\\/?p=1868\"},\"author\":{\"name\":\"Diario del Sur Digital\",\"@id\":\"https:\\\/\\\/diariodelsurdigital.com.ar\\\/#\\\/schema\\\/person\\\/6136a32571657f7dba980b88b04c5465\"},\"headline\":\"Por cinco d\u00edas h\u00e1biles se exponen los listados de docentes provisorios de suplencias de ascenso\",\"datePublished\":\"2025-03-31T21:54:20+00:00\",\"dateModified\":\"2025-03-31T21:54:21+00:00\",\"mainEntityOfPage\":{\"@id\":\"https:\\\/\\\/diariodelsurdigital.com.ar\\\/?p=1868\"},\"wordCount\":308,\"commentCount\":0,\"image\":{\"@id\":\"https:\\\/\\\/diariodelsurdigital.com.ar\\\/?p=1868#primaryimage\"},\"thumbnailUrl\":\"https:\\\/\\\/diariodelsurdigital.com.ar\\\/wp-content\\\/uploads\\\/2025\\\/03\\\/docentes-suplentes-1536x1024-1.jpg\",\"articleSection\":[\"Provinciales\"],\"inLanguage\":\"es\",\"potentialAction\":[{\"@type\":\"CommentAction\",\"name\":\"Comment\",\"target\":[\"https:\\\/\\\/diariodelsurdigital.com.ar\\\/?p=1868#respond\"]}]},{\"@type\":\"WebPage\",\"@id\":\"https:\\\/\\\/diariodelsurdigital.com.ar\\\/?p=1868\",\"url\":\"https:\\\/\\\/diariodelsurdigital.com.ar\\\/?p=1868\",\"name\":\"Por cinco d\u00edas h\u00e1biles se exponen los listados de docentes provisorios de suplencias de ascenso - Diario del Sur\",\"isPartOf\":{\"@id\":\"https:\\\/\\\/diariodelsurdigital.com.ar\\\/#website\"},\"primaryImageOfPage\":{\"@id\":\"https:\\\/\\\/diariodelsurdigital.com.ar\\\/?p=1868#primaryimage\"},\"image\":{\"@id\":\"https:\\\/\\\/diariodelsurdigital.com.ar\\\/?p=1868#primaryimage\"},\"thumbnailUrl\":\"https:\\\/\\\/diariodelsurdigital.com.ar\\\/wp-content\\\/uploads\\\/2025\\\/03\\\/docentes-suplentes-1536x1024-1.jpg\",\"datePublished\":\"2025-03-31T21:54:20+00:00\",\"dateModified\":\"2025-03-31T21:54:21+00:00\",\"author\":{\"@id\":\"https:\\\/\\\/diariodelsurdigital.com.ar\\\/#\\\/schema\\\/person\\\/6136a32571657f7dba980b88b04c5465\"},\"breadcrumb\":{\"@id\":\"https:\\\/\\\/diariodelsurdigital.com.ar\\\/?p=1868#breadcrumb\"},\"inLanguage\":\"es\",\"potentialAction\":[{\"@type\":\"ReadAction\",\"target\":[\"https:\\\/\\\/diariodelsurdigital.com.ar\\\/?p=1868\"]}]},{\"@type\":\"ImageObject\",\"inLanguage\":\"es\",\"@id\":\"https:\\\/\\\/diariodelsurdigital.com.ar\\\/?p=1868#primaryimage\",\"url\":\"https:\\\/\\\/diariodelsurdigital.com.ar\\\/wp-content\\\/uploads\\\/2025\\\/03\\\/docentes-suplentes-1536x1024-1.jpg\",\"contentUrl\":\"https:\\\/\\\/diariodelsurdigital.com.ar\\\/wp-content\\\/uploads\\\/2025\\\/03\\\/docentes-suplentes-1536x1024-1.jpg\",\"width\":460,\"height\":307},{\"@type\":\"BreadcrumbList\",\"@id\":\"https:\\\/\\\/diariodelsurdigital.com.ar\\\/?p=1868#breadcrumb\",\"itemListElement\":[{\"@type\":\"ListItem\",\"position\":1,\"name\":\"Portada\",\"item\":\"https:\\\/\\\/diariodelsurdigital.com.ar\\\/\"},{\"@type\":\"ListItem\",\"position\":2,\"name\":\"Por cinco d\u00edas h\u00e1biles se exponen los listados de docentes provisorios de suplencias de ascenso\"}]},{\"@type\":\"WebSite\",\"@id\":\"https:\\\/\\\/diariodelsurdigital.com.ar\\\/#website\",\"url\":\"https:\\\/\\\/diariodelsurdigital.com.ar\\\/\",\"name\":\"Diario del Sur\",\"description\":\"Digital\",\"potentialAction\":[{\"@type\":\"SearchAction\",\"target\":{\"@type\":\"EntryPoint\",\"urlTemplate\":\"https:\\\/\\\/diariodelsurdigital.com.ar\\\/?s={search_term_string}\"},\"query-input\":{\"@type\":\"PropertyValueSpecification\",\"valueRequired\":true,\"valueName\":\"search_term_string\"}}],\"inLanguage\":\"es\"},{\"@type\":\"Person\",\"@id\":\"https:\\\/\\\/diariodelsurdigital.com.ar\\\/#\\\/schema\\\/person\\\/6136a32571657f7dba980b88b04c5465\",\"name\":\"Diario del Sur Digital\",\"image\":{\"@type\":\"ImageObject\",\"inLanguage\":\"es\",\"@id\":\"https:\\\/\\\/secure.gravatar.com\\\/avatar\\\/4c29ceac98541dd42460b2474aaa5dd37594d6ce6cb3cf2c101d09b48ee287ba?s=96&d=mm&r=g\",\"url\":\"https:\\\/\\\/secure.gravatar.com\\\/avatar\\\/4c29ceac98541dd42460b2474aaa5dd37594d6ce6cb3cf2c101d09b48ee287ba?s=96&d=mm&r=g\",\"contentUrl\":\"https:\\\/\\\/secure.gravatar.com\\\/avatar\\\/4c29ceac98541dd42460b2474aaa5dd37594d6ce6cb3cf2c101d09b48ee287ba?s=96&d=mm&r=g\",\"caption\":\"Diario del Sur Digital\"},\"url\":\"https:\\\/\\\/diariodelsurdigital.com.ar\\\/?author=2\"}]}<\/script>\n<!-- \/ Yoast SEO plugin. -->","yoast_head_json":{"title":"Por cinco d\u00edas h\u00e1biles se exponen los listados de docentes provisorios de suplencias de ascenso - Diario del Sur","robots":{"index":"index","follow":"follow","max-snippet":"max-snippet:-1","max-image-preview":"max-image-preview:large","max-video-preview":"max-video-preview:-1"},"canonical":"https:\/\/diariodelsurdigital.com.ar\/?p=1868","og_locale":"es_ES","og_type":"article","og_title":"Por cinco d\u00edas h\u00e1biles se exponen los listados de docentes provisorios de suplencias de ascenso - Diario del Sur","og_description":"Desde este 31 de marzo y por el t\u00e9rmino de cinco d\u00edas h\u00e1biles, se exponen los listados docentes provisorios de suplencias de ascenso de nivel inicial, primario y sus modalidades. As\u00ed lo estableci\u00f3 Jurado de Concursos del Consejo General de Educaci\u00f3n (CGE), a trav\u00e9s de la Circular 6 del 27 de marzo. La exposici\u00f3n corresponde [&hellip;]","og_url":"https:\/\/diariodelsurdigital.com.ar\/?p=1868","og_site_name":"Diario del Sur","article_published_time":"2025-03-31T21:54:20+00:00","article_modified_time":"2025-03-31T21:54:21+00:00","og_image":[{"width":460,"height":307,"url":"https:\/\/diariodelsurdigital.com.ar\/wp-content\/uploads\/2025\/03\/docentes-suplentes-1536x1024-1.jpg","type":"image\/jpeg"}],"author":"Diario del Sur Digital","twitter_card":"summary_large_image","twitter_misc":{"Escrito por":"Diario del Sur Digital","Tiempo de lectura":"2 minutos"},"schema":{"@context":"https:\/\/schema.org","@graph":[{"@type":"Article","@id":"https:\/\/diariodelsurdigital.com.ar\/?p=1868#article","isPartOf":{"@id":"https:\/\/diariodelsurdigital.com.ar\/?p=1868"},"author":{"name":"Diario del Sur Digital","@id":"https:\/\/diariodelsurdigital.com.ar\/#\/schema\/person\/6136a32571657f7dba980b88b04c5465"},"headline":"Por cinco d\u00edas h\u00e1biles se exponen los listados de docentes provisorios de suplencias de ascenso","datePublished":"2025-03-31T21:54:20+00:00","dateModified":"2025-03-31T21:54:21+00:00","mainEntityOfPage":{"@id":"https:\/\/diariodelsurdigital.com.ar\/?p=1868"},"wordCount":308,"commentCount":0,"image":{"@id":"https:\/\/diariodelsurdigital.com.ar\/?p=1868#primaryimage"},"thumbnailUrl":"https:\/\/diariodelsurdigital.com.ar\/wp-content\/uploads\/2025\/03\/docentes-suplentes-1536x1024-1.jpg","articleSection":["Provinciales"],"inLanguage":"es","potentialAction":[{"@type":"CommentAction","name":"Comment","target":["https:\/\/diariodelsurdigital.com.ar\/?p=1868#respond"]}]},{"@type":"WebPage","@id":"https:\/\/diariodelsurdigital.com.ar\/?p=1868","url":"https:\/\/diariodelsurdigital.com.ar\/?p=1868","name":"Por cinco d\u00edas h\u00e1biles se exponen los listados de docentes provisorios de suplencias de ascenso - Diario del Sur","isPartOf":{"@id":"https:\/\/diariodelsurdigital.com.ar\/#website"},"primaryImageOfPage":{"@id":"https:\/\/diariodelsurdigital.com.ar\/?p=1868#primaryimage"},"image":{"@id":"https:\/\/diariodelsurdigital.com.ar\/?p=1868#primaryimage"},"thumbnailUrl":"https:\/\/diariodelsurdigital.com.ar\/wp-content\/uploads\/2025\/03\/docentes-suplentes-1536x1024-1.jpg","datePublished":"2025-03-31T21:54:20+00:00","dateModified":"2025-03-31T21:54:21+00:00","author":{"@id":"https:\/\/diariodelsurdigital.com.ar\/#\/schema\/person\/6136a32571657f7dba980b88b04c5465"},"breadcrumb":{"@id":"https:\/\/diariodelsurdigital.com.ar\/?p=1868#breadcrumb"},"inLanguage":"es","potentialAction":[{"@type":"ReadAction","target":["https:\/\/diariodelsurdigital.com.ar\/?p=1868"]}]},{"@type":"ImageObject","inLanguage":"es","@id":"https:\/\/diariodelsurdigital.com.ar\/?p=1868#primaryimage","url":"https:\/\/diariodelsurdigital.com.ar\/wp-content\/uploads\/2025\/03\/docentes-suplentes-1536x1024-1.jpg","contentUrl":"https:\/\/diariodelsurdigital.com.ar\/wp-content\/uploads\/2025\/03\/docentes-suplentes-1536x1024-1.jpg","width":460,"height":307},{"@type":"BreadcrumbList","@id":"https:\/\/diariodelsurdigital.com.ar\/?p=1868#breadcrumb","itemListElement":[{"@type":"ListItem","position":1,"name":"Portada","item":"https:\/\/diariodelsurdigital.com.ar\/"},{"@type":"ListItem","position":2,"name":"Por cinco d\u00edas h\u00e1biles se exponen los listados de docentes provisorios de suplencias de ascenso"}]},{"@type":"WebSite","@id":"https:\/\/diariodelsurdigital.com.ar\/#website","url":"https:\/\/diariodelsurdigital.com.ar\/","name":"Diario del Sur","description":"Digital","potentialAction":[{"@type":"SearchAction","target":{"@type":"EntryPoint","urlTemplate":"https:\/\/diariodelsurdigital.com.ar\/?s={search_term_string}"},"query-input":{"@type":"PropertyValueSpecification","valueRequired":true,"valueName":"search_term_string"}}],"inLanguage":"es"},{"@type":"Person","@id":"https:\/\/diariodelsurdigital.com.ar\/#\/schema\/person\/6136a32571657f7dba980b88b04c5465","name":"Diario del Sur Digital","image":{"@type":"ImageObject","inLanguage":"es","@id":"https:\/\/secure.gravatar.com\/avatar\/4c29ceac98541dd42460b2474aaa5dd37594d6ce6cb3cf2c101d09b48ee287ba?s=96&d=mm&r=g","url":"https:\/\/secure.gravatar.com\/avatar\/4c29ceac98541dd42460b2474aaa5dd37594d6ce6cb3cf2c101d09b48ee287ba?s=96&d=mm&r=g","contentUrl":"https:\/\/secure.gravatar.com\/avatar\/4c29ceac98541dd42460b2474aaa5dd37594d6ce6cb3cf2c101d09b48ee287ba?s=96&d=mm&r=g","caption":"Diario del Sur Digital"},"url":"https:\/\/diariodelsurdigital.com.ar\/?author=2"}]}},"_links":{"self":[{"href":"https:\/\/diariodelsurdigital.com.ar\/index.php?rest_route=\/wp\/v2\/posts\/1868","targetHints":{"allow":["GET"]}}],"collection":[{"href":"https:\/\/diariodelsurdigital.com.ar\/index.php?rest_route=\/wp\/v2\/posts"}],"about":[{"href":"https:\/\/diariodelsurdigital.com.ar\/index.php?rest_route=\/wp\/v2\/types\/post"}],"author":[{"embeddable":true,"href":"https:\/\/diariodelsurdigital.com.ar\/index.php?rest_route=\/wp\/v2\/users\/2"}],"replies":[{"embeddable":true,"href":"https:\/\/diariodelsurdigital.com.ar\/index.php?rest_route=%2Fwp%2Fv2%2Fcomments&post=1868"}],"version-history":[{"count":1,"href":"https:\/\/diariodelsurdigital.com.ar\/index.php?rest_route=\/wp\/v2\/posts\/1868\/revisions"}],"predecessor-version":[{"id":1870,"href":"https:\/\/diariodelsurdigital.com.ar\/index.php?rest_route=\/wp\/v2\/posts\/1868\/revisions\/1870"}],"wp:featuredmedia":[{"embeddable":true,"href":"https:\/\/diariodelsurdigital.com.ar\/index.php?rest_route=\/wp\/v2\/media\/1869"}],"wp:attachment":[{"href":"https:\/\/diariodelsurdigital.com.ar\/index.php?rest_route=%2Fwp%2Fv2%2Fmedia&parent=1868"}],"wp:term":[{"taxonomy":"category","embeddable":true,"href":"https:\/\/diariodelsurdigital.com.ar\/index.php?rest_route=%2Fwp%2Fv2%2Fcategories&post=1868"},{"taxonomy":"post_tag","embeddable":true,"href":"https:\/\/diariodelsurdigital.com.ar\/index.php?rest_route=%2Fwp%2Fv2%2Ftags&post=1868"}],"curies":[{"name":"wp","href":"https:\/\/api.w.org\/{rel}","templated":true}]}}