{"id":1889,"date":"2025-04-01T14:15:31","date_gmt":"2025-04-01T17:15:31","guid":{"rendered":"https:\/\/diariodelsurdigital.com.ar\/?p=1889"},"modified":"2025-04-01T14:15:32","modified_gmt":"2025-04-01T17:15:32","slug":"avanza-el-reclamo-del-municipio-de-federacion-por-los-danos-causados-por-la-represa-de-salto-grande","status":"publish","type":"post","link":"https:\/\/diariodelsurdigital.com.ar\/?p=1889","title":{"rendered":"Avanza el reclamo del Municipio de Federaci\u00f3n por los da\u00f1os causados por la Represa de Salto Grande"},"content":{"rendered":"\n<p>El intendente Ricardo Bravo, que encabez\u00f3 una importante reuni\u00f3n de la que participaron dirigentes de distintos espacios pol\u00edticos y ciudades, adelant\u00f3 que un estudio de abogados especializado est\u00e1 trabajando para iniciar las acciones legales necesarias que garanticen que Federaci\u00f3n reciba la reparaci\u00f3n correspondiente. Adem\u00e1s, present\u00f3 ante el Concejo Deliberante un Proyecto de Ordenanza que institucionaliza el reclamo.<\/p>\n\n\n\n<p>El Intendente de la ciudad de Federaci\u00f3n, Ricardo Bravo, encabez\u00f3 una reuni\u00f3n para plantear un reclamo hist\u00f3rico por la reparaci\u00f3n de los da\u00f1os causados por la represa de Salto Grande, logrando en el d\u00eda de hoy dos avances fundamentales para esta causa que movilizar\u00e1 a toda la comunidad federaense.<\/p>\n\n\n\n<p>La importante reuni\u00f3n, desarrollada este lunes por la ma\u00f1ana, cont\u00f3 con la presencia de los diputados provinciales Rub\u00e9n Rastelli, Mariel Avila, Gabriela Lena, Marcelo L\u00f3pez, Rub\u00e9n Dal Mol\u00edn y Enrique Cresto, adem\u00e1s del Secretario de Obras y Servicios P\u00fablicos, Luis Espil, y las Presidentas de los bloques del Concejo Deliberante de Federaci\u00f3n, Bel\u00e9n Gil y Mabel Franzoy.<\/p>\n\n\n\n<p>En una jornada de unidad sin precedentes, se trabaj\u00f3 sobre la elaboraci\u00f3n de un Acta de Reclamo y Petitorio de Reparaci\u00f3n Hist\u00f3rica con el respaldo de numerosos dirigentes pol\u00edticos de la regi\u00f3n. Este documento exige con urgencia:<\/p>\n\n\n\n<p>\u00e2\u00a6\u0081 Suscripci\u00f3n de convenio cuyo objeto sea equiparable al firmado por la ciudad de Concordia con CTM, garantizando as\u00ed un trato igualitario para Federaci\u00f3n. Esto resulta imprescindible al considerar que ambas ciudades han enfrentado perjuicios similares derivados de la construcci\u00f3n y operaci\u00f3n de la represa de Salto Grande.<\/p>\n\n\n\n<p>\u00e2\u00a6\u0081 Indemnizaciones econ\u00f3micas justas para reparar los da\u00f1os hist\u00f3ricos.<\/p>\n\n\n\n<p>\u00e2\u00a6\u0081 Medidas ambientales concretas que frenen la erosi\u00f3n costera, contaminaci\u00f3n del r\u00edo Uruguay y p\u00e9rdida de biodiversidad.<\/p>\n\n\n\n<p>\u00e2\u00a6\u0081 Participaci\u00f3n activa en las decisiones de la CTM mediante la restituci\u00f3n del lugar en el Directorio del organismo que Federaci\u00f3n supo ocupar, y que le fue injustamente removido.<\/p>\n\n\n\n<p>La iniciativa establece las bases para gestionar ante Naci\u00f3n y Provincia un convenio que garantice compensaci\u00f3n econ\u00f3mica, medidas ambientales y participaci\u00f3n en las decisiones sobre la represa.<\/p>\n\n\n\n<p>\u00abEste no es un reclamo nuevo, es una deuda que llevamos en el coraz\u00f3n de nuestra ciudad durante 46 a\u00f1os\u00bb, enfatiz\u00f3 el Intendente Bravo al presentar ante el Concejo Deliberante un Proyecto de Ordenanza que institucionaliza este pedido, y que busca el respaldo del cuerpo legislativo local a esta lucha.<\/p>\n\n\n\n<p>\u00abEstamos escribiendo una nueva p\u00e1gina en la historia de nuestra ciudad\u00bb, expres\u00f3 con emoci\u00f3n el Intendente Bravo. \u00abEn los pr\u00f3ximos d\u00edas continuaremos sumando adhesiones con instituciones, organizaciones y representantes de todos los sectores de nuestra comunidad.<\/p>\n\n\n\n<p>Cada firma, cada apoyo, fortalece nuestra posici\u00f3n ante las autoridades nacionales y provinciales\u00bb.<\/p>\n\n\n\n<p>El Presidente Municipal confirm\u00f3 que ya se encuentra trabajando con un estudio de abogados especializado para iniciar las acciones legales necesarias que garanticen que Federaci\u00f3n reciba la reparaci\u00f3n correspondiente.<\/p>\n\n\n\n<p>El jefe comunal adelant\u00f3 que ya se encuentra programada una agenda de reuniones con entidades gremiales, productivas y vecinales para ampliar el respaldo a este reclamo. \u00abConvocamos a todos los federaenses a sumarse a esta causa que es de todos. Solo unidos lograremos que Provincia y Naci\u00f3n escuchen nuestro pedido de justicia\u00bb.<\/p>\n","protected":false},"excerpt":{"rendered":"<p>El intendente Ricardo Bravo, que encabez\u00f3 una importante reuni\u00f3n de la que participaron dirigentes de distintos espacios pol\u00edticos y ciudades, adelant\u00f3 que un estudio de abogados especializado est\u00e1 trabajando para iniciar las acciones legales necesarias que garanticen que Federaci\u00f3n reciba la reparaci\u00f3n correspondiente. Adem\u00e1s, present\u00f3 ante el Concejo Deliberante un Proyecto de Ordenanza que institucionaliza [&hellip;]<\/p>\n","protected":false},"author":4,"featured_media":1890,"comment_status":"open","ping_status":"open","sticky":false,"template":"","format":"standard","meta":{"footnotes":""},"categories":[17],"tags":[],"class_list":{"0":"post-1889","1":"post","2":"type-post","3":"status-publish","4":"format-standard","5":"has-post-thumbnail","7":"category-provinciales"},"yoast_head":"<!-- This site is optimized with the Yoast SEO plugin v27.4 - https:\/\/yoast.com\/product\/yoast-seo-wordpress\/ -->\n<title>Avanza el reclamo del Municipio de Federaci\u00f3n por los da\u00f1os causados por la Represa de Salto Grande - Diario del Sur<\/title>\n<meta name=\"robots\" content=\"index, follow, max-snippet:-1, max-image-preview:large, max-video-preview:-1\" \/>\n<link rel=\"canonical\" href=\"https:\/\/diariodelsurdigital.com.ar\/?p=1889\" \/>\n<meta property=\"og:locale\" content=\"es_ES\" \/>\n<meta property=\"og:type\" content=\"article\" \/>\n<meta property=\"og:title\" content=\"Avanza el reclamo del Municipio de Federaci\u00f3n por los da\u00f1os causados por la Represa de Salto Grande - Diario del Sur\" \/>\n<meta property=\"og:description\" content=\"El intendente Ricardo Bravo, que encabez\u00f3 una importante reuni\u00f3n de la que participaron dirigentes de distintos espacios pol\u00edticos y ciudades, adelant\u00f3 que un estudio de abogados especializado est\u00e1 trabajando para iniciar las acciones legales necesarias que garanticen que Federaci\u00f3n reciba la reparaci\u00f3n correspondiente. Adem\u00e1s, present\u00f3 ante el Concejo Deliberante un Proyecto de Ordenanza que institucionaliza [&hellip;]\" \/>\n<meta property=\"og:url\" content=\"https:\/\/diariodelsurdigital.com.ar\/?p=1889\" \/>\n<meta property=\"og:site_name\" content=\"Diario del Sur\" \/>\n<meta property=\"article:published_time\" content=\"2025-04-01T17:15:31+00:00\" \/>\n<meta property=\"article:modified_time\" content=\"2025-04-01T17:15:32+00:00\" \/>\n<meta property=\"og:image\" content=\"https:\/\/diariodelsurdigital.com.ar\/wp-content\/uploads\/2025\/04\/md-33.webp\" \/>\n\t<meta property=\"og:image:width\" content=\"992\" \/>\n\t<meta property=\"og:image:height\" content=\"557\" \/>\n\t<meta property=\"og:image:type\" content=\"image\/webp\" \/>\n<meta name=\"author\" content=\"Diario del Sur Digital\" \/>\n<meta name=\"twitter:card\" content=\"summary_large_image\" \/>\n<meta name=\"twitter:label1\" content=\"Escrito por\" \/>\n\t<meta name=\"twitter:data1\" content=\"Diario del Sur Digital\" \/>\n\t<meta name=\"twitter:label2\" content=\"Tiempo de lectura\" \/>\n\t<meta name=\"twitter:data2\" content=\"3 minutos\" \/>\n<script type=\"application\/ld+json\" class=\"yoast-schema-graph\">{\"@context\":\"https:\\\/\\\/schema.org\",\"@graph\":[{\"@type\":\"Article\",\"@id\":\"https:\\\/\\\/diariodelsurdigital.com.ar\\\/?p=1889#article\",\"isPartOf\":{\"@id\":\"https:\\\/\\\/diariodelsurdigital.com.ar\\\/?p=1889\"},\"author\":{\"name\":\"Diario del Sur Digital\",\"@id\":\"https:\\\/\\\/diariodelsurdigital.com.ar\\\/#\\\/schema\\\/person\\\/1a4992532ed62965c968031b49195c81\"},\"headline\":\"Avanza el reclamo del Municipio de Federaci\u00f3n por los da\u00f1os causados por la Represa de Salto Grande\",\"datePublished\":\"2025-04-01T17:15:31+00:00\",\"dateModified\":\"2025-04-01T17:15:32+00:00\",\"mainEntityOfPage\":{\"@id\":\"https:\\\/\\\/diariodelsurdigital.com.ar\\\/?p=1889\"},\"wordCount\":578,\"commentCount\":0,\"image\":{\"@id\":\"https:\\\/\\\/diariodelsurdigital.com.ar\\\/?p=1889#primaryimage\"},\"thumbnailUrl\":\"https:\\\/\\\/diariodelsurdigital.com.ar\\\/wp-content\\\/uploads\\\/2025\\\/04\\\/md-33.webp\",\"articleSection\":[\"Provinciales\"],\"inLanguage\":\"es\",\"potentialAction\":[{\"@type\":\"CommentAction\",\"name\":\"Comment\",\"target\":[\"https:\\\/\\\/diariodelsurdigital.com.ar\\\/?p=1889#respond\"]}]},{\"@type\":\"WebPage\",\"@id\":\"https:\\\/\\\/diariodelsurdigital.com.ar\\\/?p=1889\",\"url\":\"https:\\\/\\\/diariodelsurdigital.com.ar\\\/?p=1889\",\"name\":\"Avanza el reclamo del Municipio de Federaci\u00f3n por los da\u00f1os causados por la Represa de Salto Grande - Diario del Sur\",\"isPartOf\":{\"@id\":\"https:\\\/\\\/diariodelsurdigital.com.ar\\\/#website\"},\"primaryImageOfPage\":{\"@id\":\"https:\\\/\\\/diariodelsurdigital.com.ar\\\/?p=1889#primaryimage\"},\"image\":{\"@id\":\"https:\\\/\\\/diariodelsurdigital.com.ar\\\/?p=1889#primaryimage\"},\"thumbnailUrl\":\"https:\\\/\\\/diariodelsurdigital.com.ar\\\/wp-content\\\/uploads\\\/2025\\\/04\\\/md-33.webp\",\"datePublished\":\"2025-04-01T17:15:31+00:00\",\"dateModified\":\"2025-04-01T17:15:32+00:00\",\"author\":{\"@id\":\"https:\\\/\\\/diariodelsurdigital.com.ar\\\/#\\\/schema\\\/person\\\/1a4992532ed62965c968031b49195c81\"},\"breadcrumb\":{\"@id\":\"https:\\\/\\\/diariodelsurdigital.com.ar\\\/?p=1889#breadcrumb\"},\"inLanguage\":\"es\",\"potentialAction\":[{\"@type\":\"ReadAction\",\"target\":[\"https:\\\/\\\/diariodelsurdigital.com.ar\\\/?p=1889\"]}]},{\"@type\":\"ImageObject\",\"inLanguage\":\"es\",\"@id\":\"https:\\\/\\\/diariodelsurdigital.com.ar\\\/?p=1889#primaryimage\",\"url\":\"https:\\\/\\\/diariodelsurdigital.com.ar\\\/wp-content\\\/uploads\\\/2025\\\/04\\\/md-33.webp\",\"contentUrl\":\"https:\\\/\\\/diariodelsurdigital.com.ar\\\/wp-content\\\/uploads\\\/2025\\\/04\\\/md-33.webp\",\"width\":992,\"height\":557},{\"@type\":\"BreadcrumbList\",\"@id\":\"https:\\\/\\\/diariodelsurdigital.com.ar\\\/?p=1889#breadcrumb\",\"itemListElement\":[{\"@type\":\"ListItem\",\"position\":1,\"name\":\"Portada\",\"item\":\"https:\\\/\\\/diariodelsurdigital.com.ar\\\/\"},{\"@type\":\"ListItem\",\"position\":2,\"name\":\"Avanza el reclamo del Municipio de Federaci\u00f3n por los da\u00f1os causados por la Represa de Salto Grande\"}]},{\"@type\":\"WebSite\",\"@id\":\"https:\\\/\\\/diariodelsurdigital.com.ar\\\/#website\",\"url\":\"https:\\\/\\\/diariodelsurdigital.com.ar\\\/\",\"name\":\"Diario del Sur\",\"description\":\"Digital\",\"potentialAction\":[{\"@type\":\"SearchAction\",\"target\":{\"@type\":\"EntryPoint\",\"urlTemplate\":\"https:\\\/\\\/diariodelsurdigital.com.ar\\\/?s={search_term_string}\"},\"query-input\":{\"@type\":\"PropertyValueSpecification\",\"valueRequired\":true,\"valueName\":\"search_term_string\"}}],\"inLanguage\":\"es\"},{\"@type\":\"Person\",\"@id\":\"https:\\\/\\\/diariodelsurdigital.com.ar\\\/#\\\/schema\\\/person\\\/1a4992532ed62965c968031b49195c81\",\"name\":\"Diario del Sur Digital\",\"image\":{\"@type\":\"ImageObject\",\"inLanguage\":\"es\",\"@id\":\"https:\\\/\\\/secure.gravatar.com\\\/avatar\\\/f0c7c47fc7146d19828273b9b8eda651c9c7ab583767e6338d3d3bee825adf76?s=96&d=mm&r=g\",\"url\":\"https:\\\/\\\/secure.gravatar.com\\\/avatar\\\/f0c7c47fc7146d19828273b9b8eda651c9c7ab583767e6338d3d3bee825adf76?s=96&d=mm&r=g\",\"contentUrl\":\"https:\\\/\\\/secure.gravatar.com\\\/avatar\\\/f0c7c47fc7146d19828273b9b8eda651c9c7ab583767e6338d3d3bee825adf76?s=96&d=mm&r=g\",\"caption\":\"Diario del Sur Digital\"},\"url\":\"https:\\\/\\\/diariodelsurdigital.com.ar\\\/?author=4\"}]}<\/script>\n<!-- \/ Yoast SEO plugin. -->","yoast_head_json":{"title":"Avanza el reclamo del Municipio de Federaci\u00f3n por los da\u00f1os causados por la Represa de Salto Grande - Diario del Sur","robots":{"index":"index","follow":"follow","max-snippet":"max-snippet:-1","max-image-preview":"max-image-preview:large","max-video-preview":"max-video-preview:-1"},"canonical":"https:\/\/diariodelsurdigital.com.ar\/?p=1889","og_locale":"es_ES","og_type":"article","og_title":"Avanza el reclamo del Municipio de Federaci\u00f3n por los da\u00f1os causados por la Represa de Salto Grande - Diario del Sur","og_description":"El intendente Ricardo Bravo, que encabez\u00f3 una importante reuni\u00f3n de la que participaron dirigentes de distintos espacios pol\u00edticos y ciudades, adelant\u00f3 que un estudio de abogados especializado est\u00e1 trabajando para iniciar las acciones legales necesarias que garanticen que Federaci\u00f3n reciba la reparaci\u00f3n correspondiente. Adem\u00e1s, present\u00f3 ante el Concejo Deliberante un Proyecto de Ordenanza que institucionaliza [&hellip;]","og_url":"https:\/\/diariodelsurdigital.com.ar\/?p=1889","og_site_name":"Diario del Sur","article_published_time":"2025-04-01T17:15:31+00:00","article_modified_time":"2025-04-01T17:15:32+00:00","og_image":[{"width":992,"height":557,"url":"https:\/\/diariodelsurdigital.com.ar\/wp-content\/uploads\/2025\/04\/md-33.webp","type":"image\/webp"}],"author":"Diario del Sur Digital","twitter_card":"summary_large_image","twitter_misc":{"Escrito por":"Diario del Sur Digital","Tiempo de lectura":"3 minutos"},"schema":{"@context":"https:\/\/schema.org","@graph":[{"@type":"Article","@id":"https:\/\/diariodelsurdigital.com.ar\/?p=1889#article","isPartOf":{"@id":"https:\/\/diariodelsurdigital.com.ar\/?p=1889"},"author":{"name":"Diario del Sur Digital","@id":"https:\/\/diariodelsurdigital.com.ar\/#\/schema\/person\/1a4992532ed62965c968031b49195c81"},"headline":"Avanza el reclamo del Municipio de Federaci\u00f3n por los da\u00f1os causados por la Represa de Salto Grande","datePublished":"2025-04-01T17:15:31+00:00","dateModified":"2025-04-01T17:15:32+00:00","mainEntityOfPage":{"@id":"https:\/\/diariodelsurdigital.com.ar\/?p=1889"},"wordCount":578,"commentCount":0,"image":{"@id":"https:\/\/diariodelsurdigital.com.ar\/?p=1889#primaryimage"},"thumbnailUrl":"https:\/\/diariodelsurdigital.com.ar\/wp-content\/uploads\/2025\/04\/md-33.webp","articleSection":["Provinciales"],"inLanguage":"es","potentialAction":[{"@type":"CommentAction","name":"Comment","target":["https:\/\/diariodelsurdigital.com.ar\/?p=1889#respond"]}]},{"@type":"WebPage","@id":"https:\/\/diariodelsurdigital.com.ar\/?p=1889","url":"https:\/\/diariodelsurdigital.com.ar\/?p=1889","name":"Avanza el reclamo del Municipio de Federaci\u00f3n por los da\u00f1os causados por la Represa de Salto Grande - Diario del Sur","isPartOf":{"@id":"https:\/\/diariodelsurdigital.com.ar\/#website"},"primaryImageOfPage":{"@id":"https:\/\/diariodelsurdigital.com.ar\/?p=1889#primaryimage"},"image":{"@id":"https:\/\/diariodelsurdigital.com.ar\/?p=1889#primaryimage"},"thumbnailUrl":"https:\/\/diariodelsurdigital.com.ar\/wp-content\/uploads\/2025\/04\/md-33.webp","datePublished":"2025-04-01T17:15:31+00:00","dateModified":"2025-04-01T17:15:32+00:00","author":{"@id":"https:\/\/diariodelsurdigital.com.ar\/#\/schema\/person\/1a4992532ed62965c968031b49195c81"},"breadcrumb":{"@id":"https:\/\/diariodelsurdigital.com.ar\/?p=1889#breadcrumb"},"inLanguage":"es","potentialAction":[{"@type":"ReadAction","target":["https:\/\/diariodelsurdigital.com.ar\/?p=1889"]}]},{"@type":"ImageObject","inLanguage":"es","@id":"https:\/\/diariodelsurdigital.com.ar\/?p=1889#primaryimage","url":"https:\/\/diariodelsurdigital.com.ar\/wp-content\/uploads\/2025\/04\/md-33.webp","contentUrl":"https:\/\/diariodelsurdigital.com.ar\/wp-content\/uploads\/2025\/04\/md-33.webp","width":992,"height":557},{"@type":"BreadcrumbList","@id":"https:\/\/diariodelsurdigital.com.ar\/?p=1889#breadcrumb","itemListElement":[{"@type":"ListItem","position":1,"name":"Portada","item":"https:\/\/diariodelsurdigital.com.ar\/"},{"@type":"ListItem","position":2,"name":"Avanza el reclamo del Municipio de Federaci\u00f3n por los da\u00f1os causados por la Represa de Salto Grande"}]},{"@type":"WebSite","@id":"https:\/\/diariodelsurdigital.com.ar\/#website","url":"https:\/\/diariodelsurdigital.com.ar\/","name":"Diario del Sur","description":"Digital","potentialAction":[{"@type":"SearchAction","target":{"@type":"EntryPoint","urlTemplate":"https:\/\/diariodelsurdigital.com.ar\/?s={search_term_string}"},"query-input":{"@type":"PropertyValueSpecification","valueRequired":true,"valueName":"search_term_string"}}],"inLanguage":"es"},{"@type":"Person","@id":"https:\/\/diariodelsurdigital.com.ar\/#\/schema\/person\/1a4992532ed62965c968031b49195c81","name":"Diario del Sur Digital","image":{"@type":"ImageObject","inLanguage":"es","@id":"https:\/\/secure.gravatar.com\/avatar\/f0c7c47fc7146d19828273b9b8eda651c9c7ab583767e6338d3d3bee825adf76?s=96&d=mm&r=g","url":"https:\/\/secure.gravatar.com\/avatar\/f0c7c47fc7146d19828273b9b8eda651c9c7ab583767e6338d3d3bee825adf76?s=96&d=mm&r=g","contentUrl":"https:\/\/secure.gravatar.com\/avatar\/f0c7c47fc7146d19828273b9b8eda651c9c7ab583767e6338d3d3bee825adf76?s=96&d=mm&r=g","caption":"Diario del Sur Digital"},"url":"https:\/\/diariodelsurdigital.com.ar\/?author=4"}]}},"_links":{"self":[{"href":"https:\/\/diariodelsurdigital.com.ar\/index.php?rest_route=\/wp\/v2\/posts\/1889","targetHints":{"allow":["GET"]}}],"collection":[{"href":"https:\/\/diariodelsurdigital.com.ar\/index.php?rest_route=\/wp\/v2\/posts"}],"about":[{"href":"https:\/\/diariodelsurdigital.com.ar\/index.php?rest_route=\/wp\/v2\/types\/post"}],"author":[{"embeddable":true,"href":"https:\/\/diariodelsurdigital.com.ar\/index.php?rest_route=\/wp\/v2\/users\/4"}],"replies":[{"embeddable":true,"href":"https:\/\/diariodelsurdigital.com.ar\/index.php?rest_route=%2Fwp%2Fv2%2Fcomments&post=1889"}],"version-history":[{"count":1,"href":"https:\/\/diariodelsurdigital.com.ar\/index.php?rest_route=\/wp\/v2\/posts\/1889\/revisions"}],"predecessor-version":[{"id":1891,"href":"https:\/\/diariodelsurdigital.com.ar\/index.php?rest_route=\/wp\/v2\/posts\/1889\/revisions\/1891"}],"wp:featuredmedia":[{"embeddable":true,"href":"https:\/\/diariodelsurdigital.com.ar\/index.php?rest_route=\/wp\/v2\/media\/1890"}],"wp:attachment":[{"href":"https:\/\/diariodelsurdigital.com.ar\/index.php?rest_route=%2Fwp%2Fv2%2Fmedia&parent=1889"}],"wp:term":[{"taxonomy":"category","embeddable":true,"href":"https:\/\/diariodelsurdigital.com.ar\/index.php?rest_route=%2Fwp%2Fv2%2Fcategories&post=1889"},{"taxonomy":"post_tag","embeddable":true,"href":"https:\/\/diariodelsurdigital.com.ar\/index.php?rest_route=%2Fwp%2Fv2%2Ftags&post=1889"}],"curies":[{"name":"wp","href":"https:\/\/api.w.org\/{rel}","templated":true}]}}