{"id":1892,"date":"2025-04-01T14:19:06","date_gmt":"2025-04-01T17:19:06","guid":{"rendered":"https:\/\/diariodelsurdigital.com.ar\/?p=1892"},"modified":"2025-04-01T14:19:07","modified_gmt":"2025-04-01T17:19:07","slug":"promulgan-modificacion-del-codigo-fiscal-de-entre-rios-que-permite-aumentar-el-cobro-de-impuestos-inmobiliario-y-automotor","status":"publish","type":"post","link":"https:\/\/diariodelsurdigital.com.ar\/?p=1892","title":{"rendered":"Promulgan modificaci\u00f3n del C\u00f3digo Fiscal de Entre R\u00edos que permite aumentar el cobro de impuestos inmobiliario y automotor"},"content":{"rendered":"\n<p>La norma que se promulg\u00f3 fue aprobada la semana pasada y deroga los art\u00edculos 139, 140 y 269 del C\u00f3digo Fiscal, supo APFDigital. A trav\u00e9s de esta ley existe la posibilidad de cobrar un adicional de hasta el 30% en los impuestos automotor e inmobiliario, y adem\u00e1s, encomienda al Ejecutivo la tarea de reordenar y reenumerar el C\u00f3digo Fiscal.<\/p>\n\n\n\n<p>El jueves pasado se aprob\u00f3 en la C\u00e1mara de Diputados el proyecto de ley que deroga los art\u00edculos 139, 140 y 269 del C\u00f3digo Fiscal. Esta iniciativa obtuvo media sanci\u00f3n en el Senado el 6 de marzo y all\u00ed cont\u00f3 con el apoyo del peronismo, cuyos votos fueron clave para alcanzar los dos tercios necesarios.<\/p>\n\n\n\n<p>La promulgaci\u00f3n de la ley fue publicada en el Bolet\u00edn Oficial N\u00ba 28.067, al que esta Agencia accedi\u00f3.<\/p>\n\n\n\n<p>Cabe destacar que en la C\u00e1mara Baja el bloque del justicialismo y Fe y Libertad no acompa\u00f1aron la moci\u00f3n.<\/p>\n\n\n\n<blockquote class=\"wp-block-quote is-layout-flow wp-block-quote-is-layout-flow\">\n<h4 class=\"wp-block-heading\"><a href=\"https:\/\/www.apfdigital.com.ar\/noticias\/2025\/03\/27\/431238-se-modifico-el-codigo-fiscal-de-la-provincia\">Se modific\u00f3 el C\u00f3digo Fiscal de la Provincia<\/a><\/h4>\n\n\n\n<h4 class=\"wp-block-heading\"><a href=\"https:\/\/www.apfdigital.com.ar\/noticias\/2025\/03\/06\/430478-sin-debate-el-senado-modifico-el-codigo-fiscal-provincial\">Sin debate, el Senado modific\u00f3 el C\u00f3digo Fiscal Provincial<\/a><\/h4>\n<\/blockquote>\n\n\n\n<p>El proyecto propone la posibilidad de cobrar un adicional de hasta el 30% en los impuestos automotor e inmobiliario, y adem\u00e1s, encomienda al Ejecutivo la tarea de reordenar y reenumerar el C\u00f3digo Fiscal.<\/p>\n","protected":false},"excerpt":{"rendered":"<p>La norma que se promulg\u00f3 fue aprobada la semana pasada y deroga los art\u00edculos 139, 140 y 269 del C\u00f3digo Fiscal, supo APFDigital. A trav\u00e9s de esta ley existe la posibilidad de cobrar un adicional de hasta el 30% en los impuestos automotor e inmobiliario, y adem\u00e1s, encomienda al Ejecutivo la tarea de reordenar y [&hellip;]<\/p>\n","protected":false},"author":4,"featured_media":1545,"comment_status":"open","ping_status":"open","sticky":false,"template":"","format":"standard","meta":{"footnotes":""},"categories":[19,17],"tags":[],"class_list":{"0":"post-1892","1":"post","2":"type-post","3":"status-publish","4":"format-standard","5":"has-post-thumbnail","7":"category-interes-general","8":"category-provinciales"},"yoast_head":"<!-- This site is optimized with the Yoast SEO plugin v27.4 - https:\/\/yoast.com\/product\/yoast-seo-wordpress\/ -->\n<title>Promulgan modificaci\u00f3n del C\u00f3digo Fiscal de Entre R\u00edos que permite aumentar el cobro de impuestos inmobiliario y automotor - Diario del Sur<\/title>\n<meta name=\"robots\" content=\"index, follow, max-snippet:-1, max-image-preview:large, max-video-preview:-1\" \/>\n<link rel=\"canonical\" href=\"https:\/\/diariodelsurdigital.com.ar\/?p=1892\" \/>\n<meta property=\"og:locale\" content=\"es_ES\" \/>\n<meta property=\"og:type\" content=\"article\" \/>\n<meta property=\"og:title\" content=\"Promulgan modificaci\u00f3n del C\u00f3digo Fiscal de Entre R\u00edos que permite aumentar el cobro de impuestos inmobiliario y automotor - Diario del Sur\" \/>\n<meta property=\"og:description\" content=\"La norma que se promulg\u00f3 fue aprobada la semana pasada y deroga los art\u00edculos 139, 140 y 269 del C\u00f3digo Fiscal, supo APFDigital. A trav\u00e9s de esta ley existe la posibilidad de cobrar un adicional de hasta el 30% en los impuestos automotor e inmobiliario, y adem\u00e1s, encomienda al Ejecutivo la tarea de reordenar y [&hellip;]\" \/>\n<meta property=\"og:url\" content=\"https:\/\/diariodelsurdigital.com.ar\/?p=1892\" \/>\n<meta property=\"og:site_name\" content=\"Diario del Sur\" \/>\n<meta property=\"article:published_time\" content=\"2025-04-01T17:19:06+00:00\" \/>\n<meta property=\"article:modified_time\" content=\"2025-04-01T17:19:07+00:00\" \/>\n<meta property=\"og:image\" content=\"https:\/\/diariodelsurdigital.com.ar\/wp-content\/uploads\/2025\/03\/md-10-1.webp\" \/>\n\t<meta property=\"og:image:width\" content=\"992\" \/>\n\t<meta property=\"og:image:height\" content=\"661\" \/>\n\t<meta property=\"og:image:type\" content=\"image\/webp\" \/>\n<meta name=\"author\" content=\"Diario del Sur Digital\" \/>\n<meta name=\"twitter:card\" content=\"summary_large_image\" \/>\n<meta name=\"twitter:label1\" content=\"Escrito por\" \/>\n\t<meta name=\"twitter:data1\" content=\"Diario del Sur Digital\" \/>\n\t<meta name=\"twitter:label2\" content=\"Tiempo de lectura\" \/>\n\t<meta name=\"twitter:data2\" content=\"2 minutos\" \/>\n<script type=\"application\/ld+json\" class=\"yoast-schema-graph\">{\"@context\":\"https:\\\/\\\/schema.org\",\"@graph\":[{\"@type\":\"Article\",\"@id\":\"https:\\\/\\\/diariodelsurdigital.com.ar\\\/?p=1892#article\",\"isPartOf\":{\"@id\":\"https:\\\/\\\/diariodelsurdigital.com.ar\\\/?p=1892\"},\"author\":{\"name\":\"Diario del Sur Digital\",\"@id\":\"https:\\\/\\\/diariodelsurdigital.com.ar\\\/#\\\/schema\\\/person\\\/1a4992532ed62965c968031b49195c81\"},\"headline\":\"Promulgan modificaci\u00f3n del C\u00f3digo Fiscal de Entre R\u00edos que permite aumentar el cobro de impuestos inmobiliario y automotor\",\"datePublished\":\"2025-04-01T17:19:06+00:00\",\"dateModified\":\"2025-04-01T17:19:07+00:00\",\"mainEntityOfPage\":{\"@id\":\"https:\\\/\\\/diariodelsurdigital.com.ar\\\/?p=1892\"},\"wordCount\":230,\"commentCount\":0,\"image\":{\"@id\":\"https:\\\/\\\/diariodelsurdigital.com.ar\\\/?p=1892#primaryimage\"},\"thumbnailUrl\":\"https:\\\/\\\/diariodelsurdigital.com.ar\\\/wp-content\\\/uploads\\\/2025\\\/03\\\/md-10-1.webp\",\"articleSection\":[\"Inter\u00e9s General\",\"Provinciales\"],\"inLanguage\":\"es\",\"potentialAction\":[{\"@type\":\"CommentAction\",\"name\":\"Comment\",\"target\":[\"https:\\\/\\\/diariodelsurdigital.com.ar\\\/?p=1892#respond\"]}]},{\"@type\":\"WebPage\",\"@id\":\"https:\\\/\\\/diariodelsurdigital.com.ar\\\/?p=1892\",\"url\":\"https:\\\/\\\/diariodelsurdigital.com.ar\\\/?p=1892\",\"name\":\"Promulgan modificaci\u00f3n del C\u00f3digo Fiscal de Entre R\u00edos que permite aumentar el cobro de impuestos inmobiliario y automotor - Diario del Sur\",\"isPartOf\":{\"@id\":\"https:\\\/\\\/diariodelsurdigital.com.ar\\\/#website\"},\"primaryImageOfPage\":{\"@id\":\"https:\\\/\\\/diariodelsurdigital.com.ar\\\/?p=1892#primaryimage\"},\"image\":{\"@id\":\"https:\\\/\\\/diariodelsurdigital.com.ar\\\/?p=1892#primaryimage\"},\"thumbnailUrl\":\"https:\\\/\\\/diariodelsurdigital.com.ar\\\/wp-content\\\/uploads\\\/2025\\\/03\\\/md-10-1.webp\",\"datePublished\":\"2025-04-01T17:19:06+00:00\",\"dateModified\":\"2025-04-01T17:19:07+00:00\",\"author\":{\"@id\":\"https:\\\/\\\/diariodelsurdigital.com.ar\\\/#\\\/schema\\\/person\\\/1a4992532ed62965c968031b49195c81\"},\"breadcrumb\":{\"@id\":\"https:\\\/\\\/diariodelsurdigital.com.ar\\\/?p=1892#breadcrumb\"},\"inLanguage\":\"es\",\"potentialAction\":[{\"@type\":\"ReadAction\",\"target\":[\"https:\\\/\\\/diariodelsurdigital.com.ar\\\/?p=1892\"]}]},{\"@type\":\"ImageObject\",\"inLanguage\":\"es\",\"@id\":\"https:\\\/\\\/diariodelsurdigital.com.ar\\\/?p=1892#primaryimage\",\"url\":\"https:\\\/\\\/diariodelsurdigital.com.ar\\\/wp-content\\\/uploads\\\/2025\\\/03\\\/md-10-1.webp\",\"contentUrl\":\"https:\\\/\\\/diariodelsurdigital.com.ar\\\/wp-content\\\/uploads\\\/2025\\\/03\\\/md-10-1.webp\",\"width\":992,\"height\":661},{\"@type\":\"BreadcrumbList\",\"@id\":\"https:\\\/\\\/diariodelsurdigital.com.ar\\\/?p=1892#breadcrumb\",\"itemListElement\":[{\"@type\":\"ListItem\",\"position\":1,\"name\":\"Portada\",\"item\":\"https:\\\/\\\/diariodelsurdigital.com.ar\\\/\"},{\"@type\":\"ListItem\",\"position\":2,\"name\":\"Promulgan modificaci\u00f3n del C\u00f3digo Fiscal de Entre R\u00edos que permite aumentar el cobro de impuestos inmobiliario y automotor\"}]},{\"@type\":\"WebSite\",\"@id\":\"https:\\\/\\\/diariodelsurdigital.com.ar\\\/#website\",\"url\":\"https:\\\/\\\/diariodelsurdigital.com.ar\\\/\",\"name\":\"Diario del Sur\",\"description\":\"Digital\",\"potentialAction\":[{\"@type\":\"SearchAction\",\"target\":{\"@type\":\"EntryPoint\",\"urlTemplate\":\"https:\\\/\\\/diariodelsurdigital.com.ar\\\/?s={search_term_string}\"},\"query-input\":{\"@type\":\"PropertyValueSpecification\",\"valueRequired\":true,\"valueName\":\"search_term_string\"}}],\"inLanguage\":\"es\"},{\"@type\":\"Person\",\"@id\":\"https:\\\/\\\/diariodelsurdigital.com.ar\\\/#\\\/schema\\\/person\\\/1a4992532ed62965c968031b49195c81\",\"name\":\"Diario del Sur Digital\",\"image\":{\"@type\":\"ImageObject\",\"inLanguage\":\"es\",\"@id\":\"https:\\\/\\\/secure.gravatar.com\\\/avatar\\\/f0c7c47fc7146d19828273b9b8eda651c9c7ab583767e6338d3d3bee825adf76?s=96&d=mm&r=g\",\"url\":\"https:\\\/\\\/secure.gravatar.com\\\/avatar\\\/f0c7c47fc7146d19828273b9b8eda651c9c7ab583767e6338d3d3bee825adf76?s=96&d=mm&r=g\",\"contentUrl\":\"https:\\\/\\\/secure.gravatar.com\\\/avatar\\\/f0c7c47fc7146d19828273b9b8eda651c9c7ab583767e6338d3d3bee825adf76?s=96&d=mm&r=g\",\"caption\":\"Diario del Sur Digital\"},\"url\":\"https:\\\/\\\/diariodelsurdigital.com.ar\\\/?author=4\"}]}<\/script>\n<!-- \/ Yoast SEO plugin. -->","yoast_head_json":{"title":"Promulgan modificaci\u00f3n del C\u00f3digo Fiscal de Entre R\u00edos que permite aumentar el cobro de impuestos inmobiliario y automotor - Diario del Sur","robots":{"index":"index","follow":"follow","max-snippet":"max-snippet:-1","max-image-preview":"max-image-preview:large","max-video-preview":"max-video-preview:-1"},"canonical":"https:\/\/diariodelsurdigital.com.ar\/?p=1892","og_locale":"es_ES","og_type":"article","og_title":"Promulgan modificaci\u00f3n del C\u00f3digo Fiscal de Entre R\u00edos que permite aumentar el cobro de impuestos inmobiliario y automotor - Diario del Sur","og_description":"La norma que se promulg\u00f3 fue aprobada la semana pasada y deroga los art\u00edculos 139, 140 y 269 del C\u00f3digo Fiscal, supo APFDigital. A trav\u00e9s de esta ley existe la posibilidad de cobrar un adicional de hasta el 30% en los impuestos automotor e inmobiliario, y adem\u00e1s, encomienda al Ejecutivo la tarea de reordenar y [&hellip;]","og_url":"https:\/\/diariodelsurdigital.com.ar\/?p=1892","og_site_name":"Diario del Sur","article_published_time":"2025-04-01T17:19:06+00:00","article_modified_time":"2025-04-01T17:19:07+00:00","og_image":[{"width":992,"height":661,"url":"https:\/\/diariodelsurdigital.com.ar\/wp-content\/uploads\/2025\/03\/md-10-1.webp","type":"image\/webp"}],"author":"Diario del Sur Digital","twitter_card":"summary_large_image","twitter_misc":{"Escrito por":"Diario del Sur Digital","Tiempo de lectura":"2 minutos"},"schema":{"@context":"https:\/\/schema.org","@graph":[{"@type":"Article","@id":"https:\/\/diariodelsurdigital.com.ar\/?p=1892#article","isPartOf":{"@id":"https:\/\/diariodelsurdigital.com.ar\/?p=1892"},"author":{"name":"Diario del Sur Digital","@id":"https:\/\/diariodelsurdigital.com.ar\/#\/schema\/person\/1a4992532ed62965c968031b49195c81"},"headline":"Promulgan modificaci\u00f3n del C\u00f3digo Fiscal de Entre R\u00edos que permite aumentar el cobro de impuestos inmobiliario y automotor","datePublished":"2025-04-01T17:19:06+00:00","dateModified":"2025-04-01T17:19:07+00:00","mainEntityOfPage":{"@id":"https:\/\/diariodelsurdigital.com.ar\/?p=1892"},"wordCount":230,"commentCount":0,"image":{"@id":"https:\/\/diariodelsurdigital.com.ar\/?p=1892#primaryimage"},"thumbnailUrl":"https:\/\/diariodelsurdigital.com.ar\/wp-content\/uploads\/2025\/03\/md-10-1.webp","articleSection":["Inter\u00e9s General","Provinciales"],"inLanguage":"es","potentialAction":[{"@type":"CommentAction","name":"Comment","target":["https:\/\/diariodelsurdigital.com.ar\/?p=1892#respond"]}]},{"@type":"WebPage","@id":"https:\/\/diariodelsurdigital.com.ar\/?p=1892","url":"https:\/\/diariodelsurdigital.com.ar\/?p=1892","name":"Promulgan modificaci\u00f3n del C\u00f3digo Fiscal de Entre R\u00edos que permite aumentar el cobro de impuestos inmobiliario y automotor - Diario del Sur","isPartOf":{"@id":"https:\/\/diariodelsurdigital.com.ar\/#website"},"primaryImageOfPage":{"@id":"https:\/\/diariodelsurdigital.com.ar\/?p=1892#primaryimage"},"image":{"@id":"https:\/\/diariodelsurdigital.com.ar\/?p=1892#primaryimage"},"thumbnailUrl":"https:\/\/diariodelsurdigital.com.ar\/wp-content\/uploads\/2025\/03\/md-10-1.webp","datePublished":"2025-04-01T17:19:06+00:00","dateModified":"2025-04-01T17:19:07+00:00","author":{"@id":"https:\/\/diariodelsurdigital.com.ar\/#\/schema\/person\/1a4992532ed62965c968031b49195c81"},"breadcrumb":{"@id":"https:\/\/diariodelsurdigital.com.ar\/?p=1892#breadcrumb"},"inLanguage":"es","potentialAction":[{"@type":"ReadAction","target":["https:\/\/diariodelsurdigital.com.ar\/?p=1892"]}]},{"@type":"ImageObject","inLanguage":"es","@id":"https:\/\/diariodelsurdigital.com.ar\/?p=1892#primaryimage","url":"https:\/\/diariodelsurdigital.com.ar\/wp-content\/uploads\/2025\/03\/md-10-1.webp","contentUrl":"https:\/\/diariodelsurdigital.com.ar\/wp-content\/uploads\/2025\/03\/md-10-1.webp","width":992,"height":661},{"@type":"BreadcrumbList","@id":"https:\/\/diariodelsurdigital.com.ar\/?p=1892#breadcrumb","itemListElement":[{"@type":"ListItem","position":1,"name":"Portada","item":"https:\/\/diariodelsurdigital.com.ar\/"},{"@type":"ListItem","position":2,"name":"Promulgan modificaci\u00f3n del C\u00f3digo Fiscal de Entre R\u00edos que permite aumentar el cobro de impuestos inmobiliario y automotor"}]},{"@type":"WebSite","@id":"https:\/\/diariodelsurdigital.com.ar\/#website","url":"https:\/\/diariodelsurdigital.com.ar\/","name":"Diario del Sur","description":"Digital","potentialAction":[{"@type":"SearchAction","target":{"@type":"EntryPoint","urlTemplate":"https:\/\/diariodelsurdigital.com.ar\/?s={search_term_string}"},"query-input":{"@type":"PropertyValueSpecification","valueRequired":true,"valueName":"search_term_string"}}],"inLanguage":"es"},{"@type":"Person","@id":"https:\/\/diariodelsurdigital.com.ar\/#\/schema\/person\/1a4992532ed62965c968031b49195c81","name":"Diario del Sur Digital","image":{"@type":"ImageObject","inLanguage":"es","@id":"https:\/\/secure.gravatar.com\/avatar\/f0c7c47fc7146d19828273b9b8eda651c9c7ab583767e6338d3d3bee825adf76?s=96&d=mm&r=g","url":"https:\/\/secure.gravatar.com\/avatar\/f0c7c47fc7146d19828273b9b8eda651c9c7ab583767e6338d3d3bee825adf76?s=96&d=mm&r=g","contentUrl":"https:\/\/secure.gravatar.com\/avatar\/f0c7c47fc7146d19828273b9b8eda651c9c7ab583767e6338d3d3bee825adf76?s=96&d=mm&r=g","caption":"Diario del Sur Digital"},"url":"https:\/\/diariodelsurdigital.com.ar\/?author=4"}]}},"_links":{"self":[{"href":"https:\/\/diariodelsurdigital.com.ar\/index.php?rest_route=\/wp\/v2\/posts\/1892","targetHints":{"allow":["GET"]}}],"collection":[{"href":"https:\/\/diariodelsurdigital.com.ar\/index.php?rest_route=\/wp\/v2\/posts"}],"about":[{"href":"https:\/\/diariodelsurdigital.com.ar\/index.php?rest_route=\/wp\/v2\/types\/post"}],"author":[{"embeddable":true,"href":"https:\/\/diariodelsurdigital.com.ar\/index.php?rest_route=\/wp\/v2\/users\/4"}],"replies":[{"embeddable":true,"href":"https:\/\/diariodelsurdigital.com.ar\/index.php?rest_route=%2Fwp%2Fv2%2Fcomments&post=1892"}],"version-history":[{"count":1,"href":"https:\/\/diariodelsurdigital.com.ar\/index.php?rest_route=\/wp\/v2\/posts\/1892\/revisions"}],"predecessor-version":[{"id":1893,"href":"https:\/\/diariodelsurdigital.com.ar\/index.php?rest_route=\/wp\/v2\/posts\/1892\/revisions\/1893"}],"wp:featuredmedia":[{"embeddable":true,"href":"https:\/\/diariodelsurdigital.com.ar\/index.php?rest_route=\/wp\/v2\/media\/1545"}],"wp:attachment":[{"href":"https:\/\/diariodelsurdigital.com.ar\/index.php?rest_route=%2Fwp%2Fv2%2Fmedia&parent=1892"}],"wp:term":[{"taxonomy":"category","embeddable":true,"href":"https:\/\/diariodelsurdigital.com.ar\/index.php?rest_route=%2Fwp%2Fv2%2Fcategories&post=1892"},{"taxonomy":"post_tag","embeddable":true,"href":"https:\/\/diariodelsurdigital.com.ar\/index.php?rest_route=%2Fwp%2Fv2%2Ftags&post=1892"}],"curies":[{"name":"wp","href":"https:\/\/api.w.org\/{rel}","templated":true}]}}