{"id":1894,"date":"2025-04-01T14:26:25","date_gmt":"2025-04-01T17:26:25","guid":{"rendered":"https:\/\/diariodelsurdigital.com.ar\/?p=1894"},"modified":"2025-04-01T14:26:26","modified_gmt":"2025-04-01T17:26:26","slug":"diputados-suspenden-la-reunion-en-la-que-se-iba-a-tratar-la-creacion-de-areas-para-investigar-delitos-ambientales","status":"publish","type":"post","link":"https:\/\/diariodelsurdigital.com.ar\/?p=1894","title":{"rendered":"Diputados: suspenden la reuni\u00f3n en la que se iba a tratar la creaci\u00f3n de \u00e1reas para investigar delitos ambientales"},"content":{"rendered":"\n<p>La reuni\u00f3n iba a tener lugar este martes a las 12:30 e iban a participar los diputados que integran la Comisi\u00f3n de Hacienda y la de Recursos Naturales. Ten\u00edan previsto tratar el proyecto que crea Unidades Fiscales de Investigaci\u00f3n de Delitos contra el Ambiente en las ciudades de Gualeguaych\u00fa y Paran\u00e1. Estaban convocados Gerardo Cabral, Fiscal de Investigaci\u00f3n en Delitos Rurales y Ambientales; y Gonzalo Sozzo, Doctor en Ciencias. Jur\u00eddicas y Sociales. Especialista en Derecho de Da\u00f1o.<\/p>\n\n\n\n<p>El encuentro legislativo y ser\u00e1 reprogramada para m\u00e1s adelante, indicaron fuentes legislativas a esta Agencia.<\/p>\n\n\n\n<p>Estaba previsto el tratamiento del proyecto de la diputada Lorena Arrozogaray que establece la creaci\u00f3n de Unidades Fiscales de Investigaci\u00f3n de Delitos contra el Ambiente en las ciudades de Gualeguaych\u00fa y Paran\u00e1.<br><br>Para la ocasi\u00f3n hab\u00edan sido convocados Gerardo Cabral, Fiscal de Investigaci\u00f3n en Delitos Rurales y Ambientales; y Gonzalo Sozzo, Doctor en Ciencias. Jur\u00eddicas y Sociales. Especialista en Derecho de Da\u00f1os.<\/p>\n\n\n\n<blockquote class=\"wp-block-quote is-layout-flow wp-block-quote-is-layout-flow\">\n<h4 class=\"wp-block-heading\"><a href=\"https:\/\/www.apfdigital.com.ar\/noticias\/2025\/03\/29\/431311-especialistas-van-a-diputados-para-abordar-la-creacion-de-unidades-que-investigaran-delitos-ambientales-en-parana-y-gualeguaychu\">Especialistas van a Diputados para abordar la creaci\u00f3n de unidades que investigar\u00e1n delitos ambientales en Paran\u00e1 y Gualeguaych\u00fa<\/a><\/h4>\n<\/blockquote>\n\n\n\n<p>La Unidad Fiscal de Investigaci\u00f3n de Delitos contra el Ambiente de la ciudad de Gualeguaych\u00fa tendr\u00e1 competencia territorial sobre los departamentos Concordia, Villaguay, Federaci\u00f3n, San<\/p>\n\n\n\n<p>Salvador, Col\u00f3n, Uruguay, Gualeguaych\u00fa e Islas del Ibicuy. En tanto, la de Paran\u00e1 tendr\u00e1 competencia en los departamentos Paran\u00e1, La Paz, Diamante, Victoria, Nogoy\u00e1, Gualeguay, Federal, Feliciano y Rosario del Tala.<\/p>\n\n\n\n<p>Para que dichas Unidades funcionen se crear\u00e1n los siguientes cargos: un cargo de Fiscal Ambiental en la ciudad de Paran\u00e1; un cargo de Fiscal Ambiental en la ciudad de Gualeguaych\u00fa; dos cargos de Fiscales Ambientales Auxiliares en la ciudad de Paran\u00e1; y dos cargos de Fiscales Ambientales Auxiliares en la ciudad de Gualeguaych\u00fa.<\/p>\n\n\n\n<p>Las Fiscal\u00edas Ambientales tendr\u00e1n las siguientes funciones:<\/p>\n\n\n\n<p>1) Preparar y promover la acci\u00f3n penal ambiental, a cuyo fin dirigir\u00e1 la investigaci\u00f3n preparatoria, practicando y haciendo practicar los actos inherentes a ella.<\/p>\n\n\n\n<p>2) Impartir instrucciones a los organismos competentes para hacer cesar el da\u00f1o ambiental.<\/p>\n\n\n\n<p>\u201cLas Fiscal\u00edas Ambientales bajo la direcci\u00f3n del Ministerio P\u00fablico Fiscal tendr\u00e1n atribuciones y deberes para abordar la tem\u00e1tica ambiental, actuando en el campo administrativo extrajudicial, judicial e institucional, acad\u00e9mico y cient\u00edfico\u201d, se se\u00f1ala en los fundamentos de la iniciativa.<\/p>\n","protected":false},"excerpt":{"rendered":"<p>La reuni\u00f3n iba a tener lugar este martes a las 12:30 e iban a participar los diputados que integran la Comisi\u00f3n de Hacienda y la de Recursos Naturales. Ten\u00edan previsto tratar el proyecto que crea Unidades Fiscales de Investigaci\u00f3n de Delitos contra el Ambiente en las ciudades de Gualeguaych\u00fa y Paran\u00e1. Estaban convocados Gerardo Cabral, [&hellip;]<\/p>\n","protected":false},"author":4,"featured_media":1895,"comment_status":"open","ping_status":"open","sticky":false,"template":"","format":"standard","meta":{"footnotes":""},"categories":[17],"tags":[],"class_list":{"0":"post-1894","1":"post","2":"type-post","3":"status-publish","4":"format-standard","5":"has-post-thumbnail","7":"category-provinciales"},"yoast_head":"<!-- This site is optimized with the Yoast SEO plugin v27.4 - https:\/\/yoast.com\/product\/yoast-seo-wordpress\/ -->\n<title>Diputados: suspenden la reuni\u00f3n en la que se iba a tratar la creaci\u00f3n de \u00e1reas para investigar delitos ambientales - Diario del Sur<\/title>\n<meta name=\"robots\" content=\"index, follow, max-snippet:-1, max-image-preview:large, max-video-preview:-1\" \/>\n<link rel=\"canonical\" href=\"https:\/\/diariodelsurdigital.com.ar\/?p=1894\" \/>\n<meta property=\"og:locale\" content=\"es_ES\" \/>\n<meta property=\"og:type\" content=\"article\" \/>\n<meta property=\"og:title\" content=\"Diputados: suspenden la reuni\u00f3n en la que se iba a tratar la creaci\u00f3n de \u00e1reas para investigar delitos ambientales - Diario del Sur\" \/>\n<meta property=\"og:description\" content=\"La reuni\u00f3n iba a tener lugar este martes a las 12:30 e iban a participar los diputados que integran la Comisi\u00f3n de Hacienda y la de Recursos Naturales. Ten\u00edan previsto tratar el proyecto que crea Unidades Fiscales de Investigaci\u00f3n de Delitos contra el Ambiente en las ciudades de Gualeguaych\u00fa y Paran\u00e1. Estaban convocados Gerardo Cabral, [&hellip;]\" \/>\n<meta property=\"og:url\" content=\"https:\/\/diariodelsurdigital.com.ar\/?p=1894\" \/>\n<meta property=\"og:site_name\" content=\"Diario del Sur\" \/>\n<meta property=\"article:published_time\" content=\"2025-04-01T17:26:25+00:00\" \/>\n<meta property=\"article:modified_time\" content=\"2025-04-01T17:26:26+00:00\" \/>\n<meta property=\"og:image\" content=\"https:\/\/diariodelsurdigital.com.ar\/wp-content\/uploads\/2025\/04\/md-34.webp\" \/>\n\t<meta property=\"og:image:width\" content=\"992\" \/>\n\t<meta property=\"og:image:height\" content=\"617\" \/>\n\t<meta property=\"og:image:type\" content=\"image\/webp\" \/>\n<meta name=\"author\" content=\"Diario del Sur Digital\" \/>\n<meta name=\"twitter:card\" content=\"summary_large_image\" \/>\n<meta name=\"twitter:label1\" content=\"Escrito por\" \/>\n\t<meta name=\"twitter:data1\" content=\"Diario del Sur Digital\" \/>\n\t<meta name=\"twitter:label2\" content=\"Tiempo de lectura\" \/>\n\t<meta name=\"twitter:data2\" content=\"2 minutos\" \/>\n<script type=\"application\/ld+json\" class=\"yoast-schema-graph\">{\"@context\":\"https:\\\/\\\/schema.org\",\"@graph\":[{\"@type\":\"Article\",\"@id\":\"https:\\\/\\\/diariodelsurdigital.com.ar\\\/?p=1894#article\",\"isPartOf\":{\"@id\":\"https:\\\/\\\/diariodelsurdigital.com.ar\\\/?p=1894\"},\"author\":{\"name\":\"Diario del Sur Digital\",\"@id\":\"https:\\\/\\\/diariodelsurdigital.com.ar\\\/#\\\/schema\\\/person\\\/1a4992532ed62965c968031b49195c81\"},\"headline\":\"Diputados: suspenden la reuni\u00f3n en la que se iba a tratar la creaci\u00f3n de \u00e1reas para investigar delitos ambientales\",\"datePublished\":\"2025-04-01T17:26:25+00:00\",\"dateModified\":\"2025-04-01T17:26:26+00:00\",\"mainEntityOfPage\":{\"@id\":\"https:\\\/\\\/diariodelsurdigital.com.ar\\\/?p=1894\"},\"wordCount\":416,\"commentCount\":0,\"image\":{\"@id\":\"https:\\\/\\\/diariodelsurdigital.com.ar\\\/?p=1894#primaryimage\"},\"thumbnailUrl\":\"https:\\\/\\\/diariodelsurdigital.com.ar\\\/wp-content\\\/uploads\\\/2025\\\/04\\\/md-34.webp\",\"articleSection\":[\"Provinciales\"],\"inLanguage\":\"es\",\"potentialAction\":[{\"@type\":\"CommentAction\",\"name\":\"Comment\",\"target\":[\"https:\\\/\\\/diariodelsurdigital.com.ar\\\/?p=1894#respond\"]}]},{\"@type\":\"WebPage\",\"@id\":\"https:\\\/\\\/diariodelsurdigital.com.ar\\\/?p=1894\",\"url\":\"https:\\\/\\\/diariodelsurdigital.com.ar\\\/?p=1894\",\"name\":\"Diputados: suspenden la reuni\u00f3n en la que se iba a tratar la creaci\u00f3n de \u00e1reas para investigar delitos ambientales - Diario del Sur\",\"isPartOf\":{\"@id\":\"https:\\\/\\\/diariodelsurdigital.com.ar\\\/#website\"},\"primaryImageOfPage\":{\"@id\":\"https:\\\/\\\/diariodelsurdigital.com.ar\\\/?p=1894#primaryimage\"},\"image\":{\"@id\":\"https:\\\/\\\/diariodelsurdigital.com.ar\\\/?p=1894#primaryimage\"},\"thumbnailUrl\":\"https:\\\/\\\/diariodelsurdigital.com.ar\\\/wp-content\\\/uploads\\\/2025\\\/04\\\/md-34.webp\",\"datePublished\":\"2025-04-01T17:26:25+00:00\",\"dateModified\":\"2025-04-01T17:26:26+00:00\",\"author\":{\"@id\":\"https:\\\/\\\/diariodelsurdigital.com.ar\\\/#\\\/schema\\\/person\\\/1a4992532ed62965c968031b49195c81\"},\"breadcrumb\":{\"@id\":\"https:\\\/\\\/diariodelsurdigital.com.ar\\\/?p=1894#breadcrumb\"},\"inLanguage\":\"es\",\"potentialAction\":[{\"@type\":\"ReadAction\",\"target\":[\"https:\\\/\\\/diariodelsurdigital.com.ar\\\/?p=1894\"]}]},{\"@type\":\"ImageObject\",\"inLanguage\":\"es\",\"@id\":\"https:\\\/\\\/diariodelsurdigital.com.ar\\\/?p=1894#primaryimage\",\"url\":\"https:\\\/\\\/diariodelsurdigital.com.ar\\\/wp-content\\\/uploads\\\/2025\\\/04\\\/md-34.webp\",\"contentUrl\":\"https:\\\/\\\/diariodelsurdigital.com.ar\\\/wp-content\\\/uploads\\\/2025\\\/04\\\/md-34.webp\",\"width\":992,\"height\":617},{\"@type\":\"BreadcrumbList\",\"@id\":\"https:\\\/\\\/diariodelsurdigital.com.ar\\\/?p=1894#breadcrumb\",\"itemListElement\":[{\"@type\":\"ListItem\",\"position\":1,\"name\":\"Portada\",\"item\":\"https:\\\/\\\/diariodelsurdigital.com.ar\\\/\"},{\"@type\":\"ListItem\",\"position\":2,\"name\":\"Diputados: suspenden la reuni\u00f3n en la que se iba a tratar la creaci\u00f3n de \u00e1reas para investigar delitos ambientales\"}]},{\"@type\":\"WebSite\",\"@id\":\"https:\\\/\\\/diariodelsurdigital.com.ar\\\/#website\",\"url\":\"https:\\\/\\\/diariodelsurdigital.com.ar\\\/\",\"name\":\"Diario del Sur\",\"description\":\"Digital\",\"potentialAction\":[{\"@type\":\"SearchAction\",\"target\":{\"@type\":\"EntryPoint\",\"urlTemplate\":\"https:\\\/\\\/diariodelsurdigital.com.ar\\\/?s={search_term_string}\"},\"query-input\":{\"@type\":\"PropertyValueSpecification\",\"valueRequired\":true,\"valueName\":\"search_term_string\"}}],\"inLanguage\":\"es\"},{\"@type\":\"Person\",\"@id\":\"https:\\\/\\\/diariodelsurdigital.com.ar\\\/#\\\/schema\\\/person\\\/1a4992532ed62965c968031b49195c81\",\"name\":\"Diario del Sur Digital\",\"image\":{\"@type\":\"ImageObject\",\"inLanguage\":\"es\",\"@id\":\"https:\\\/\\\/secure.gravatar.com\\\/avatar\\\/f0c7c47fc7146d19828273b9b8eda651c9c7ab583767e6338d3d3bee825adf76?s=96&d=mm&r=g\",\"url\":\"https:\\\/\\\/secure.gravatar.com\\\/avatar\\\/f0c7c47fc7146d19828273b9b8eda651c9c7ab583767e6338d3d3bee825adf76?s=96&d=mm&r=g\",\"contentUrl\":\"https:\\\/\\\/secure.gravatar.com\\\/avatar\\\/f0c7c47fc7146d19828273b9b8eda651c9c7ab583767e6338d3d3bee825adf76?s=96&d=mm&r=g\",\"caption\":\"Diario del Sur Digital\"},\"url\":\"https:\\\/\\\/diariodelsurdigital.com.ar\\\/?author=4\"}]}<\/script>\n<!-- \/ Yoast SEO plugin. -->","yoast_head_json":{"title":"Diputados: suspenden la reuni\u00f3n en la que se iba a tratar la creaci\u00f3n de \u00e1reas para investigar delitos ambientales - Diario del Sur","robots":{"index":"index","follow":"follow","max-snippet":"max-snippet:-1","max-image-preview":"max-image-preview:large","max-video-preview":"max-video-preview:-1"},"canonical":"https:\/\/diariodelsurdigital.com.ar\/?p=1894","og_locale":"es_ES","og_type":"article","og_title":"Diputados: suspenden la reuni\u00f3n en la que se iba a tratar la creaci\u00f3n de \u00e1reas para investigar delitos ambientales - Diario del Sur","og_description":"La reuni\u00f3n iba a tener lugar este martes a las 12:30 e iban a participar los diputados que integran la Comisi\u00f3n de Hacienda y la de Recursos Naturales. Ten\u00edan previsto tratar el proyecto que crea Unidades Fiscales de Investigaci\u00f3n de Delitos contra el Ambiente en las ciudades de Gualeguaych\u00fa y Paran\u00e1. Estaban convocados Gerardo Cabral, [&hellip;]","og_url":"https:\/\/diariodelsurdigital.com.ar\/?p=1894","og_site_name":"Diario del Sur","article_published_time":"2025-04-01T17:26:25+00:00","article_modified_time":"2025-04-01T17:26:26+00:00","og_image":[{"width":992,"height":617,"url":"https:\/\/diariodelsurdigital.com.ar\/wp-content\/uploads\/2025\/04\/md-34.webp","type":"image\/webp"}],"author":"Diario del Sur Digital","twitter_card":"summary_large_image","twitter_misc":{"Escrito por":"Diario del Sur Digital","Tiempo de lectura":"2 minutos"},"schema":{"@context":"https:\/\/schema.org","@graph":[{"@type":"Article","@id":"https:\/\/diariodelsurdigital.com.ar\/?p=1894#article","isPartOf":{"@id":"https:\/\/diariodelsurdigital.com.ar\/?p=1894"},"author":{"name":"Diario del Sur Digital","@id":"https:\/\/diariodelsurdigital.com.ar\/#\/schema\/person\/1a4992532ed62965c968031b49195c81"},"headline":"Diputados: suspenden la reuni\u00f3n en la que se iba a tratar la creaci\u00f3n de \u00e1reas para investigar delitos ambientales","datePublished":"2025-04-01T17:26:25+00:00","dateModified":"2025-04-01T17:26:26+00:00","mainEntityOfPage":{"@id":"https:\/\/diariodelsurdigital.com.ar\/?p=1894"},"wordCount":416,"commentCount":0,"image":{"@id":"https:\/\/diariodelsurdigital.com.ar\/?p=1894#primaryimage"},"thumbnailUrl":"https:\/\/diariodelsurdigital.com.ar\/wp-content\/uploads\/2025\/04\/md-34.webp","articleSection":["Provinciales"],"inLanguage":"es","potentialAction":[{"@type":"CommentAction","name":"Comment","target":["https:\/\/diariodelsurdigital.com.ar\/?p=1894#respond"]}]},{"@type":"WebPage","@id":"https:\/\/diariodelsurdigital.com.ar\/?p=1894","url":"https:\/\/diariodelsurdigital.com.ar\/?p=1894","name":"Diputados: suspenden la reuni\u00f3n en la que se iba a tratar la creaci\u00f3n de \u00e1reas para investigar delitos ambientales - Diario del Sur","isPartOf":{"@id":"https:\/\/diariodelsurdigital.com.ar\/#website"},"primaryImageOfPage":{"@id":"https:\/\/diariodelsurdigital.com.ar\/?p=1894#primaryimage"},"image":{"@id":"https:\/\/diariodelsurdigital.com.ar\/?p=1894#primaryimage"},"thumbnailUrl":"https:\/\/diariodelsurdigital.com.ar\/wp-content\/uploads\/2025\/04\/md-34.webp","datePublished":"2025-04-01T17:26:25+00:00","dateModified":"2025-04-01T17:26:26+00:00","author":{"@id":"https:\/\/diariodelsurdigital.com.ar\/#\/schema\/person\/1a4992532ed62965c968031b49195c81"},"breadcrumb":{"@id":"https:\/\/diariodelsurdigital.com.ar\/?p=1894#breadcrumb"},"inLanguage":"es","potentialAction":[{"@type":"ReadAction","target":["https:\/\/diariodelsurdigital.com.ar\/?p=1894"]}]},{"@type":"ImageObject","inLanguage":"es","@id":"https:\/\/diariodelsurdigital.com.ar\/?p=1894#primaryimage","url":"https:\/\/diariodelsurdigital.com.ar\/wp-content\/uploads\/2025\/04\/md-34.webp","contentUrl":"https:\/\/diariodelsurdigital.com.ar\/wp-content\/uploads\/2025\/04\/md-34.webp","width":992,"height":617},{"@type":"BreadcrumbList","@id":"https:\/\/diariodelsurdigital.com.ar\/?p=1894#breadcrumb","itemListElement":[{"@type":"ListItem","position":1,"name":"Portada","item":"https:\/\/diariodelsurdigital.com.ar\/"},{"@type":"ListItem","position":2,"name":"Diputados: suspenden la reuni\u00f3n en la que se iba a tratar la creaci\u00f3n de \u00e1reas para investigar delitos ambientales"}]},{"@type":"WebSite","@id":"https:\/\/diariodelsurdigital.com.ar\/#website","url":"https:\/\/diariodelsurdigital.com.ar\/","name":"Diario del Sur","description":"Digital","potentialAction":[{"@type":"SearchAction","target":{"@type":"EntryPoint","urlTemplate":"https:\/\/diariodelsurdigital.com.ar\/?s={search_term_string}"},"query-input":{"@type":"PropertyValueSpecification","valueRequired":true,"valueName":"search_term_string"}}],"inLanguage":"es"},{"@type":"Person","@id":"https:\/\/diariodelsurdigital.com.ar\/#\/schema\/person\/1a4992532ed62965c968031b49195c81","name":"Diario del Sur Digital","image":{"@type":"ImageObject","inLanguage":"es","@id":"https:\/\/secure.gravatar.com\/avatar\/f0c7c47fc7146d19828273b9b8eda651c9c7ab583767e6338d3d3bee825adf76?s=96&d=mm&r=g","url":"https:\/\/secure.gravatar.com\/avatar\/f0c7c47fc7146d19828273b9b8eda651c9c7ab583767e6338d3d3bee825adf76?s=96&d=mm&r=g","contentUrl":"https:\/\/secure.gravatar.com\/avatar\/f0c7c47fc7146d19828273b9b8eda651c9c7ab583767e6338d3d3bee825adf76?s=96&d=mm&r=g","caption":"Diario del Sur Digital"},"url":"https:\/\/diariodelsurdigital.com.ar\/?author=4"}]}},"_links":{"self":[{"href":"https:\/\/diariodelsurdigital.com.ar\/index.php?rest_route=\/wp\/v2\/posts\/1894","targetHints":{"allow":["GET"]}}],"collection":[{"href":"https:\/\/diariodelsurdigital.com.ar\/index.php?rest_route=\/wp\/v2\/posts"}],"about":[{"href":"https:\/\/diariodelsurdigital.com.ar\/index.php?rest_route=\/wp\/v2\/types\/post"}],"author":[{"embeddable":true,"href":"https:\/\/diariodelsurdigital.com.ar\/index.php?rest_route=\/wp\/v2\/users\/4"}],"replies":[{"embeddable":true,"href":"https:\/\/diariodelsurdigital.com.ar\/index.php?rest_route=%2Fwp%2Fv2%2Fcomments&post=1894"}],"version-history":[{"count":1,"href":"https:\/\/diariodelsurdigital.com.ar\/index.php?rest_route=\/wp\/v2\/posts\/1894\/revisions"}],"predecessor-version":[{"id":1896,"href":"https:\/\/diariodelsurdigital.com.ar\/index.php?rest_route=\/wp\/v2\/posts\/1894\/revisions\/1896"}],"wp:featuredmedia":[{"embeddable":true,"href":"https:\/\/diariodelsurdigital.com.ar\/index.php?rest_route=\/wp\/v2\/media\/1895"}],"wp:attachment":[{"href":"https:\/\/diariodelsurdigital.com.ar\/index.php?rest_route=%2Fwp%2Fv2%2Fmedia&parent=1894"}],"wp:term":[{"taxonomy":"category","embeddable":true,"href":"https:\/\/diariodelsurdigital.com.ar\/index.php?rest_route=%2Fwp%2Fv2%2Fcategories&post=1894"},{"taxonomy":"post_tag","embeddable":true,"href":"https:\/\/diariodelsurdigital.com.ar\/index.php?rest_route=%2Fwp%2Fv2%2Ftags&post=1894"}],"curies":[{"name":"wp","href":"https:\/\/api.w.org\/{rel}","templated":true}]}}