{"id":1897,"date":"2025-04-02T15:42:42","date_gmt":"2025-04-02T18:42:42","guid":{"rendered":"https:\/\/diariodelsurdigital.com.ar\/?p=1897"},"modified":"2025-04-02T15:59:42","modified_gmt":"2025-04-02T18:59:42","slug":"el-concejal-sastre-dio-a-entender-que-bordet-lo-puso-a-claudio-gastaldi-en-radio-publica-para-callar-a-diario-junio","status":"publish","type":"post","link":"https:\/\/diariodelsurdigital.com.ar\/?p=1897","title":{"rendered":"El concejal Sastre dio a entender que Bordet lo nombr\u00f3 a Claudio Gastaldi en la Radio P\u00fablica para callar a Diario Junio"},"content":{"rendered":"\n<p><\/p>\n\n\n\n<p>Lo hizo mediante un posteo en la red social de X. El concejal del Pro, Felipe Sastre parece que no se amilana a la hora de criticar en las redes sociales a dirigentes pol\u00edticos y periodistas.<\/p>\n\n\n\n<p>Todo comenz\u00f3 a partir de lo que escribi\u00f3 el ex gobernador y actual diputado nacional, Gustavo Bordet referente a los cambios ocurridos en la Radio P\u00fablica de Concordia. En su cr\u00edtica, el ex gobernador denunci\u00f3 que \u201cSigue en riesgo el perfil plural de un medio p\u00fablico. Mi solidaridad con los trabajadores de Radio Ciudadana. Las nuevas medidas que se han impuesto sobre la programaci\u00f3n de la radio, solo pueden leerse como un intento para silenciar y desanimar el debate\u201d.<\/p>\n\n\n\n<figure class=\"wp-block-image size-full\"><img loading=\"lazy\" decoding=\"async\" width=\"589\" height=\"639\" src=\"https:\/\/diariodelsurdigital.com.ar\/wp-content\/uploads\/2025\/04\/Imagen-de-WhatsApp-2025-04-01-a-las-20.25.00_c3e1816b.jpg\" alt=\"\" class=\"wp-image-1906\" srcset=\"https:\/\/diariodelsurdigital.com.ar\/wp-content\/uploads\/2025\/04\/Imagen-de-WhatsApp-2025-04-01-a-las-20.25.00_c3e1816b.jpg 589w, https:\/\/diariodelsurdigital.com.ar\/wp-content\/uploads\/2025\/04\/Imagen-de-WhatsApp-2025-04-01-a-las-20.25.00_c3e1816b-277x300.jpg 277w, https:\/\/diariodelsurdigital.com.ar\/wp-content\/uploads\/2025\/04\/Imagen-de-WhatsApp-2025-04-01-a-las-20.25.00_c3e1816b-387x420.jpg 387w\" sizes=\"auto, (max-width: 589px) 100vw, 589px\" \/><\/figure>\n\n\n\n<p>Tras los dichos de Bordet, Sastre poste\u00f3, \u201cEl diputado Aloe Vera (Bordet) deber\u00eda dar respuesta a la Justicia. S\u00ed, hablo del mismo que pudo de director de Radio P\u00fablica al due\u00f1o de Diario Junio (Gastaldi) para que no lo opere m\u00e1s. Sin embargo cree que puede darnos lecciones de como hacer el reordenamiento que estamos haciendo\u201d, fustig\u00f3 el edil.<\/p>\n\n\n\n<p>Frente a tal aseveraci\u00f3n, m\u00e1s all\u00e1 de que Sastre compare a Bordet con una planta que tiene muchas propiedades y a su sociedad con Kueider, su versi\u00f3n de que el propietario de Diario Junio lo haya nombrado Bordet como funcionario de Radio Ciudadana como una prebenda o forma de callarlo durante su gesti\u00f3n como Intendente de Concordia es muy seria. Es m\u00e1s, atenta contra el buen nombre y honor de Gastaldi como profesional de la comunicaci\u00f3n.<\/p>\n\n\n\n<p>La desenfrenada y ampulosa lengua del edil conservador que se autodenomina un \u201cgorila\u201d, \u00bfpodr\u00e1 m\u00e1s que los dirigentes opositores o periodistas y comunicadores sociales que no comparten su ideolog\u00eda? El debate est\u00e1 abierto\u2026<\/p>\n","protected":false},"excerpt":{"rendered":"<p>Lo hizo mediante un posteo en la red social de X. El concejal del Pro, Felipe Sastre parece que no se amilana a la hora de criticar en las redes sociales a dirigentes pol\u00edticos y periodistas. Todo comenz\u00f3 a partir de lo que escribi\u00f3 el ex gobernador y actual diputado nacional, Gustavo Bordet referente a [&hellip;]<\/p>\n","protected":false},"author":2,"featured_media":1898,"comment_status":"open","ping_status":"open","sticky":false,"template":"","format":"standard","meta":{"footnotes":""},"categories":[16],"tags":[],"class_list":{"0":"post-1897","1":"post","2":"type-post","3":"status-publish","4":"format-standard","5":"has-post-thumbnail","7":"category-locales"},"yoast_head":"<!-- This site is optimized with the Yoast SEO plugin v27.4 - https:\/\/yoast.com\/product\/yoast-seo-wordpress\/ -->\n<title>El concejal Sastre dio a entender que Bordet lo nombr\u00f3 a Claudio Gastaldi en la Radio P\u00fablica para callar a Diario Junio - Diario del Sur<\/title>\n<meta name=\"robots\" content=\"index, follow, max-snippet:-1, max-image-preview:large, max-video-preview:-1\" \/>\n<link rel=\"canonical\" href=\"https:\/\/diariodelsurdigital.com.ar\/?p=1897\" \/>\n<meta property=\"og:locale\" content=\"es_ES\" \/>\n<meta property=\"og:type\" content=\"article\" \/>\n<meta property=\"og:title\" content=\"El concejal Sastre dio a entender que Bordet lo nombr\u00f3 a Claudio Gastaldi en la Radio P\u00fablica para callar a Diario Junio - Diario del Sur\" \/>\n<meta property=\"og:description\" content=\"Lo hizo mediante un posteo en la red social de X. El concejal del Pro, Felipe Sastre parece que no se amilana a la hora de criticar en las redes sociales a dirigentes pol\u00edticos y periodistas. Todo comenz\u00f3 a partir de lo que escribi\u00f3 el ex gobernador y actual diputado nacional, Gustavo Bordet referente a [&hellip;]\" \/>\n<meta property=\"og:url\" content=\"https:\/\/diariodelsurdigital.com.ar\/?p=1897\" \/>\n<meta property=\"og:site_name\" content=\"Diario del Sur\" \/>\n<meta property=\"article:published_time\" content=\"2025-04-02T18:42:42+00:00\" \/>\n<meta property=\"article:modified_time\" content=\"2025-04-02T18:59:42+00:00\" \/>\n<meta property=\"og:image\" content=\"https:\/\/diariodelsurdigital.com.ar\/wp-content\/uploads\/2025\/04\/aloe-vera.jpg\" \/>\n\t<meta property=\"og:image:width\" content=\"741\" \/>\n\t<meta property=\"og:image:height\" content=\"485\" \/>\n\t<meta property=\"og:image:type\" content=\"image\/jpeg\" \/>\n<meta name=\"author\" content=\"Diario del Sur Digital\" \/>\n<meta name=\"twitter:card\" content=\"summary_large_image\" \/>\n<meta name=\"twitter:label1\" content=\"Escrito por\" \/>\n\t<meta name=\"twitter:data1\" content=\"Diario del Sur Digital\" \/>\n\t<meta name=\"twitter:label2\" content=\"Tiempo de lectura\" \/>\n\t<meta name=\"twitter:data2\" content=\"2 minutos\" \/>\n<script type=\"application\/ld+json\" class=\"yoast-schema-graph\">{\"@context\":\"https:\\\/\\\/schema.org\",\"@graph\":[{\"@type\":\"Article\",\"@id\":\"https:\\\/\\\/diariodelsurdigital.com.ar\\\/?p=1897#article\",\"isPartOf\":{\"@id\":\"https:\\\/\\\/diariodelsurdigital.com.ar\\\/?p=1897\"},\"author\":{\"name\":\"Diario del Sur Digital\",\"@id\":\"https:\\\/\\\/diariodelsurdigital.com.ar\\\/#\\\/schema\\\/person\\\/6136a32571657f7dba980b88b04c5465\"},\"headline\":\"El concejal Sastre dio a entender que Bordet lo nombr\u00f3 a Claudio Gastaldi en la Radio P\u00fablica para callar a Diario Junio\",\"datePublished\":\"2025-04-02T18:42:42+00:00\",\"dateModified\":\"2025-04-02T18:59:42+00:00\",\"mainEntityOfPage\":{\"@id\":\"https:\\\/\\\/diariodelsurdigital.com.ar\\\/?p=1897\"},\"wordCount\":323,\"commentCount\":0,\"image\":{\"@id\":\"https:\\\/\\\/diariodelsurdigital.com.ar\\\/?p=1897#primaryimage\"},\"thumbnailUrl\":\"https:\\\/\\\/diariodelsurdigital.com.ar\\\/wp-content\\\/uploads\\\/2025\\\/04\\\/aloe-vera.jpg\",\"articleSection\":[\"Locales\"],\"inLanguage\":\"es\",\"potentialAction\":[{\"@type\":\"CommentAction\",\"name\":\"Comment\",\"target\":[\"https:\\\/\\\/diariodelsurdigital.com.ar\\\/?p=1897#respond\"]}]},{\"@type\":\"WebPage\",\"@id\":\"https:\\\/\\\/diariodelsurdigital.com.ar\\\/?p=1897\",\"url\":\"https:\\\/\\\/diariodelsurdigital.com.ar\\\/?p=1897\",\"name\":\"El concejal Sastre dio a entender que Bordet lo nombr\u00f3 a Claudio Gastaldi en la Radio P\u00fablica para callar a Diario Junio - Diario del Sur\",\"isPartOf\":{\"@id\":\"https:\\\/\\\/diariodelsurdigital.com.ar\\\/#website\"},\"primaryImageOfPage\":{\"@id\":\"https:\\\/\\\/diariodelsurdigital.com.ar\\\/?p=1897#primaryimage\"},\"image\":{\"@id\":\"https:\\\/\\\/diariodelsurdigital.com.ar\\\/?p=1897#primaryimage\"},\"thumbnailUrl\":\"https:\\\/\\\/diariodelsurdigital.com.ar\\\/wp-content\\\/uploads\\\/2025\\\/04\\\/aloe-vera.jpg\",\"datePublished\":\"2025-04-02T18:42:42+00:00\",\"dateModified\":\"2025-04-02T18:59:42+00:00\",\"author\":{\"@id\":\"https:\\\/\\\/diariodelsurdigital.com.ar\\\/#\\\/schema\\\/person\\\/6136a32571657f7dba980b88b04c5465\"},\"breadcrumb\":{\"@id\":\"https:\\\/\\\/diariodelsurdigital.com.ar\\\/?p=1897#breadcrumb\"},\"inLanguage\":\"es\",\"potentialAction\":[{\"@type\":\"ReadAction\",\"target\":[\"https:\\\/\\\/diariodelsurdigital.com.ar\\\/?p=1897\"]}]},{\"@type\":\"ImageObject\",\"inLanguage\":\"es\",\"@id\":\"https:\\\/\\\/diariodelsurdigital.com.ar\\\/?p=1897#primaryimage\",\"url\":\"https:\\\/\\\/diariodelsurdigital.com.ar\\\/wp-content\\\/uploads\\\/2025\\\/04\\\/aloe-vera.jpg\",\"contentUrl\":\"https:\\\/\\\/diariodelsurdigital.com.ar\\\/wp-content\\\/uploads\\\/2025\\\/04\\\/aloe-vera.jpg\",\"width\":741,\"height\":485},{\"@type\":\"BreadcrumbList\",\"@id\":\"https:\\\/\\\/diariodelsurdigital.com.ar\\\/?p=1897#breadcrumb\",\"itemListElement\":[{\"@type\":\"ListItem\",\"position\":1,\"name\":\"Portada\",\"item\":\"https:\\\/\\\/diariodelsurdigital.com.ar\\\/\"},{\"@type\":\"ListItem\",\"position\":2,\"name\":\"El concejal Sastre dio a entender que Bordet lo nombr\u00f3 a Claudio Gastaldi en la Radio P\u00fablica para callar a Diario Junio\"}]},{\"@type\":\"WebSite\",\"@id\":\"https:\\\/\\\/diariodelsurdigital.com.ar\\\/#website\",\"url\":\"https:\\\/\\\/diariodelsurdigital.com.ar\\\/\",\"name\":\"Diario del Sur\",\"description\":\"Digital\",\"potentialAction\":[{\"@type\":\"SearchAction\",\"target\":{\"@type\":\"EntryPoint\",\"urlTemplate\":\"https:\\\/\\\/diariodelsurdigital.com.ar\\\/?s={search_term_string}\"},\"query-input\":{\"@type\":\"PropertyValueSpecification\",\"valueRequired\":true,\"valueName\":\"search_term_string\"}}],\"inLanguage\":\"es\"},{\"@type\":\"Person\",\"@id\":\"https:\\\/\\\/diariodelsurdigital.com.ar\\\/#\\\/schema\\\/person\\\/6136a32571657f7dba980b88b04c5465\",\"name\":\"Diario del Sur Digital\",\"image\":{\"@type\":\"ImageObject\",\"inLanguage\":\"es\",\"@id\":\"https:\\\/\\\/secure.gravatar.com\\\/avatar\\\/4c29ceac98541dd42460b2474aaa5dd37594d6ce6cb3cf2c101d09b48ee287ba?s=96&d=mm&r=g\",\"url\":\"https:\\\/\\\/secure.gravatar.com\\\/avatar\\\/4c29ceac98541dd42460b2474aaa5dd37594d6ce6cb3cf2c101d09b48ee287ba?s=96&d=mm&r=g\",\"contentUrl\":\"https:\\\/\\\/secure.gravatar.com\\\/avatar\\\/4c29ceac98541dd42460b2474aaa5dd37594d6ce6cb3cf2c101d09b48ee287ba?s=96&d=mm&r=g\",\"caption\":\"Diario del Sur Digital\"},\"url\":\"https:\\\/\\\/diariodelsurdigital.com.ar\\\/?author=2\"}]}<\/script>\n<!-- \/ Yoast SEO plugin. -->","yoast_head_json":{"title":"El concejal Sastre dio a entender que Bordet lo nombr\u00f3 a Claudio Gastaldi en la Radio P\u00fablica para callar a Diario Junio - Diario del Sur","robots":{"index":"index","follow":"follow","max-snippet":"max-snippet:-1","max-image-preview":"max-image-preview:large","max-video-preview":"max-video-preview:-1"},"canonical":"https:\/\/diariodelsurdigital.com.ar\/?p=1897","og_locale":"es_ES","og_type":"article","og_title":"El concejal Sastre dio a entender que Bordet lo nombr\u00f3 a Claudio Gastaldi en la Radio P\u00fablica para callar a Diario Junio - Diario del Sur","og_description":"Lo hizo mediante un posteo en la red social de X. El concejal del Pro, Felipe Sastre parece que no se amilana a la hora de criticar en las redes sociales a dirigentes pol\u00edticos y periodistas. Todo comenz\u00f3 a partir de lo que escribi\u00f3 el ex gobernador y actual diputado nacional, Gustavo Bordet referente a [&hellip;]","og_url":"https:\/\/diariodelsurdigital.com.ar\/?p=1897","og_site_name":"Diario del Sur","article_published_time":"2025-04-02T18:42:42+00:00","article_modified_time":"2025-04-02T18:59:42+00:00","og_image":[{"width":741,"height":485,"url":"https:\/\/diariodelsurdigital.com.ar\/wp-content\/uploads\/2025\/04\/aloe-vera.jpg","type":"image\/jpeg"}],"author":"Diario del Sur Digital","twitter_card":"summary_large_image","twitter_misc":{"Escrito por":"Diario del Sur Digital","Tiempo de lectura":"2 minutos"},"schema":{"@context":"https:\/\/schema.org","@graph":[{"@type":"Article","@id":"https:\/\/diariodelsurdigital.com.ar\/?p=1897#article","isPartOf":{"@id":"https:\/\/diariodelsurdigital.com.ar\/?p=1897"},"author":{"name":"Diario del Sur Digital","@id":"https:\/\/diariodelsurdigital.com.ar\/#\/schema\/person\/6136a32571657f7dba980b88b04c5465"},"headline":"El concejal Sastre dio a entender que Bordet lo nombr\u00f3 a Claudio Gastaldi en la Radio P\u00fablica para callar a Diario Junio","datePublished":"2025-04-02T18:42:42+00:00","dateModified":"2025-04-02T18:59:42+00:00","mainEntityOfPage":{"@id":"https:\/\/diariodelsurdigital.com.ar\/?p=1897"},"wordCount":323,"commentCount":0,"image":{"@id":"https:\/\/diariodelsurdigital.com.ar\/?p=1897#primaryimage"},"thumbnailUrl":"https:\/\/diariodelsurdigital.com.ar\/wp-content\/uploads\/2025\/04\/aloe-vera.jpg","articleSection":["Locales"],"inLanguage":"es","potentialAction":[{"@type":"CommentAction","name":"Comment","target":["https:\/\/diariodelsurdigital.com.ar\/?p=1897#respond"]}]},{"@type":"WebPage","@id":"https:\/\/diariodelsurdigital.com.ar\/?p=1897","url":"https:\/\/diariodelsurdigital.com.ar\/?p=1897","name":"El concejal Sastre dio a entender que Bordet lo nombr\u00f3 a Claudio Gastaldi en la Radio P\u00fablica para callar a Diario Junio - Diario del Sur","isPartOf":{"@id":"https:\/\/diariodelsurdigital.com.ar\/#website"},"primaryImageOfPage":{"@id":"https:\/\/diariodelsurdigital.com.ar\/?p=1897#primaryimage"},"image":{"@id":"https:\/\/diariodelsurdigital.com.ar\/?p=1897#primaryimage"},"thumbnailUrl":"https:\/\/diariodelsurdigital.com.ar\/wp-content\/uploads\/2025\/04\/aloe-vera.jpg","datePublished":"2025-04-02T18:42:42+00:00","dateModified":"2025-04-02T18:59:42+00:00","author":{"@id":"https:\/\/diariodelsurdigital.com.ar\/#\/schema\/person\/6136a32571657f7dba980b88b04c5465"},"breadcrumb":{"@id":"https:\/\/diariodelsurdigital.com.ar\/?p=1897#breadcrumb"},"inLanguage":"es","potentialAction":[{"@type":"ReadAction","target":["https:\/\/diariodelsurdigital.com.ar\/?p=1897"]}]},{"@type":"ImageObject","inLanguage":"es","@id":"https:\/\/diariodelsurdigital.com.ar\/?p=1897#primaryimage","url":"https:\/\/diariodelsurdigital.com.ar\/wp-content\/uploads\/2025\/04\/aloe-vera.jpg","contentUrl":"https:\/\/diariodelsurdigital.com.ar\/wp-content\/uploads\/2025\/04\/aloe-vera.jpg","width":741,"height":485},{"@type":"BreadcrumbList","@id":"https:\/\/diariodelsurdigital.com.ar\/?p=1897#breadcrumb","itemListElement":[{"@type":"ListItem","position":1,"name":"Portada","item":"https:\/\/diariodelsurdigital.com.ar\/"},{"@type":"ListItem","position":2,"name":"El concejal Sastre dio a entender que Bordet lo nombr\u00f3 a Claudio Gastaldi en la Radio P\u00fablica para callar a Diario Junio"}]},{"@type":"WebSite","@id":"https:\/\/diariodelsurdigital.com.ar\/#website","url":"https:\/\/diariodelsurdigital.com.ar\/","name":"Diario del Sur","description":"Digital","potentialAction":[{"@type":"SearchAction","target":{"@type":"EntryPoint","urlTemplate":"https:\/\/diariodelsurdigital.com.ar\/?s={search_term_string}"},"query-input":{"@type":"PropertyValueSpecification","valueRequired":true,"valueName":"search_term_string"}}],"inLanguage":"es"},{"@type":"Person","@id":"https:\/\/diariodelsurdigital.com.ar\/#\/schema\/person\/6136a32571657f7dba980b88b04c5465","name":"Diario del Sur Digital","image":{"@type":"ImageObject","inLanguage":"es","@id":"https:\/\/secure.gravatar.com\/avatar\/4c29ceac98541dd42460b2474aaa5dd37594d6ce6cb3cf2c101d09b48ee287ba?s=96&d=mm&r=g","url":"https:\/\/secure.gravatar.com\/avatar\/4c29ceac98541dd42460b2474aaa5dd37594d6ce6cb3cf2c101d09b48ee287ba?s=96&d=mm&r=g","contentUrl":"https:\/\/secure.gravatar.com\/avatar\/4c29ceac98541dd42460b2474aaa5dd37594d6ce6cb3cf2c101d09b48ee287ba?s=96&d=mm&r=g","caption":"Diario del Sur Digital"},"url":"https:\/\/diariodelsurdigital.com.ar\/?author=2"}]}},"_links":{"self":[{"href":"https:\/\/diariodelsurdigital.com.ar\/index.php?rest_route=\/wp\/v2\/posts\/1897","targetHints":{"allow":["GET"]}}],"collection":[{"href":"https:\/\/diariodelsurdigital.com.ar\/index.php?rest_route=\/wp\/v2\/posts"}],"about":[{"href":"https:\/\/diariodelsurdigital.com.ar\/index.php?rest_route=\/wp\/v2\/types\/post"}],"author":[{"embeddable":true,"href":"https:\/\/diariodelsurdigital.com.ar\/index.php?rest_route=\/wp\/v2\/users\/2"}],"replies":[{"embeddable":true,"href":"https:\/\/diariodelsurdigital.com.ar\/index.php?rest_route=%2Fwp%2Fv2%2Fcomments&post=1897"}],"version-history":[{"count":5,"href":"https:\/\/diariodelsurdigital.com.ar\/index.php?rest_route=\/wp\/v2\/posts\/1897\/revisions"}],"predecessor-version":[{"id":1907,"href":"https:\/\/diariodelsurdigital.com.ar\/index.php?rest_route=\/wp\/v2\/posts\/1897\/revisions\/1907"}],"wp:featuredmedia":[{"embeddable":true,"href":"https:\/\/diariodelsurdigital.com.ar\/index.php?rest_route=\/wp\/v2\/media\/1898"}],"wp:attachment":[{"href":"https:\/\/diariodelsurdigital.com.ar\/index.php?rest_route=%2Fwp%2Fv2%2Fmedia&parent=1897"}],"wp:term":[{"taxonomy":"category","embeddable":true,"href":"https:\/\/diariodelsurdigital.com.ar\/index.php?rest_route=%2Fwp%2Fv2%2Fcategories&post=1897"},{"taxonomy":"post_tag","embeddable":true,"href":"https:\/\/diariodelsurdigital.com.ar\/index.php?rest_route=%2Fwp%2Fv2%2Ftags&post=1897"}],"curies":[{"name":"wp","href":"https:\/\/api.w.org\/{rel}","templated":true}]}}