{"id":1909,"date":"2025-04-03T12:55:20","date_gmt":"2025-04-03T15:55:20","guid":{"rendered":"https:\/\/diariodelsurdigital.com.ar\/?p=1909"},"modified":"2025-04-03T12:55:21","modified_gmt":"2025-04-03T15:55:21","slug":"preven-la-entrada-de-aire-frio-y-anuncian-temperaturas-de-8-y-6","status":"publish","type":"post","link":"https:\/\/diariodelsurdigital.com.ar\/?p=1909","title":{"rendered":"Prev\u00e9n la entrada de aire fr\u00edo y anuncian temperaturas de 8\u00b0 y 6\u00b0"},"content":{"rendered":"\n<h1 class=\"wp-block-heading\"> <\/h1>\n\n\n\n<p>Una masa de fr\u00edo polar comenzar\u00e1 a llegar a Entre R\u00edos a partir de este jueves por la tarde y, desde este viernes, se registrar\u00e1n temperaturas m\u00ednimas de entre 6 y 8 grados, seg\u00fan el Servicio Meteorol\u00f3gico Nacional -SMN-.<\/p>\n\n\n\n<p>Desde esta tarde comenzar\u00e1 a soplar un fuerte viento del sur, acompa\u00f1ado de r\u00e1fagas que pueden ubicarse entre 51 y 59 kil\u00f3metros por hora. Esta situaci\u00f3n ocasionar\u00e1 un descenso importante de las t\u00e9rmicas.<\/p>\n\n\n\n<p>En cuanto a las condiciones del tiempo, no hay anuncio de precipitaciones. Se aguardan jornadas con sol y escasa nubosidad variable, de acuerdo al pron\u00f3stico oficial.<\/p>\n\n\n\n<p><strong>Temperaturas anunciadas por zonas en Entre R\u00edos<\/strong><\/p>\n\n\n\n<p>En Paran\u00e1, La Paz, Diamante, Nogoy\u00e1 y Villaguay anuncian para este jueves una m\u00ednima de 12 grados y una m\u00e1xima de 26 grados. En tanto, este viernes se espera una m\u00ednima de 8 grados y una m\u00e1xima de 19 grados.<\/p>\n\n\n\n<p>En Concordia, Federal, Feliciano, Federaci\u00f3n y San Salvador pronostican para este jueves una m\u00ednima de 14 grados y una m\u00e1xima de 26 grados. En tanto, este viernes se aguarda una m\u00ednima de 9 grados y una m\u00e1xima de 19 grados.<\/p>\n\n\n\n<p>En Gualeguaych\u00fa, Uruguay, Col\u00f3n, Tala e Islas del Ibicuy para este jueves prev\u00e9n una m\u00ednima de 14 grados y una m\u00e1xima de 25 grados. En tanto, este viernes se anticipa una m\u00ednima de 6 grados y una m\u00e1xima de 18 grados.<\/p>\n\n\n\n<p>En Victoria y Gualeguay para este jueves indican una m\u00ednima de 14 grados y una m\u00e1xima de 25 grados. En tanto, este viernes se espera una m\u00ednima de 6 grados y una m\u00e1xima de 18 grados.<\/p>\n","protected":false},"excerpt":{"rendered":"<p>Una masa de fr\u00edo polar comenzar\u00e1 a llegar a Entre R\u00edos a partir de este jueves por la tarde y, desde este viernes, se registrar\u00e1n temperaturas m\u00ednimas de entre 6 y 8 grados, seg\u00fan el Servicio Meteorol\u00f3gico Nacional -SMN-. Desde esta tarde comenzar\u00e1 a soplar un fuerte viento del sur, acompa\u00f1ado de r\u00e1fagas que pueden [&hellip;]<\/p>\n","protected":false},"author":2,"featured_media":1910,"comment_status":"open","ping_status":"open","sticky":false,"template":"","format":"standard","meta":{"footnotes":""},"categories":[17],"tags":[],"class_list":{"0":"post-1909","1":"post","2":"type-post","3":"status-publish","4":"format-standard","5":"has-post-thumbnail","7":"category-provinciales"},"yoast_head":"<!-- This site is optimized with the Yoast SEO plugin v27.4 - https:\/\/yoast.com\/product\/yoast-seo-wordpress\/ -->\n<title>Prev\u00e9n la entrada de aire fr\u00edo y anuncian temperaturas de 8\u00b0 y 6\u00b0 - Diario del Sur<\/title>\n<meta name=\"robots\" content=\"index, follow, max-snippet:-1, max-image-preview:large, max-video-preview:-1\" \/>\n<link rel=\"canonical\" href=\"https:\/\/diariodelsurdigital.com.ar\/?p=1909\" \/>\n<meta property=\"og:locale\" content=\"es_ES\" \/>\n<meta property=\"og:type\" content=\"article\" \/>\n<meta property=\"og:title\" content=\"Prev\u00e9n la entrada de aire fr\u00edo y anuncian temperaturas de 8\u00b0 y 6\u00b0 - Diario del Sur\" \/>\n<meta property=\"og:description\" content=\"Una masa de fr\u00edo polar comenzar\u00e1 a llegar a Entre R\u00edos a partir de este jueves por la tarde y, desde este viernes, se registrar\u00e1n temperaturas m\u00ednimas de entre 6 y 8 grados, seg\u00fan el Servicio Meteorol\u00f3gico Nacional -SMN-. Desde esta tarde comenzar\u00e1 a soplar un fuerte viento del sur, acompa\u00f1ado de r\u00e1fagas que pueden [&hellip;]\" \/>\n<meta property=\"og:url\" content=\"https:\/\/diariodelsurdigital.com.ar\/?p=1909\" \/>\n<meta property=\"og:site_name\" content=\"Diario del Sur\" \/>\n<meta property=\"article:published_time\" content=\"2025-04-03T15:55:20+00:00\" \/>\n<meta property=\"article:modified_time\" content=\"2025-04-03T15:55:21+00:00\" \/>\n<meta property=\"og:image\" content=\"https:\/\/diariodelsurdigital.com.ar\/wp-content\/uploads\/2025\/04\/4XCH6KACKJHFLCEHRXZLTB2S6I.jpg\" \/>\n\t<meta property=\"og:image:width\" content=\"462\" \/>\n\t<meta property=\"og:image:height\" content=\"256\" \/>\n\t<meta property=\"og:image:type\" content=\"image\/jpeg\" \/>\n<meta name=\"author\" content=\"Diario del Sur Digital\" \/>\n<meta name=\"twitter:card\" content=\"summary_large_image\" \/>\n<meta name=\"twitter:label1\" content=\"Escrito por\" \/>\n\t<meta name=\"twitter:data1\" content=\"Diario del Sur Digital\" \/>\n\t<meta name=\"twitter:label2\" content=\"Tiempo de lectura\" \/>\n\t<meta name=\"twitter:data2\" content=\"2 minutos\" \/>\n<script type=\"application\/ld+json\" class=\"yoast-schema-graph\">{\"@context\":\"https:\\\/\\\/schema.org\",\"@graph\":[{\"@type\":\"Article\",\"@id\":\"https:\\\/\\\/diariodelsurdigital.com.ar\\\/?p=1909#article\",\"isPartOf\":{\"@id\":\"https:\\\/\\\/diariodelsurdigital.com.ar\\\/?p=1909\"},\"author\":{\"name\":\"Diario del Sur Digital\",\"@id\":\"https:\\\/\\\/diariodelsurdigital.com.ar\\\/#\\\/schema\\\/person\\\/6136a32571657f7dba980b88b04c5465\"},\"headline\":\"Prev\u00e9n la entrada de aire fr\u00edo y anuncian temperaturas de 8\u00b0 y 6\u00b0\",\"datePublished\":\"2025-04-03T15:55:20+00:00\",\"dateModified\":\"2025-04-03T15:55:21+00:00\",\"mainEntityOfPage\":{\"@id\":\"https:\\\/\\\/diariodelsurdigital.com.ar\\\/?p=1909\"},\"wordCount\":287,\"commentCount\":0,\"image\":{\"@id\":\"https:\\\/\\\/diariodelsurdigital.com.ar\\\/?p=1909#primaryimage\"},\"thumbnailUrl\":\"https:\\\/\\\/diariodelsurdigital.com.ar\\\/wp-content\\\/uploads\\\/2025\\\/04\\\/4XCH6KACKJHFLCEHRXZLTB2S6I.jpg\",\"articleSection\":[\"Provinciales\"],\"inLanguage\":\"es\",\"potentialAction\":[{\"@type\":\"CommentAction\",\"name\":\"Comment\",\"target\":[\"https:\\\/\\\/diariodelsurdigital.com.ar\\\/?p=1909#respond\"]}]},{\"@type\":\"WebPage\",\"@id\":\"https:\\\/\\\/diariodelsurdigital.com.ar\\\/?p=1909\",\"url\":\"https:\\\/\\\/diariodelsurdigital.com.ar\\\/?p=1909\",\"name\":\"Prev\u00e9n la entrada de aire fr\u00edo y anuncian temperaturas de 8\u00b0 y 6\u00b0 - Diario del Sur\",\"isPartOf\":{\"@id\":\"https:\\\/\\\/diariodelsurdigital.com.ar\\\/#website\"},\"primaryImageOfPage\":{\"@id\":\"https:\\\/\\\/diariodelsurdigital.com.ar\\\/?p=1909#primaryimage\"},\"image\":{\"@id\":\"https:\\\/\\\/diariodelsurdigital.com.ar\\\/?p=1909#primaryimage\"},\"thumbnailUrl\":\"https:\\\/\\\/diariodelsurdigital.com.ar\\\/wp-content\\\/uploads\\\/2025\\\/04\\\/4XCH6KACKJHFLCEHRXZLTB2S6I.jpg\",\"datePublished\":\"2025-04-03T15:55:20+00:00\",\"dateModified\":\"2025-04-03T15:55:21+00:00\",\"author\":{\"@id\":\"https:\\\/\\\/diariodelsurdigital.com.ar\\\/#\\\/schema\\\/person\\\/6136a32571657f7dba980b88b04c5465\"},\"breadcrumb\":{\"@id\":\"https:\\\/\\\/diariodelsurdigital.com.ar\\\/?p=1909#breadcrumb\"},\"inLanguage\":\"es\",\"potentialAction\":[{\"@type\":\"ReadAction\",\"target\":[\"https:\\\/\\\/diariodelsurdigital.com.ar\\\/?p=1909\"]}]},{\"@type\":\"ImageObject\",\"inLanguage\":\"es\",\"@id\":\"https:\\\/\\\/diariodelsurdigital.com.ar\\\/?p=1909#primaryimage\",\"url\":\"https:\\\/\\\/diariodelsurdigital.com.ar\\\/wp-content\\\/uploads\\\/2025\\\/04\\\/4XCH6KACKJHFLCEHRXZLTB2S6I.jpg\",\"contentUrl\":\"https:\\\/\\\/diariodelsurdigital.com.ar\\\/wp-content\\\/uploads\\\/2025\\\/04\\\/4XCH6KACKJHFLCEHRXZLTB2S6I.jpg\",\"width\":462,\"height\":256},{\"@type\":\"BreadcrumbList\",\"@id\":\"https:\\\/\\\/diariodelsurdigital.com.ar\\\/?p=1909#breadcrumb\",\"itemListElement\":[{\"@type\":\"ListItem\",\"position\":1,\"name\":\"Portada\",\"item\":\"https:\\\/\\\/diariodelsurdigital.com.ar\\\/\"},{\"@type\":\"ListItem\",\"position\":2,\"name\":\"Prev\u00e9n la entrada de aire fr\u00edo y anuncian temperaturas de 8\u00b0 y 6\u00b0\"}]},{\"@type\":\"WebSite\",\"@id\":\"https:\\\/\\\/diariodelsurdigital.com.ar\\\/#website\",\"url\":\"https:\\\/\\\/diariodelsurdigital.com.ar\\\/\",\"name\":\"Diario del Sur\",\"description\":\"Digital\",\"potentialAction\":[{\"@type\":\"SearchAction\",\"target\":{\"@type\":\"EntryPoint\",\"urlTemplate\":\"https:\\\/\\\/diariodelsurdigital.com.ar\\\/?s={search_term_string}\"},\"query-input\":{\"@type\":\"PropertyValueSpecification\",\"valueRequired\":true,\"valueName\":\"search_term_string\"}}],\"inLanguage\":\"es\"},{\"@type\":\"Person\",\"@id\":\"https:\\\/\\\/diariodelsurdigital.com.ar\\\/#\\\/schema\\\/person\\\/6136a32571657f7dba980b88b04c5465\",\"name\":\"Diario del Sur Digital\",\"image\":{\"@type\":\"ImageObject\",\"inLanguage\":\"es\",\"@id\":\"https:\\\/\\\/secure.gravatar.com\\\/avatar\\\/4c29ceac98541dd42460b2474aaa5dd37594d6ce6cb3cf2c101d09b48ee287ba?s=96&d=mm&r=g\",\"url\":\"https:\\\/\\\/secure.gravatar.com\\\/avatar\\\/4c29ceac98541dd42460b2474aaa5dd37594d6ce6cb3cf2c101d09b48ee287ba?s=96&d=mm&r=g\",\"contentUrl\":\"https:\\\/\\\/secure.gravatar.com\\\/avatar\\\/4c29ceac98541dd42460b2474aaa5dd37594d6ce6cb3cf2c101d09b48ee287ba?s=96&d=mm&r=g\",\"caption\":\"Diario del Sur Digital\"},\"url\":\"https:\\\/\\\/diariodelsurdigital.com.ar\\\/?author=2\"}]}<\/script>\n<!-- \/ Yoast SEO plugin. -->","yoast_head_json":{"title":"Prev\u00e9n la entrada de aire fr\u00edo y anuncian temperaturas de 8\u00b0 y 6\u00b0 - Diario del Sur","robots":{"index":"index","follow":"follow","max-snippet":"max-snippet:-1","max-image-preview":"max-image-preview:large","max-video-preview":"max-video-preview:-1"},"canonical":"https:\/\/diariodelsurdigital.com.ar\/?p=1909","og_locale":"es_ES","og_type":"article","og_title":"Prev\u00e9n la entrada de aire fr\u00edo y anuncian temperaturas de 8\u00b0 y 6\u00b0 - Diario del Sur","og_description":"Una masa de fr\u00edo polar comenzar\u00e1 a llegar a Entre R\u00edos a partir de este jueves por la tarde y, desde este viernes, se registrar\u00e1n temperaturas m\u00ednimas de entre 6 y 8 grados, seg\u00fan el Servicio Meteorol\u00f3gico Nacional -SMN-. Desde esta tarde comenzar\u00e1 a soplar un fuerte viento del sur, acompa\u00f1ado de r\u00e1fagas que pueden [&hellip;]","og_url":"https:\/\/diariodelsurdigital.com.ar\/?p=1909","og_site_name":"Diario del Sur","article_published_time":"2025-04-03T15:55:20+00:00","article_modified_time":"2025-04-03T15:55:21+00:00","og_image":[{"width":462,"height":256,"url":"https:\/\/diariodelsurdigital.com.ar\/wp-content\/uploads\/2025\/04\/4XCH6KACKJHFLCEHRXZLTB2S6I.jpg","type":"image\/jpeg"}],"author":"Diario del Sur Digital","twitter_card":"summary_large_image","twitter_misc":{"Escrito por":"Diario del Sur Digital","Tiempo de lectura":"2 minutos"},"schema":{"@context":"https:\/\/schema.org","@graph":[{"@type":"Article","@id":"https:\/\/diariodelsurdigital.com.ar\/?p=1909#article","isPartOf":{"@id":"https:\/\/diariodelsurdigital.com.ar\/?p=1909"},"author":{"name":"Diario del Sur Digital","@id":"https:\/\/diariodelsurdigital.com.ar\/#\/schema\/person\/6136a32571657f7dba980b88b04c5465"},"headline":"Prev\u00e9n la entrada de aire fr\u00edo y anuncian temperaturas de 8\u00b0 y 6\u00b0","datePublished":"2025-04-03T15:55:20+00:00","dateModified":"2025-04-03T15:55:21+00:00","mainEntityOfPage":{"@id":"https:\/\/diariodelsurdigital.com.ar\/?p=1909"},"wordCount":287,"commentCount":0,"image":{"@id":"https:\/\/diariodelsurdigital.com.ar\/?p=1909#primaryimage"},"thumbnailUrl":"https:\/\/diariodelsurdigital.com.ar\/wp-content\/uploads\/2025\/04\/4XCH6KACKJHFLCEHRXZLTB2S6I.jpg","articleSection":["Provinciales"],"inLanguage":"es","potentialAction":[{"@type":"CommentAction","name":"Comment","target":["https:\/\/diariodelsurdigital.com.ar\/?p=1909#respond"]}]},{"@type":"WebPage","@id":"https:\/\/diariodelsurdigital.com.ar\/?p=1909","url":"https:\/\/diariodelsurdigital.com.ar\/?p=1909","name":"Prev\u00e9n la entrada de aire fr\u00edo y anuncian temperaturas de 8\u00b0 y 6\u00b0 - Diario del Sur","isPartOf":{"@id":"https:\/\/diariodelsurdigital.com.ar\/#website"},"primaryImageOfPage":{"@id":"https:\/\/diariodelsurdigital.com.ar\/?p=1909#primaryimage"},"image":{"@id":"https:\/\/diariodelsurdigital.com.ar\/?p=1909#primaryimage"},"thumbnailUrl":"https:\/\/diariodelsurdigital.com.ar\/wp-content\/uploads\/2025\/04\/4XCH6KACKJHFLCEHRXZLTB2S6I.jpg","datePublished":"2025-04-03T15:55:20+00:00","dateModified":"2025-04-03T15:55:21+00:00","author":{"@id":"https:\/\/diariodelsurdigital.com.ar\/#\/schema\/person\/6136a32571657f7dba980b88b04c5465"},"breadcrumb":{"@id":"https:\/\/diariodelsurdigital.com.ar\/?p=1909#breadcrumb"},"inLanguage":"es","potentialAction":[{"@type":"ReadAction","target":["https:\/\/diariodelsurdigital.com.ar\/?p=1909"]}]},{"@type":"ImageObject","inLanguage":"es","@id":"https:\/\/diariodelsurdigital.com.ar\/?p=1909#primaryimage","url":"https:\/\/diariodelsurdigital.com.ar\/wp-content\/uploads\/2025\/04\/4XCH6KACKJHFLCEHRXZLTB2S6I.jpg","contentUrl":"https:\/\/diariodelsurdigital.com.ar\/wp-content\/uploads\/2025\/04\/4XCH6KACKJHFLCEHRXZLTB2S6I.jpg","width":462,"height":256},{"@type":"BreadcrumbList","@id":"https:\/\/diariodelsurdigital.com.ar\/?p=1909#breadcrumb","itemListElement":[{"@type":"ListItem","position":1,"name":"Portada","item":"https:\/\/diariodelsurdigital.com.ar\/"},{"@type":"ListItem","position":2,"name":"Prev\u00e9n la entrada de aire fr\u00edo y anuncian temperaturas de 8\u00b0 y 6\u00b0"}]},{"@type":"WebSite","@id":"https:\/\/diariodelsurdigital.com.ar\/#website","url":"https:\/\/diariodelsurdigital.com.ar\/","name":"Diario del Sur","description":"Digital","potentialAction":[{"@type":"SearchAction","target":{"@type":"EntryPoint","urlTemplate":"https:\/\/diariodelsurdigital.com.ar\/?s={search_term_string}"},"query-input":{"@type":"PropertyValueSpecification","valueRequired":true,"valueName":"search_term_string"}}],"inLanguage":"es"},{"@type":"Person","@id":"https:\/\/diariodelsurdigital.com.ar\/#\/schema\/person\/6136a32571657f7dba980b88b04c5465","name":"Diario del Sur Digital","image":{"@type":"ImageObject","inLanguage":"es","@id":"https:\/\/secure.gravatar.com\/avatar\/4c29ceac98541dd42460b2474aaa5dd37594d6ce6cb3cf2c101d09b48ee287ba?s=96&d=mm&r=g","url":"https:\/\/secure.gravatar.com\/avatar\/4c29ceac98541dd42460b2474aaa5dd37594d6ce6cb3cf2c101d09b48ee287ba?s=96&d=mm&r=g","contentUrl":"https:\/\/secure.gravatar.com\/avatar\/4c29ceac98541dd42460b2474aaa5dd37594d6ce6cb3cf2c101d09b48ee287ba?s=96&d=mm&r=g","caption":"Diario del Sur Digital"},"url":"https:\/\/diariodelsurdigital.com.ar\/?author=2"}]}},"_links":{"self":[{"href":"https:\/\/diariodelsurdigital.com.ar\/index.php?rest_route=\/wp\/v2\/posts\/1909","targetHints":{"allow":["GET"]}}],"collection":[{"href":"https:\/\/diariodelsurdigital.com.ar\/index.php?rest_route=\/wp\/v2\/posts"}],"about":[{"href":"https:\/\/diariodelsurdigital.com.ar\/index.php?rest_route=\/wp\/v2\/types\/post"}],"author":[{"embeddable":true,"href":"https:\/\/diariodelsurdigital.com.ar\/index.php?rest_route=\/wp\/v2\/users\/2"}],"replies":[{"embeddable":true,"href":"https:\/\/diariodelsurdigital.com.ar\/index.php?rest_route=%2Fwp%2Fv2%2Fcomments&post=1909"}],"version-history":[{"count":1,"href":"https:\/\/diariodelsurdigital.com.ar\/index.php?rest_route=\/wp\/v2\/posts\/1909\/revisions"}],"predecessor-version":[{"id":1911,"href":"https:\/\/diariodelsurdigital.com.ar\/index.php?rest_route=\/wp\/v2\/posts\/1909\/revisions\/1911"}],"wp:featuredmedia":[{"embeddable":true,"href":"https:\/\/diariodelsurdigital.com.ar\/index.php?rest_route=\/wp\/v2\/media\/1910"}],"wp:attachment":[{"href":"https:\/\/diariodelsurdigital.com.ar\/index.php?rest_route=%2Fwp%2Fv2%2Fmedia&parent=1909"}],"wp:term":[{"taxonomy":"category","embeddable":true,"href":"https:\/\/diariodelsurdigital.com.ar\/index.php?rest_route=%2Fwp%2Fv2%2Fcategories&post=1909"},{"taxonomy":"post_tag","embeddable":true,"href":"https:\/\/diariodelsurdigital.com.ar\/index.php?rest_route=%2Fwp%2Fv2%2Ftags&post=1909"}],"curies":[{"name":"wp","href":"https:\/\/api.w.org\/{rel}","templated":true}]}}