{"id":1915,"date":"2025-04-03T14:12:24","date_gmt":"2025-04-03T17:12:24","guid":{"rendered":"https:\/\/diariodelsurdigital.com.ar\/?p=1915"},"modified":"2025-04-03T14:12:25","modified_gmt":"2025-04-03T17:12:25","slug":"botellita-de-licor-habrian-interceptado-a-funcionario-de-migraciones-y-exchofer-de-kueider-intentando-ingresar-al-pais-con-una-carga-indebida","status":"publish","type":"post","link":"https:\/\/diariodelsurdigital.com.ar\/?p=1915","title":{"rendered":"BOTELLITA DE LICOR: Habr\u00edan interceptado a funcionario de Migraciones y exchofer de Kueider intentando ingresar al pa\u00eds con una carga indebida"},"content":{"rendered":"\n<h2 class=\"wp-block-heading\" id=\"nota-title\"> <\/h2>\n\n\n\n<p> Si bien a\u00fan no hay informaci\u00f3n oficial, fuentes confiables precisaron\u00a0que en un control de rutina efectuado por personal de Aduana del Uruguay en el puente que corona la represa de Salto Grande, fue detectada una carga de licores que pretend\u00eda ser ingresada a territorio argentino en un veh\u00edculo conducido por Diego Saboredo.<\/p>\n\n\n\n<p>Se trata de un exchofer del exsenador Edgardo Kueider, detenido meses atr\u00e1s en Asunci\u00f3n, Paraguay, con un malet\u00edn repleto de d\u00f3lares.<\/p>\n\n\n\n<p>Quiz\u00e1 por su cercan\u00eda a Kueider, Saboredo fue designado, mediante resoluci\u00f3n del mes de octubre de 2023, como \u00abAsistente Administrativo\u00bb de la Delegaci\u00f3n Entre R\u00edos de la Direcci\u00f3n Nacional de Migraciones, en la categor\u00eda equivalente al Nivel D &#8211; Grado 0 del escalaf\u00f3n.<\/p>\n\n\n\n<p>\u201cEncontraron en su auto una importante carga de licores\u201d, se limit\u00f3 a decir un testigo de lo ocurrido, sin aportar precisiones sobre el valor de la mercader\u00eda que transportaba.<\/p>\n\n\n\n<p><strong>Fuente:<\/strong>\u00a0El Entre R\u00edos<\/p>\n","protected":false},"excerpt":{"rendered":"<p>Si bien a\u00fan no hay informaci\u00f3n oficial, fuentes confiables precisaron\u00a0que en un control de rutina efectuado por personal de Aduana del Uruguay en el puente que corona la represa de Salto Grande, fue detectada una carga de licores que pretend\u00eda ser ingresada a territorio argentino en un veh\u00edculo conducido por Diego Saboredo. Se trata de [&hellip;]<\/p>\n","protected":false},"author":2,"featured_media":1916,"comment_status":"open","ping_status":"open","sticky":false,"template":"","format":"standard","meta":{"footnotes":""},"categories":[16],"tags":[],"class_list":{"0":"post-1915","1":"post","2":"type-post","3":"status-publish","4":"format-standard","5":"has-post-thumbnail","7":"category-locales"},"yoast_head":"<!-- This site is optimized with the Yoast SEO plugin v27.4 - https:\/\/yoast.com\/product\/yoast-seo-wordpress\/ -->\n<title>BOTELLITA DE LICOR: Habr\u00edan interceptado a funcionario de Migraciones y exchofer de Kueider intentando ingresar al pa\u00eds con una carga indebida - Diario del Sur<\/title>\n<meta name=\"robots\" content=\"index, follow, max-snippet:-1, max-image-preview:large, max-video-preview:-1\" \/>\n<link rel=\"canonical\" href=\"https:\/\/diariodelsurdigital.com.ar\/?p=1915\" \/>\n<meta property=\"og:locale\" content=\"es_ES\" \/>\n<meta property=\"og:type\" content=\"article\" \/>\n<meta property=\"og:title\" content=\"BOTELLITA DE LICOR: Habr\u00edan interceptado a funcionario de Migraciones y exchofer de Kueider intentando ingresar al pa\u00eds con una carga indebida - Diario del Sur\" \/>\n<meta property=\"og:description\" content=\"Si bien a\u00fan no hay informaci\u00f3n oficial, fuentes confiables precisaron\u00a0que en un control de rutina efectuado por personal de Aduana del Uruguay en el puente que corona la represa de Salto Grande, fue detectada una carga de licores que pretend\u00eda ser ingresada a territorio argentino en un veh\u00edculo conducido por Diego Saboredo. Se trata de [&hellip;]\" \/>\n<meta property=\"og:url\" content=\"https:\/\/diariodelsurdigital.com.ar\/?p=1915\" \/>\n<meta property=\"og:site_name\" content=\"Diario del Sur\" \/>\n<meta property=\"article:published_time\" content=\"2025-04-03T17:12:24+00:00\" \/>\n<meta property=\"article:modified_time\" content=\"2025-04-03T17:12:25+00:00\" \/>\n<meta property=\"og:image\" content=\"https:\/\/diariodelsurdigital.com.ar\/wp-content\/uploads\/2025\/04\/62256112_10219202829124985_5096108400421371904_n.jpg\" \/>\n\t<meta property=\"og:image:width\" content=\"482\" \/>\n\t<meta property=\"og:image:height\" content=\"344\" \/>\n\t<meta property=\"og:image:type\" content=\"image\/jpeg\" \/>\n<meta name=\"author\" content=\"Diario del Sur Digital\" \/>\n<meta name=\"twitter:card\" content=\"summary_large_image\" \/>\n<meta name=\"twitter:label1\" content=\"Escrito por\" \/>\n\t<meta name=\"twitter:data1\" content=\"Diario del Sur Digital\" \/>\n\t<meta name=\"twitter:label2\" content=\"Tiempo de lectura\" \/>\n\t<meta name=\"twitter:data2\" content=\"1 minuto\" \/>\n<script type=\"application\/ld+json\" class=\"yoast-schema-graph\">{\"@context\":\"https:\\\/\\\/schema.org\",\"@graph\":[{\"@type\":\"Article\",\"@id\":\"https:\\\/\\\/diariodelsurdigital.com.ar\\\/?p=1915#article\",\"isPartOf\":{\"@id\":\"https:\\\/\\\/diariodelsurdigital.com.ar\\\/?p=1915\"},\"author\":{\"name\":\"Diario del Sur Digital\",\"@id\":\"https:\\\/\\\/diariodelsurdigital.com.ar\\\/#\\\/schema\\\/person\\\/6136a32571657f7dba980b88b04c5465\"},\"headline\":\"BOTELLITA DE LICOR: Habr\u00edan interceptado a funcionario de Migraciones y exchofer de Kueider intentando ingresar al pa\u00eds con una carga indebida\",\"datePublished\":\"2025-04-03T17:12:24+00:00\",\"dateModified\":\"2025-04-03T17:12:25+00:00\",\"mainEntityOfPage\":{\"@id\":\"https:\\\/\\\/diariodelsurdigital.com.ar\\\/?p=1915\"},\"wordCount\":188,\"commentCount\":0,\"image\":{\"@id\":\"https:\\\/\\\/diariodelsurdigital.com.ar\\\/?p=1915#primaryimage\"},\"thumbnailUrl\":\"https:\\\/\\\/diariodelsurdigital.com.ar\\\/wp-content\\\/uploads\\\/2025\\\/04\\\/62256112_10219202829124985_5096108400421371904_n.jpg\",\"articleSection\":[\"Locales\"],\"inLanguage\":\"es\",\"potentialAction\":[{\"@type\":\"CommentAction\",\"name\":\"Comment\",\"target\":[\"https:\\\/\\\/diariodelsurdigital.com.ar\\\/?p=1915#respond\"]}]},{\"@type\":\"WebPage\",\"@id\":\"https:\\\/\\\/diariodelsurdigital.com.ar\\\/?p=1915\",\"url\":\"https:\\\/\\\/diariodelsurdigital.com.ar\\\/?p=1915\",\"name\":\"BOTELLITA DE LICOR: Habr\u00edan interceptado a funcionario de Migraciones y exchofer de Kueider intentando ingresar al pa\u00eds con una carga indebida - Diario del Sur\",\"isPartOf\":{\"@id\":\"https:\\\/\\\/diariodelsurdigital.com.ar\\\/#website\"},\"primaryImageOfPage\":{\"@id\":\"https:\\\/\\\/diariodelsurdigital.com.ar\\\/?p=1915#primaryimage\"},\"image\":{\"@id\":\"https:\\\/\\\/diariodelsurdigital.com.ar\\\/?p=1915#primaryimage\"},\"thumbnailUrl\":\"https:\\\/\\\/diariodelsurdigital.com.ar\\\/wp-content\\\/uploads\\\/2025\\\/04\\\/62256112_10219202829124985_5096108400421371904_n.jpg\",\"datePublished\":\"2025-04-03T17:12:24+00:00\",\"dateModified\":\"2025-04-03T17:12:25+00:00\",\"author\":{\"@id\":\"https:\\\/\\\/diariodelsurdigital.com.ar\\\/#\\\/schema\\\/person\\\/6136a32571657f7dba980b88b04c5465\"},\"breadcrumb\":{\"@id\":\"https:\\\/\\\/diariodelsurdigital.com.ar\\\/?p=1915#breadcrumb\"},\"inLanguage\":\"es\",\"potentialAction\":[{\"@type\":\"ReadAction\",\"target\":[\"https:\\\/\\\/diariodelsurdigital.com.ar\\\/?p=1915\"]}]},{\"@type\":\"ImageObject\",\"inLanguage\":\"es\",\"@id\":\"https:\\\/\\\/diariodelsurdigital.com.ar\\\/?p=1915#primaryimage\",\"url\":\"https:\\\/\\\/diariodelsurdigital.com.ar\\\/wp-content\\\/uploads\\\/2025\\\/04\\\/62256112_10219202829124985_5096108400421371904_n.jpg\",\"contentUrl\":\"https:\\\/\\\/diariodelsurdigital.com.ar\\\/wp-content\\\/uploads\\\/2025\\\/04\\\/62256112_10219202829124985_5096108400421371904_n.jpg\",\"width\":482,\"height\":344},{\"@type\":\"BreadcrumbList\",\"@id\":\"https:\\\/\\\/diariodelsurdigital.com.ar\\\/?p=1915#breadcrumb\",\"itemListElement\":[{\"@type\":\"ListItem\",\"position\":1,\"name\":\"Portada\",\"item\":\"https:\\\/\\\/diariodelsurdigital.com.ar\\\/\"},{\"@type\":\"ListItem\",\"position\":2,\"name\":\"BOTELLITA DE LICOR: Habr\u00edan interceptado a funcionario de Migraciones y exchofer de Kueider intentando ingresar al pa\u00eds con una carga indebida\"}]},{\"@type\":\"WebSite\",\"@id\":\"https:\\\/\\\/diariodelsurdigital.com.ar\\\/#website\",\"url\":\"https:\\\/\\\/diariodelsurdigital.com.ar\\\/\",\"name\":\"Diario del Sur\",\"description\":\"Digital\",\"potentialAction\":[{\"@type\":\"SearchAction\",\"target\":{\"@type\":\"EntryPoint\",\"urlTemplate\":\"https:\\\/\\\/diariodelsurdigital.com.ar\\\/?s={search_term_string}\"},\"query-input\":{\"@type\":\"PropertyValueSpecification\",\"valueRequired\":true,\"valueName\":\"search_term_string\"}}],\"inLanguage\":\"es\"},{\"@type\":\"Person\",\"@id\":\"https:\\\/\\\/diariodelsurdigital.com.ar\\\/#\\\/schema\\\/person\\\/6136a32571657f7dba980b88b04c5465\",\"name\":\"Diario del Sur Digital\",\"image\":{\"@type\":\"ImageObject\",\"inLanguage\":\"es\",\"@id\":\"https:\\\/\\\/secure.gravatar.com\\\/avatar\\\/4c29ceac98541dd42460b2474aaa5dd37594d6ce6cb3cf2c101d09b48ee287ba?s=96&d=mm&r=g\",\"url\":\"https:\\\/\\\/secure.gravatar.com\\\/avatar\\\/4c29ceac98541dd42460b2474aaa5dd37594d6ce6cb3cf2c101d09b48ee287ba?s=96&d=mm&r=g\",\"contentUrl\":\"https:\\\/\\\/secure.gravatar.com\\\/avatar\\\/4c29ceac98541dd42460b2474aaa5dd37594d6ce6cb3cf2c101d09b48ee287ba?s=96&d=mm&r=g\",\"caption\":\"Diario del Sur Digital\"},\"url\":\"https:\\\/\\\/diariodelsurdigital.com.ar\\\/?author=2\"}]}<\/script>\n<!-- \/ Yoast SEO plugin. -->","yoast_head_json":{"title":"BOTELLITA DE LICOR: Habr\u00edan interceptado a funcionario de Migraciones y exchofer de Kueider intentando ingresar al pa\u00eds con una carga indebida - Diario del Sur","robots":{"index":"index","follow":"follow","max-snippet":"max-snippet:-1","max-image-preview":"max-image-preview:large","max-video-preview":"max-video-preview:-1"},"canonical":"https:\/\/diariodelsurdigital.com.ar\/?p=1915","og_locale":"es_ES","og_type":"article","og_title":"BOTELLITA DE LICOR: Habr\u00edan interceptado a funcionario de Migraciones y exchofer de Kueider intentando ingresar al pa\u00eds con una carga indebida - Diario del Sur","og_description":"Si bien a\u00fan no hay informaci\u00f3n oficial, fuentes confiables precisaron\u00a0que en un control de rutina efectuado por personal de Aduana del Uruguay en el puente que corona la represa de Salto Grande, fue detectada una carga de licores que pretend\u00eda ser ingresada a territorio argentino en un veh\u00edculo conducido por Diego Saboredo. Se trata de [&hellip;]","og_url":"https:\/\/diariodelsurdigital.com.ar\/?p=1915","og_site_name":"Diario del Sur","article_published_time":"2025-04-03T17:12:24+00:00","article_modified_time":"2025-04-03T17:12:25+00:00","og_image":[{"width":482,"height":344,"url":"https:\/\/diariodelsurdigital.com.ar\/wp-content\/uploads\/2025\/04\/62256112_10219202829124985_5096108400421371904_n.jpg","type":"image\/jpeg"}],"author":"Diario del Sur Digital","twitter_card":"summary_large_image","twitter_misc":{"Escrito por":"Diario del Sur Digital","Tiempo de lectura":"1 minuto"},"schema":{"@context":"https:\/\/schema.org","@graph":[{"@type":"Article","@id":"https:\/\/diariodelsurdigital.com.ar\/?p=1915#article","isPartOf":{"@id":"https:\/\/diariodelsurdigital.com.ar\/?p=1915"},"author":{"name":"Diario del Sur Digital","@id":"https:\/\/diariodelsurdigital.com.ar\/#\/schema\/person\/6136a32571657f7dba980b88b04c5465"},"headline":"BOTELLITA DE LICOR: Habr\u00edan interceptado a funcionario de Migraciones y exchofer de Kueider intentando ingresar al pa\u00eds con una carga indebida","datePublished":"2025-04-03T17:12:24+00:00","dateModified":"2025-04-03T17:12:25+00:00","mainEntityOfPage":{"@id":"https:\/\/diariodelsurdigital.com.ar\/?p=1915"},"wordCount":188,"commentCount":0,"image":{"@id":"https:\/\/diariodelsurdigital.com.ar\/?p=1915#primaryimage"},"thumbnailUrl":"https:\/\/diariodelsurdigital.com.ar\/wp-content\/uploads\/2025\/04\/62256112_10219202829124985_5096108400421371904_n.jpg","articleSection":["Locales"],"inLanguage":"es","potentialAction":[{"@type":"CommentAction","name":"Comment","target":["https:\/\/diariodelsurdigital.com.ar\/?p=1915#respond"]}]},{"@type":"WebPage","@id":"https:\/\/diariodelsurdigital.com.ar\/?p=1915","url":"https:\/\/diariodelsurdigital.com.ar\/?p=1915","name":"BOTELLITA DE LICOR: Habr\u00edan interceptado a funcionario de Migraciones y exchofer de Kueider intentando ingresar al pa\u00eds con una carga indebida - Diario del Sur","isPartOf":{"@id":"https:\/\/diariodelsurdigital.com.ar\/#website"},"primaryImageOfPage":{"@id":"https:\/\/diariodelsurdigital.com.ar\/?p=1915#primaryimage"},"image":{"@id":"https:\/\/diariodelsurdigital.com.ar\/?p=1915#primaryimage"},"thumbnailUrl":"https:\/\/diariodelsurdigital.com.ar\/wp-content\/uploads\/2025\/04\/62256112_10219202829124985_5096108400421371904_n.jpg","datePublished":"2025-04-03T17:12:24+00:00","dateModified":"2025-04-03T17:12:25+00:00","author":{"@id":"https:\/\/diariodelsurdigital.com.ar\/#\/schema\/person\/6136a32571657f7dba980b88b04c5465"},"breadcrumb":{"@id":"https:\/\/diariodelsurdigital.com.ar\/?p=1915#breadcrumb"},"inLanguage":"es","potentialAction":[{"@type":"ReadAction","target":["https:\/\/diariodelsurdigital.com.ar\/?p=1915"]}]},{"@type":"ImageObject","inLanguage":"es","@id":"https:\/\/diariodelsurdigital.com.ar\/?p=1915#primaryimage","url":"https:\/\/diariodelsurdigital.com.ar\/wp-content\/uploads\/2025\/04\/62256112_10219202829124985_5096108400421371904_n.jpg","contentUrl":"https:\/\/diariodelsurdigital.com.ar\/wp-content\/uploads\/2025\/04\/62256112_10219202829124985_5096108400421371904_n.jpg","width":482,"height":344},{"@type":"BreadcrumbList","@id":"https:\/\/diariodelsurdigital.com.ar\/?p=1915#breadcrumb","itemListElement":[{"@type":"ListItem","position":1,"name":"Portada","item":"https:\/\/diariodelsurdigital.com.ar\/"},{"@type":"ListItem","position":2,"name":"BOTELLITA DE LICOR: Habr\u00edan interceptado a funcionario de Migraciones y exchofer de Kueider intentando ingresar al pa\u00eds con una carga indebida"}]},{"@type":"WebSite","@id":"https:\/\/diariodelsurdigital.com.ar\/#website","url":"https:\/\/diariodelsurdigital.com.ar\/","name":"Diario del Sur","description":"Digital","potentialAction":[{"@type":"SearchAction","target":{"@type":"EntryPoint","urlTemplate":"https:\/\/diariodelsurdigital.com.ar\/?s={search_term_string}"},"query-input":{"@type":"PropertyValueSpecification","valueRequired":true,"valueName":"search_term_string"}}],"inLanguage":"es"},{"@type":"Person","@id":"https:\/\/diariodelsurdigital.com.ar\/#\/schema\/person\/6136a32571657f7dba980b88b04c5465","name":"Diario del Sur Digital","image":{"@type":"ImageObject","inLanguage":"es","@id":"https:\/\/secure.gravatar.com\/avatar\/4c29ceac98541dd42460b2474aaa5dd37594d6ce6cb3cf2c101d09b48ee287ba?s=96&d=mm&r=g","url":"https:\/\/secure.gravatar.com\/avatar\/4c29ceac98541dd42460b2474aaa5dd37594d6ce6cb3cf2c101d09b48ee287ba?s=96&d=mm&r=g","contentUrl":"https:\/\/secure.gravatar.com\/avatar\/4c29ceac98541dd42460b2474aaa5dd37594d6ce6cb3cf2c101d09b48ee287ba?s=96&d=mm&r=g","caption":"Diario del Sur Digital"},"url":"https:\/\/diariodelsurdigital.com.ar\/?author=2"}]}},"_links":{"self":[{"href":"https:\/\/diariodelsurdigital.com.ar\/index.php?rest_route=\/wp\/v2\/posts\/1915","targetHints":{"allow":["GET"]}}],"collection":[{"href":"https:\/\/diariodelsurdigital.com.ar\/index.php?rest_route=\/wp\/v2\/posts"}],"about":[{"href":"https:\/\/diariodelsurdigital.com.ar\/index.php?rest_route=\/wp\/v2\/types\/post"}],"author":[{"embeddable":true,"href":"https:\/\/diariodelsurdigital.com.ar\/index.php?rest_route=\/wp\/v2\/users\/2"}],"replies":[{"embeddable":true,"href":"https:\/\/diariodelsurdigital.com.ar\/index.php?rest_route=%2Fwp%2Fv2%2Fcomments&post=1915"}],"version-history":[{"count":1,"href":"https:\/\/diariodelsurdigital.com.ar\/index.php?rest_route=\/wp\/v2\/posts\/1915\/revisions"}],"predecessor-version":[{"id":1917,"href":"https:\/\/diariodelsurdigital.com.ar\/index.php?rest_route=\/wp\/v2\/posts\/1915\/revisions\/1917"}],"wp:featuredmedia":[{"embeddable":true,"href":"https:\/\/diariodelsurdigital.com.ar\/index.php?rest_route=\/wp\/v2\/media\/1916"}],"wp:attachment":[{"href":"https:\/\/diariodelsurdigital.com.ar\/index.php?rest_route=%2Fwp%2Fv2%2Fmedia&parent=1915"}],"wp:term":[{"taxonomy":"category","embeddable":true,"href":"https:\/\/diariodelsurdigital.com.ar\/index.php?rest_route=%2Fwp%2Fv2%2Fcategories&post=1915"},{"taxonomy":"post_tag","embeddable":true,"href":"https:\/\/diariodelsurdigital.com.ar\/index.php?rest_route=%2Fwp%2Fv2%2Ftags&post=1915"}],"curies":[{"name":"wp","href":"https:\/\/api.w.org\/{rel}","templated":true}]}}