{"id":1918,"date":"2025-04-03T19:42:41","date_gmt":"2025-04-03T22:42:41","guid":{"rendered":"https:\/\/diariodelsurdigital.com.ar\/?p=1918"},"modified":"2025-04-03T19:42:42","modified_gmt":"2025-04-03T22:42:42","slug":"desde-paraguay-kueider-se-defendio-no-hay-ilicito-no-hay-plata-proveniente-de-ningun-delito","status":"publish","type":"post","link":"https:\/\/diariodelsurdigital.com.ar\/?p=1918","title":{"rendered":"Desde Paraguay Kueider se defendi\u00f3: \u201cNo hay il\u00edcito, no hay plata proveniente de ning\u00fan delito\u201d"},"content":{"rendered":"\n<h2 class=\"wp-block-heading\" id=\"nota-title\"><\/h2>\n\n\n\n<p> Desde Paraguay, el exsenador nacional Edgardo Kueider rompi\u00f3 su silencio mientras cumple prisi\u00f3n domiciliaria. En una entrevista con Vorterix Litoral, Kueider rechaz\u00f3 las acusaciones en su contra y destac\u00f3 que nunca fue interrogado formalmente sobre su detenci\u00f3n con m\u00e1s de 200 mil d\u00f3lares.<\/p>\n\n\n\n<p><a href=\"https:\/\/www.elentrerios.com\/uid-213110\"><\/a><a href=\"https:\/\/www.elentrerios.com\/uid-213170\"> <\/a>   Asegur\u00f3 que no existe evidencia de un il\u00edcito ni de dinero proveniente de actividades delictivas. Adem\u00e1s, expres\u00f3 su descontento con el tratamiento medi\u00e1tico del caso, argumentando que la difusi\u00f3n del video asociado a su situaci\u00f3n ya lo hab\u00eda condenado p\u00fablicamente, independientemente de la veracidad de las acusaciones. \u00abLa condena medi\u00e1tica ya la tengo\u00bb, afirm\u00f3, se\u00f1alando que, incluso si presenta pruebas en su defensa, todo ser\u00e1 puesto en duda.<a href=\"https:\/\/www.elentrerios.com\/uid-213316\"><\/a><\/p>\n\n\n\n<p><a href=\"https:\/\/www.elentrerios.com\/uid-213316\"> <\/a> \u201cNunca me tomaron declaraci\u00f3n\u201d, asegur\u00f3 y luego afirm\u00f3: \u201cNo hay il\u00edcito, no hay plata proveniente de ning\u00fan delito\u201d. Adem\u00e1s, critic\u00f3 a los medios de comunicaci\u00f3n que cubrieron el caso e indic\u00f3: \u201cLa imagen del video ya de por s\u00ed te condena, que es lo que termin\u00f3 pasando, independientemente si he cometido o no un il\u00edcito\u201d.<\/p>\n\n\n\n<p>\u00abLa condena medi\u00e1tica ya la tengo. Todo lo que diga y muestre, a\u00fan con pruebas, va a ser puesto en duda. Tengo para exhibir material para dar cr\u00e9dito a mi posici\u00f3n y a mi verdad\u00bb, declar\u00f3.<\/p>\n\n\n\n<p>Dijo que los d\u00f3lares que le encontraron cuando intentaba ingresar a Paraguay \u201cno provienen de il\u00edcitos y tampoco provienen de Argentina\u201d. Tambi\u00e9n se refiri\u00f3 a las causas judiciales que lo tienen en la mira, sus terminales pol\u00edticas, el manejo de los gastos reservados y m\u00e1s.<\/p>\n\n\n\n<p> <\/p>\n","protected":false},"excerpt":{"rendered":"<p>Desde Paraguay, el exsenador nacional Edgardo Kueider rompi\u00f3 su silencio mientras cumple prisi\u00f3n domiciliaria. En una entrevista con Vorterix Litoral, Kueider rechaz\u00f3 las acusaciones en su contra y destac\u00f3 que nunca fue interrogado formalmente sobre su detenci\u00f3n con m\u00e1s de 200 mil d\u00f3lares. Asegur\u00f3 que no existe evidencia de un il\u00edcito ni de dinero proveniente [&hellip;]<\/p>\n","protected":false},"author":2,"featured_media":1919,"comment_status":"open","ping_status":"open","sticky":false,"template":"","format":"standard","meta":{"footnotes":""},"categories":[18],"tags":[],"class_list":{"0":"post-1918","1":"post","2":"type-post","3":"status-publish","4":"format-standard","5":"has-post-thumbnail","7":"category-nacionales"},"yoast_head":"<!-- This site is optimized with the Yoast SEO plugin v27.4 - https:\/\/yoast.com\/product\/yoast-seo-wordpress\/ -->\n<title>Desde Paraguay Kueider se defendi\u00f3: \u201cNo hay il\u00edcito, no hay plata proveniente de ning\u00fan delito\u201d - Diario del Sur<\/title>\n<meta name=\"robots\" content=\"index, follow, max-snippet:-1, max-image-preview:large, max-video-preview:-1\" \/>\n<link rel=\"canonical\" href=\"https:\/\/diariodelsurdigital.com.ar\/?p=1918\" \/>\n<meta property=\"og:locale\" content=\"es_ES\" \/>\n<meta property=\"og:type\" content=\"article\" \/>\n<meta property=\"og:title\" content=\"Desde Paraguay Kueider se defendi\u00f3: \u201cNo hay il\u00edcito, no hay plata proveniente de ning\u00fan delito\u201d - Diario del Sur\" \/>\n<meta property=\"og:description\" content=\"Desde Paraguay, el exsenador nacional Edgardo Kueider rompi\u00f3 su silencio mientras cumple prisi\u00f3n domiciliaria. En una entrevista con Vorterix Litoral, Kueider rechaz\u00f3 las acusaciones en su contra y destac\u00f3 que nunca fue interrogado formalmente sobre su detenci\u00f3n con m\u00e1s de 200 mil d\u00f3lares. Asegur\u00f3 que no existe evidencia de un il\u00edcito ni de dinero proveniente [&hellip;]\" \/>\n<meta property=\"og:url\" content=\"https:\/\/diariodelsurdigital.com.ar\/?p=1918\" \/>\n<meta property=\"og:site_name\" content=\"Diario del Sur\" \/>\n<meta property=\"article:published_time\" content=\"2025-04-03T22:42:41+00:00\" \/>\n<meta property=\"article:modified_time\" content=\"2025-04-03T22:42:42+00:00\" \/>\n<meta property=\"og:image\" content=\"https:\/\/diariodelsurdigital.com.ar\/wp-content\/uploads\/2025\/04\/l_1743716570.jpg\" \/>\n\t<meta property=\"og:image:width\" content=\"515\" \/>\n\t<meta property=\"og:image:height\" content=\"344\" \/>\n\t<meta property=\"og:image:type\" content=\"image\/jpeg\" \/>\n<meta name=\"author\" content=\"Diario del Sur Digital\" \/>\n<meta name=\"twitter:card\" content=\"summary_large_image\" \/>\n<meta name=\"twitter:label1\" content=\"Escrito por\" \/>\n\t<meta name=\"twitter:data1\" content=\"Diario del Sur Digital\" \/>\n\t<meta name=\"twitter:label2\" content=\"Tiempo de lectura\" \/>\n\t<meta name=\"twitter:data2\" content=\"2 minutos\" \/>\n<script type=\"application\/ld+json\" class=\"yoast-schema-graph\">{\"@context\":\"https:\\\/\\\/schema.org\",\"@graph\":[{\"@type\":\"Article\",\"@id\":\"https:\\\/\\\/diariodelsurdigital.com.ar\\\/?p=1918#article\",\"isPartOf\":{\"@id\":\"https:\\\/\\\/diariodelsurdigital.com.ar\\\/?p=1918\"},\"author\":{\"name\":\"Diario del Sur Digital\",\"@id\":\"https:\\\/\\\/diariodelsurdigital.com.ar\\\/#\\\/schema\\\/person\\\/6136a32571657f7dba980b88b04c5465\"},\"headline\":\"Desde Paraguay Kueider se defendi\u00f3: \u201cNo hay il\u00edcito, no hay plata proveniente de ning\u00fan delito\u201d\",\"datePublished\":\"2025-04-03T22:42:41+00:00\",\"dateModified\":\"2025-04-03T22:42:42+00:00\",\"mainEntityOfPage\":{\"@id\":\"https:\\\/\\\/diariodelsurdigital.com.ar\\\/?p=1918\"},\"wordCount\":291,\"commentCount\":0,\"image\":{\"@id\":\"https:\\\/\\\/diariodelsurdigital.com.ar\\\/?p=1918#primaryimage\"},\"thumbnailUrl\":\"https:\\\/\\\/diariodelsurdigital.com.ar\\\/wp-content\\\/uploads\\\/2025\\\/04\\\/l_1743716570.jpg\",\"articleSection\":[\"Nacionales\"],\"inLanguage\":\"es\",\"potentialAction\":[{\"@type\":\"CommentAction\",\"name\":\"Comment\",\"target\":[\"https:\\\/\\\/diariodelsurdigital.com.ar\\\/?p=1918#respond\"]}]},{\"@type\":\"WebPage\",\"@id\":\"https:\\\/\\\/diariodelsurdigital.com.ar\\\/?p=1918\",\"url\":\"https:\\\/\\\/diariodelsurdigital.com.ar\\\/?p=1918\",\"name\":\"Desde Paraguay Kueider se defendi\u00f3: \u201cNo hay il\u00edcito, no hay plata proveniente de ning\u00fan delito\u201d - Diario del Sur\",\"isPartOf\":{\"@id\":\"https:\\\/\\\/diariodelsurdigital.com.ar\\\/#website\"},\"primaryImageOfPage\":{\"@id\":\"https:\\\/\\\/diariodelsurdigital.com.ar\\\/?p=1918#primaryimage\"},\"image\":{\"@id\":\"https:\\\/\\\/diariodelsurdigital.com.ar\\\/?p=1918#primaryimage\"},\"thumbnailUrl\":\"https:\\\/\\\/diariodelsurdigital.com.ar\\\/wp-content\\\/uploads\\\/2025\\\/04\\\/l_1743716570.jpg\",\"datePublished\":\"2025-04-03T22:42:41+00:00\",\"dateModified\":\"2025-04-03T22:42:42+00:00\",\"author\":{\"@id\":\"https:\\\/\\\/diariodelsurdigital.com.ar\\\/#\\\/schema\\\/person\\\/6136a32571657f7dba980b88b04c5465\"},\"breadcrumb\":{\"@id\":\"https:\\\/\\\/diariodelsurdigital.com.ar\\\/?p=1918#breadcrumb\"},\"inLanguage\":\"es\",\"potentialAction\":[{\"@type\":\"ReadAction\",\"target\":[\"https:\\\/\\\/diariodelsurdigital.com.ar\\\/?p=1918\"]}]},{\"@type\":\"ImageObject\",\"inLanguage\":\"es\",\"@id\":\"https:\\\/\\\/diariodelsurdigital.com.ar\\\/?p=1918#primaryimage\",\"url\":\"https:\\\/\\\/diariodelsurdigital.com.ar\\\/wp-content\\\/uploads\\\/2025\\\/04\\\/l_1743716570.jpg\",\"contentUrl\":\"https:\\\/\\\/diariodelsurdigital.com.ar\\\/wp-content\\\/uploads\\\/2025\\\/04\\\/l_1743716570.jpg\",\"width\":515,\"height\":344},{\"@type\":\"BreadcrumbList\",\"@id\":\"https:\\\/\\\/diariodelsurdigital.com.ar\\\/?p=1918#breadcrumb\",\"itemListElement\":[{\"@type\":\"ListItem\",\"position\":1,\"name\":\"Portada\",\"item\":\"https:\\\/\\\/diariodelsurdigital.com.ar\\\/\"},{\"@type\":\"ListItem\",\"position\":2,\"name\":\"Desde Paraguay Kueider se defendi\u00f3: \u201cNo hay il\u00edcito, no hay plata proveniente de ning\u00fan delito\u201d\"}]},{\"@type\":\"WebSite\",\"@id\":\"https:\\\/\\\/diariodelsurdigital.com.ar\\\/#website\",\"url\":\"https:\\\/\\\/diariodelsurdigital.com.ar\\\/\",\"name\":\"Diario del Sur\",\"description\":\"Digital\",\"potentialAction\":[{\"@type\":\"SearchAction\",\"target\":{\"@type\":\"EntryPoint\",\"urlTemplate\":\"https:\\\/\\\/diariodelsurdigital.com.ar\\\/?s={search_term_string}\"},\"query-input\":{\"@type\":\"PropertyValueSpecification\",\"valueRequired\":true,\"valueName\":\"search_term_string\"}}],\"inLanguage\":\"es\"},{\"@type\":\"Person\",\"@id\":\"https:\\\/\\\/diariodelsurdigital.com.ar\\\/#\\\/schema\\\/person\\\/6136a32571657f7dba980b88b04c5465\",\"name\":\"Diario del Sur Digital\",\"image\":{\"@type\":\"ImageObject\",\"inLanguage\":\"es\",\"@id\":\"https:\\\/\\\/secure.gravatar.com\\\/avatar\\\/4c29ceac98541dd42460b2474aaa5dd37594d6ce6cb3cf2c101d09b48ee287ba?s=96&d=mm&r=g\",\"url\":\"https:\\\/\\\/secure.gravatar.com\\\/avatar\\\/4c29ceac98541dd42460b2474aaa5dd37594d6ce6cb3cf2c101d09b48ee287ba?s=96&d=mm&r=g\",\"contentUrl\":\"https:\\\/\\\/secure.gravatar.com\\\/avatar\\\/4c29ceac98541dd42460b2474aaa5dd37594d6ce6cb3cf2c101d09b48ee287ba?s=96&d=mm&r=g\",\"caption\":\"Diario del Sur Digital\"},\"url\":\"https:\\\/\\\/diariodelsurdigital.com.ar\\\/?author=2\"}]}<\/script>\n<!-- \/ Yoast SEO plugin. -->","yoast_head_json":{"title":"Desde Paraguay Kueider se defendi\u00f3: \u201cNo hay il\u00edcito, no hay plata proveniente de ning\u00fan delito\u201d - Diario del Sur","robots":{"index":"index","follow":"follow","max-snippet":"max-snippet:-1","max-image-preview":"max-image-preview:large","max-video-preview":"max-video-preview:-1"},"canonical":"https:\/\/diariodelsurdigital.com.ar\/?p=1918","og_locale":"es_ES","og_type":"article","og_title":"Desde Paraguay Kueider se defendi\u00f3: \u201cNo hay il\u00edcito, no hay plata proveniente de ning\u00fan delito\u201d - Diario del Sur","og_description":"Desde Paraguay, el exsenador nacional Edgardo Kueider rompi\u00f3 su silencio mientras cumple prisi\u00f3n domiciliaria. En una entrevista con Vorterix Litoral, Kueider rechaz\u00f3 las acusaciones en su contra y destac\u00f3 que nunca fue interrogado formalmente sobre su detenci\u00f3n con m\u00e1s de 200 mil d\u00f3lares. Asegur\u00f3 que no existe evidencia de un il\u00edcito ni de dinero proveniente [&hellip;]","og_url":"https:\/\/diariodelsurdigital.com.ar\/?p=1918","og_site_name":"Diario del Sur","article_published_time":"2025-04-03T22:42:41+00:00","article_modified_time":"2025-04-03T22:42:42+00:00","og_image":[{"width":515,"height":344,"url":"https:\/\/diariodelsurdigital.com.ar\/wp-content\/uploads\/2025\/04\/l_1743716570.jpg","type":"image\/jpeg"}],"author":"Diario del Sur Digital","twitter_card":"summary_large_image","twitter_misc":{"Escrito por":"Diario del Sur Digital","Tiempo de lectura":"2 minutos"},"schema":{"@context":"https:\/\/schema.org","@graph":[{"@type":"Article","@id":"https:\/\/diariodelsurdigital.com.ar\/?p=1918#article","isPartOf":{"@id":"https:\/\/diariodelsurdigital.com.ar\/?p=1918"},"author":{"name":"Diario del Sur Digital","@id":"https:\/\/diariodelsurdigital.com.ar\/#\/schema\/person\/6136a32571657f7dba980b88b04c5465"},"headline":"Desde Paraguay Kueider se defendi\u00f3: \u201cNo hay il\u00edcito, no hay plata proveniente de ning\u00fan delito\u201d","datePublished":"2025-04-03T22:42:41+00:00","dateModified":"2025-04-03T22:42:42+00:00","mainEntityOfPage":{"@id":"https:\/\/diariodelsurdigital.com.ar\/?p=1918"},"wordCount":291,"commentCount":0,"image":{"@id":"https:\/\/diariodelsurdigital.com.ar\/?p=1918#primaryimage"},"thumbnailUrl":"https:\/\/diariodelsurdigital.com.ar\/wp-content\/uploads\/2025\/04\/l_1743716570.jpg","articleSection":["Nacionales"],"inLanguage":"es","potentialAction":[{"@type":"CommentAction","name":"Comment","target":["https:\/\/diariodelsurdigital.com.ar\/?p=1918#respond"]}]},{"@type":"WebPage","@id":"https:\/\/diariodelsurdigital.com.ar\/?p=1918","url":"https:\/\/diariodelsurdigital.com.ar\/?p=1918","name":"Desde Paraguay Kueider se defendi\u00f3: \u201cNo hay il\u00edcito, no hay plata proveniente de ning\u00fan delito\u201d - Diario del Sur","isPartOf":{"@id":"https:\/\/diariodelsurdigital.com.ar\/#website"},"primaryImageOfPage":{"@id":"https:\/\/diariodelsurdigital.com.ar\/?p=1918#primaryimage"},"image":{"@id":"https:\/\/diariodelsurdigital.com.ar\/?p=1918#primaryimage"},"thumbnailUrl":"https:\/\/diariodelsurdigital.com.ar\/wp-content\/uploads\/2025\/04\/l_1743716570.jpg","datePublished":"2025-04-03T22:42:41+00:00","dateModified":"2025-04-03T22:42:42+00:00","author":{"@id":"https:\/\/diariodelsurdigital.com.ar\/#\/schema\/person\/6136a32571657f7dba980b88b04c5465"},"breadcrumb":{"@id":"https:\/\/diariodelsurdigital.com.ar\/?p=1918#breadcrumb"},"inLanguage":"es","potentialAction":[{"@type":"ReadAction","target":["https:\/\/diariodelsurdigital.com.ar\/?p=1918"]}]},{"@type":"ImageObject","inLanguage":"es","@id":"https:\/\/diariodelsurdigital.com.ar\/?p=1918#primaryimage","url":"https:\/\/diariodelsurdigital.com.ar\/wp-content\/uploads\/2025\/04\/l_1743716570.jpg","contentUrl":"https:\/\/diariodelsurdigital.com.ar\/wp-content\/uploads\/2025\/04\/l_1743716570.jpg","width":515,"height":344},{"@type":"BreadcrumbList","@id":"https:\/\/diariodelsurdigital.com.ar\/?p=1918#breadcrumb","itemListElement":[{"@type":"ListItem","position":1,"name":"Portada","item":"https:\/\/diariodelsurdigital.com.ar\/"},{"@type":"ListItem","position":2,"name":"Desde Paraguay Kueider se defendi\u00f3: \u201cNo hay il\u00edcito, no hay plata proveniente de ning\u00fan delito\u201d"}]},{"@type":"WebSite","@id":"https:\/\/diariodelsurdigital.com.ar\/#website","url":"https:\/\/diariodelsurdigital.com.ar\/","name":"Diario del Sur","description":"Digital","potentialAction":[{"@type":"SearchAction","target":{"@type":"EntryPoint","urlTemplate":"https:\/\/diariodelsurdigital.com.ar\/?s={search_term_string}"},"query-input":{"@type":"PropertyValueSpecification","valueRequired":true,"valueName":"search_term_string"}}],"inLanguage":"es"},{"@type":"Person","@id":"https:\/\/diariodelsurdigital.com.ar\/#\/schema\/person\/6136a32571657f7dba980b88b04c5465","name":"Diario del Sur Digital","image":{"@type":"ImageObject","inLanguage":"es","@id":"https:\/\/secure.gravatar.com\/avatar\/4c29ceac98541dd42460b2474aaa5dd37594d6ce6cb3cf2c101d09b48ee287ba?s=96&d=mm&r=g","url":"https:\/\/secure.gravatar.com\/avatar\/4c29ceac98541dd42460b2474aaa5dd37594d6ce6cb3cf2c101d09b48ee287ba?s=96&d=mm&r=g","contentUrl":"https:\/\/secure.gravatar.com\/avatar\/4c29ceac98541dd42460b2474aaa5dd37594d6ce6cb3cf2c101d09b48ee287ba?s=96&d=mm&r=g","caption":"Diario del Sur Digital"},"url":"https:\/\/diariodelsurdigital.com.ar\/?author=2"}]}},"_links":{"self":[{"href":"https:\/\/diariodelsurdigital.com.ar\/index.php?rest_route=\/wp\/v2\/posts\/1918","targetHints":{"allow":["GET"]}}],"collection":[{"href":"https:\/\/diariodelsurdigital.com.ar\/index.php?rest_route=\/wp\/v2\/posts"}],"about":[{"href":"https:\/\/diariodelsurdigital.com.ar\/index.php?rest_route=\/wp\/v2\/types\/post"}],"author":[{"embeddable":true,"href":"https:\/\/diariodelsurdigital.com.ar\/index.php?rest_route=\/wp\/v2\/users\/2"}],"replies":[{"embeddable":true,"href":"https:\/\/diariodelsurdigital.com.ar\/index.php?rest_route=%2Fwp%2Fv2%2Fcomments&post=1918"}],"version-history":[{"count":1,"href":"https:\/\/diariodelsurdigital.com.ar\/index.php?rest_route=\/wp\/v2\/posts\/1918\/revisions"}],"predecessor-version":[{"id":1920,"href":"https:\/\/diariodelsurdigital.com.ar\/index.php?rest_route=\/wp\/v2\/posts\/1918\/revisions\/1920"}],"wp:featuredmedia":[{"embeddable":true,"href":"https:\/\/diariodelsurdigital.com.ar\/index.php?rest_route=\/wp\/v2\/media\/1919"}],"wp:attachment":[{"href":"https:\/\/diariodelsurdigital.com.ar\/index.php?rest_route=%2Fwp%2Fv2%2Fmedia&parent=1918"}],"wp:term":[{"taxonomy":"category","embeddable":true,"href":"https:\/\/diariodelsurdigital.com.ar\/index.php?rest_route=%2Fwp%2Fv2%2Fcategories&post=1918"},{"taxonomy":"post_tag","embeddable":true,"href":"https:\/\/diariodelsurdigital.com.ar\/index.php?rest_route=%2Fwp%2Fv2%2Ftags&post=1918"}],"curies":[{"name":"wp","href":"https:\/\/api.w.org\/{rel}","templated":true}]}}