{"id":1925,"date":"2025-04-03T20:39:50","date_gmt":"2025-04-03T23:39:50","guid":{"rendered":"https:\/\/diariodelsurdigital.com.ar\/?p=1925"},"modified":"2025-04-03T20:39:51","modified_gmt":"2025-04-03T23:39:51","slug":"concordia-se-prepara-para-abrir-el-torneo-provincial-de-patin-carrera","status":"publish","type":"post","link":"https:\/\/diariodelsurdigital.com.ar\/?p=1925","title":{"rendered":"Concordia se prepara para abrir el Torneo Provincial de Pat\u00edn Carrera"},"content":{"rendered":"\n<p>El pr\u00f3ximo domingo 06\/04 el patin\u00f3dromo de la Ciudad de Concordia ser\u00e1 sede del campeonato provincial de pat\u00edn carrera. El mismo ser\u00e1 organizado por la Asociaci\u00f3n Civil Pat\u00ednVelocidad Concordia con el aval de la Federaci\u00f3n Entrerriana de Pat\u00edn y con la colaboraci\u00f3n dela Municipalidad de Concordia.<\/p>\n\n\n\n<figure class=\"wp-block-image\"><img decoding=\"async\" src=\"https:\/\/cdnartic.ar\/OCfNne6-6Z-gJWNlnrgQAUYVTco=\/1500x0\/https:\/\/elheraldocdn.eleco.com.ar\/media\/2025\/04\/patinodromo.jpg\" alt=\"Concordia se prepara para abrir el Torneo Provincial de Pat\u00edn Carrera\"\/><\/figure>\n\n\n\n<p>En cronograma del evento se dispone de la siguiente manera:<\/p>\n\n\n\n<p>*Reuni\u00f3n de delegados, apertura de pista y entrega de n\u00fameros a partir de las 8.15 hs.<\/p>\n\n\n\n<p>*Desarrollo de las competencias: a partir de las 9:00 hs.<\/p>\n\n\n\n<p>*Premiaci\u00f3n: medallas en todas las categor\u00edas Escuela. Categor\u00edas Transici\u00f3n, Federados y adultos: medallas oro, plata, bronce. Aproximadamente 16 hs.<\/p>\n\n\n\n<p>Se espera la participaci\u00f3n de aproximadamente 100 patinadores oriundos de diversas ciudades de Entre R\u00edos.<\/p>\n\n\n\n<p>Fuente: El Heraldo<\/p>\n","protected":false},"excerpt":{"rendered":"<p>El pr\u00f3ximo domingo 06\/04 el patin\u00f3dromo de la Ciudad de Concordia ser\u00e1 sede del campeonato provincial de pat\u00edn carrera. El mismo ser\u00e1 organizado por la Asociaci\u00f3n Civil Pat\u00ednVelocidad Concordia con el aval de la Federaci\u00f3n Entrerriana de Pat\u00edn y con la colaboraci\u00f3n dela Municipalidad de Concordia. En cronograma del evento se dispone de la siguiente [&hellip;]<\/p>\n","protected":false},"author":3,"featured_media":1926,"comment_status":"open","ping_status":"open","sticky":false,"template":"","format":"standard","meta":{"footnotes":""},"categories":[16],"tags":[],"class_list":{"0":"post-1925","1":"post","2":"type-post","3":"status-publish","4":"format-standard","5":"has-post-thumbnail","7":"category-locales"},"yoast_head":"<!-- This site is optimized with the Yoast SEO plugin v27.4 - https:\/\/yoast.com\/product\/yoast-seo-wordpress\/ -->\n<title>Concordia se prepara para abrir el Torneo Provincial de Pat\u00edn Carrera - Diario del Sur<\/title>\n<meta name=\"robots\" content=\"index, follow, max-snippet:-1, max-image-preview:large, max-video-preview:-1\" \/>\n<link rel=\"canonical\" href=\"https:\/\/diariodelsurdigital.com.ar\/?p=1925\" \/>\n<meta property=\"og:locale\" content=\"es_ES\" \/>\n<meta property=\"og:type\" content=\"article\" \/>\n<meta property=\"og:title\" content=\"Concordia se prepara para abrir el Torneo Provincial de Pat\u00edn Carrera - Diario del Sur\" \/>\n<meta property=\"og:description\" content=\"El pr\u00f3ximo domingo 06\/04 el patin\u00f3dromo de la Ciudad de Concordia ser\u00e1 sede del campeonato provincial de pat\u00edn carrera. El mismo ser\u00e1 organizado por la Asociaci\u00f3n Civil Pat\u00ednVelocidad Concordia con el aval de la Federaci\u00f3n Entrerriana de Pat\u00edn y con la colaboraci\u00f3n dela Municipalidad de Concordia. En cronograma del evento se dispone de la siguiente [&hellip;]\" \/>\n<meta property=\"og:url\" content=\"https:\/\/diariodelsurdigital.com.ar\/?p=1925\" \/>\n<meta property=\"og:site_name\" content=\"Diario del Sur\" \/>\n<meta property=\"article:published_time\" content=\"2025-04-03T23:39:50+00:00\" \/>\n<meta property=\"article:modified_time\" content=\"2025-04-03T23:39:51+00:00\" \/>\n<meta property=\"og:image\" content=\"https:\/\/diariodelsurdigital.com.ar\/wp-content\/uploads\/2025\/04\/patinodromo.jpg\" \/>\n\t<meta property=\"og:image:width\" content=\"1024\" \/>\n\t<meta property=\"og:image:height\" content=\"480\" \/>\n\t<meta property=\"og:image:type\" content=\"image\/jpeg\" \/>\n<meta name=\"author\" content=\"Diario del Sur Digital\" \/>\n<meta name=\"twitter:card\" content=\"summary_large_image\" \/>\n<meta name=\"twitter:label1\" content=\"Escrito por\" \/>\n\t<meta name=\"twitter:data1\" content=\"Diario del Sur Digital\" \/>\n\t<meta name=\"twitter:label2\" content=\"Tiempo de lectura\" \/>\n\t<meta name=\"twitter:data2\" content=\"1 minuto\" \/>\n<script type=\"application\/ld+json\" class=\"yoast-schema-graph\">{\"@context\":\"https:\\\/\\\/schema.org\",\"@graph\":[{\"@type\":\"Article\",\"@id\":\"https:\\\/\\\/diariodelsurdigital.com.ar\\\/?p=1925#article\",\"isPartOf\":{\"@id\":\"https:\\\/\\\/diariodelsurdigital.com.ar\\\/?p=1925\"},\"author\":{\"name\":\"Diario del Sur Digital\",\"@id\":\"https:\\\/\\\/diariodelsurdigital.com.ar\\\/#\\\/schema\\\/person\\\/d794acb23337e88c6e4004a39c32be62\"},\"headline\":\"Concordia se prepara para abrir el Torneo Provincial de Pat\u00edn Carrera\",\"datePublished\":\"2025-04-03T23:39:50+00:00\",\"dateModified\":\"2025-04-03T23:39:51+00:00\",\"mainEntityOfPage\":{\"@id\":\"https:\\\/\\\/diariodelsurdigital.com.ar\\\/?p=1925\"},\"wordCount\":142,\"commentCount\":0,\"image\":{\"@id\":\"https:\\\/\\\/diariodelsurdigital.com.ar\\\/?p=1925#primaryimage\"},\"thumbnailUrl\":\"https:\\\/\\\/diariodelsurdigital.com.ar\\\/wp-content\\\/uploads\\\/2025\\\/04\\\/patinodromo.jpg\",\"articleSection\":[\"Locales\"],\"inLanguage\":\"es\",\"potentialAction\":[{\"@type\":\"CommentAction\",\"name\":\"Comment\",\"target\":[\"https:\\\/\\\/diariodelsurdigital.com.ar\\\/?p=1925#respond\"]}]},{\"@type\":\"WebPage\",\"@id\":\"https:\\\/\\\/diariodelsurdigital.com.ar\\\/?p=1925\",\"url\":\"https:\\\/\\\/diariodelsurdigital.com.ar\\\/?p=1925\",\"name\":\"Concordia se prepara para abrir el Torneo Provincial de Pat\u00edn Carrera - Diario del Sur\",\"isPartOf\":{\"@id\":\"https:\\\/\\\/diariodelsurdigital.com.ar\\\/#website\"},\"primaryImageOfPage\":{\"@id\":\"https:\\\/\\\/diariodelsurdigital.com.ar\\\/?p=1925#primaryimage\"},\"image\":{\"@id\":\"https:\\\/\\\/diariodelsurdigital.com.ar\\\/?p=1925#primaryimage\"},\"thumbnailUrl\":\"https:\\\/\\\/diariodelsurdigital.com.ar\\\/wp-content\\\/uploads\\\/2025\\\/04\\\/patinodromo.jpg\",\"datePublished\":\"2025-04-03T23:39:50+00:00\",\"dateModified\":\"2025-04-03T23:39:51+00:00\",\"author\":{\"@id\":\"https:\\\/\\\/diariodelsurdigital.com.ar\\\/#\\\/schema\\\/person\\\/d794acb23337e88c6e4004a39c32be62\"},\"breadcrumb\":{\"@id\":\"https:\\\/\\\/diariodelsurdigital.com.ar\\\/?p=1925#breadcrumb\"},\"inLanguage\":\"es\",\"potentialAction\":[{\"@type\":\"ReadAction\",\"target\":[\"https:\\\/\\\/diariodelsurdigital.com.ar\\\/?p=1925\"]}]},{\"@type\":\"ImageObject\",\"inLanguage\":\"es\",\"@id\":\"https:\\\/\\\/diariodelsurdigital.com.ar\\\/?p=1925#primaryimage\",\"url\":\"https:\\\/\\\/diariodelsurdigital.com.ar\\\/wp-content\\\/uploads\\\/2025\\\/04\\\/patinodromo.jpg\",\"contentUrl\":\"https:\\\/\\\/diariodelsurdigital.com.ar\\\/wp-content\\\/uploads\\\/2025\\\/04\\\/patinodromo.jpg\",\"width\":1024,\"height\":480},{\"@type\":\"BreadcrumbList\",\"@id\":\"https:\\\/\\\/diariodelsurdigital.com.ar\\\/?p=1925#breadcrumb\",\"itemListElement\":[{\"@type\":\"ListItem\",\"position\":1,\"name\":\"Portada\",\"item\":\"https:\\\/\\\/diariodelsurdigital.com.ar\\\/\"},{\"@type\":\"ListItem\",\"position\":2,\"name\":\"Concordia se prepara para abrir el Torneo Provincial de Pat\u00edn Carrera\"}]},{\"@type\":\"WebSite\",\"@id\":\"https:\\\/\\\/diariodelsurdigital.com.ar\\\/#website\",\"url\":\"https:\\\/\\\/diariodelsurdigital.com.ar\\\/\",\"name\":\"Diario del Sur\",\"description\":\"Digital\",\"potentialAction\":[{\"@type\":\"SearchAction\",\"target\":{\"@type\":\"EntryPoint\",\"urlTemplate\":\"https:\\\/\\\/diariodelsurdigital.com.ar\\\/?s={search_term_string}\"},\"query-input\":{\"@type\":\"PropertyValueSpecification\",\"valueRequired\":true,\"valueName\":\"search_term_string\"}}],\"inLanguage\":\"es\"},{\"@type\":\"Person\",\"@id\":\"https:\\\/\\\/diariodelsurdigital.com.ar\\\/#\\\/schema\\\/person\\\/d794acb23337e88c6e4004a39c32be62\",\"name\":\"Diario del Sur Digital\",\"image\":{\"@type\":\"ImageObject\",\"inLanguage\":\"es\",\"@id\":\"https:\\\/\\\/secure.gravatar.com\\\/avatar\\\/47679bcfa15734cfdefc176b6ad58adeeccac22b2e03e095ada6c622af2b463a?s=96&d=mm&r=g\",\"url\":\"https:\\\/\\\/secure.gravatar.com\\\/avatar\\\/47679bcfa15734cfdefc176b6ad58adeeccac22b2e03e095ada6c622af2b463a?s=96&d=mm&r=g\",\"contentUrl\":\"https:\\\/\\\/secure.gravatar.com\\\/avatar\\\/47679bcfa15734cfdefc176b6ad58adeeccac22b2e03e095ada6c622af2b463a?s=96&d=mm&r=g\",\"caption\":\"Diario del Sur Digital\"},\"url\":\"https:\\\/\\\/diariodelsurdigital.com.ar\\\/?author=3\"}]}<\/script>\n<!-- \/ Yoast SEO plugin. -->","yoast_head_json":{"title":"Concordia se prepara para abrir el Torneo Provincial de Pat\u00edn Carrera - Diario del Sur","robots":{"index":"index","follow":"follow","max-snippet":"max-snippet:-1","max-image-preview":"max-image-preview:large","max-video-preview":"max-video-preview:-1"},"canonical":"https:\/\/diariodelsurdigital.com.ar\/?p=1925","og_locale":"es_ES","og_type":"article","og_title":"Concordia se prepara para abrir el Torneo Provincial de Pat\u00edn Carrera - Diario del Sur","og_description":"El pr\u00f3ximo domingo 06\/04 el patin\u00f3dromo de la Ciudad de Concordia ser\u00e1 sede del campeonato provincial de pat\u00edn carrera. El mismo ser\u00e1 organizado por la Asociaci\u00f3n Civil Pat\u00ednVelocidad Concordia con el aval de la Federaci\u00f3n Entrerriana de Pat\u00edn y con la colaboraci\u00f3n dela Municipalidad de Concordia. En cronograma del evento se dispone de la siguiente [&hellip;]","og_url":"https:\/\/diariodelsurdigital.com.ar\/?p=1925","og_site_name":"Diario del Sur","article_published_time":"2025-04-03T23:39:50+00:00","article_modified_time":"2025-04-03T23:39:51+00:00","og_image":[{"width":1024,"height":480,"url":"https:\/\/diariodelsurdigital.com.ar\/wp-content\/uploads\/2025\/04\/patinodromo.jpg","type":"image\/jpeg"}],"author":"Diario del Sur Digital","twitter_card":"summary_large_image","twitter_misc":{"Escrito por":"Diario del Sur Digital","Tiempo de lectura":"1 minuto"},"schema":{"@context":"https:\/\/schema.org","@graph":[{"@type":"Article","@id":"https:\/\/diariodelsurdigital.com.ar\/?p=1925#article","isPartOf":{"@id":"https:\/\/diariodelsurdigital.com.ar\/?p=1925"},"author":{"name":"Diario del Sur Digital","@id":"https:\/\/diariodelsurdigital.com.ar\/#\/schema\/person\/d794acb23337e88c6e4004a39c32be62"},"headline":"Concordia se prepara para abrir el Torneo Provincial de Pat\u00edn Carrera","datePublished":"2025-04-03T23:39:50+00:00","dateModified":"2025-04-03T23:39:51+00:00","mainEntityOfPage":{"@id":"https:\/\/diariodelsurdigital.com.ar\/?p=1925"},"wordCount":142,"commentCount":0,"image":{"@id":"https:\/\/diariodelsurdigital.com.ar\/?p=1925#primaryimage"},"thumbnailUrl":"https:\/\/diariodelsurdigital.com.ar\/wp-content\/uploads\/2025\/04\/patinodromo.jpg","articleSection":["Locales"],"inLanguage":"es","potentialAction":[{"@type":"CommentAction","name":"Comment","target":["https:\/\/diariodelsurdigital.com.ar\/?p=1925#respond"]}]},{"@type":"WebPage","@id":"https:\/\/diariodelsurdigital.com.ar\/?p=1925","url":"https:\/\/diariodelsurdigital.com.ar\/?p=1925","name":"Concordia se prepara para abrir el Torneo Provincial de Pat\u00edn Carrera - Diario del Sur","isPartOf":{"@id":"https:\/\/diariodelsurdigital.com.ar\/#website"},"primaryImageOfPage":{"@id":"https:\/\/diariodelsurdigital.com.ar\/?p=1925#primaryimage"},"image":{"@id":"https:\/\/diariodelsurdigital.com.ar\/?p=1925#primaryimage"},"thumbnailUrl":"https:\/\/diariodelsurdigital.com.ar\/wp-content\/uploads\/2025\/04\/patinodromo.jpg","datePublished":"2025-04-03T23:39:50+00:00","dateModified":"2025-04-03T23:39:51+00:00","author":{"@id":"https:\/\/diariodelsurdigital.com.ar\/#\/schema\/person\/d794acb23337e88c6e4004a39c32be62"},"breadcrumb":{"@id":"https:\/\/diariodelsurdigital.com.ar\/?p=1925#breadcrumb"},"inLanguage":"es","potentialAction":[{"@type":"ReadAction","target":["https:\/\/diariodelsurdigital.com.ar\/?p=1925"]}]},{"@type":"ImageObject","inLanguage":"es","@id":"https:\/\/diariodelsurdigital.com.ar\/?p=1925#primaryimage","url":"https:\/\/diariodelsurdigital.com.ar\/wp-content\/uploads\/2025\/04\/patinodromo.jpg","contentUrl":"https:\/\/diariodelsurdigital.com.ar\/wp-content\/uploads\/2025\/04\/patinodromo.jpg","width":1024,"height":480},{"@type":"BreadcrumbList","@id":"https:\/\/diariodelsurdigital.com.ar\/?p=1925#breadcrumb","itemListElement":[{"@type":"ListItem","position":1,"name":"Portada","item":"https:\/\/diariodelsurdigital.com.ar\/"},{"@type":"ListItem","position":2,"name":"Concordia se prepara para abrir el Torneo Provincial de Pat\u00edn Carrera"}]},{"@type":"WebSite","@id":"https:\/\/diariodelsurdigital.com.ar\/#website","url":"https:\/\/diariodelsurdigital.com.ar\/","name":"Diario del Sur","description":"Digital","potentialAction":[{"@type":"SearchAction","target":{"@type":"EntryPoint","urlTemplate":"https:\/\/diariodelsurdigital.com.ar\/?s={search_term_string}"},"query-input":{"@type":"PropertyValueSpecification","valueRequired":true,"valueName":"search_term_string"}}],"inLanguage":"es"},{"@type":"Person","@id":"https:\/\/diariodelsurdigital.com.ar\/#\/schema\/person\/d794acb23337e88c6e4004a39c32be62","name":"Diario del Sur Digital","image":{"@type":"ImageObject","inLanguage":"es","@id":"https:\/\/secure.gravatar.com\/avatar\/47679bcfa15734cfdefc176b6ad58adeeccac22b2e03e095ada6c622af2b463a?s=96&d=mm&r=g","url":"https:\/\/secure.gravatar.com\/avatar\/47679bcfa15734cfdefc176b6ad58adeeccac22b2e03e095ada6c622af2b463a?s=96&d=mm&r=g","contentUrl":"https:\/\/secure.gravatar.com\/avatar\/47679bcfa15734cfdefc176b6ad58adeeccac22b2e03e095ada6c622af2b463a?s=96&d=mm&r=g","caption":"Diario del Sur Digital"},"url":"https:\/\/diariodelsurdigital.com.ar\/?author=3"}]}},"_links":{"self":[{"href":"https:\/\/diariodelsurdigital.com.ar\/index.php?rest_route=\/wp\/v2\/posts\/1925","targetHints":{"allow":["GET"]}}],"collection":[{"href":"https:\/\/diariodelsurdigital.com.ar\/index.php?rest_route=\/wp\/v2\/posts"}],"about":[{"href":"https:\/\/diariodelsurdigital.com.ar\/index.php?rest_route=\/wp\/v2\/types\/post"}],"author":[{"embeddable":true,"href":"https:\/\/diariodelsurdigital.com.ar\/index.php?rest_route=\/wp\/v2\/users\/3"}],"replies":[{"embeddable":true,"href":"https:\/\/diariodelsurdigital.com.ar\/index.php?rest_route=%2Fwp%2Fv2%2Fcomments&post=1925"}],"version-history":[{"count":1,"href":"https:\/\/diariodelsurdigital.com.ar\/index.php?rest_route=\/wp\/v2\/posts\/1925\/revisions"}],"predecessor-version":[{"id":1927,"href":"https:\/\/diariodelsurdigital.com.ar\/index.php?rest_route=\/wp\/v2\/posts\/1925\/revisions\/1927"}],"wp:featuredmedia":[{"embeddable":true,"href":"https:\/\/diariodelsurdigital.com.ar\/index.php?rest_route=\/wp\/v2\/media\/1926"}],"wp:attachment":[{"href":"https:\/\/diariodelsurdigital.com.ar\/index.php?rest_route=%2Fwp%2Fv2%2Fmedia&parent=1925"}],"wp:term":[{"taxonomy":"category","embeddable":true,"href":"https:\/\/diariodelsurdigital.com.ar\/index.php?rest_route=%2Fwp%2Fv2%2Fcategories&post=1925"},{"taxonomy":"post_tag","embeddable":true,"href":"https:\/\/diariodelsurdigital.com.ar\/index.php?rest_route=%2Fwp%2Fv2%2Ftags&post=1925"}],"curies":[{"name":"wp","href":"https:\/\/api.w.org\/{rel}","templated":true}]}}