{"id":1935,"date":"2025-04-04T08:41:58","date_gmt":"2025-04-04T11:41:58","guid":{"rendered":"https:\/\/diariodelsurdigital.com.ar\/?p=1935"},"modified":"2025-04-04T08:42:00","modified_gmt":"2025-04-04T11:42:00","slug":"el-gobierno-de-entre-rios-presento-los-programas-deportivos-2025","status":"publish","type":"post","link":"https:\/\/diariodelsurdigital.com.ar\/?p=1935","title":{"rendered":"El Gobierno de Entre R\u00edos present\u00f3 los programas deportivos 2025"},"content":{"rendered":"\n<p>Con el objetivo de fortalecer la planificaci\u00f3n, mejorar la gesti\u00f3n institucional y ampliar el acceso a la actividad f\u00edsica en toda la provincia, el Gobierno de Entre R\u00edos present\u00f3 este mi\u00e9rcoles los principales programas deportivos que se implementar\u00e1n durante el 2025.<\/p>\n\n\n\n<p>El encuentro se desarroll\u00f3 en el Centro Provincial de Convenciones de la ciudad de Paran\u00e1 y fue encabezado por el secretario general de la Gobernaci\u00f3n, Mauricio Colello, y el secretario de Deportes, Sebasti\u00e1n Uranga. Participaron adem\u00e1s directores y coordinadores del organismo, as\u00ed como representantes de clubes, federaciones, municipios y otras instituciones del sistema deportivo entrerriano.<\/p>\n\n\n\n<p>Acompa\u00f1aron Ricardo Lupi, director General de Deporte Social y Educativo; Mart\u00edn Amden, director de Deporte Federado, Capacitaci\u00f3n y Evaluaci\u00f3n; Roxana Villagra, directora de Deporte Adaptado, Sergio Alfonsini, director de Alto Rendimiento; y Silvina Wiliezko, coordinadora de Adultos Mayores.<\/p>\n\n\n\n<p>Durante la apertura, Colello destac\u00f3 el proceso de transformaci\u00f3n del Estado y anunci\u00f3 la digitalizaci\u00f3n total de los tr\u00e1mites vinculados al deporte. \u00abDesde ahora, todos los tr\u00e1mites ser\u00e1n 100% digitales y podr\u00e1n gestionarse a trav\u00e9s del portal web. Eso significa que ya no tendr\u00e1n que venir con carpetas que muchas veces eran rechazadas. Eso se termina hoy\u00bb, afirm\u00f3.<\/p>\n\n\n\n<p>Adem\u00e1s, valor\u00f3 el trabajo conjunto con instituciones deportivas: \u00abNos propusimos aprender de las necesidades de los clubes y dar respuestas concretas. Celebro este tipo de encuentros que nos permiten construir colectivamente\u00bb.<\/p>\n\n\n\n<p>Uranga subray\u00f3 el valor estrat\u00e9gico de la jornada: \u00abEstamos presentando las herramientas con las que vamos a trabajar en la masificaci\u00f3n y en la mejora continua del deporte entrerriano. Entre ellas, una propuesta legislativa que representa la herramienta de financiamiento m\u00e1s importante en la historia del deporte provincial\u00bb.<\/p>\n\n\n\n<h2 class=\"wp-block-heading\">Pol\u00edticas y Programas 2025<\/h2>\n\n\n\n<p>Entre las principales acciones anunciadas se destacan: la digitalizaci\u00f3n de la gesti\u00f3n, un plan de regularizaci\u00f3n institucional para clubes, un nuevo convenio con Flecha Bus para transporte deportivo, y la continuidad del seguro para atletas, junto al IAPSER. Tambi\u00e9n se presentaron pol\u00edticas de inclusi\u00f3n, un programa de detecci\u00f3n de talentos y un plan de desarrollo para atletas y entrenadores.<\/p>\n\n\n\n<p>En articulaci\u00f3n con universidades, se anunciaron capacitaciones para dirigentes y entrenadores, en convenio con la UNER y la Uader. Adem\u00e1s, se dio a conocer la implementaci\u00f3n de la Ley de Mecenazgo Deportivo y un nuevo acuerdo con Enersa.<\/p>\n\n\n\n<p>\u00abCada instituci\u00f3n tiene realidades distintas. Por eso trabajamos en propuestas adaptadas. En ese marco, el relanzamiento del Coprode ser\u00e1 clave para garantizar pol\u00edticas p\u00fablicas eficientes en toda la provincia\u00bb, agreg\u00f3 Uranga.<\/p>\n\n\n\n<p>Tambi\u00e9n se present\u00f3 el calendario anual de competencias, Juegos Evita, Juegos Entrerrianos, Juegos para Personas Mayores, Juegos Federados de Regi\u00f3n Centro, nuevas l\u00edneas de trabajo con adultos mayores, y la continuidad de pol\u00edticas como las becas deportivas y la tarifa el\u00e9ctrica diferencial para clubes.<\/p>\n","protected":false},"excerpt":{"rendered":"<p>Con el objetivo de fortalecer la planificaci\u00f3n, mejorar la gesti\u00f3n institucional y ampliar el acceso a la actividad f\u00edsica en toda la provincia, el Gobierno de Entre R\u00edos present\u00f3 este mi\u00e9rcoles los principales programas deportivos que se implementar\u00e1n durante el 2025. El encuentro se desarroll\u00f3 en el Centro Provincial de Convenciones de la ciudad de [&hellip;]<\/p>\n","protected":false},"author":4,"featured_media":1936,"comment_status":"open","ping_status":"open","sticky":false,"template":"","format":"standard","meta":{"footnotes":""},"categories":[17],"tags":[],"class_list":{"0":"post-1935","1":"post","2":"type-post","3":"status-publish","4":"format-standard","5":"has-post-thumbnail","7":"category-provinciales"},"yoast_head":"<!-- This site is optimized with the Yoast SEO plugin v27.4 - https:\/\/yoast.com\/product\/yoast-seo-wordpress\/ -->\n<title>El Gobierno de Entre R\u00edos present\u00f3 los programas deportivos 2025 - Diario del Sur<\/title>\n<meta name=\"robots\" content=\"index, follow, max-snippet:-1, max-image-preview:large, max-video-preview:-1\" \/>\n<link rel=\"canonical\" href=\"https:\/\/diariodelsurdigital.com.ar\/?p=1935\" \/>\n<meta property=\"og:locale\" content=\"es_ES\" \/>\n<meta property=\"og:type\" content=\"article\" \/>\n<meta property=\"og:title\" content=\"El Gobierno de Entre R\u00edos present\u00f3 los programas deportivos 2025 - Diario del Sur\" \/>\n<meta property=\"og:description\" content=\"Con el objetivo de fortalecer la planificaci\u00f3n, mejorar la gesti\u00f3n institucional y ampliar el acceso a la actividad f\u00edsica en toda la provincia, el Gobierno de Entre R\u00edos present\u00f3 este mi\u00e9rcoles los principales programas deportivos que se implementar\u00e1n durante el 2025. El encuentro se desarroll\u00f3 en el Centro Provincial de Convenciones de la ciudad de [&hellip;]\" \/>\n<meta property=\"og:url\" content=\"https:\/\/diariodelsurdigital.com.ar\/?p=1935\" \/>\n<meta property=\"og:site_name\" content=\"Diario del Sur\" \/>\n<meta property=\"article:published_time\" content=\"2025-04-04T11:41:58+00:00\" \/>\n<meta property=\"article:modified_time\" content=\"2025-04-04T11:42:00+00:00\" \/>\n<meta property=\"og:image\" content=\"https:\/\/diariodelsurdigital.com.ar\/wp-content\/uploads\/2025\/04\/md-36.webp\" \/>\n\t<meta property=\"og:image:width\" content=\"992\" \/>\n\t<meta property=\"og:image:height\" content=\"657\" \/>\n\t<meta property=\"og:image:type\" content=\"image\/webp\" \/>\n<meta name=\"author\" content=\"Diario del Sur Digital\" \/>\n<meta name=\"twitter:card\" content=\"summary_large_image\" \/>\n<meta name=\"twitter:label1\" content=\"Escrito por\" \/>\n\t<meta name=\"twitter:data1\" content=\"Diario del Sur Digital\" \/>\n\t<meta name=\"twitter:label2\" content=\"Tiempo de lectura\" \/>\n\t<meta name=\"twitter:data2\" content=\"3 minutos\" \/>\n<script type=\"application\/ld+json\" class=\"yoast-schema-graph\">{\"@context\":\"https:\\\/\\\/schema.org\",\"@graph\":[{\"@type\":\"Article\",\"@id\":\"https:\\\/\\\/diariodelsurdigital.com.ar\\\/?p=1935#article\",\"isPartOf\":{\"@id\":\"https:\\\/\\\/diariodelsurdigital.com.ar\\\/?p=1935\"},\"author\":{\"name\":\"Diario del Sur Digital\",\"@id\":\"https:\\\/\\\/diariodelsurdigital.com.ar\\\/#\\\/schema\\\/person\\\/1a4992532ed62965c968031b49195c81\"},\"headline\":\"El Gobierno de Entre R\u00edos present\u00f3 los programas deportivos 2025\",\"datePublished\":\"2025-04-04T11:41:58+00:00\",\"dateModified\":\"2025-04-04T11:42:00+00:00\",\"mainEntityOfPage\":{\"@id\":\"https:\\\/\\\/diariodelsurdigital.com.ar\\\/?p=1935\"},\"wordCount\":498,\"commentCount\":0,\"image\":{\"@id\":\"https:\\\/\\\/diariodelsurdigital.com.ar\\\/?p=1935#primaryimage\"},\"thumbnailUrl\":\"https:\\\/\\\/diariodelsurdigital.com.ar\\\/wp-content\\\/uploads\\\/2025\\\/04\\\/md-36.webp\",\"articleSection\":[\"Provinciales\"],\"inLanguage\":\"es\",\"potentialAction\":[{\"@type\":\"CommentAction\",\"name\":\"Comment\",\"target\":[\"https:\\\/\\\/diariodelsurdigital.com.ar\\\/?p=1935#respond\"]}]},{\"@type\":\"WebPage\",\"@id\":\"https:\\\/\\\/diariodelsurdigital.com.ar\\\/?p=1935\",\"url\":\"https:\\\/\\\/diariodelsurdigital.com.ar\\\/?p=1935\",\"name\":\"El Gobierno de Entre R\u00edos present\u00f3 los programas deportivos 2025 - Diario del Sur\",\"isPartOf\":{\"@id\":\"https:\\\/\\\/diariodelsurdigital.com.ar\\\/#website\"},\"primaryImageOfPage\":{\"@id\":\"https:\\\/\\\/diariodelsurdigital.com.ar\\\/?p=1935#primaryimage\"},\"image\":{\"@id\":\"https:\\\/\\\/diariodelsurdigital.com.ar\\\/?p=1935#primaryimage\"},\"thumbnailUrl\":\"https:\\\/\\\/diariodelsurdigital.com.ar\\\/wp-content\\\/uploads\\\/2025\\\/04\\\/md-36.webp\",\"datePublished\":\"2025-04-04T11:41:58+00:00\",\"dateModified\":\"2025-04-04T11:42:00+00:00\",\"author\":{\"@id\":\"https:\\\/\\\/diariodelsurdigital.com.ar\\\/#\\\/schema\\\/person\\\/1a4992532ed62965c968031b49195c81\"},\"breadcrumb\":{\"@id\":\"https:\\\/\\\/diariodelsurdigital.com.ar\\\/?p=1935#breadcrumb\"},\"inLanguage\":\"es\",\"potentialAction\":[{\"@type\":\"ReadAction\",\"target\":[\"https:\\\/\\\/diariodelsurdigital.com.ar\\\/?p=1935\"]}]},{\"@type\":\"ImageObject\",\"inLanguage\":\"es\",\"@id\":\"https:\\\/\\\/diariodelsurdigital.com.ar\\\/?p=1935#primaryimage\",\"url\":\"https:\\\/\\\/diariodelsurdigital.com.ar\\\/wp-content\\\/uploads\\\/2025\\\/04\\\/md-36.webp\",\"contentUrl\":\"https:\\\/\\\/diariodelsurdigital.com.ar\\\/wp-content\\\/uploads\\\/2025\\\/04\\\/md-36.webp\",\"width\":992,\"height\":657},{\"@type\":\"BreadcrumbList\",\"@id\":\"https:\\\/\\\/diariodelsurdigital.com.ar\\\/?p=1935#breadcrumb\",\"itemListElement\":[{\"@type\":\"ListItem\",\"position\":1,\"name\":\"Portada\",\"item\":\"https:\\\/\\\/diariodelsurdigital.com.ar\\\/\"},{\"@type\":\"ListItem\",\"position\":2,\"name\":\"El Gobierno de Entre R\u00edos present\u00f3 los programas deportivos 2025\"}]},{\"@type\":\"WebSite\",\"@id\":\"https:\\\/\\\/diariodelsurdigital.com.ar\\\/#website\",\"url\":\"https:\\\/\\\/diariodelsurdigital.com.ar\\\/\",\"name\":\"Diario del Sur\",\"description\":\"Digital\",\"potentialAction\":[{\"@type\":\"SearchAction\",\"target\":{\"@type\":\"EntryPoint\",\"urlTemplate\":\"https:\\\/\\\/diariodelsurdigital.com.ar\\\/?s={search_term_string}\"},\"query-input\":{\"@type\":\"PropertyValueSpecification\",\"valueRequired\":true,\"valueName\":\"search_term_string\"}}],\"inLanguage\":\"es\"},{\"@type\":\"Person\",\"@id\":\"https:\\\/\\\/diariodelsurdigital.com.ar\\\/#\\\/schema\\\/person\\\/1a4992532ed62965c968031b49195c81\",\"name\":\"Diario del Sur Digital\",\"image\":{\"@type\":\"ImageObject\",\"inLanguage\":\"es\",\"@id\":\"https:\\\/\\\/secure.gravatar.com\\\/avatar\\\/f0c7c47fc7146d19828273b9b8eda651c9c7ab583767e6338d3d3bee825adf76?s=96&d=mm&r=g\",\"url\":\"https:\\\/\\\/secure.gravatar.com\\\/avatar\\\/f0c7c47fc7146d19828273b9b8eda651c9c7ab583767e6338d3d3bee825adf76?s=96&d=mm&r=g\",\"contentUrl\":\"https:\\\/\\\/secure.gravatar.com\\\/avatar\\\/f0c7c47fc7146d19828273b9b8eda651c9c7ab583767e6338d3d3bee825adf76?s=96&d=mm&r=g\",\"caption\":\"Diario del Sur Digital\"},\"url\":\"https:\\\/\\\/diariodelsurdigital.com.ar\\\/?author=4\"}]}<\/script>\n<!-- \/ Yoast SEO plugin. -->","yoast_head_json":{"title":"El Gobierno de Entre R\u00edos present\u00f3 los programas deportivos 2025 - Diario del Sur","robots":{"index":"index","follow":"follow","max-snippet":"max-snippet:-1","max-image-preview":"max-image-preview:large","max-video-preview":"max-video-preview:-1"},"canonical":"https:\/\/diariodelsurdigital.com.ar\/?p=1935","og_locale":"es_ES","og_type":"article","og_title":"El Gobierno de Entre R\u00edos present\u00f3 los programas deportivos 2025 - Diario del Sur","og_description":"Con el objetivo de fortalecer la planificaci\u00f3n, mejorar la gesti\u00f3n institucional y ampliar el acceso a la actividad f\u00edsica en toda la provincia, el Gobierno de Entre R\u00edos present\u00f3 este mi\u00e9rcoles los principales programas deportivos que se implementar\u00e1n durante el 2025. El encuentro se desarroll\u00f3 en el Centro Provincial de Convenciones de la ciudad de [&hellip;]","og_url":"https:\/\/diariodelsurdigital.com.ar\/?p=1935","og_site_name":"Diario del Sur","article_published_time":"2025-04-04T11:41:58+00:00","article_modified_time":"2025-04-04T11:42:00+00:00","og_image":[{"width":992,"height":657,"url":"https:\/\/diariodelsurdigital.com.ar\/wp-content\/uploads\/2025\/04\/md-36.webp","type":"image\/webp"}],"author":"Diario del Sur Digital","twitter_card":"summary_large_image","twitter_misc":{"Escrito por":"Diario del Sur Digital","Tiempo de lectura":"3 minutos"},"schema":{"@context":"https:\/\/schema.org","@graph":[{"@type":"Article","@id":"https:\/\/diariodelsurdigital.com.ar\/?p=1935#article","isPartOf":{"@id":"https:\/\/diariodelsurdigital.com.ar\/?p=1935"},"author":{"name":"Diario del Sur Digital","@id":"https:\/\/diariodelsurdigital.com.ar\/#\/schema\/person\/1a4992532ed62965c968031b49195c81"},"headline":"El Gobierno de Entre R\u00edos present\u00f3 los programas deportivos 2025","datePublished":"2025-04-04T11:41:58+00:00","dateModified":"2025-04-04T11:42:00+00:00","mainEntityOfPage":{"@id":"https:\/\/diariodelsurdigital.com.ar\/?p=1935"},"wordCount":498,"commentCount":0,"image":{"@id":"https:\/\/diariodelsurdigital.com.ar\/?p=1935#primaryimage"},"thumbnailUrl":"https:\/\/diariodelsurdigital.com.ar\/wp-content\/uploads\/2025\/04\/md-36.webp","articleSection":["Provinciales"],"inLanguage":"es","potentialAction":[{"@type":"CommentAction","name":"Comment","target":["https:\/\/diariodelsurdigital.com.ar\/?p=1935#respond"]}]},{"@type":"WebPage","@id":"https:\/\/diariodelsurdigital.com.ar\/?p=1935","url":"https:\/\/diariodelsurdigital.com.ar\/?p=1935","name":"El Gobierno de Entre R\u00edos present\u00f3 los programas deportivos 2025 - Diario del Sur","isPartOf":{"@id":"https:\/\/diariodelsurdigital.com.ar\/#website"},"primaryImageOfPage":{"@id":"https:\/\/diariodelsurdigital.com.ar\/?p=1935#primaryimage"},"image":{"@id":"https:\/\/diariodelsurdigital.com.ar\/?p=1935#primaryimage"},"thumbnailUrl":"https:\/\/diariodelsurdigital.com.ar\/wp-content\/uploads\/2025\/04\/md-36.webp","datePublished":"2025-04-04T11:41:58+00:00","dateModified":"2025-04-04T11:42:00+00:00","author":{"@id":"https:\/\/diariodelsurdigital.com.ar\/#\/schema\/person\/1a4992532ed62965c968031b49195c81"},"breadcrumb":{"@id":"https:\/\/diariodelsurdigital.com.ar\/?p=1935#breadcrumb"},"inLanguage":"es","potentialAction":[{"@type":"ReadAction","target":["https:\/\/diariodelsurdigital.com.ar\/?p=1935"]}]},{"@type":"ImageObject","inLanguage":"es","@id":"https:\/\/diariodelsurdigital.com.ar\/?p=1935#primaryimage","url":"https:\/\/diariodelsurdigital.com.ar\/wp-content\/uploads\/2025\/04\/md-36.webp","contentUrl":"https:\/\/diariodelsurdigital.com.ar\/wp-content\/uploads\/2025\/04\/md-36.webp","width":992,"height":657},{"@type":"BreadcrumbList","@id":"https:\/\/diariodelsurdigital.com.ar\/?p=1935#breadcrumb","itemListElement":[{"@type":"ListItem","position":1,"name":"Portada","item":"https:\/\/diariodelsurdigital.com.ar\/"},{"@type":"ListItem","position":2,"name":"El Gobierno de Entre R\u00edos present\u00f3 los programas deportivos 2025"}]},{"@type":"WebSite","@id":"https:\/\/diariodelsurdigital.com.ar\/#website","url":"https:\/\/diariodelsurdigital.com.ar\/","name":"Diario del Sur","description":"Digital","potentialAction":[{"@type":"SearchAction","target":{"@type":"EntryPoint","urlTemplate":"https:\/\/diariodelsurdigital.com.ar\/?s={search_term_string}"},"query-input":{"@type":"PropertyValueSpecification","valueRequired":true,"valueName":"search_term_string"}}],"inLanguage":"es"},{"@type":"Person","@id":"https:\/\/diariodelsurdigital.com.ar\/#\/schema\/person\/1a4992532ed62965c968031b49195c81","name":"Diario del Sur Digital","image":{"@type":"ImageObject","inLanguage":"es","@id":"https:\/\/secure.gravatar.com\/avatar\/f0c7c47fc7146d19828273b9b8eda651c9c7ab583767e6338d3d3bee825adf76?s=96&d=mm&r=g","url":"https:\/\/secure.gravatar.com\/avatar\/f0c7c47fc7146d19828273b9b8eda651c9c7ab583767e6338d3d3bee825adf76?s=96&d=mm&r=g","contentUrl":"https:\/\/secure.gravatar.com\/avatar\/f0c7c47fc7146d19828273b9b8eda651c9c7ab583767e6338d3d3bee825adf76?s=96&d=mm&r=g","caption":"Diario del Sur Digital"},"url":"https:\/\/diariodelsurdigital.com.ar\/?author=4"}]}},"_links":{"self":[{"href":"https:\/\/diariodelsurdigital.com.ar\/index.php?rest_route=\/wp\/v2\/posts\/1935","targetHints":{"allow":["GET"]}}],"collection":[{"href":"https:\/\/diariodelsurdigital.com.ar\/index.php?rest_route=\/wp\/v2\/posts"}],"about":[{"href":"https:\/\/diariodelsurdigital.com.ar\/index.php?rest_route=\/wp\/v2\/types\/post"}],"author":[{"embeddable":true,"href":"https:\/\/diariodelsurdigital.com.ar\/index.php?rest_route=\/wp\/v2\/users\/4"}],"replies":[{"embeddable":true,"href":"https:\/\/diariodelsurdigital.com.ar\/index.php?rest_route=%2Fwp%2Fv2%2Fcomments&post=1935"}],"version-history":[{"count":1,"href":"https:\/\/diariodelsurdigital.com.ar\/index.php?rest_route=\/wp\/v2\/posts\/1935\/revisions"}],"predecessor-version":[{"id":1937,"href":"https:\/\/diariodelsurdigital.com.ar\/index.php?rest_route=\/wp\/v2\/posts\/1935\/revisions\/1937"}],"wp:featuredmedia":[{"embeddable":true,"href":"https:\/\/diariodelsurdigital.com.ar\/index.php?rest_route=\/wp\/v2\/media\/1936"}],"wp:attachment":[{"href":"https:\/\/diariodelsurdigital.com.ar\/index.php?rest_route=%2Fwp%2Fv2%2Fmedia&parent=1935"}],"wp:term":[{"taxonomy":"category","embeddable":true,"href":"https:\/\/diariodelsurdigital.com.ar\/index.php?rest_route=%2Fwp%2Fv2%2Fcategories&post=1935"},{"taxonomy":"post_tag","embeddable":true,"href":"https:\/\/diariodelsurdigital.com.ar\/index.php?rest_route=%2Fwp%2Fv2%2Ftags&post=1935"}],"curies":[{"name":"wp","href":"https:\/\/api.w.org\/{rel}","templated":true}]}}