{"id":1941,"date":"2025-04-04T08:50:20","date_gmt":"2025-04-04T11:50:20","guid":{"rendered":"https:\/\/diariodelsurdigital.com.ar\/?p=1941"},"modified":"2025-04-04T08:50:21","modified_gmt":"2025-04-04T11:50:21","slug":"fuerte-critica-de-milei-al-senado-por-el-rechazo-de-los-pliegos-de-lijo-y-mansilla-es-el-refugio-de-la-casta-politica","status":"publish","type":"post","link":"https:\/\/diariodelsurdigital.com.ar\/?p=1941","title":{"rendered":"Fuerte cr\u00edtica de Milei al Senado por el rechazo de los pliegos de Lijo y Mansilla: \u201cEs el refugio de la casta pol\u00edtica\u201d"},"content":{"rendered":"\n<p>El comunicado que emiti\u00f3 el Gobierno tras la votaci\u00f3n en la c\u00e1mara alta apunt\u00f3 contra los legisladores, a los que acus\u00f3 de \u201cpriorizar la preocupaci\u00f3n por sus causas judiciales\u201d.<\/p>\n\n\n\n<figure class=\"wp-block-image\"><img decoding=\"async\" src=\"https:\/\/apfdigital-s3.cdn.net.ar\/s3i233\/2025\/01\/apfdigital\/files\/01\/18\/11895\/cb29b1e8607fb06dd3a94f2f898154d0a274406ec9136f929a09d81052d2583a.gif\" alt=\"Publicidad\"\/><\/figure>\n\n\n\n<p><a href=\"https:\/\/www.apfdigital.com.ar\/primera-plana\/\">Primera Plana<\/a><\/p>\n\n\n\n<h1 class=\"wp-block-heading\">Fuerte cr\u00edtica de Milei al Senado por el rechazo de los pliegos de Lijo y Mansilla: \u201cEs el refugio de la casta pol\u00edtica\u201d<\/h1>\n\n\n\n<p>El comunicado que emiti\u00f3 el Gobierno tras la votaci\u00f3n en la c\u00e1mara alta apunt\u00f3 contra los legisladores, a los que acus\u00f3 de \u201cpriorizar la preocupaci\u00f3n por sus causas judiciales\u201d.<\/p>\n\n\n\n<p>viernes 04 de abril de 2025 | 7:13hs.<\/p>\n\n\n\n<figure class=\"wp-block-image\"><img decoding=\"async\" src=\"https:\/\/apfdigital-s3.cdn.net.ar\/s3i233\/2025\/04\/apfdigital\/images\/01\/82\/82\/1828260_1cbad8b9531c812ceae581eb13717f2cb0e5ce282ff7a6542befd79dae3f75b3\/md.webp\" alt=\"\"\/><\/figure>\n\n\n\n<p>\u201cLa Oficina del Presidente repudia la decisi\u00f3n del Senado de la Naci\u00f3n de rechazar los pliegos propuestos por el Presidente Javier G. Milei para integrar la Corte Suprema de Justicia\u201d, indica el texto que difundi\u00f3 minutos despu\u00e9s de la votaci\u00f3n la cuenta de X que realiza comunicaciones oficiales del Gobierno.<\/p>\n\n\n\n<p>Los pliegos de los candidatos propuestos por el Poder Ejecutivo fueron rechazados este jueves en la c\u00e1mara alta, a partir de una sesi\u00f3n que mostr\u00f3 una coincidencia in\u00e9dita entre senadores del PRO, la UCR y el kirchnerismo, con el objetivo de bloquear el ingreso de los jueces propuestos por el presidente Milei.<\/p>\n\n\n\n<p>\u201cDurante el \u00faltimo a\u00f1o los senadores tuvieron a disposici\u00f3n los pliegos de los Dres. Manuel Garc\u00eda-Mansilla y Ariel Lijo, participando en toda instancia del proceso de selecci\u00f3n establecida por la normativa vigente. Sin embargo, luego de dilatar la votaci\u00f3n durante meses, optaron por priorizar la preocupaci\u00f3n por sus causas judiciales y las de sus dirigentes, en detrimento del funcionamiento de uno de los tres poderes de la Rep\u00fablica\u201d, agrega el comunicado.<\/p>\n\n\n\n<p>Luego contin\u00faa: \u201cPor primera vez en la historia, el Senado de la Naci\u00f3n ha rechazado pliegos propuestos por un Presidente, por motivos meramente pol\u00edticos y no por cuestiones de idoneidad, lo que evidencia una vez m\u00e1s que la C\u00e1mara Alta es el refugio de la casta pol\u00edtica en el Congreso de la Naci\u00f3n. Convertido en una m\u00e1quina de impedir, el Senado no act\u00faa en favor del pueblo, sino que tiene como \u00fanico fin obstruir el futuro de la Naci\u00f3n Argentina\u201d.<\/p>\n\n\n\n<p>El Senado de la Naci\u00f3n comenz\u00f3 a sesionar a las 14 horas, a partir del quorum impulsado por el bloque kirchnerista y facilitado por el PRO y la UCR.<\/p>\n\n\n\n<p>A primera hora, el oficialismo hab\u00eda ensayado distintas estrategias para evitar que la sesi\u00f3n se realice, proyectando la derrota que despu\u00e9s se consum\u00f3. El presidente de bloque de La Libertad Avanza, Ezequiel Atauche, fue el encargo de realizar gestiones con los titulares de los distintos bloque para establecer canales de di\u00e1logo con la intenci\u00f3n de sostener las candidaturas propuestas por el presidente.<\/p>\n\n\n\n<p>Luego de seis horas de sesi\u00f3n, finalmente el Senado vot\u00f3 por el rechazo de los postulantes a jueces del m\u00e1ximo tribunal de justicia del pa\u00eds. Minutos despu\u00e9s de la votaci\u00f3n, la cuenta de X dio a conocer el enojo en la Casa Rosada.<\/p>\n\n\n\n<p>\u201cEs evidente que la politizaci\u00f3n de la justicia representa una amenaza para la democracia. Mientras la clase pol\u00edtica anteponga su protecci\u00f3n penal y no la normalizaci\u00f3n del sistema judicial, el derecho a la justicia continuar\u00e1 limitado en la Rep\u00fablica Argentina\u201d, apuntaron.<\/p>\n\n\n\n<p>\u201cEl Presidente de la Naci\u00f3n continuar\u00e1 trabajando incansablemente para garantizar la independencia judicial y restaurar la confianza del pueblo en las instituciones, utilizando todas las herramientas que la Constituci\u00f3n Nacional y el voto popular han puesto en sus manos\u00bb, concluy\u00f3 el documento.<\/p>\n\n\n\n<p>Un poco m\u00e1s tarde de que el comunicado fuera emitido, Milei reiter\u00f3 su descontento respecto a la negativa del Senado desde su cuenta personal en X (ex Twitter). \u201cPrincipio de revelaci\u00f3n. \u00bfD\u00f3nde est\u00e1n todos lo que dec\u00edan que yo ten\u00eda un pacto de impunidad con la ex Presidente doblemente condenada?\u201d, sentenci\u00f3 respecto de las acusaciones sobre los motivos por los que Lijo hab\u00eda sido elegido.<\/p>\n\n\n\n<p>\u201c\u00bfPedir\u00e1n perd\u00f3n todos los pol\u00edticos y periodistas que afirmaron esa mentira ahora que dos sectores de la oposici\u00f3n pactaron voltear los dos jueces y Ficha Limpia en la misma sesi\u00f3n?\u201d, denunci\u00f3 el jefe de Estado al disparar: \u201cParece que el pacto era de aquellos preocupados por sus causas penales. Espero avance el proyecto de Ficha Limpia!!!\u201d.<\/p>\n\n\n\n<p>La situaci\u00f3n de Lijo y Garc\u00eda Mansilla ahora seguir\u00e1 caminos separados. Mientras que el juez federal no hab\u00eda asumido a\u00fan funciones en la corte, su compa\u00f1ero de terna y jurista ya se encontraba integrando el cargo luego de la jura habilitada por los otros integrantes del tribunal supremo, public\u00f3 Infobae.<\/p>\n\n\n\n<p>Ninguna de las dos postulaciones lograron los dos tercios de los presentes, n\u00famero necesario de apoyos para la confirmaci\u00f3n de sus ingresos a la Corte. Garc\u00eda Mansilla recibi\u00f3 51 votos en contra -sobrados dos tercios- y 20 a favor, mientras que el juez federal tuvo 43 negativos, 27 adhesiones y una abstenci\u00f3n.<\/p>\n","protected":false},"excerpt":{"rendered":"<p>El comunicado que emiti\u00f3 el Gobierno tras la votaci\u00f3n en la c\u00e1mara alta apunt\u00f3 contra los legisladores, a los que acus\u00f3 de \u201cpriorizar la preocupaci\u00f3n por sus causas judiciales\u201d. Primera Plana Fuerte cr\u00edtica de Milei al Senado por el rechazo de los pliegos de Lijo y Mansilla: \u201cEs el refugio de la casta pol\u00edtica\u201d El [&hellip;]<\/p>\n","protected":false},"author":4,"featured_media":1942,"comment_status":"open","ping_status":"open","sticky":false,"template":"","format":"standard","meta":{"footnotes":""},"categories":[18,22],"tags":[],"class_list":{"0":"post-1941","1":"post","2":"type-post","3":"status-publish","4":"format-standard","5":"has-post-thumbnail","7":"category-nacionales","8":"category-politica"},"yoast_head":"<!-- This site is optimized with the Yoast SEO plugin v27.4 - https:\/\/yoast.com\/product\/yoast-seo-wordpress\/ -->\n<title>Fuerte cr\u00edtica de Milei al Senado por el rechazo de los pliegos de Lijo y Mansilla: \u201cEs el refugio de la casta pol\u00edtica\u201d - Diario del Sur<\/title>\n<meta name=\"robots\" content=\"index, follow, max-snippet:-1, max-image-preview:large, max-video-preview:-1\" \/>\n<link rel=\"canonical\" href=\"https:\/\/diariodelsurdigital.com.ar\/?p=1941\" \/>\n<meta property=\"og:locale\" content=\"es_ES\" \/>\n<meta property=\"og:type\" content=\"article\" \/>\n<meta property=\"og:title\" content=\"Fuerte cr\u00edtica de Milei al Senado por el rechazo de los pliegos de Lijo y Mansilla: \u201cEs el refugio de la casta pol\u00edtica\u201d - Diario del Sur\" \/>\n<meta property=\"og:description\" content=\"El comunicado que emiti\u00f3 el Gobierno tras la votaci\u00f3n en la c\u00e1mara alta apunt\u00f3 contra los legisladores, a los que acus\u00f3 de \u201cpriorizar la preocupaci\u00f3n por sus causas judiciales\u201d. Primera Plana Fuerte cr\u00edtica de Milei al Senado por el rechazo de los pliegos de Lijo y Mansilla: \u201cEs el refugio de la casta pol\u00edtica\u201d El [&hellip;]\" \/>\n<meta property=\"og:url\" content=\"https:\/\/diariodelsurdigital.com.ar\/?p=1941\" \/>\n<meta property=\"og:site_name\" content=\"Diario del Sur\" \/>\n<meta property=\"article:published_time\" content=\"2025-04-04T11:50:20+00:00\" \/>\n<meta property=\"article:modified_time\" content=\"2025-04-04T11:50:21+00:00\" \/>\n<meta property=\"og:image\" content=\"https:\/\/diariodelsurdigital.com.ar\/wp-content\/uploads\/2025\/04\/md-38.webp\" \/>\n\t<meta property=\"og:image:width\" content=\"992\" \/>\n\t<meta property=\"og:image:height\" content=\"651\" \/>\n\t<meta property=\"og:image:type\" content=\"image\/webp\" \/>\n<meta name=\"author\" content=\"Diario del Sur Digital\" \/>\n<meta name=\"twitter:card\" content=\"summary_large_image\" \/>\n<meta name=\"twitter:label1\" content=\"Escrito por\" \/>\n\t<meta name=\"twitter:data1\" content=\"Diario del Sur Digital\" \/>\n\t<meta name=\"twitter:label2\" content=\"Tiempo de lectura\" \/>\n\t<meta name=\"twitter:data2\" content=\"5 minutos\" \/>\n<script type=\"application\/ld+json\" class=\"yoast-schema-graph\">{\"@context\":\"https:\\\/\\\/schema.org\",\"@graph\":[{\"@type\":\"Article\",\"@id\":\"https:\\\/\\\/diariodelsurdigital.com.ar\\\/?p=1941#article\",\"isPartOf\":{\"@id\":\"https:\\\/\\\/diariodelsurdigital.com.ar\\\/?p=1941\"},\"author\":{\"name\":\"Diario del Sur Digital\",\"@id\":\"https:\\\/\\\/diariodelsurdigital.com.ar\\\/#\\\/schema\\\/person\\\/1a4992532ed62965c968031b49195c81\"},\"headline\":\"Fuerte cr\u00edtica de Milei al Senado por el rechazo de los pliegos de Lijo y Mansilla: \u201cEs el refugio de la casta pol\u00edtica\u201d\",\"datePublished\":\"2025-04-04T11:50:20+00:00\",\"dateModified\":\"2025-04-04T11:50:21+00:00\",\"mainEntityOfPage\":{\"@id\":\"https:\\\/\\\/diariodelsurdigital.com.ar\\\/?p=1941\"},\"wordCount\":872,\"commentCount\":0,\"image\":{\"@id\":\"https:\\\/\\\/diariodelsurdigital.com.ar\\\/?p=1941#primaryimage\"},\"thumbnailUrl\":\"https:\\\/\\\/diariodelsurdigital.com.ar\\\/wp-content\\\/uploads\\\/2025\\\/04\\\/md-38.webp\",\"articleSection\":[\"Nacionales\",\"Pol\u00edtica\"],\"inLanguage\":\"es\",\"potentialAction\":[{\"@type\":\"CommentAction\",\"name\":\"Comment\",\"target\":[\"https:\\\/\\\/diariodelsurdigital.com.ar\\\/?p=1941#respond\"]}]},{\"@type\":\"WebPage\",\"@id\":\"https:\\\/\\\/diariodelsurdigital.com.ar\\\/?p=1941\",\"url\":\"https:\\\/\\\/diariodelsurdigital.com.ar\\\/?p=1941\",\"name\":\"Fuerte cr\u00edtica de Milei al Senado por el rechazo de los pliegos de Lijo y Mansilla: \u201cEs el refugio de la casta pol\u00edtica\u201d - Diario del Sur\",\"isPartOf\":{\"@id\":\"https:\\\/\\\/diariodelsurdigital.com.ar\\\/#website\"},\"primaryImageOfPage\":{\"@id\":\"https:\\\/\\\/diariodelsurdigital.com.ar\\\/?p=1941#primaryimage\"},\"image\":{\"@id\":\"https:\\\/\\\/diariodelsurdigital.com.ar\\\/?p=1941#primaryimage\"},\"thumbnailUrl\":\"https:\\\/\\\/diariodelsurdigital.com.ar\\\/wp-content\\\/uploads\\\/2025\\\/04\\\/md-38.webp\",\"datePublished\":\"2025-04-04T11:50:20+00:00\",\"dateModified\":\"2025-04-04T11:50:21+00:00\",\"author\":{\"@id\":\"https:\\\/\\\/diariodelsurdigital.com.ar\\\/#\\\/schema\\\/person\\\/1a4992532ed62965c968031b49195c81\"},\"breadcrumb\":{\"@id\":\"https:\\\/\\\/diariodelsurdigital.com.ar\\\/?p=1941#breadcrumb\"},\"inLanguage\":\"es\",\"potentialAction\":[{\"@type\":\"ReadAction\",\"target\":[\"https:\\\/\\\/diariodelsurdigital.com.ar\\\/?p=1941\"]}]},{\"@type\":\"ImageObject\",\"inLanguage\":\"es\",\"@id\":\"https:\\\/\\\/diariodelsurdigital.com.ar\\\/?p=1941#primaryimage\",\"url\":\"https:\\\/\\\/diariodelsurdigital.com.ar\\\/wp-content\\\/uploads\\\/2025\\\/04\\\/md-38.webp\",\"contentUrl\":\"https:\\\/\\\/diariodelsurdigital.com.ar\\\/wp-content\\\/uploads\\\/2025\\\/04\\\/md-38.webp\",\"width\":992,\"height\":651},{\"@type\":\"BreadcrumbList\",\"@id\":\"https:\\\/\\\/diariodelsurdigital.com.ar\\\/?p=1941#breadcrumb\",\"itemListElement\":[{\"@type\":\"ListItem\",\"position\":1,\"name\":\"Portada\",\"item\":\"https:\\\/\\\/diariodelsurdigital.com.ar\\\/\"},{\"@type\":\"ListItem\",\"position\":2,\"name\":\"Fuerte cr\u00edtica de Milei al Senado por el rechazo de los pliegos de Lijo y Mansilla: \u201cEs el refugio de la casta pol\u00edtica\u201d\"}]},{\"@type\":\"WebSite\",\"@id\":\"https:\\\/\\\/diariodelsurdigital.com.ar\\\/#website\",\"url\":\"https:\\\/\\\/diariodelsurdigital.com.ar\\\/\",\"name\":\"Diario del Sur\",\"description\":\"Digital\",\"potentialAction\":[{\"@type\":\"SearchAction\",\"target\":{\"@type\":\"EntryPoint\",\"urlTemplate\":\"https:\\\/\\\/diariodelsurdigital.com.ar\\\/?s={search_term_string}\"},\"query-input\":{\"@type\":\"PropertyValueSpecification\",\"valueRequired\":true,\"valueName\":\"search_term_string\"}}],\"inLanguage\":\"es\"},{\"@type\":\"Person\",\"@id\":\"https:\\\/\\\/diariodelsurdigital.com.ar\\\/#\\\/schema\\\/person\\\/1a4992532ed62965c968031b49195c81\",\"name\":\"Diario del Sur Digital\",\"image\":{\"@type\":\"ImageObject\",\"inLanguage\":\"es\",\"@id\":\"https:\\\/\\\/secure.gravatar.com\\\/avatar\\\/f0c7c47fc7146d19828273b9b8eda651c9c7ab583767e6338d3d3bee825adf76?s=96&d=mm&r=g\",\"url\":\"https:\\\/\\\/secure.gravatar.com\\\/avatar\\\/f0c7c47fc7146d19828273b9b8eda651c9c7ab583767e6338d3d3bee825adf76?s=96&d=mm&r=g\",\"contentUrl\":\"https:\\\/\\\/secure.gravatar.com\\\/avatar\\\/f0c7c47fc7146d19828273b9b8eda651c9c7ab583767e6338d3d3bee825adf76?s=96&d=mm&r=g\",\"caption\":\"Diario del Sur Digital\"},\"url\":\"https:\\\/\\\/diariodelsurdigital.com.ar\\\/?author=4\"}]}<\/script>\n<!-- \/ Yoast SEO plugin. -->","yoast_head_json":{"title":"Fuerte cr\u00edtica de Milei al Senado por el rechazo de los pliegos de Lijo y Mansilla: \u201cEs el refugio de la casta pol\u00edtica\u201d - Diario del Sur","robots":{"index":"index","follow":"follow","max-snippet":"max-snippet:-1","max-image-preview":"max-image-preview:large","max-video-preview":"max-video-preview:-1"},"canonical":"https:\/\/diariodelsurdigital.com.ar\/?p=1941","og_locale":"es_ES","og_type":"article","og_title":"Fuerte cr\u00edtica de Milei al Senado por el rechazo de los pliegos de Lijo y Mansilla: \u201cEs el refugio de la casta pol\u00edtica\u201d - Diario del Sur","og_description":"El comunicado que emiti\u00f3 el Gobierno tras la votaci\u00f3n en la c\u00e1mara alta apunt\u00f3 contra los legisladores, a los que acus\u00f3 de \u201cpriorizar la preocupaci\u00f3n por sus causas judiciales\u201d. Primera Plana Fuerte cr\u00edtica de Milei al Senado por el rechazo de los pliegos de Lijo y Mansilla: \u201cEs el refugio de la casta pol\u00edtica\u201d El [&hellip;]","og_url":"https:\/\/diariodelsurdigital.com.ar\/?p=1941","og_site_name":"Diario del Sur","article_published_time":"2025-04-04T11:50:20+00:00","article_modified_time":"2025-04-04T11:50:21+00:00","og_image":[{"width":992,"height":651,"url":"https:\/\/diariodelsurdigital.com.ar\/wp-content\/uploads\/2025\/04\/md-38.webp","type":"image\/webp"}],"author":"Diario del Sur Digital","twitter_card":"summary_large_image","twitter_misc":{"Escrito por":"Diario del Sur Digital","Tiempo de lectura":"5 minutos"},"schema":{"@context":"https:\/\/schema.org","@graph":[{"@type":"Article","@id":"https:\/\/diariodelsurdigital.com.ar\/?p=1941#article","isPartOf":{"@id":"https:\/\/diariodelsurdigital.com.ar\/?p=1941"},"author":{"name":"Diario del Sur Digital","@id":"https:\/\/diariodelsurdigital.com.ar\/#\/schema\/person\/1a4992532ed62965c968031b49195c81"},"headline":"Fuerte cr\u00edtica de Milei al Senado por el rechazo de los pliegos de Lijo y Mansilla: \u201cEs el refugio de la casta pol\u00edtica\u201d","datePublished":"2025-04-04T11:50:20+00:00","dateModified":"2025-04-04T11:50:21+00:00","mainEntityOfPage":{"@id":"https:\/\/diariodelsurdigital.com.ar\/?p=1941"},"wordCount":872,"commentCount":0,"image":{"@id":"https:\/\/diariodelsurdigital.com.ar\/?p=1941#primaryimage"},"thumbnailUrl":"https:\/\/diariodelsurdigital.com.ar\/wp-content\/uploads\/2025\/04\/md-38.webp","articleSection":["Nacionales","Pol\u00edtica"],"inLanguage":"es","potentialAction":[{"@type":"CommentAction","name":"Comment","target":["https:\/\/diariodelsurdigital.com.ar\/?p=1941#respond"]}]},{"@type":"WebPage","@id":"https:\/\/diariodelsurdigital.com.ar\/?p=1941","url":"https:\/\/diariodelsurdigital.com.ar\/?p=1941","name":"Fuerte cr\u00edtica de Milei al Senado por el rechazo de los pliegos de Lijo y Mansilla: \u201cEs el refugio de la casta pol\u00edtica\u201d - Diario del Sur","isPartOf":{"@id":"https:\/\/diariodelsurdigital.com.ar\/#website"},"primaryImageOfPage":{"@id":"https:\/\/diariodelsurdigital.com.ar\/?p=1941#primaryimage"},"image":{"@id":"https:\/\/diariodelsurdigital.com.ar\/?p=1941#primaryimage"},"thumbnailUrl":"https:\/\/diariodelsurdigital.com.ar\/wp-content\/uploads\/2025\/04\/md-38.webp","datePublished":"2025-04-04T11:50:20+00:00","dateModified":"2025-04-04T11:50:21+00:00","author":{"@id":"https:\/\/diariodelsurdigital.com.ar\/#\/schema\/person\/1a4992532ed62965c968031b49195c81"},"breadcrumb":{"@id":"https:\/\/diariodelsurdigital.com.ar\/?p=1941#breadcrumb"},"inLanguage":"es","potentialAction":[{"@type":"ReadAction","target":["https:\/\/diariodelsurdigital.com.ar\/?p=1941"]}]},{"@type":"ImageObject","inLanguage":"es","@id":"https:\/\/diariodelsurdigital.com.ar\/?p=1941#primaryimage","url":"https:\/\/diariodelsurdigital.com.ar\/wp-content\/uploads\/2025\/04\/md-38.webp","contentUrl":"https:\/\/diariodelsurdigital.com.ar\/wp-content\/uploads\/2025\/04\/md-38.webp","width":992,"height":651},{"@type":"BreadcrumbList","@id":"https:\/\/diariodelsurdigital.com.ar\/?p=1941#breadcrumb","itemListElement":[{"@type":"ListItem","position":1,"name":"Portada","item":"https:\/\/diariodelsurdigital.com.ar\/"},{"@type":"ListItem","position":2,"name":"Fuerte cr\u00edtica de Milei al Senado por el rechazo de los pliegos de Lijo y Mansilla: \u201cEs el refugio de la casta pol\u00edtica\u201d"}]},{"@type":"WebSite","@id":"https:\/\/diariodelsurdigital.com.ar\/#website","url":"https:\/\/diariodelsurdigital.com.ar\/","name":"Diario del Sur","description":"Digital","potentialAction":[{"@type":"SearchAction","target":{"@type":"EntryPoint","urlTemplate":"https:\/\/diariodelsurdigital.com.ar\/?s={search_term_string}"},"query-input":{"@type":"PropertyValueSpecification","valueRequired":true,"valueName":"search_term_string"}}],"inLanguage":"es"},{"@type":"Person","@id":"https:\/\/diariodelsurdigital.com.ar\/#\/schema\/person\/1a4992532ed62965c968031b49195c81","name":"Diario del Sur Digital","image":{"@type":"ImageObject","inLanguage":"es","@id":"https:\/\/secure.gravatar.com\/avatar\/f0c7c47fc7146d19828273b9b8eda651c9c7ab583767e6338d3d3bee825adf76?s=96&d=mm&r=g","url":"https:\/\/secure.gravatar.com\/avatar\/f0c7c47fc7146d19828273b9b8eda651c9c7ab583767e6338d3d3bee825adf76?s=96&d=mm&r=g","contentUrl":"https:\/\/secure.gravatar.com\/avatar\/f0c7c47fc7146d19828273b9b8eda651c9c7ab583767e6338d3d3bee825adf76?s=96&d=mm&r=g","caption":"Diario del Sur Digital"},"url":"https:\/\/diariodelsurdigital.com.ar\/?author=4"}]}},"_links":{"self":[{"href":"https:\/\/diariodelsurdigital.com.ar\/index.php?rest_route=\/wp\/v2\/posts\/1941","targetHints":{"allow":["GET"]}}],"collection":[{"href":"https:\/\/diariodelsurdigital.com.ar\/index.php?rest_route=\/wp\/v2\/posts"}],"about":[{"href":"https:\/\/diariodelsurdigital.com.ar\/index.php?rest_route=\/wp\/v2\/types\/post"}],"author":[{"embeddable":true,"href":"https:\/\/diariodelsurdigital.com.ar\/index.php?rest_route=\/wp\/v2\/users\/4"}],"replies":[{"embeddable":true,"href":"https:\/\/diariodelsurdigital.com.ar\/index.php?rest_route=%2Fwp%2Fv2%2Fcomments&post=1941"}],"version-history":[{"count":1,"href":"https:\/\/diariodelsurdigital.com.ar\/index.php?rest_route=\/wp\/v2\/posts\/1941\/revisions"}],"predecessor-version":[{"id":1943,"href":"https:\/\/diariodelsurdigital.com.ar\/index.php?rest_route=\/wp\/v2\/posts\/1941\/revisions\/1943"}],"wp:featuredmedia":[{"embeddable":true,"href":"https:\/\/diariodelsurdigital.com.ar\/index.php?rest_route=\/wp\/v2\/media\/1942"}],"wp:attachment":[{"href":"https:\/\/diariodelsurdigital.com.ar\/index.php?rest_route=%2Fwp%2Fv2%2Fmedia&parent=1941"}],"wp:term":[{"taxonomy":"category","embeddable":true,"href":"https:\/\/diariodelsurdigital.com.ar\/index.php?rest_route=%2Fwp%2Fv2%2Fcategories&post=1941"},{"taxonomy":"post_tag","embeddable":true,"href":"https:\/\/diariodelsurdigital.com.ar\/index.php?rest_route=%2Fwp%2Fv2%2Ftags&post=1941"}],"curies":[{"name":"wp","href":"https:\/\/api.w.org\/{rel}","templated":true}]}}