{"id":1956,"date":"2025-04-06T21:06:25","date_gmt":"2025-04-07T00:06:25","guid":{"rendered":"https:\/\/diariodelsurdigital.com.ar\/?p=1956"},"modified":"2025-04-06T21:06:26","modified_gmt":"2025-04-07T00:06:26","slug":"juan-jose-cornu-presentara-su-nuevo-libro-covid-19-el-terror","status":"publish","type":"post","link":"https:\/\/diariodelsurdigital.com.ar\/?p=1956","title":{"rendered":"Juan Jos\u00e9 Corn\u00fa presentar\u00e1 su nuevo libro: \u201cCovid 19, El Terror\u201d"},"content":{"rendered":"\n<p><\/p>\n\n\n\n<p>El periodista y profesor de historia, Juan Jos\u00e9 Corn\u00fa, presentar\u00e1 su nuevo libro denominado \u201cCovid 19, El Terror\u201d. La obra ser\u00e1 presentada este viernes, 11 de abril, a las 19 horas, en la sede de la Uni\u00f3n Ferroviaria de calle Rivadav\u00eda N\u00b0690 de Concordia.<\/p>\n\n\n\n<p>El autor indic\u00f3 a <strong>Diario del SUR Digital <\/strong>que \u201cLa obra tiene que ver con lo vivido al final del 2019 y de all\u00ed unos tres a\u00f1os posteriores. Su abordaje est\u00e1 hecho desde un punto de vista pol\u00e9mico y tiene que ver con datos oficiales como la Organizaci\u00f3n Mundial de la Salud y la informaci\u00f3n de los gobiernos que actuaron frente a ese flagelo. \u00a0Pero tambi\u00e9n no se deja de lado las teor\u00edas de la conspiraci\u00f3n en donde hubo actores que de alguna manera contribuyeron al desarme de la OMS y el gran negocio de las corporaciones farmac\u00e9uticas que son propiedades de los megamillonarios mundiales\u201d, indic\u00f3 Corn\u00fa.<\/p>\n\n\n\n<p>El docente agreg\u00f3 que, \u201cEl libro es abarcativo de los hechos ocurridos a nivel internacional, con breves rese\u00f1as de lo que pas\u00f3 en algunos pa\u00edses, pero haciendo eje en lo que pas\u00f3 en nuestro pa\u00eds. El encierro que sufrimos. El no poder despedir a nuestros familiares fallecidos, pero mientras esto suced\u00eda, a su vez se realizaban fiestas en la Residencia de Olivos, la visita a la familia Moyano sin ning\u00fan tipo de precauci\u00f3n, el velatorio de Maradona en donde todo fue ca\u00f3tico y sin ning\u00fan tipo de control. Todo esto te llega a reafirmar algunas teor\u00edas conspirativas\u201d.<\/p>\n\n\n\n<p>Corn\u00fa afirm\u00f3 que, \u201cYo no intento ser el due\u00f1o de la palabra, ni que tengo la verdad revelada. Simplemente es un aporte, una mirada de la realidad, distinta a la oficial, pero que tiene datos sostenidos por personas con mucha mas capacidad que yo y que est\u00e1n especializados en el tema\u201d.<\/p>\n\n\n\n<p>Por \u00faltimo, Corn\u00fa se\u00f1al\u00f3 que en su obra est\u00e1 tambi\u00e9n lo que pas\u00f3 en Concordia, en donde a los ciudadanos se les exig\u00edan barbijo, distancia, etc., pero uno ve\u00eda a los funcionarios de gobierno que viajaban libremente, sin ning\u00fan tipo de control\u201d, finaliz\u00f3.<\/p>\n","protected":false},"excerpt":{"rendered":"<p>El periodista y profesor de historia, Juan Jos\u00e9 Corn\u00fa, presentar\u00e1 su nuevo libro denominado \u201cCovid 19, El Terror\u201d. La obra ser\u00e1 presentada este viernes, 11 de abril, a las 19 horas, en la sede de la Uni\u00f3n Ferroviaria de calle Rivadav\u00eda N\u00b0690 de Concordia. El autor indic\u00f3 a Diario del SUR Digital que \u201cLa obra [&hellip;]<\/p>\n","protected":false},"author":2,"featured_media":1957,"comment_status":"open","ping_status":"open","sticky":false,"template":"","format":"standard","meta":{"footnotes":""},"categories":[16],"tags":[],"class_list":{"0":"post-1956","1":"post","2":"type-post","3":"status-publish","4":"format-standard","5":"has-post-thumbnail","7":"category-locales"},"yoast_head":"<!-- This site is optimized with the Yoast SEO plugin v27.4 - https:\/\/yoast.com\/product\/yoast-seo-wordpress\/ -->\n<title>Juan Jos\u00e9 Corn\u00fa presentar\u00e1 su nuevo libro: \u201cCovid 19, El Terror\u201d - Diario del Sur<\/title>\n<meta name=\"robots\" content=\"index, follow, max-snippet:-1, max-image-preview:large, max-video-preview:-1\" \/>\n<link rel=\"canonical\" href=\"https:\/\/diariodelsurdigital.com.ar\/?p=1956\" \/>\n<meta property=\"og:locale\" content=\"es_ES\" \/>\n<meta property=\"og:type\" content=\"article\" \/>\n<meta property=\"og:title\" content=\"Juan Jos\u00e9 Corn\u00fa presentar\u00e1 su nuevo libro: \u201cCovid 19, El Terror\u201d - Diario del Sur\" \/>\n<meta property=\"og:description\" content=\"El periodista y profesor de historia, Juan Jos\u00e9 Corn\u00fa, presentar\u00e1 su nuevo libro denominado \u201cCovid 19, El Terror\u201d. La obra ser\u00e1 presentada este viernes, 11 de abril, a las 19 horas, en la sede de la Uni\u00f3n Ferroviaria de calle Rivadav\u00eda N\u00b0690 de Concordia. El autor indic\u00f3 a Diario del SUR Digital que \u201cLa obra [&hellip;]\" \/>\n<meta property=\"og:url\" content=\"https:\/\/diariodelsurdigital.com.ar\/?p=1956\" \/>\n<meta property=\"og:site_name\" content=\"Diario del Sur\" \/>\n<meta property=\"article:published_time\" content=\"2025-04-07T00:06:25+00:00\" \/>\n<meta property=\"article:modified_time\" content=\"2025-04-07T00:06:26+00:00\" \/>\n<meta property=\"og:image\" content=\"https:\/\/diariodelsurdigital.com.ar\/wp-content\/uploads\/2025\/04\/Imagen-de-WhatsApp-2025-04-04-a-las-19.07.56_bc0d1900.jpg\" \/>\n\t<meta property=\"og:image:width\" content=\"388\" \/>\n\t<meta property=\"og:image:height\" content=\"307\" \/>\n\t<meta property=\"og:image:type\" content=\"image\/jpeg\" \/>\n<meta name=\"author\" content=\"Diario del Sur Digital\" \/>\n<meta name=\"twitter:card\" content=\"summary_large_image\" \/>\n<meta name=\"twitter:label1\" content=\"Escrito por\" \/>\n\t<meta name=\"twitter:data1\" content=\"Diario del Sur Digital\" \/>\n\t<meta name=\"twitter:label2\" content=\"Tiempo de lectura\" \/>\n\t<meta name=\"twitter:data2\" content=\"2 minutos\" \/>\n<script type=\"application\/ld+json\" class=\"yoast-schema-graph\">{\"@context\":\"https:\\\/\\\/schema.org\",\"@graph\":[{\"@type\":\"Article\",\"@id\":\"https:\\\/\\\/diariodelsurdigital.com.ar\\\/?p=1956#article\",\"isPartOf\":{\"@id\":\"https:\\\/\\\/diariodelsurdigital.com.ar\\\/?p=1956\"},\"author\":{\"name\":\"Diario del Sur Digital\",\"@id\":\"https:\\\/\\\/diariodelsurdigital.com.ar\\\/#\\\/schema\\\/person\\\/6136a32571657f7dba980b88b04c5465\"},\"headline\":\"Juan Jos\u00e9 Corn\u00fa presentar\u00e1 su nuevo libro: \u201cCovid 19, El Terror\u201d\",\"datePublished\":\"2025-04-07T00:06:25+00:00\",\"dateModified\":\"2025-04-07T00:06:26+00:00\",\"mainEntityOfPage\":{\"@id\":\"https:\\\/\\\/diariodelsurdigital.com.ar\\\/?p=1956\"},\"wordCount\":374,\"commentCount\":0,\"image\":{\"@id\":\"https:\\\/\\\/diariodelsurdigital.com.ar\\\/?p=1956#primaryimage\"},\"thumbnailUrl\":\"https:\\\/\\\/diariodelsurdigital.com.ar\\\/wp-content\\\/uploads\\\/2025\\\/04\\\/Imagen-de-WhatsApp-2025-04-04-a-las-19.07.56_bc0d1900.jpg\",\"articleSection\":[\"Locales\"],\"inLanguage\":\"es\",\"potentialAction\":[{\"@type\":\"CommentAction\",\"name\":\"Comment\",\"target\":[\"https:\\\/\\\/diariodelsurdigital.com.ar\\\/?p=1956#respond\"]}]},{\"@type\":\"WebPage\",\"@id\":\"https:\\\/\\\/diariodelsurdigital.com.ar\\\/?p=1956\",\"url\":\"https:\\\/\\\/diariodelsurdigital.com.ar\\\/?p=1956\",\"name\":\"Juan Jos\u00e9 Corn\u00fa presentar\u00e1 su nuevo libro: \u201cCovid 19, El Terror\u201d - Diario del Sur\",\"isPartOf\":{\"@id\":\"https:\\\/\\\/diariodelsurdigital.com.ar\\\/#website\"},\"primaryImageOfPage\":{\"@id\":\"https:\\\/\\\/diariodelsurdigital.com.ar\\\/?p=1956#primaryimage\"},\"image\":{\"@id\":\"https:\\\/\\\/diariodelsurdigital.com.ar\\\/?p=1956#primaryimage\"},\"thumbnailUrl\":\"https:\\\/\\\/diariodelsurdigital.com.ar\\\/wp-content\\\/uploads\\\/2025\\\/04\\\/Imagen-de-WhatsApp-2025-04-04-a-las-19.07.56_bc0d1900.jpg\",\"datePublished\":\"2025-04-07T00:06:25+00:00\",\"dateModified\":\"2025-04-07T00:06:26+00:00\",\"author\":{\"@id\":\"https:\\\/\\\/diariodelsurdigital.com.ar\\\/#\\\/schema\\\/person\\\/6136a32571657f7dba980b88b04c5465\"},\"breadcrumb\":{\"@id\":\"https:\\\/\\\/diariodelsurdigital.com.ar\\\/?p=1956#breadcrumb\"},\"inLanguage\":\"es\",\"potentialAction\":[{\"@type\":\"ReadAction\",\"target\":[\"https:\\\/\\\/diariodelsurdigital.com.ar\\\/?p=1956\"]}]},{\"@type\":\"ImageObject\",\"inLanguage\":\"es\",\"@id\":\"https:\\\/\\\/diariodelsurdigital.com.ar\\\/?p=1956#primaryimage\",\"url\":\"https:\\\/\\\/diariodelsurdigital.com.ar\\\/wp-content\\\/uploads\\\/2025\\\/04\\\/Imagen-de-WhatsApp-2025-04-04-a-las-19.07.56_bc0d1900.jpg\",\"contentUrl\":\"https:\\\/\\\/diariodelsurdigital.com.ar\\\/wp-content\\\/uploads\\\/2025\\\/04\\\/Imagen-de-WhatsApp-2025-04-04-a-las-19.07.56_bc0d1900.jpg\",\"width\":388,\"height\":307},{\"@type\":\"BreadcrumbList\",\"@id\":\"https:\\\/\\\/diariodelsurdigital.com.ar\\\/?p=1956#breadcrumb\",\"itemListElement\":[{\"@type\":\"ListItem\",\"position\":1,\"name\":\"Portada\",\"item\":\"https:\\\/\\\/diariodelsurdigital.com.ar\\\/\"},{\"@type\":\"ListItem\",\"position\":2,\"name\":\"Juan Jos\u00e9 Corn\u00fa presentar\u00e1 su nuevo libro: \u201cCovid 19, El Terror\u201d\"}]},{\"@type\":\"WebSite\",\"@id\":\"https:\\\/\\\/diariodelsurdigital.com.ar\\\/#website\",\"url\":\"https:\\\/\\\/diariodelsurdigital.com.ar\\\/\",\"name\":\"Diario del Sur\",\"description\":\"Digital\",\"potentialAction\":[{\"@type\":\"SearchAction\",\"target\":{\"@type\":\"EntryPoint\",\"urlTemplate\":\"https:\\\/\\\/diariodelsurdigital.com.ar\\\/?s={search_term_string}\"},\"query-input\":{\"@type\":\"PropertyValueSpecification\",\"valueRequired\":true,\"valueName\":\"search_term_string\"}}],\"inLanguage\":\"es\"},{\"@type\":\"Person\",\"@id\":\"https:\\\/\\\/diariodelsurdigital.com.ar\\\/#\\\/schema\\\/person\\\/6136a32571657f7dba980b88b04c5465\",\"name\":\"Diario del Sur Digital\",\"image\":{\"@type\":\"ImageObject\",\"inLanguage\":\"es\",\"@id\":\"https:\\\/\\\/secure.gravatar.com\\\/avatar\\\/4c29ceac98541dd42460b2474aaa5dd37594d6ce6cb3cf2c101d09b48ee287ba?s=96&d=mm&r=g\",\"url\":\"https:\\\/\\\/secure.gravatar.com\\\/avatar\\\/4c29ceac98541dd42460b2474aaa5dd37594d6ce6cb3cf2c101d09b48ee287ba?s=96&d=mm&r=g\",\"contentUrl\":\"https:\\\/\\\/secure.gravatar.com\\\/avatar\\\/4c29ceac98541dd42460b2474aaa5dd37594d6ce6cb3cf2c101d09b48ee287ba?s=96&d=mm&r=g\",\"caption\":\"Diario del Sur Digital\"},\"url\":\"https:\\\/\\\/diariodelsurdigital.com.ar\\\/?author=2\"}]}<\/script>\n<!-- \/ Yoast SEO plugin. -->","yoast_head_json":{"title":"Juan Jos\u00e9 Corn\u00fa presentar\u00e1 su nuevo libro: \u201cCovid 19, El Terror\u201d - Diario del Sur","robots":{"index":"index","follow":"follow","max-snippet":"max-snippet:-1","max-image-preview":"max-image-preview:large","max-video-preview":"max-video-preview:-1"},"canonical":"https:\/\/diariodelsurdigital.com.ar\/?p=1956","og_locale":"es_ES","og_type":"article","og_title":"Juan Jos\u00e9 Corn\u00fa presentar\u00e1 su nuevo libro: \u201cCovid 19, El Terror\u201d - Diario del Sur","og_description":"El periodista y profesor de historia, Juan Jos\u00e9 Corn\u00fa, presentar\u00e1 su nuevo libro denominado \u201cCovid 19, El Terror\u201d. La obra ser\u00e1 presentada este viernes, 11 de abril, a las 19 horas, en la sede de la Uni\u00f3n Ferroviaria de calle Rivadav\u00eda N\u00b0690 de Concordia. El autor indic\u00f3 a Diario del SUR Digital que \u201cLa obra [&hellip;]","og_url":"https:\/\/diariodelsurdigital.com.ar\/?p=1956","og_site_name":"Diario del Sur","article_published_time":"2025-04-07T00:06:25+00:00","article_modified_time":"2025-04-07T00:06:26+00:00","og_image":[{"width":388,"height":307,"url":"https:\/\/diariodelsurdigital.com.ar\/wp-content\/uploads\/2025\/04\/Imagen-de-WhatsApp-2025-04-04-a-las-19.07.56_bc0d1900.jpg","type":"image\/jpeg"}],"author":"Diario del Sur Digital","twitter_card":"summary_large_image","twitter_misc":{"Escrito por":"Diario del Sur Digital","Tiempo de lectura":"2 minutos"},"schema":{"@context":"https:\/\/schema.org","@graph":[{"@type":"Article","@id":"https:\/\/diariodelsurdigital.com.ar\/?p=1956#article","isPartOf":{"@id":"https:\/\/diariodelsurdigital.com.ar\/?p=1956"},"author":{"name":"Diario del Sur Digital","@id":"https:\/\/diariodelsurdigital.com.ar\/#\/schema\/person\/6136a32571657f7dba980b88b04c5465"},"headline":"Juan Jos\u00e9 Corn\u00fa presentar\u00e1 su nuevo libro: \u201cCovid 19, El Terror\u201d","datePublished":"2025-04-07T00:06:25+00:00","dateModified":"2025-04-07T00:06:26+00:00","mainEntityOfPage":{"@id":"https:\/\/diariodelsurdigital.com.ar\/?p=1956"},"wordCount":374,"commentCount":0,"image":{"@id":"https:\/\/diariodelsurdigital.com.ar\/?p=1956#primaryimage"},"thumbnailUrl":"https:\/\/diariodelsurdigital.com.ar\/wp-content\/uploads\/2025\/04\/Imagen-de-WhatsApp-2025-04-04-a-las-19.07.56_bc0d1900.jpg","articleSection":["Locales"],"inLanguage":"es","potentialAction":[{"@type":"CommentAction","name":"Comment","target":["https:\/\/diariodelsurdigital.com.ar\/?p=1956#respond"]}]},{"@type":"WebPage","@id":"https:\/\/diariodelsurdigital.com.ar\/?p=1956","url":"https:\/\/diariodelsurdigital.com.ar\/?p=1956","name":"Juan Jos\u00e9 Corn\u00fa presentar\u00e1 su nuevo libro: \u201cCovid 19, El Terror\u201d - Diario del Sur","isPartOf":{"@id":"https:\/\/diariodelsurdigital.com.ar\/#website"},"primaryImageOfPage":{"@id":"https:\/\/diariodelsurdigital.com.ar\/?p=1956#primaryimage"},"image":{"@id":"https:\/\/diariodelsurdigital.com.ar\/?p=1956#primaryimage"},"thumbnailUrl":"https:\/\/diariodelsurdigital.com.ar\/wp-content\/uploads\/2025\/04\/Imagen-de-WhatsApp-2025-04-04-a-las-19.07.56_bc0d1900.jpg","datePublished":"2025-04-07T00:06:25+00:00","dateModified":"2025-04-07T00:06:26+00:00","author":{"@id":"https:\/\/diariodelsurdigital.com.ar\/#\/schema\/person\/6136a32571657f7dba980b88b04c5465"},"breadcrumb":{"@id":"https:\/\/diariodelsurdigital.com.ar\/?p=1956#breadcrumb"},"inLanguage":"es","potentialAction":[{"@type":"ReadAction","target":["https:\/\/diariodelsurdigital.com.ar\/?p=1956"]}]},{"@type":"ImageObject","inLanguage":"es","@id":"https:\/\/diariodelsurdigital.com.ar\/?p=1956#primaryimage","url":"https:\/\/diariodelsurdigital.com.ar\/wp-content\/uploads\/2025\/04\/Imagen-de-WhatsApp-2025-04-04-a-las-19.07.56_bc0d1900.jpg","contentUrl":"https:\/\/diariodelsurdigital.com.ar\/wp-content\/uploads\/2025\/04\/Imagen-de-WhatsApp-2025-04-04-a-las-19.07.56_bc0d1900.jpg","width":388,"height":307},{"@type":"BreadcrumbList","@id":"https:\/\/diariodelsurdigital.com.ar\/?p=1956#breadcrumb","itemListElement":[{"@type":"ListItem","position":1,"name":"Portada","item":"https:\/\/diariodelsurdigital.com.ar\/"},{"@type":"ListItem","position":2,"name":"Juan Jos\u00e9 Corn\u00fa presentar\u00e1 su nuevo libro: \u201cCovid 19, El Terror\u201d"}]},{"@type":"WebSite","@id":"https:\/\/diariodelsurdigital.com.ar\/#website","url":"https:\/\/diariodelsurdigital.com.ar\/","name":"Diario del Sur","description":"Digital","potentialAction":[{"@type":"SearchAction","target":{"@type":"EntryPoint","urlTemplate":"https:\/\/diariodelsurdigital.com.ar\/?s={search_term_string}"},"query-input":{"@type":"PropertyValueSpecification","valueRequired":true,"valueName":"search_term_string"}}],"inLanguage":"es"},{"@type":"Person","@id":"https:\/\/diariodelsurdigital.com.ar\/#\/schema\/person\/6136a32571657f7dba980b88b04c5465","name":"Diario del Sur Digital","image":{"@type":"ImageObject","inLanguage":"es","@id":"https:\/\/secure.gravatar.com\/avatar\/4c29ceac98541dd42460b2474aaa5dd37594d6ce6cb3cf2c101d09b48ee287ba?s=96&d=mm&r=g","url":"https:\/\/secure.gravatar.com\/avatar\/4c29ceac98541dd42460b2474aaa5dd37594d6ce6cb3cf2c101d09b48ee287ba?s=96&d=mm&r=g","contentUrl":"https:\/\/secure.gravatar.com\/avatar\/4c29ceac98541dd42460b2474aaa5dd37594d6ce6cb3cf2c101d09b48ee287ba?s=96&d=mm&r=g","caption":"Diario del Sur Digital"},"url":"https:\/\/diariodelsurdigital.com.ar\/?author=2"}]}},"_links":{"self":[{"href":"https:\/\/diariodelsurdigital.com.ar\/index.php?rest_route=\/wp\/v2\/posts\/1956","targetHints":{"allow":["GET"]}}],"collection":[{"href":"https:\/\/diariodelsurdigital.com.ar\/index.php?rest_route=\/wp\/v2\/posts"}],"about":[{"href":"https:\/\/diariodelsurdigital.com.ar\/index.php?rest_route=\/wp\/v2\/types\/post"}],"author":[{"embeddable":true,"href":"https:\/\/diariodelsurdigital.com.ar\/index.php?rest_route=\/wp\/v2\/users\/2"}],"replies":[{"embeddable":true,"href":"https:\/\/diariodelsurdigital.com.ar\/index.php?rest_route=%2Fwp%2Fv2%2Fcomments&post=1956"}],"version-history":[{"count":1,"href":"https:\/\/diariodelsurdigital.com.ar\/index.php?rest_route=\/wp\/v2\/posts\/1956\/revisions"}],"predecessor-version":[{"id":1958,"href":"https:\/\/diariodelsurdigital.com.ar\/index.php?rest_route=\/wp\/v2\/posts\/1956\/revisions\/1958"}],"wp:featuredmedia":[{"embeddable":true,"href":"https:\/\/diariodelsurdigital.com.ar\/index.php?rest_route=\/wp\/v2\/media\/1957"}],"wp:attachment":[{"href":"https:\/\/diariodelsurdigital.com.ar\/index.php?rest_route=%2Fwp%2Fv2%2Fmedia&parent=1956"}],"wp:term":[{"taxonomy":"category","embeddable":true,"href":"https:\/\/diariodelsurdigital.com.ar\/index.php?rest_route=%2Fwp%2Fv2%2Fcategories&post=1956"},{"taxonomy":"post_tag","embeddable":true,"href":"https:\/\/diariodelsurdigital.com.ar\/index.php?rest_route=%2Fwp%2Fv2%2Ftags&post=1956"}],"curies":[{"name":"wp","href":"https:\/\/api.w.org\/{rel}","templated":true}]}}