{"id":1970,"date":"2025-04-07T16:09:21","date_gmt":"2025-04-07T19:09:21","guid":{"rendered":"https:\/\/diariodelsurdigital.com.ar\/?p=1970"},"modified":"2025-04-07T16:09:22","modified_gmt":"2025-04-07T19:09:22","slug":"confirmaron-el-procesamiento-de-la-modelo-boliviana-que-aterrizo-con-360-kilos-de-cocaina-en-el-sur-entrerriano","status":"publish","type":"post","link":"https:\/\/diariodelsurdigital.com.ar\/?p=1970","title":{"rendered":"Confirmaron el procesamiento de la modelo boliviana que aterriz\u00f3 con 360 kilos de coca\u00edna en el sur entrerriano"},"content":{"rendered":"\n<p>La C\u00e1mara Federal de Apelaciones de Paran\u00e1, rechaz\u00f3 la apelaci\u00f3n presentada por la defensa de Jade Isabela Callau Barriga, de 21 a\u00f1os, la joven boliviana que fue detenida junto a un piloto brasile\u00f1o por los casi 360 kilos de coca\u00edna que llevaban en una avioneta que tuvo un aterrizaje forzoso en el sur de Entre R\u00edos. De este modo, confirmaron el procesamiento y la prisi\u00f3n preventiva y el embargo de sus bienes.<\/p>\n\n\n\n<figure class=\"wp-block-image\"><img decoding=\"async\" src=\"https:\/\/apfdigital-s3.cdn.net.ar\/s3i233\/2024\/10\/apfdigital\/files\/88\/8832\/0bf8a98e16d6a6bc92e05f6920e0c74d122c3ea70402aa59bc06aa6d4d8a0974.gif\" alt=\"Publicidad\"\/><\/figure>\n\n\n\n<p><a href=\"https:\/\/www.apfdigital.com.ar\/policiales-y-judiciales\/\">Policiales y Judiciales<\/a><\/p>\n\n\n\n<h1 class=\"wp-block-heading\">Confirmaron el procesamiento de la modelo boliviana que aterriz\u00f3 con 360 kilos de coca\u00edna en el sur entrerriano<\/h1>\n\n\n\n<p>La C\u00e1mara Federal de Apelaciones de Paran\u00e1, rechaz\u00f3 la apelaci\u00f3n presentada por la defensa de Jade Isabela Callau Barriga, de 21 a\u00f1os, la joven boliviana que fue detenida junto a un piloto brasile\u00f1o por los casi 360 kilos de coca\u00edna que llevaban en una avioneta que tuvo un aterrizaje forzoso en el sur de Entre R\u00edos. De este modo, confirmaron el procesamiento y la prisi\u00f3n preventiva y el embargo de sus bienes.<\/p>\n\n\n\n<p>lunes 07 de abril de 2025 | 9:58hs.<\/p>\n\n\n\n<figure class=\"wp-block-image\"><img decoding=\"async\" src=\"https:\/\/apfdigital-s3.cdn.net.ar\/s3i233\/2025\/04\/apfdigital\/images\/01\/83\/14\/1831473_55b016d0958193005c435cfcaf48163551d67fb3eecff57d03cbad3340c5e523\/md.webp\" alt=\"\"\/><\/figure>\n\n\n\n<p>Los hechos investigados en esta causa se iniciaron el 22 de enero de 2025, a partir de un procedimiento realizado por la Polic\u00eda de Entre R\u00edos en un campo cercano a Holt Ibicuy, llamado \u201cCampo Grande\u201d, en el Departamento Islas. El mismo se origin\u00f3 por el informe de una persona cuya identidad se reserv\u00f3, quien comunic\u00f3 que una avioneta hab\u00eda aterrizado alrededor de las 20 en ese lugar.<\/p>\n\n\n\n<p>Seg\u00fan la informaci\u00f3n inicial, en la avioneta viajaban un ciudadano brasile\u00f1o que se identific\u00f3 como Carlos Costa D\u00edas (luego identificado como Leonardo Monte Alto Gusm\u00e3o) y una ciudadana boliviana llamada Jade Isabela Callau Barriga.<\/p>\n\n\n\n<p>Tras ser comunicado el Juzgado Federal de Gualeguaych\u00fa, se impartieron medidas a la polic\u00eda y se dio intervenci\u00f3n a la Gendarmer\u00eda Nacional. Dentro de la avioneta se encontraron 10 bultos que conten\u00edan 342 ladrillos envueltos, con un peso total de 358,9 kilos de clorhidrato de coca\u00edna. Tambi\u00e9n se hallaron cinco capuchones de pl\u00e1stico con 12,9 gramos de la misma sustancia y un cigarrillo artesanal de marihuana. Se procedi\u00f3 al secuestro de las sustancias y otros elementos relevantes para la investigaci\u00f3n.<\/p>\n\n\n\n<p>Al d\u00eda siguiente se produjo la detenci\u00f3n de Monte Alto Gusm\u00e3o y Callau Barriga en el Monumento de la cruz de madera en la localidad de Ibicuy. Ambos fueron encontrados mojados. Al divisar a la polic\u00eda, la mujer habr\u00eda intentado tirar su celular.<\/p>\n\n\n\n<p>En aquellos d\u00edas se conocieron luego detalles de la vida de la joven narcotraficante: Jade era reina de belleza de San Borja, un municipio de Beni, en el amazonas boliviano. Tiene 221 a\u00f1os y fue reina de belleza de la FexpoBorja en Bolivia, hace seis a\u00f1os. Adem\u00e1s, es la hija de un conocido jefe narco boliviano.<\/p>\n\n\n\n<p>La aeronave involucrada fue identificada inicialmente con la matr\u00edcula LV-GOP, debajo de la cual ten\u00eda otra que rezaba \u201cCP-3806\u201d. Posteriormente, se determin\u00f3 que era un avi\u00f3n Cessna, modelo 210E, fabricado en Estados Unidos en 1965, con matr\u00edcula argentina LV-GQA.<\/p>\n\n\n\n<p>Durante la investigaci\u00f3n, se tomaron testimonios de personas que trabajaban en locales comerciales en Holt Ibicuy, quienes manifestaron que una joven se hab\u00eda presentado solicitando dinero en efectivo a cambio de transferencias virtuales, mencionando en algunas ocasiones haber sufrido un accidente a\u00e9reo.<\/p>\n\n\n\n<p>Adem\u00e1s, en la investigaci\u00f3n se constat\u00f3 que Callau Barriga hab\u00eda denunciado a Leonardo Monte Alto Gusm\u00e3o por violencia dom\u00e9stica un mes antes de estos hechos.<\/p>\n\n\n\n<p>La Unidad de Inteligencia Criminal de la GNA inform\u00f3 que la mujer no registraba movimientos migratorios recientes, lo que suger\u00eda un ingreso ilegal al pa\u00eds.<\/p>\n\n\n\n<p>Finalmente, el 17 de febrero de 2025, el Juzgado Federal de Gualeguaych\u00fa dict\u00f3 el auto de procesamiento y prisi\u00f3n preventiva para ambos imputados por el delito de tr\u00e1fico de estupefacientes en la modalidad de transporte. A Leonardo Monte Alto Gusm\u00e3o tambi\u00e9n se le imput\u00f3 el delito de cohecho.<\/p>\n\n\n\n<p><strong>\u201cSin perspectiva de g\u00e9nero\u201d<\/strong><\/p>\n\n\n\n<p>La defensora p\u00fablica oficial de Callau Barriga, Walkyria Bertoli, present\u00f3 el recurso de apelaci\u00f3n, en el cual plante\u00f3, entre otros puntos:<\/p>\n\n\n\n<ul class=\"wp-block-list\">\n<li>Insuficiencia de pruebas para la coautor\u00eda: argument\u00f3 que la resoluci\u00f3n del juez federal no se sustenta en elementos de prueba suficientes para considerarla coautora del delito de transporte de estupefacientes. Afirm\u00f3 que la decisi\u00f3n se bas\u00f3 exclusivamente en su presencia en la aeronave, sin considerar sus circunstancias particulares.<\/li>\n\n\n\n<li>Solicit\u00f3 la nulidad de la declaraci\u00f3n indagatoria debido a la falta de notificaci\u00f3n de su derecho a tener asistencia consular, invocando el art\u00edculo 36 de la Convenci\u00f3n de Viena sobre Relaciones Consulares. Se\u00f1al\u00f3 irregularidades en la confecci\u00f3n y notificaci\u00f3n del acta relacionada con sus derechos.<\/li>\n\n\n\n<li>Cuestion\u00f3 que el procesamiento sostuviera su intervenci\u00f3n en la cadena de tr\u00e1fico, ya que no existir\u00eda ninguna prueba concreta que demostrara que tuvo dominio del hecho ni actos de disposici\u00f3n sobre la droga. Consider\u00f3 err\u00f3nea la interpretaci\u00f3n de que ten\u00eda \u00abco-dominio\u00bb junto con Monte Alto Gusm\u00e3o, y que la mera presencia f\u00edsica no configura coautor\u00eda.<\/li>\n\n\n\n<li>Destac\u00f3 la conducta de Callau Barriga despu\u00e9s del aterrizaje, como el recorrido que realiz\u00f3 en diferentes comercios pidiendo ayuda, acceso a Wi-Fi y cambio de dinero virtual por efectivo, lo que, seg\u00fan ella, refleja una conducta transparente e incompatible con la de una persona involucrada voluntariamente en el tr\u00e1fico de drogas.<\/li>\n\n\n\n<li>Cuestion\u00f3 que no se haya valorado la denuncia por violencia dom\u00e9stica realizada por su defendida contra Monte Alto Gusm\u00e3o un mes antes de los hechos, argumentando que su defendida no estaba en condiciones de ejercer dominio sobre el hecho ni de resistir la voluntad de su agresor. Aleg\u00f3 la omisi\u00f3n del an\u00e1lisis con perspectiva de g\u00e9nero.<\/li>\n\n\n\n<li>Sostuvo que no se examinaron individualmente los riesgos procesales de su asistida. Argument\u00f3 que cuenta con arraigo probado en Bolivia (estudiante universitaria con domicilio familiar estable), acredit\u00f3 su identidad, no tiene antecedentes penales, carece de medios para fugarse, y su condici\u00f3n de v\u00edctima demuestra su voluntad de someterse a la justicia. Neg\u00f3 la existencia de peligro de entorpecimiento de la investigaci\u00f3n y consider\u00f3 absurdo el an\u00e1lisis sobre un contacto en com\u00fan en Facebook.<\/li>\n<\/ul>\n","protected":false},"excerpt":{"rendered":"<p>La C\u00e1mara Federal de Apelaciones de Paran\u00e1, rechaz\u00f3 la apelaci\u00f3n presentada por la defensa de Jade Isabela Callau Barriga, de 21 a\u00f1os, la joven boliviana que fue detenida junto a un piloto brasile\u00f1o por los casi 360 kilos de coca\u00edna que llevaban en una avioneta que tuvo un aterrizaje forzoso en el sur de Entre [&hellip;]<\/p>\n","protected":false},"author":4,"featured_media":1971,"comment_status":"open","ping_status":"open","sticky":false,"template":"","format":"standard","meta":{"footnotes":""},"categories":[21,17],"tags":[],"class_list":{"0":"post-1970","1":"post","2":"type-post","3":"status-publish","4":"format-standard","5":"has-post-thumbnail","7":"category-policiales","8":"category-provinciales"},"yoast_head":"<!-- This site is optimized with the Yoast SEO plugin v27.4 - https:\/\/yoast.com\/product\/yoast-seo-wordpress\/ -->\n<title>Confirmaron el procesamiento de la modelo boliviana que aterriz\u00f3 con 360 kilos de coca\u00edna en el sur entrerriano - Diario del Sur<\/title>\n<meta name=\"robots\" content=\"index, follow, max-snippet:-1, max-image-preview:large, max-video-preview:-1\" \/>\n<link rel=\"canonical\" href=\"https:\/\/diariodelsurdigital.com.ar\/?p=1970\" \/>\n<meta property=\"og:locale\" content=\"es_ES\" \/>\n<meta property=\"og:type\" content=\"article\" \/>\n<meta property=\"og:title\" content=\"Confirmaron el procesamiento de la modelo boliviana que aterriz\u00f3 con 360 kilos de coca\u00edna en el sur entrerriano - Diario del Sur\" \/>\n<meta property=\"og:description\" content=\"La C\u00e1mara Federal de Apelaciones de Paran\u00e1, rechaz\u00f3 la apelaci\u00f3n presentada por la defensa de Jade Isabela Callau Barriga, de 21 a\u00f1os, la joven boliviana que fue detenida junto a un piloto brasile\u00f1o por los casi 360 kilos de coca\u00edna que llevaban en una avioneta que tuvo un aterrizaje forzoso en el sur de Entre [&hellip;]\" \/>\n<meta property=\"og:url\" content=\"https:\/\/diariodelsurdigital.com.ar\/?p=1970\" \/>\n<meta property=\"og:site_name\" content=\"Diario del Sur\" \/>\n<meta property=\"article:published_time\" content=\"2025-04-07T19:09:21+00:00\" \/>\n<meta property=\"article:modified_time\" content=\"2025-04-07T19:09:22+00:00\" \/>\n<meta property=\"og:image\" content=\"https:\/\/diariodelsurdigital.com.ar\/wp-content\/uploads\/2025\/04\/md-40.webp\" \/>\n\t<meta property=\"og:image:width\" content=\"992\" \/>\n\t<meta property=\"og:image:height\" content=\"655\" \/>\n\t<meta property=\"og:image:type\" content=\"image\/webp\" \/>\n<meta name=\"author\" content=\"Diario del Sur Digital\" \/>\n<meta name=\"twitter:card\" content=\"summary_large_image\" \/>\n<meta name=\"twitter:label1\" content=\"Escrito por\" \/>\n\t<meta name=\"twitter:data1\" content=\"Diario del Sur Digital\" \/>\n\t<meta name=\"twitter:label2\" content=\"Tiempo de lectura\" \/>\n\t<meta name=\"twitter:data2\" content=\"6 minutos\" \/>\n<script type=\"application\/ld+json\" class=\"yoast-schema-graph\">{\"@context\":\"https:\\\/\\\/schema.org\",\"@graph\":[{\"@type\":\"Article\",\"@id\":\"https:\\\/\\\/diariodelsurdigital.com.ar\\\/?p=1970#article\",\"isPartOf\":{\"@id\":\"https:\\\/\\\/diariodelsurdigital.com.ar\\\/?p=1970\"},\"author\":{\"name\":\"Diario del Sur Digital\",\"@id\":\"https:\\\/\\\/diariodelsurdigital.com.ar\\\/#\\\/schema\\\/person\\\/1a4992532ed62965c968031b49195c81\"},\"headline\":\"Confirmaron el procesamiento de la modelo boliviana que aterriz\u00f3 con 360 kilos de coca\u00edna en el sur entrerriano\",\"datePublished\":\"2025-04-07T19:09:21+00:00\",\"dateModified\":\"2025-04-07T19:09:22+00:00\",\"mainEntityOfPage\":{\"@id\":\"https:\\\/\\\/diariodelsurdigital.com.ar\\\/?p=1970\"},\"wordCount\":1078,\"commentCount\":0,\"image\":{\"@id\":\"https:\\\/\\\/diariodelsurdigital.com.ar\\\/?p=1970#primaryimage\"},\"thumbnailUrl\":\"https:\\\/\\\/diariodelsurdigital.com.ar\\\/wp-content\\\/uploads\\\/2025\\\/04\\\/md-40.webp\",\"articleSection\":[\"Policiales\",\"Provinciales\"],\"inLanguage\":\"es\",\"potentialAction\":[{\"@type\":\"CommentAction\",\"name\":\"Comment\",\"target\":[\"https:\\\/\\\/diariodelsurdigital.com.ar\\\/?p=1970#respond\"]}]},{\"@type\":\"WebPage\",\"@id\":\"https:\\\/\\\/diariodelsurdigital.com.ar\\\/?p=1970\",\"url\":\"https:\\\/\\\/diariodelsurdigital.com.ar\\\/?p=1970\",\"name\":\"Confirmaron el procesamiento de la modelo boliviana que aterriz\u00f3 con 360 kilos de coca\u00edna en el sur entrerriano - Diario del Sur\",\"isPartOf\":{\"@id\":\"https:\\\/\\\/diariodelsurdigital.com.ar\\\/#website\"},\"primaryImageOfPage\":{\"@id\":\"https:\\\/\\\/diariodelsurdigital.com.ar\\\/?p=1970#primaryimage\"},\"image\":{\"@id\":\"https:\\\/\\\/diariodelsurdigital.com.ar\\\/?p=1970#primaryimage\"},\"thumbnailUrl\":\"https:\\\/\\\/diariodelsurdigital.com.ar\\\/wp-content\\\/uploads\\\/2025\\\/04\\\/md-40.webp\",\"datePublished\":\"2025-04-07T19:09:21+00:00\",\"dateModified\":\"2025-04-07T19:09:22+00:00\",\"author\":{\"@id\":\"https:\\\/\\\/diariodelsurdigital.com.ar\\\/#\\\/schema\\\/person\\\/1a4992532ed62965c968031b49195c81\"},\"breadcrumb\":{\"@id\":\"https:\\\/\\\/diariodelsurdigital.com.ar\\\/?p=1970#breadcrumb\"},\"inLanguage\":\"es\",\"potentialAction\":[{\"@type\":\"ReadAction\",\"target\":[\"https:\\\/\\\/diariodelsurdigital.com.ar\\\/?p=1970\"]}]},{\"@type\":\"ImageObject\",\"inLanguage\":\"es\",\"@id\":\"https:\\\/\\\/diariodelsurdigital.com.ar\\\/?p=1970#primaryimage\",\"url\":\"https:\\\/\\\/diariodelsurdigital.com.ar\\\/wp-content\\\/uploads\\\/2025\\\/04\\\/md-40.webp\",\"contentUrl\":\"https:\\\/\\\/diariodelsurdigital.com.ar\\\/wp-content\\\/uploads\\\/2025\\\/04\\\/md-40.webp\",\"width\":992,\"height\":655},{\"@type\":\"BreadcrumbList\",\"@id\":\"https:\\\/\\\/diariodelsurdigital.com.ar\\\/?p=1970#breadcrumb\",\"itemListElement\":[{\"@type\":\"ListItem\",\"position\":1,\"name\":\"Portada\",\"item\":\"https:\\\/\\\/diariodelsurdigital.com.ar\\\/\"},{\"@type\":\"ListItem\",\"position\":2,\"name\":\"Confirmaron el procesamiento de la modelo boliviana que aterriz\u00f3 con 360 kilos de coca\u00edna en el sur entrerriano\"}]},{\"@type\":\"WebSite\",\"@id\":\"https:\\\/\\\/diariodelsurdigital.com.ar\\\/#website\",\"url\":\"https:\\\/\\\/diariodelsurdigital.com.ar\\\/\",\"name\":\"Diario del Sur\",\"description\":\"Digital\",\"potentialAction\":[{\"@type\":\"SearchAction\",\"target\":{\"@type\":\"EntryPoint\",\"urlTemplate\":\"https:\\\/\\\/diariodelsurdigital.com.ar\\\/?s={search_term_string}\"},\"query-input\":{\"@type\":\"PropertyValueSpecification\",\"valueRequired\":true,\"valueName\":\"search_term_string\"}}],\"inLanguage\":\"es\"},{\"@type\":\"Person\",\"@id\":\"https:\\\/\\\/diariodelsurdigital.com.ar\\\/#\\\/schema\\\/person\\\/1a4992532ed62965c968031b49195c81\",\"name\":\"Diario del Sur Digital\",\"image\":{\"@type\":\"ImageObject\",\"inLanguage\":\"es\",\"@id\":\"https:\\\/\\\/secure.gravatar.com\\\/avatar\\\/f0c7c47fc7146d19828273b9b8eda651c9c7ab583767e6338d3d3bee825adf76?s=96&d=mm&r=g\",\"url\":\"https:\\\/\\\/secure.gravatar.com\\\/avatar\\\/f0c7c47fc7146d19828273b9b8eda651c9c7ab583767e6338d3d3bee825adf76?s=96&d=mm&r=g\",\"contentUrl\":\"https:\\\/\\\/secure.gravatar.com\\\/avatar\\\/f0c7c47fc7146d19828273b9b8eda651c9c7ab583767e6338d3d3bee825adf76?s=96&d=mm&r=g\",\"caption\":\"Diario del Sur Digital\"},\"url\":\"https:\\\/\\\/diariodelsurdigital.com.ar\\\/?author=4\"}]}<\/script>\n<!-- \/ Yoast SEO plugin. -->","yoast_head_json":{"title":"Confirmaron el procesamiento de la modelo boliviana que aterriz\u00f3 con 360 kilos de coca\u00edna en el sur entrerriano - Diario del Sur","robots":{"index":"index","follow":"follow","max-snippet":"max-snippet:-1","max-image-preview":"max-image-preview:large","max-video-preview":"max-video-preview:-1"},"canonical":"https:\/\/diariodelsurdigital.com.ar\/?p=1970","og_locale":"es_ES","og_type":"article","og_title":"Confirmaron el procesamiento de la modelo boliviana que aterriz\u00f3 con 360 kilos de coca\u00edna en el sur entrerriano - Diario del Sur","og_description":"La C\u00e1mara Federal de Apelaciones de Paran\u00e1, rechaz\u00f3 la apelaci\u00f3n presentada por la defensa de Jade Isabela Callau Barriga, de 21 a\u00f1os, la joven boliviana que fue detenida junto a un piloto brasile\u00f1o por los casi 360 kilos de coca\u00edna que llevaban en una avioneta que tuvo un aterrizaje forzoso en el sur de Entre [&hellip;]","og_url":"https:\/\/diariodelsurdigital.com.ar\/?p=1970","og_site_name":"Diario del Sur","article_published_time":"2025-04-07T19:09:21+00:00","article_modified_time":"2025-04-07T19:09:22+00:00","og_image":[{"width":992,"height":655,"url":"https:\/\/diariodelsurdigital.com.ar\/wp-content\/uploads\/2025\/04\/md-40.webp","type":"image\/webp"}],"author":"Diario del Sur Digital","twitter_card":"summary_large_image","twitter_misc":{"Escrito por":"Diario del Sur Digital","Tiempo de lectura":"6 minutos"},"schema":{"@context":"https:\/\/schema.org","@graph":[{"@type":"Article","@id":"https:\/\/diariodelsurdigital.com.ar\/?p=1970#article","isPartOf":{"@id":"https:\/\/diariodelsurdigital.com.ar\/?p=1970"},"author":{"name":"Diario del Sur Digital","@id":"https:\/\/diariodelsurdigital.com.ar\/#\/schema\/person\/1a4992532ed62965c968031b49195c81"},"headline":"Confirmaron el procesamiento de la modelo boliviana que aterriz\u00f3 con 360 kilos de coca\u00edna en el sur entrerriano","datePublished":"2025-04-07T19:09:21+00:00","dateModified":"2025-04-07T19:09:22+00:00","mainEntityOfPage":{"@id":"https:\/\/diariodelsurdigital.com.ar\/?p=1970"},"wordCount":1078,"commentCount":0,"image":{"@id":"https:\/\/diariodelsurdigital.com.ar\/?p=1970#primaryimage"},"thumbnailUrl":"https:\/\/diariodelsurdigital.com.ar\/wp-content\/uploads\/2025\/04\/md-40.webp","articleSection":["Policiales","Provinciales"],"inLanguage":"es","potentialAction":[{"@type":"CommentAction","name":"Comment","target":["https:\/\/diariodelsurdigital.com.ar\/?p=1970#respond"]}]},{"@type":"WebPage","@id":"https:\/\/diariodelsurdigital.com.ar\/?p=1970","url":"https:\/\/diariodelsurdigital.com.ar\/?p=1970","name":"Confirmaron el procesamiento de la modelo boliviana que aterriz\u00f3 con 360 kilos de coca\u00edna en el sur entrerriano - Diario del Sur","isPartOf":{"@id":"https:\/\/diariodelsurdigital.com.ar\/#website"},"primaryImageOfPage":{"@id":"https:\/\/diariodelsurdigital.com.ar\/?p=1970#primaryimage"},"image":{"@id":"https:\/\/diariodelsurdigital.com.ar\/?p=1970#primaryimage"},"thumbnailUrl":"https:\/\/diariodelsurdigital.com.ar\/wp-content\/uploads\/2025\/04\/md-40.webp","datePublished":"2025-04-07T19:09:21+00:00","dateModified":"2025-04-07T19:09:22+00:00","author":{"@id":"https:\/\/diariodelsurdigital.com.ar\/#\/schema\/person\/1a4992532ed62965c968031b49195c81"},"breadcrumb":{"@id":"https:\/\/diariodelsurdigital.com.ar\/?p=1970#breadcrumb"},"inLanguage":"es","potentialAction":[{"@type":"ReadAction","target":["https:\/\/diariodelsurdigital.com.ar\/?p=1970"]}]},{"@type":"ImageObject","inLanguage":"es","@id":"https:\/\/diariodelsurdigital.com.ar\/?p=1970#primaryimage","url":"https:\/\/diariodelsurdigital.com.ar\/wp-content\/uploads\/2025\/04\/md-40.webp","contentUrl":"https:\/\/diariodelsurdigital.com.ar\/wp-content\/uploads\/2025\/04\/md-40.webp","width":992,"height":655},{"@type":"BreadcrumbList","@id":"https:\/\/diariodelsurdigital.com.ar\/?p=1970#breadcrumb","itemListElement":[{"@type":"ListItem","position":1,"name":"Portada","item":"https:\/\/diariodelsurdigital.com.ar\/"},{"@type":"ListItem","position":2,"name":"Confirmaron el procesamiento de la modelo boliviana que aterriz\u00f3 con 360 kilos de coca\u00edna en el sur entrerriano"}]},{"@type":"WebSite","@id":"https:\/\/diariodelsurdigital.com.ar\/#website","url":"https:\/\/diariodelsurdigital.com.ar\/","name":"Diario del Sur","description":"Digital","potentialAction":[{"@type":"SearchAction","target":{"@type":"EntryPoint","urlTemplate":"https:\/\/diariodelsurdigital.com.ar\/?s={search_term_string}"},"query-input":{"@type":"PropertyValueSpecification","valueRequired":true,"valueName":"search_term_string"}}],"inLanguage":"es"},{"@type":"Person","@id":"https:\/\/diariodelsurdigital.com.ar\/#\/schema\/person\/1a4992532ed62965c968031b49195c81","name":"Diario del Sur Digital","image":{"@type":"ImageObject","inLanguage":"es","@id":"https:\/\/secure.gravatar.com\/avatar\/f0c7c47fc7146d19828273b9b8eda651c9c7ab583767e6338d3d3bee825adf76?s=96&d=mm&r=g","url":"https:\/\/secure.gravatar.com\/avatar\/f0c7c47fc7146d19828273b9b8eda651c9c7ab583767e6338d3d3bee825adf76?s=96&d=mm&r=g","contentUrl":"https:\/\/secure.gravatar.com\/avatar\/f0c7c47fc7146d19828273b9b8eda651c9c7ab583767e6338d3d3bee825adf76?s=96&d=mm&r=g","caption":"Diario del Sur Digital"},"url":"https:\/\/diariodelsurdigital.com.ar\/?author=4"}]}},"_links":{"self":[{"href":"https:\/\/diariodelsurdigital.com.ar\/index.php?rest_route=\/wp\/v2\/posts\/1970","targetHints":{"allow":["GET"]}}],"collection":[{"href":"https:\/\/diariodelsurdigital.com.ar\/index.php?rest_route=\/wp\/v2\/posts"}],"about":[{"href":"https:\/\/diariodelsurdigital.com.ar\/index.php?rest_route=\/wp\/v2\/types\/post"}],"author":[{"embeddable":true,"href":"https:\/\/diariodelsurdigital.com.ar\/index.php?rest_route=\/wp\/v2\/users\/4"}],"replies":[{"embeddable":true,"href":"https:\/\/diariodelsurdigital.com.ar\/index.php?rest_route=%2Fwp%2Fv2%2Fcomments&post=1970"}],"version-history":[{"count":1,"href":"https:\/\/diariodelsurdigital.com.ar\/index.php?rest_route=\/wp\/v2\/posts\/1970\/revisions"}],"predecessor-version":[{"id":1972,"href":"https:\/\/diariodelsurdigital.com.ar\/index.php?rest_route=\/wp\/v2\/posts\/1970\/revisions\/1972"}],"wp:featuredmedia":[{"embeddable":true,"href":"https:\/\/diariodelsurdigital.com.ar\/index.php?rest_route=\/wp\/v2\/media\/1971"}],"wp:attachment":[{"href":"https:\/\/diariodelsurdigital.com.ar\/index.php?rest_route=%2Fwp%2Fv2%2Fmedia&parent=1970"}],"wp:term":[{"taxonomy":"category","embeddable":true,"href":"https:\/\/diariodelsurdigital.com.ar\/index.php?rest_route=%2Fwp%2Fv2%2Fcategories&post=1970"},{"taxonomy":"post_tag","embeddable":true,"href":"https:\/\/diariodelsurdigital.com.ar\/index.php?rest_route=%2Fwp%2Fv2%2Ftags&post=1970"}],"curies":[{"name":"wp","href":"https:\/\/api.w.org\/{rel}","templated":true}]}}