{"id":1973,"date":"2025-04-07T16:11:12","date_gmt":"2025-04-07T19:11:12","guid":{"rendered":"https:\/\/diariodelsurdigital.com.ar\/?p=1973"},"modified":"2025-04-07T16:11:13","modified_gmt":"2025-04-07T19:11:13","slug":"docentes-denuncian-que-otra-vez-hubo-errores-de-liquidacion-y-no-cobraron-la-totalidad-del-salario","status":"publish","type":"post","link":"https:\/\/diariodelsurdigital.com.ar\/?p=1973","title":{"rendered":"Docentes denuncian que otra vez hubo \u201cerrores de liquidaci\u00f3n\u201d y no cobraron la totalidad del salario"},"content":{"rendered":"\n<p>El planteo fue expuesto por la Seccional Uruguay de la Asociaci\u00f3n Gremial del Magisterio de Entre R\u00edos (Agmer), quien exigi\u00f3 al Gobierno provincial \u201cel pago urgente de la totalidad de los haberes\u201d. Muchos recibos no inclu\u00edan la retroactividad a febrero del C\u00f3digo 25 ni el aumento del Fopid y la Conectividad. \u201cIncluso hay casos en los que ni siquiera se percibi\u00f3 la suma remunerativa y bonificable acordada en el \u00e1mbito paritario\u201d.<\/p>\n\n\n\n<p>\u201c\u00a1No al cobro fraccionado del salario docente!\u201d, lanzaron desde Agmer Uruguay y afirmaron que \u201clas y los docentes pagamos con nuestro sueldo impuestos, servicios, alquileres y comida\u201d.<\/p>\n\n\n\n<p>\u201cEl mes pasado se lleg\u00f3 a un acuerdo salarial, por lo que preve\u00edamos cu\u00e1nto era el importe a percibir comenzando el mes de abril (extorsivo, insuficiente y por debajo de la l\u00ednea de la pobreza)\u201d.<\/p>\n\n\n\n<p>Al bajo salario hay que sumarle que \u201cnuevamente hubo errores de liquidaci\u00f3n\u201d, es decir, \u201cnotorias irregularidades detectadas en los haberes de marzo\u201d, por lo que desde el sindicato exigieron al gobierno provincial que \u201cbrinde una soluci\u00f3n de forma inmediata pagando YA los sueldos adeudados\u201d.<\/p>\n\n\n\n<p>\u201cApenas conocidos los recibos del \u00faltimo mes, un importante n\u00famero de compa\u00f1eras y compa\u00f1eros encontraron que los mismos no inclu\u00edan la retroactividad a febrero del C\u00f3digo 25 ni el aumento del Fopid y la Conectividad, situaci\u00f3n que gener\u00f3 mucho malestar entre la docencia entrerriana\u201d, se\u00f1alaron en un comunicado enviado a esta Agencia.<\/p>\n\n\n\n<p>\u201cIncluso hay casos en los que ni siquiera se percibi\u00f3 la suma remunerativa y bonificable acordada en el \u00e1mbito paritario, lo cual afecta en particular a quienes trabajan en la Uader\u201d.<\/p>\n\n\n\n<p>\u201cA los \u2018errores de liquidaci\u00f3n\u2019 se suma que en el mes de marzo hay innumerables cantidades de tr\u00e1mites asociados en su mayor\u00eda a las horas c\u00e1tedra de PLANTA TEMPORARIA (ajena la situaci\u00f3n al docente) y a las nuevas suplencias en primaria luego del 1er concurso del a\u00f1o, por lo que la sucesi\u00f3n de tr\u00e1mites no alcanzan a ser validados antes que cierre la captura de datos del mes, quedando much\u00edsimas compa\u00f1eras\/os sin sueldo este mes de marzo\u201d.<\/p>\n\n\n\n<p>\u201cComo hemos reiterado en numerosas oportunidades, es una obligaci\u00f3n del gobierno abonar los salarios en tiempo y forma, dado que cualquier error o dilaci\u00f3n perjudica directamente las condiciones de vida de las y los trabajadores de la educaci\u00f3n y sus familias\u201d.<\/p>\n\n\n\n<p>\u201cDemandamos una respuesta urgente a la patronal, cuyos funcionarios deben tomar cartas en el asunto no s\u00f3lo para subsanar lo ocurrido, sino tambi\u00e9n para garantizar que esta situaci\u00f3n no vuelva a repetirse en un futuro\u201d, advirtieron.&nbsp;<\/p>\n","protected":false},"excerpt":{"rendered":"<p>El planteo fue expuesto por la Seccional Uruguay de la Asociaci\u00f3n Gremial del Magisterio de Entre R\u00edos (Agmer), quien exigi\u00f3 al Gobierno provincial \u201cel pago urgente de la totalidad de los haberes\u201d. Muchos recibos no inclu\u00edan la retroactividad a febrero del C\u00f3digo 25 ni el aumento del Fopid y la Conectividad. \u201cIncluso hay casos en [&hellip;]<\/p>\n","protected":false},"author":4,"featured_media":1974,"comment_status":"open","ping_status":"open","sticky":false,"template":"","format":"standard","meta":{"footnotes":""},"categories":[17],"tags":[],"class_list":{"0":"post-1973","1":"post","2":"type-post","3":"status-publish","4":"format-standard","5":"has-post-thumbnail","7":"category-provinciales"},"yoast_head":"<!-- This site is optimized with the Yoast SEO plugin v27.4 - https:\/\/yoast.com\/product\/yoast-seo-wordpress\/ -->\n<title>Docentes denuncian que otra vez hubo \u201cerrores de liquidaci\u00f3n\u201d y no cobraron la totalidad del salario - Diario del Sur<\/title>\n<meta name=\"robots\" content=\"index, follow, max-snippet:-1, max-image-preview:large, max-video-preview:-1\" \/>\n<link rel=\"canonical\" href=\"https:\/\/diariodelsurdigital.com.ar\/?p=1973\" \/>\n<meta property=\"og:locale\" content=\"es_ES\" \/>\n<meta property=\"og:type\" content=\"article\" \/>\n<meta property=\"og:title\" content=\"Docentes denuncian que otra vez hubo \u201cerrores de liquidaci\u00f3n\u201d y no cobraron la totalidad del salario - Diario del Sur\" \/>\n<meta property=\"og:description\" content=\"El planteo fue expuesto por la Seccional Uruguay de la Asociaci\u00f3n Gremial del Magisterio de Entre R\u00edos (Agmer), quien exigi\u00f3 al Gobierno provincial \u201cel pago urgente de la totalidad de los haberes\u201d. Muchos recibos no inclu\u00edan la retroactividad a febrero del C\u00f3digo 25 ni el aumento del Fopid y la Conectividad. \u201cIncluso hay casos en [&hellip;]\" \/>\n<meta property=\"og:url\" content=\"https:\/\/diariodelsurdigital.com.ar\/?p=1973\" \/>\n<meta property=\"og:site_name\" content=\"Diario del Sur\" \/>\n<meta property=\"article:published_time\" content=\"2025-04-07T19:11:12+00:00\" \/>\n<meta property=\"article:modified_time\" content=\"2025-04-07T19:11:13+00:00\" \/>\n<meta property=\"og:image\" content=\"https:\/\/diariodelsurdigital.com.ar\/wp-content\/uploads\/2025\/04\/md-41.webp\" \/>\n\t<meta property=\"og:image:width\" content=\"992\" \/>\n\t<meta property=\"og:image:height\" content=\"658\" \/>\n\t<meta property=\"og:image:type\" content=\"image\/webp\" \/>\n<meta name=\"author\" content=\"Diario del Sur Digital\" \/>\n<meta name=\"twitter:card\" content=\"summary_large_image\" \/>\n<meta name=\"twitter:label1\" content=\"Escrito por\" \/>\n\t<meta name=\"twitter:data1\" content=\"Diario del Sur Digital\" \/>\n\t<meta name=\"twitter:label2\" content=\"Tiempo de lectura\" \/>\n\t<meta name=\"twitter:data2\" content=\"3 minutos\" \/>\n<script type=\"application\/ld+json\" class=\"yoast-schema-graph\">{\"@context\":\"https:\\\/\\\/schema.org\",\"@graph\":[{\"@type\":\"Article\",\"@id\":\"https:\\\/\\\/diariodelsurdigital.com.ar\\\/?p=1973#article\",\"isPartOf\":{\"@id\":\"https:\\\/\\\/diariodelsurdigital.com.ar\\\/?p=1973\"},\"author\":{\"name\":\"Diario del Sur Digital\",\"@id\":\"https:\\\/\\\/diariodelsurdigital.com.ar\\\/#\\\/schema\\\/person\\\/1a4992532ed62965c968031b49195c81\"},\"headline\":\"Docentes denuncian que otra vez hubo \u201cerrores de liquidaci\u00f3n\u201d y no cobraron la totalidad del salario\",\"datePublished\":\"2025-04-07T19:11:12+00:00\",\"dateModified\":\"2025-04-07T19:11:13+00:00\",\"mainEntityOfPage\":{\"@id\":\"https:\\\/\\\/diariodelsurdigital.com.ar\\\/?p=1973\"},\"wordCount\":463,\"commentCount\":0,\"image\":{\"@id\":\"https:\\\/\\\/diariodelsurdigital.com.ar\\\/?p=1973#primaryimage\"},\"thumbnailUrl\":\"https:\\\/\\\/diariodelsurdigital.com.ar\\\/wp-content\\\/uploads\\\/2025\\\/04\\\/md-41.webp\",\"articleSection\":[\"Provinciales\"],\"inLanguage\":\"es\",\"potentialAction\":[{\"@type\":\"CommentAction\",\"name\":\"Comment\",\"target\":[\"https:\\\/\\\/diariodelsurdigital.com.ar\\\/?p=1973#respond\"]}]},{\"@type\":\"WebPage\",\"@id\":\"https:\\\/\\\/diariodelsurdigital.com.ar\\\/?p=1973\",\"url\":\"https:\\\/\\\/diariodelsurdigital.com.ar\\\/?p=1973\",\"name\":\"Docentes denuncian que otra vez hubo \u201cerrores de liquidaci\u00f3n\u201d y no cobraron la totalidad del salario - Diario del Sur\",\"isPartOf\":{\"@id\":\"https:\\\/\\\/diariodelsurdigital.com.ar\\\/#website\"},\"primaryImageOfPage\":{\"@id\":\"https:\\\/\\\/diariodelsurdigital.com.ar\\\/?p=1973#primaryimage\"},\"image\":{\"@id\":\"https:\\\/\\\/diariodelsurdigital.com.ar\\\/?p=1973#primaryimage\"},\"thumbnailUrl\":\"https:\\\/\\\/diariodelsurdigital.com.ar\\\/wp-content\\\/uploads\\\/2025\\\/04\\\/md-41.webp\",\"datePublished\":\"2025-04-07T19:11:12+00:00\",\"dateModified\":\"2025-04-07T19:11:13+00:00\",\"author\":{\"@id\":\"https:\\\/\\\/diariodelsurdigital.com.ar\\\/#\\\/schema\\\/person\\\/1a4992532ed62965c968031b49195c81\"},\"breadcrumb\":{\"@id\":\"https:\\\/\\\/diariodelsurdigital.com.ar\\\/?p=1973#breadcrumb\"},\"inLanguage\":\"es\",\"potentialAction\":[{\"@type\":\"ReadAction\",\"target\":[\"https:\\\/\\\/diariodelsurdigital.com.ar\\\/?p=1973\"]}]},{\"@type\":\"ImageObject\",\"inLanguage\":\"es\",\"@id\":\"https:\\\/\\\/diariodelsurdigital.com.ar\\\/?p=1973#primaryimage\",\"url\":\"https:\\\/\\\/diariodelsurdigital.com.ar\\\/wp-content\\\/uploads\\\/2025\\\/04\\\/md-41.webp\",\"contentUrl\":\"https:\\\/\\\/diariodelsurdigital.com.ar\\\/wp-content\\\/uploads\\\/2025\\\/04\\\/md-41.webp\",\"width\":992,\"height\":658},{\"@type\":\"BreadcrumbList\",\"@id\":\"https:\\\/\\\/diariodelsurdigital.com.ar\\\/?p=1973#breadcrumb\",\"itemListElement\":[{\"@type\":\"ListItem\",\"position\":1,\"name\":\"Portada\",\"item\":\"https:\\\/\\\/diariodelsurdigital.com.ar\\\/\"},{\"@type\":\"ListItem\",\"position\":2,\"name\":\"Docentes denuncian que otra vez hubo \u201cerrores de liquidaci\u00f3n\u201d y no cobraron la totalidad del salario\"}]},{\"@type\":\"WebSite\",\"@id\":\"https:\\\/\\\/diariodelsurdigital.com.ar\\\/#website\",\"url\":\"https:\\\/\\\/diariodelsurdigital.com.ar\\\/\",\"name\":\"Diario del Sur\",\"description\":\"Digital\",\"potentialAction\":[{\"@type\":\"SearchAction\",\"target\":{\"@type\":\"EntryPoint\",\"urlTemplate\":\"https:\\\/\\\/diariodelsurdigital.com.ar\\\/?s={search_term_string}\"},\"query-input\":{\"@type\":\"PropertyValueSpecification\",\"valueRequired\":true,\"valueName\":\"search_term_string\"}}],\"inLanguage\":\"es\"},{\"@type\":\"Person\",\"@id\":\"https:\\\/\\\/diariodelsurdigital.com.ar\\\/#\\\/schema\\\/person\\\/1a4992532ed62965c968031b49195c81\",\"name\":\"Diario del Sur Digital\",\"image\":{\"@type\":\"ImageObject\",\"inLanguage\":\"es\",\"@id\":\"https:\\\/\\\/secure.gravatar.com\\\/avatar\\\/f0c7c47fc7146d19828273b9b8eda651c9c7ab583767e6338d3d3bee825adf76?s=96&d=mm&r=g\",\"url\":\"https:\\\/\\\/secure.gravatar.com\\\/avatar\\\/f0c7c47fc7146d19828273b9b8eda651c9c7ab583767e6338d3d3bee825adf76?s=96&d=mm&r=g\",\"contentUrl\":\"https:\\\/\\\/secure.gravatar.com\\\/avatar\\\/f0c7c47fc7146d19828273b9b8eda651c9c7ab583767e6338d3d3bee825adf76?s=96&d=mm&r=g\",\"caption\":\"Diario del Sur Digital\"},\"url\":\"https:\\\/\\\/diariodelsurdigital.com.ar\\\/?author=4\"}]}<\/script>\n<!-- \/ Yoast SEO plugin. -->","yoast_head_json":{"title":"Docentes denuncian que otra vez hubo \u201cerrores de liquidaci\u00f3n\u201d y no cobraron la totalidad del salario - Diario del Sur","robots":{"index":"index","follow":"follow","max-snippet":"max-snippet:-1","max-image-preview":"max-image-preview:large","max-video-preview":"max-video-preview:-1"},"canonical":"https:\/\/diariodelsurdigital.com.ar\/?p=1973","og_locale":"es_ES","og_type":"article","og_title":"Docentes denuncian que otra vez hubo \u201cerrores de liquidaci\u00f3n\u201d y no cobraron la totalidad del salario - Diario del Sur","og_description":"El planteo fue expuesto por la Seccional Uruguay de la Asociaci\u00f3n Gremial del Magisterio de Entre R\u00edos (Agmer), quien exigi\u00f3 al Gobierno provincial \u201cel pago urgente de la totalidad de los haberes\u201d. Muchos recibos no inclu\u00edan la retroactividad a febrero del C\u00f3digo 25 ni el aumento del Fopid y la Conectividad. \u201cIncluso hay casos en [&hellip;]","og_url":"https:\/\/diariodelsurdigital.com.ar\/?p=1973","og_site_name":"Diario del Sur","article_published_time":"2025-04-07T19:11:12+00:00","article_modified_time":"2025-04-07T19:11:13+00:00","og_image":[{"width":992,"height":658,"url":"https:\/\/diariodelsurdigital.com.ar\/wp-content\/uploads\/2025\/04\/md-41.webp","type":"image\/webp"}],"author":"Diario del Sur Digital","twitter_card":"summary_large_image","twitter_misc":{"Escrito por":"Diario del Sur Digital","Tiempo de lectura":"3 minutos"},"schema":{"@context":"https:\/\/schema.org","@graph":[{"@type":"Article","@id":"https:\/\/diariodelsurdigital.com.ar\/?p=1973#article","isPartOf":{"@id":"https:\/\/diariodelsurdigital.com.ar\/?p=1973"},"author":{"name":"Diario del Sur Digital","@id":"https:\/\/diariodelsurdigital.com.ar\/#\/schema\/person\/1a4992532ed62965c968031b49195c81"},"headline":"Docentes denuncian que otra vez hubo \u201cerrores de liquidaci\u00f3n\u201d y no cobraron la totalidad del salario","datePublished":"2025-04-07T19:11:12+00:00","dateModified":"2025-04-07T19:11:13+00:00","mainEntityOfPage":{"@id":"https:\/\/diariodelsurdigital.com.ar\/?p=1973"},"wordCount":463,"commentCount":0,"image":{"@id":"https:\/\/diariodelsurdigital.com.ar\/?p=1973#primaryimage"},"thumbnailUrl":"https:\/\/diariodelsurdigital.com.ar\/wp-content\/uploads\/2025\/04\/md-41.webp","articleSection":["Provinciales"],"inLanguage":"es","potentialAction":[{"@type":"CommentAction","name":"Comment","target":["https:\/\/diariodelsurdigital.com.ar\/?p=1973#respond"]}]},{"@type":"WebPage","@id":"https:\/\/diariodelsurdigital.com.ar\/?p=1973","url":"https:\/\/diariodelsurdigital.com.ar\/?p=1973","name":"Docentes denuncian que otra vez hubo \u201cerrores de liquidaci\u00f3n\u201d y no cobraron la totalidad del salario - Diario del Sur","isPartOf":{"@id":"https:\/\/diariodelsurdigital.com.ar\/#website"},"primaryImageOfPage":{"@id":"https:\/\/diariodelsurdigital.com.ar\/?p=1973#primaryimage"},"image":{"@id":"https:\/\/diariodelsurdigital.com.ar\/?p=1973#primaryimage"},"thumbnailUrl":"https:\/\/diariodelsurdigital.com.ar\/wp-content\/uploads\/2025\/04\/md-41.webp","datePublished":"2025-04-07T19:11:12+00:00","dateModified":"2025-04-07T19:11:13+00:00","author":{"@id":"https:\/\/diariodelsurdigital.com.ar\/#\/schema\/person\/1a4992532ed62965c968031b49195c81"},"breadcrumb":{"@id":"https:\/\/diariodelsurdigital.com.ar\/?p=1973#breadcrumb"},"inLanguage":"es","potentialAction":[{"@type":"ReadAction","target":["https:\/\/diariodelsurdigital.com.ar\/?p=1973"]}]},{"@type":"ImageObject","inLanguage":"es","@id":"https:\/\/diariodelsurdigital.com.ar\/?p=1973#primaryimage","url":"https:\/\/diariodelsurdigital.com.ar\/wp-content\/uploads\/2025\/04\/md-41.webp","contentUrl":"https:\/\/diariodelsurdigital.com.ar\/wp-content\/uploads\/2025\/04\/md-41.webp","width":992,"height":658},{"@type":"BreadcrumbList","@id":"https:\/\/diariodelsurdigital.com.ar\/?p=1973#breadcrumb","itemListElement":[{"@type":"ListItem","position":1,"name":"Portada","item":"https:\/\/diariodelsurdigital.com.ar\/"},{"@type":"ListItem","position":2,"name":"Docentes denuncian que otra vez hubo \u201cerrores de liquidaci\u00f3n\u201d y no cobraron la totalidad del salario"}]},{"@type":"WebSite","@id":"https:\/\/diariodelsurdigital.com.ar\/#website","url":"https:\/\/diariodelsurdigital.com.ar\/","name":"Diario del Sur","description":"Digital","potentialAction":[{"@type":"SearchAction","target":{"@type":"EntryPoint","urlTemplate":"https:\/\/diariodelsurdigital.com.ar\/?s={search_term_string}"},"query-input":{"@type":"PropertyValueSpecification","valueRequired":true,"valueName":"search_term_string"}}],"inLanguage":"es"},{"@type":"Person","@id":"https:\/\/diariodelsurdigital.com.ar\/#\/schema\/person\/1a4992532ed62965c968031b49195c81","name":"Diario del Sur Digital","image":{"@type":"ImageObject","inLanguage":"es","@id":"https:\/\/secure.gravatar.com\/avatar\/f0c7c47fc7146d19828273b9b8eda651c9c7ab583767e6338d3d3bee825adf76?s=96&d=mm&r=g","url":"https:\/\/secure.gravatar.com\/avatar\/f0c7c47fc7146d19828273b9b8eda651c9c7ab583767e6338d3d3bee825adf76?s=96&d=mm&r=g","contentUrl":"https:\/\/secure.gravatar.com\/avatar\/f0c7c47fc7146d19828273b9b8eda651c9c7ab583767e6338d3d3bee825adf76?s=96&d=mm&r=g","caption":"Diario del Sur Digital"},"url":"https:\/\/diariodelsurdigital.com.ar\/?author=4"}]}},"_links":{"self":[{"href":"https:\/\/diariodelsurdigital.com.ar\/index.php?rest_route=\/wp\/v2\/posts\/1973","targetHints":{"allow":["GET"]}}],"collection":[{"href":"https:\/\/diariodelsurdigital.com.ar\/index.php?rest_route=\/wp\/v2\/posts"}],"about":[{"href":"https:\/\/diariodelsurdigital.com.ar\/index.php?rest_route=\/wp\/v2\/types\/post"}],"author":[{"embeddable":true,"href":"https:\/\/diariodelsurdigital.com.ar\/index.php?rest_route=\/wp\/v2\/users\/4"}],"replies":[{"embeddable":true,"href":"https:\/\/diariodelsurdigital.com.ar\/index.php?rest_route=%2Fwp%2Fv2%2Fcomments&post=1973"}],"version-history":[{"count":1,"href":"https:\/\/diariodelsurdigital.com.ar\/index.php?rest_route=\/wp\/v2\/posts\/1973\/revisions"}],"predecessor-version":[{"id":1975,"href":"https:\/\/diariodelsurdigital.com.ar\/index.php?rest_route=\/wp\/v2\/posts\/1973\/revisions\/1975"}],"wp:featuredmedia":[{"embeddable":true,"href":"https:\/\/diariodelsurdigital.com.ar\/index.php?rest_route=\/wp\/v2\/media\/1974"}],"wp:attachment":[{"href":"https:\/\/diariodelsurdigital.com.ar\/index.php?rest_route=%2Fwp%2Fv2%2Fmedia&parent=1973"}],"wp:term":[{"taxonomy":"category","embeddable":true,"href":"https:\/\/diariodelsurdigital.com.ar\/index.php?rest_route=%2Fwp%2Fv2%2Fcategories&post=1973"},{"taxonomy":"post_tag","embeddable":true,"href":"https:\/\/diariodelsurdigital.com.ar\/index.php?rest_route=%2Fwp%2Fv2%2Ftags&post=1973"}],"curies":[{"name":"wp","href":"https:\/\/api.w.org\/{rel}","templated":true}]}}