{"id":1981,"date":"2025-04-07T20:07:06","date_gmt":"2025-04-07T23:07:06","guid":{"rendered":"https:\/\/diariodelsurdigital.com.ar\/?p=1981"},"modified":"2025-04-07T20:07:07","modified_gmt":"2025-04-07T23:07:07","slug":"el-presidente-del-pj-concordia-critico-las-politicas-que-destruyen-fuentes-de-trabajo-recortan-derechos-y-golpean-a-las-familias-trabajadoras","status":"publish","type":"post","link":"https:\/\/diariodelsurdigital.com.ar\/?p=1981","title":{"rendered":"El presidente del PJ Concordia critic\u00f3 las pol\u00edticas que \u201cdestruyen fuentes de trabajo, recortan derechos y golpean a las familias trabajadoras\u201d"},"content":{"rendered":"\n<p><\/p>\n\n\n\n<p>Tras la convocatoria de la Confederaci\u00f3n General del Trabajo (CGT) a un paro general para el pr\u00f3ximo jueves 10 de abril, que ser\u00e1 acompa\u00f1ado por las dos Centrales de Trabajadores de la Argentina (CTA), la tercera medida de fuerza que la central sindical toma contra el gobierno de Javier Milei, el presidente del PJ Concordia y dirigente de UPCN (Uni\u00f3n del Personal Civil de la Naci\u00f3n), Facundo Ruiz D\u00edaz, expres\u00f3 esta ma\u00f1ana que se reuni\u00f3 con el Consejo Provincial del gremio estatal. \u201cTenemos que expresar con claridad nuestra posici\u00f3n frente al ajuste brutal que est\u00e1 llevando adelante el gobierno de Javier Milei. El paro del 10 de abril no es una medida aislada sino que es una respuesta contundente al avance de pol\u00edticas que destruyen fuentes de trabajo, que recortan derechos y golpean a las familias trabajadoras\u201d, expres\u00f3 a DIARIOJUNIO. \u201cEn Concordia ya lo estamos viviendo con el despido de los trabajadores que trabajan en el peaje de la Autov\u00eda 14 que se suma a una larga lista de compa\u00f1eros que est\u00e1n siendo dejados a la deriva sin explicaci\u00f3n y sin ninguna alternativa\u201d, acot\u00f3 Ru\u00edz D\u00edaz.<\/p>\n\n\n\n<p>El dirigente peronista sostuvo que no es momento de quedarse de brazos cruzados sino de salir a defender los salarios, los puestos de trabajo y la dignidad de cada laburante. \u201cLa Argentina no puede construirse desde el desprecio y el odio. Se construye con justicia social y con organizaci\u00f3n\u201d, remarc\u00f3.<\/p>\n\n\n\n<p>A mediados de semana, trascendi\u00f3 que, en el segundo semestre de 2024, Concordia, enfrent\u00f3 una alarmante realidad socioecon\u00f3mica: un 57,1% de su poblaci\u00f3n vive bajo la l\u00ednea de pobreza, unas 94.700 personas. Y un 13,9% de la poblaci\u00f3n (poco m\u00e1s de 230.000 personas) se encuentra en situaci\u00f3n de indigencia. Esos n\u00fameros colocaron a la ciudad en el segundo lugar entre las ciudades con peores \u00edndices socioecon\u00f3micos. Ru\u00edz D\u00edaz indic\u00f3 que eso se debe a que el salario de los trabajadores disminuye d\u00eda a d\u00eda. \u201cTenemos una inflaci\u00f3n que marca un n\u00famero que no va con lo que uno ve en la realidad, en el supermercado, en la suba de los impuestos, en el alquiler. Tampoco vemos un futuro cercano con cambios positivos. Por eso este es el momento de dar pelea; es necesario dar un golpe de tim\u00f3n porque la sociedad ya no puede aguantar m\u00e1s\u201d, dijo.<\/p>\n\n\n\n<p>Ruiz D\u00edaz sostuvo que ven a los jubilados recibir una \u201crepresi\u00f3n brutal\u201d por salir a reclamar. Y quienes acompa\u00f1an esas marchas \u201ctambi\u00e9n sufren esas consecuencias\u201d. \u201cCreo que parte de vivir en democracia es poder expresarse pac\u00edficamente, poder salir a la calle para protestar por los derechos y lo que hace el gobierno nacional es reprochable. Necesitamos cambiar esta situaci\u00f3n\u201d.<\/p>\n\n\n\n<p>En cuanto a Concordia, donde se ve cada vez m\u00e1s gente pidiendo en las esquinas o viviendo en situaci\u00f3n de calle por lo que ayer se habilit\u00f3 un galp\u00f3n en la zona de la ex Estaci\u00f3n Central como refugio, el presidente del PJ Concordia remarc\u00f3 que el a\u00f1o pasado, con pocos recursos pero mucho esfuerzo de la militancia, salieron a recorrer y dar una mano a las personas que est\u00e1n durmiendo a la intemperie. \u201cLa gente est\u00e1 en una situaci\u00f3n de vulnerabilidad extrema. Hace fr\u00edo y hay gente que ha muerto por el fr\u00edo. Necesitamos que la gente entienda que si no hay un Estado presente, no va a haber una transformaci\u00f3n real. Por eso pedimos al intendente que tome caras en el asunto y se busque una soluci\u00f3n para ayudar a esas personas. Como oposici\u00f3n remarcamos que, m\u00e1s all\u00e1 de la cr\u00edtica, tambi\u00e9n vamos con ideas para poder solucionar y seguramente en estos d\u00edas les vamos a presentar una propuesta al intendente para poder paliar esta situaci\u00f3n que a\u00f1o a a\u00f1o se acrecienta y es lamentable\u201d, indic\u00f3.<\/p>\n\n\n\n<p>Asimismo, el dirigente de UPCN explic\u00f3 que la situaci\u00f3n de la ciudad en cuanto a los \u00edndices de pobreza e indigencia no es de ahora sino que viene desde hace muchos a\u00f1os. \u201cTenemos que buscar una alternativa para poder salir adelante. No creo que el ajuste, los despidos, el cierre de f\u00e1bricas y las importaciones que complican a las pymes sean una soluci\u00f3n. Por eso, es hora de movilizarse y decirle al Presidente que \u00e9ste no es el camino, que hay que dar una vuelta de tim\u00f3n y generar una contenci\u00f3n para esos sectores que hoy mas que nunca lo est\u00e1n necesitando\u201d, expres\u00f3.<\/p>\n\n\n\n<p>Este viernes pasado, en el PJ Concordia, mantuvieron una reuni\u00f3n con dos ex veteranos de la Guerra de Malvinas. Uno de ellos es trabajador de la empresa Caminos del R\u00edo Uruguay. \u00a0\u00a0\u201cSabe que se queda sin empleo a partir del 8 de abril y queda a la deriva. No sabe que va a hacer y es realmente frustrante porque hay familias detr\u00e1s de cada trabajador que vive de esos ingresos. Es gente grande que realmente le cuesta conseguir otro trabajo\u201d, manifest\u00f3.<\/p>\n\n\n\n<p>A su vez, indic\u00f3 que no se visualiza a empresas importantes que tengan intenciones de venir a la ciudad tal como ocurr\u00eda a\u00f1os anteriores cuando ven\u00edan algunas empresas a instalarse a la ciudad y generaban muchos puestos de trabajo. \u201cHay que brindarles la posibilidad a los empresarios de que puedan venir a la ciudad\u201d, indic\u00f3. Ruiz D\u00edaz sostuvo que hace algunos meses junto con varios dirigentes del PJ presentaron al gobernador Rogelio Frigerio el proyecto del Panam\u00e1 Seco entrerriano que busca\u00a0generar recuperar las rutas que est\u00e1n en mal estado en la provincia y, adem\u00e1s, generar empleo. \u201cOjal\u00e1 que eso pueda salir y pueda marchar\u201d. Consiste en la venta de un pasaporte de circulaci\u00f3n, que pagar\u00e1n exclusivamente los camiones de extra\u00f1a jurisdicci\u00f3n que circulen por las rutas entrerrianas.<\/p>\n","protected":false},"excerpt":{"rendered":"<p>Tras la convocatoria de la Confederaci\u00f3n General del Trabajo (CGT) a un paro general para el pr\u00f3ximo jueves 10 de abril, que ser\u00e1 acompa\u00f1ado por las dos Centrales de Trabajadores de la Argentina (CTA), la tercera medida de fuerza que la central sindical toma contra el gobierno de Javier Milei, el presidente del PJ Concordia [&hellip;]<\/p>\n","protected":false},"author":2,"featured_media":1982,"comment_status":"open","ping_status":"open","sticky":false,"template":"","format":"standard","meta":{"footnotes":""},"categories":[16],"tags":[],"class_list":{"0":"post-1981","1":"post","2":"type-post","3":"status-publish","4":"format-standard","5":"has-post-thumbnail","7":"category-locales"},"yoast_head":"<!-- This site is optimized with the Yoast SEO plugin v27.4 - https:\/\/yoast.com\/product\/yoast-seo-wordpress\/ -->\n<title>El presidente del PJ Concordia critic\u00f3 las pol\u00edticas que \u201cdestruyen fuentes de trabajo, recortan derechos y golpean a las familias trabajadoras\u201d - Diario del Sur<\/title>\n<meta name=\"robots\" content=\"index, follow, max-snippet:-1, max-image-preview:large, max-video-preview:-1\" \/>\n<link rel=\"canonical\" href=\"https:\/\/diariodelsurdigital.com.ar\/?p=1981\" \/>\n<meta property=\"og:locale\" content=\"es_ES\" \/>\n<meta property=\"og:type\" content=\"article\" \/>\n<meta property=\"og:title\" content=\"El presidente del PJ Concordia critic\u00f3 las pol\u00edticas que \u201cdestruyen fuentes de trabajo, recortan derechos y golpean a las familias trabajadoras\u201d - Diario del Sur\" \/>\n<meta property=\"og:description\" content=\"Tras la convocatoria de la Confederaci\u00f3n General del Trabajo (CGT) a un paro general para el pr\u00f3ximo jueves 10 de abril, que ser\u00e1 acompa\u00f1ado por las dos Centrales de Trabajadores de la Argentina (CTA), la tercera medida de fuerza que la central sindical toma contra el gobierno de Javier Milei, el presidente del PJ Concordia [&hellip;]\" \/>\n<meta property=\"og:url\" content=\"https:\/\/diariodelsurdigital.com.ar\/?p=1981\" \/>\n<meta property=\"og:site_name\" content=\"Diario del Sur\" \/>\n<meta property=\"article:published_time\" content=\"2025-04-07T23:07:06+00:00\" \/>\n<meta property=\"article:modified_time\" content=\"2025-04-07T23:07:07+00:00\" \/>\n<meta property=\"og:image\" content=\"https:\/\/diariodelsurdigital.com.ar\/wp-content\/uploads\/2025\/04\/ACCIDENTE-1.jpg\" \/>\n\t<meta property=\"og:image:width\" content=\"467\" \/>\n\t<meta property=\"og:image:height\" content=\"322\" \/>\n\t<meta property=\"og:image:type\" content=\"image\/jpeg\" \/>\n<meta name=\"author\" content=\"Diario del Sur Digital\" \/>\n<meta name=\"twitter:card\" content=\"summary_large_image\" \/>\n<meta name=\"twitter:label1\" content=\"Escrito por\" \/>\n\t<meta name=\"twitter:data1\" content=\"Diario del Sur Digital\" \/>\n\t<meta name=\"twitter:label2\" content=\"Tiempo de lectura\" \/>\n\t<meta name=\"twitter:data2\" content=\"5 minutos\" \/>\n<script type=\"application\/ld+json\" class=\"yoast-schema-graph\">{\"@context\":\"https:\\\/\\\/schema.org\",\"@graph\":[{\"@type\":\"Article\",\"@id\":\"https:\\\/\\\/diariodelsurdigital.com.ar\\\/?p=1981#article\",\"isPartOf\":{\"@id\":\"https:\\\/\\\/diariodelsurdigital.com.ar\\\/?p=1981\"},\"author\":{\"name\":\"Diario del Sur Digital\",\"@id\":\"https:\\\/\\\/diariodelsurdigital.com.ar\\\/#\\\/schema\\\/person\\\/6136a32571657f7dba980b88b04c5465\"},\"headline\":\"El presidente del PJ Concordia critic\u00f3 las pol\u00edticas que \u201cdestruyen fuentes de trabajo, recortan derechos y golpean a las familias trabajadoras\u201d\",\"datePublished\":\"2025-04-07T23:07:06+00:00\",\"dateModified\":\"2025-04-07T23:07:07+00:00\",\"mainEntityOfPage\":{\"@id\":\"https:\\\/\\\/diariodelsurdigital.com.ar\\\/?p=1981\"},\"wordCount\":1022,\"commentCount\":1,\"image\":{\"@id\":\"https:\\\/\\\/diariodelsurdigital.com.ar\\\/?p=1981#primaryimage\"},\"thumbnailUrl\":\"https:\\\/\\\/diariodelsurdigital.com.ar\\\/wp-content\\\/uploads\\\/2025\\\/04\\\/ACCIDENTE-1.jpg\",\"articleSection\":[\"Locales\"],\"inLanguage\":\"es\",\"potentialAction\":[{\"@type\":\"CommentAction\",\"name\":\"Comment\",\"target\":[\"https:\\\/\\\/diariodelsurdigital.com.ar\\\/?p=1981#respond\"]}]},{\"@type\":\"WebPage\",\"@id\":\"https:\\\/\\\/diariodelsurdigital.com.ar\\\/?p=1981\",\"url\":\"https:\\\/\\\/diariodelsurdigital.com.ar\\\/?p=1981\",\"name\":\"El presidente del PJ Concordia critic\u00f3 las pol\u00edticas que \u201cdestruyen fuentes de trabajo, recortan derechos y golpean a las familias trabajadoras\u201d - Diario del Sur\",\"isPartOf\":{\"@id\":\"https:\\\/\\\/diariodelsurdigital.com.ar\\\/#website\"},\"primaryImageOfPage\":{\"@id\":\"https:\\\/\\\/diariodelsurdigital.com.ar\\\/?p=1981#primaryimage\"},\"image\":{\"@id\":\"https:\\\/\\\/diariodelsurdigital.com.ar\\\/?p=1981#primaryimage\"},\"thumbnailUrl\":\"https:\\\/\\\/diariodelsurdigital.com.ar\\\/wp-content\\\/uploads\\\/2025\\\/04\\\/ACCIDENTE-1.jpg\",\"datePublished\":\"2025-04-07T23:07:06+00:00\",\"dateModified\":\"2025-04-07T23:07:07+00:00\",\"author\":{\"@id\":\"https:\\\/\\\/diariodelsurdigital.com.ar\\\/#\\\/schema\\\/person\\\/6136a32571657f7dba980b88b04c5465\"},\"breadcrumb\":{\"@id\":\"https:\\\/\\\/diariodelsurdigital.com.ar\\\/?p=1981#breadcrumb\"},\"inLanguage\":\"es\",\"potentialAction\":[{\"@type\":\"ReadAction\",\"target\":[\"https:\\\/\\\/diariodelsurdigital.com.ar\\\/?p=1981\"]}]},{\"@type\":\"ImageObject\",\"inLanguage\":\"es\",\"@id\":\"https:\\\/\\\/diariodelsurdigital.com.ar\\\/?p=1981#primaryimage\",\"url\":\"https:\\\/\\\/diariodelsurdigital.com.ar\\\/wp-content\\\/uploads\\\/2025\\\/04\\\/ACCIDENTE-1.jpg\",\"contentUrl\":\"https:\\\/\\\/diariodelsurdigital.com.ar\\\/wp-content\\\/uploads\\\/2025\\\/04\\\/ACCIDENTE-1.jpg\",\"width\":467,\"height\":322},{\"@type\":\"BreadcrumbList\",\"@id\":\"https:\\\/\\\/diariodelsurdigital.com.ar\\\/?p=1981#breadcrumb\",\"itemListElement\":[{\"@type\":\"ListItem\",\"position\":1,\"name\":\"Portada\",\"item\":\"https:\\\/\\\/diariodelsurdigital.com.ar\\\/\"},{\"@type\":\"ListItem\",\"position\":2,\"name\":\"El presidente del PJ Concordia critic\u00f3 las pol\u00edticas que \u201cdestruyen fuentes de trabajo, recortan derechos y golpean a las familias trabajadoras\u201d\"}]},{\"@type\":\"WebSite\",\"@id\":\"https:\\\/\\\/diariodelsurdigital.com.ar\\\/#website\",\"url\":\"https:\\\/\\\/diariodelsurdigital.com.ar\\\/\",\"name\":\"Diario del Sur\",\"description\":\"Digital\",\"potentialAction\":[{\"@type\":\"SearchAction\",\"target\":{\"@type\":\"EntryPoint\",\"urlTemplate\":\"https:\\\/\\\/diariodelsurdigital.com.ar\\\/?s={search_term_string}\"},\"query-input\":{\"@type\":\"PropertyValueSpecification\",\"valueRequired\":true,\"valueName\":\"search_term_string\"}}],\"inLanguage\":\"es\"},{\"@type\":\"Person\",\"@id\":\"https:\\\/\\\/diariodelsurdigital.com.ar\\\/#\\\/schema\\\/person\\\/6136a32571657f7dba980b88b04c5465\",\"name\":\"Diario del Sur Digital\",\"image\":{\"@type\":\"ImageObject\",\"inLanguage\":\"es\",\"@id\":\"https:\\\/\\\/secure.gravatar.com\\\/avatar\\\/4c29ceac98541dd42460b2474aaa5dd37594d6ce6cb3cf2c101d09b48ee287ba?s=96&d=mm&r=g\",\"url\":\"https:\\\/\\\/secure.gravatar.com\\\/avatar\\\/4c29ceac98541dd42460b2474aaa5dd37594d6ce6cb3cf2c101d09b48ee287ba?s=96&d=mm&r=g\",\"contentUrl\":\"https:\\\/\\\/secure.gravatar.com\\\/avatar\\\/4c29ceac98541dd42460b2474aaa5dd37594d6ce6cb3cf2c101d09b48ee287ba?s=96&d=mm&r=g\",\"caption\":\"Diario del Sur Digital\"},\"url\":\"https:\\\/\\\/diariodelsurdigital.com.ar\\\/?author=2\"}]}<\/script>\n<!-- \/ Yoast SEO plugin. -->","yoast_head_json":{"title":"El presidente del PJ Concordia critic\u00f3 las pol\u00edticas que \u201cdestruyen fuentes de trabajo, recortan derechos y golpean a las familias trabajadoras\u201d - Diario del Sur","robots":{"index":"index","follow":"follow","max-snippet":"max-snippet:-1","max-image-preview":"max-image-preview:large","max-video-preview":"max-video-preview:-1"},"canonical":"https:\/\/diariodelsurdigital.com.ar\/?p=1981","og_locale":"es_ES","og_type":"article","og_title":"El presidente del PJ Concordia critic\u00f3 las pol\u00edticas que \u201cdestruyen fuentes de trabajo, recortan derechos y golpean a las familias trabajadoras\u201d - Diario del Sur","og_description":"Tras la convocatoria de la Confederaci\u00f3n General del Trabajo (CGT) a un paro general para el pr\u00f3ximo jueves 10 de abril, que ser\u00e1 acompa\u00f1ado por las dos Centrales de Trabajadores de la Argentina (CTA), la tercera medida de fuerza que la central sindical toma contra el gobierno de Javier Milei, el presidente del PJ Concordia [&hellip;]","og_url":"https:\/\/diariodelsurdigital.com.ar\/?p=1981","og_site_name":"Diario del Sur","article_published_time":"2025-04-07T23:07:06+00:00","article_modified_time":"2025-04-07T23:07:07+00:00","og_image":[{"width":467,"height":322,"url":"https:\/\/diariodelsurdigital.com.ar\/wp-content\/uploads\/2025\/04\/ACCIDENTE-1.jpg","type":"image\/jpeg"}],"author":"Diario del Sur Digital","twitter_card":"summary_large_image","twitter_misc":{"Escrito por":"Diario del Sur Digital","Tiempo de lectura":"5 minutos"},"schema":{"@context":"https:\/\/schema.org","@graph":[{"@type":"Article","@id":"https:\/\/diariodelsurdigital.com.ar\/?p=1981#article","isPartOf":{"@id":"https:\/\/diariodelsurdigital.com.ar\/?p=1981"},"author":{"name":"Diario del Sur Digital","@id":"https:\/\/diariodelsurdigital.com.ar\/#\/schema\/person\/6136a32571657f7dba980b88b04c5465"},"headline":"El presidente del PJ Concordia critic\u00f3 las pol\u00edticas que \u201cdestruyen fuentes de trabajo, recortan derechos y golpean a las familias trabajadoras\u201d","datePublished":"2025-04-07T23:07:06+00:00","dateModified":"2025-04-07T23:07:07+00:00","mainEntityOfPage":{"@id":"https:\/\/diariodelsurdigital.com.ar\/?p=1981"},"wordCount":1022,"commentCount":1,"image":{"@id":"https:\/\/diariodelsurdigital.com.ar\/?p=1981#primaryimage"},"thumbnailUrl":"https:\/\/diariodelsurdigital.com.ar\/wp-content\/uploads\/2025\/04\/ACCIDENTE-1.jpg","articleSection":["Locales"],"inLanguage":"es","potentialAction":[{"@type":"CommentAction","name":"Comment","target":["https:\/\/diariodelsurdigital.com.ar\/?p=1981#respond"]}]},{"@type":"WebPage","@id":"https:\/\/diariodelsurdigital.com.ar\/?p=1981","url":"https:\/\/diariodelsurdigital.com.ar\/?p=1981","name":"El presidente del PJ Concordia critic\u00f3 las pol\u00edticas que \u201cdestruyen fuentes de trabajo, recortan derechos y golpean a las familias trabajadoras\u201d - Diario del Sur","isPartOf":{"@id":"https:\/\/diariodelsurdigital.com.ar\/#website"},"primaryImageOfPage":{"@id":"https:\/\/diariodelsurdigital.com.ar\/?p=1981#primaryimage"},"image":{"@id":"https:\/\/diariodelsurdigital.com.ar\/?p=1981#primaryimage"},"thumbnailUrl":"https:\/\/diariodelsurdigital.com.ar\/wp-content\/uploads\/2025\/04\/ACCIDENTE-1.jpg","datePublished":"2025-04-07T23:07:06+00:00","dateModified":"2025-04-07T23:07:07+00:00","author":{"@id":"https:\/\/diariodelsurdigital.com.ar\/#\/schema\/person\/6136a32571657f7dba980b88b04c5465"},"breadcrumb":{"@id":"https:\/\/diariodelsurdigital.com.ar\/?p=1981#breadcrumb"},"inLanguage":"es","potentialAction":[{"@type":"ReadAction","target":["https:\/\/diariodelsurdigital.com.ar\/?p=1981"]}]},{"@type":"ImageObject","inLanguage":"es","@id":"https:\/\/diariodelsurdigital.com.ar\/?p=1981#primaryimage","url":"https:\/\/diariodelsurdigital.com.ar\/wp-content\/uploads\/2025\/04\/ACCIDENTE-1.jpg","contentUrl":"https:\/\/diariodelsurdigital.com.ar\/wp-content\/uploads\/2025\/04\/ACCIDENTE-1.jpg","width":467,"height":322},{"@type":"BreadcrumbList","@id":"https:\/\/diariodelsurdigital.com.ar\/?p=1981#breadcrumb","itemListElement":[{"@type":"ListItem","position":1,"name":"Portada","item":"https:\/\/diariodelsurdigital.com.ar\/"},{"@type":"ListItem","position":2,"name":"El presidente del PJ Concordia critic\u00f3 las pol\u00edticas que \u201cdestruyen fuentes de trabajo, recortan derechos y golpean a las familias trabajadoras\u201d"}]},{"@type":"WebSite","@id":"https:\/\/diariodelsurdigital.com.ar\/#website","url":"https:\/\/diariodelsurdigital.com.ar\/","name":"Diario del Sur","description":"Digital","potentialAction":[{"@type":"SearchAction","target":{"@type":"EntryPoint","urlTemplate":"https:\/\/diariodelsurdigital.com.ar\/?s={search_term_string}"},"query-input":{"@type":"PropertyValueSpecification","valueRequired":true,"valueName":"search_term_string"}}],"inLanguage":"es"},{"@type":"Person","@id":"https:\/\/diariodelsurdigital.com.ar\/#\/schema\/person\/6136a32571657f7dba980b88b04c5465","name":"Diario del Sur Digital","image":{"@type":"ImageObject","inLanguage":"es","@id":"https:\/\/secure.gravatar.com\/avatar\/4c29ceac98541dd42460b2474aaa5dd37594d6ce6cb3cf2c101d09b48ee287ba?s=96&d=mm&r=g","url":"https:\/\/secure.gravatar.com\/avatar\/4c29ceac98541dd42460b2474aaa5dd37594d6ce6cb3cf2c101d09b48ee287ba?s=96&d=mm&r=g","contentUrl":"https:\/\/secure.gravatar.com\/avatar\/4c29ceac98541dd42460b2474aaa5dd37594d6ce6cb3cf2c101d09b48ee287ba?s=96&d=mm&r=g","caption":"Diario del Sur Digital"},"url":"https:\/\/diariodelsurdigital.com.ar\/?author=2"}]}},"_links":{"self":[{"href":"https:\/\/diariodelsurdigital.com.ar\/index.php?rest_route=\/wp\/v2\/posts\/1981","targetHints":{"allow":["GET"]}}],"collection":[{"href":"https:\/\/diariodelsurdigital.com.ar\/index.php?rest_route=\/wp\/v2\/posts"}],"about":[{"href":"https:\/\/diariodelsurdigital.com.ar\/index.php?rest_route=\/wp\/v2\/types\/post"}],"author":[{"embeddable":true,"href":"https:\/\/diariodelsurdigital.com.ar\/index.php?rest_route=\/wp\/v2\/users\/2"}],"replies":[{"embeddable":true,"href":"https:\/\/diariodelsurdigital.com.ar\/index.php?rest_route=%2Fwp%2Fv2%2Fcomments&post=1981"}],"version-history":[{"count":1,"href":"https:\/\/diariodelsurdigital.com.ar\/index.php?rest_route=\/wp\/v2\/posts\/1981\/revisions"}],"predecessor-version":[{"id":1983,"href":"https:\/\/diariodelsurdigital.com.ar\/index.php?rest_route=\/wp\/v2\/posts\/1981\/revisions\/1983"}],"wp:featuredmedia":[{"embeddable":true,"href":"https:\/\/diariodelsurdigital.com.ar\/index.php?rest_route=\/wp\/v2\/media\/1982"}],"wp:attachment":[{"href":"https:\/\/diariodelsurdigital.com.ar\/index.php?rest_route=%2Fwp%2Fv2%2Fmedia&parent=1981"}],"wp:term":[{"taxonomy":"category","embeddable":true,"href":"https:\/\/diariodelsurdigital.com.ar\/index.php?rest_route=%2Fwp%2Fv2%2Fcategories&post=1981"},{"taxonomy":"post_tag","embeddable":true,"href":"https:\/\/diariodelsurdigital.com.ar\/index.php?rest_route=%2Fwp%2Fv2%2Ftags&post=1981"}],"curies":[{"name":"wp","href":"https:\/\/api.w.org\/{rel}","templated":true}]}}