{"id":1984,"date":"2025-04-07T22:52:43","date_gmt":"2025-04-08T01:52:43","guid":{"rendered":"https:\/\/diariodelsurdigital.com.ar\/?p=1984"},"modified":"2025-04-07T22:52:44","modified_gmt":"2025-04-08T01:52:44","slug":"daniel-rossi-no-hay-otro-camino-que-las-internas","status":"publish","type":"post","link":"https:\/\/diariodelsurdigital.com.ar\/?p=1984","title":{"rendered":"Daniel Rossi: \u00abNo hay otro camino que las internas\u00bb"},"content":{"rendered":"\n<h1 class=\"wp-block-heading\"><\/h1>\n\n\n\n<p>\u00abTiene que ser como la Carta Org\u00e1nica dice, ac\u00e1 tiene que haber internas, elegir candidatos, internas abiertas, boleta \u00fanica, y que participen. Lo que pasa es que la rosca hist\u00f3rica que viene hace muchos a\u00f1os, m\u00e1s de 20 a\u00f1os, indudablemente quiere mantener la hegemon\u00eda y poner los candidatos\u00bb, manifest\u00f3 el intendente de Santa Elena, Daniel Rossi, a<strong>&nbsp;Radio RD 99.1.<\/strong><\/p>\n\n\n\n<p>\u00abNo hay otro camino que las internas, si no, nos van a sacar de competencia, porque va a haber muchas denuncias. Si el justicialismo no presenta ordenadamente a sus candidatos, corremos riesgo, seguramente, de que no nos autoricen la participaci\u00f3n. Tiene que ser como la Carta Org\u00e1nica dice, ac\u00e1 tiene que haber internas, elegir candidatos, internas abiertas, boleta \u00fanica, y que participen. Lo que pasa es que la rosca hist\u00f3rica que viene hace muchos a\u00f1os, m\u00e1s de 20 a\u00f1os, indudablemente quiere mantener la hegemon\u00eda y poner los candidatos\u00bb, indic\u00f3 el intendente Rossi.<\/p>\n\n\n\n<p>\u00abDe esa hegemon\u00eda del justicialismo que nos hizo perder las elecciones, y que ahora da verg\u00fcenza de lo que ha pasado en algunos entes durante la gesti\u00f3n anterior, fundamentalmente de Urribarri y de Bordet, nosotros no tenemos nada que ver. Yo hace 35 a\u00f1os que termin\u00e9 de ser vicegobernador, como yo, tengo miles y miles, y la absoluta mayor\u00eda del peronismo no tiene nada que ver. \u00bfQu\u00e9 van a tener que ver los peronistas, el militante, digo los intendentes, incluso los del interior, de lo que se robaron? el partido lo sigue manejando los de siempre, Ahora ha aparecido un tal Guillermo Michel, digo as\u00ed porque no es de Entre R\u00edos, o es de Entre R\u00edos y estuvo viviendo muchos a\u00f1os en Buenos Aires.\u00bb<\/p>\n\n\n\n<p>\u00abMe parece a m\u00ed que, o los peronistas no entendemos nada de la pol\u00edtica, o muchos no entendemos, porque lo que ha pasado con el justicialismo es inexplicable\u00bb, agreg\u00f3.<\/p>\n\n\n\n<p>\u00abLa justicia ten\u00eda los videos de Kueider, y los escondieron, porque si no hubiera sido por Arroyo Salgado, nunca nos hubi\u00e9ramos enterado. Evidentemente lo que publican los medios nacionales, lo tuvo el procurador Garc\u00eda primero. Adem\u00e1s, publican que ese dinero no era del banco de Entre R\u00edos. \u00bfPor qu\u00e9? Porque el dinero viene de otra forma, termosellado, tiene otra forma el Banco de Entre R\u00edos para entregar dinero, y hab\u00eda d\u00f3lares, y no investigaron\u00bb.<\/p>\n\n\n\n<p>\u00abEstas cosas que pasan nos dejan mal a todos, ojal\u00e1 Entre R\u00edos alguna vez pueda terminar con la mafia, la mesa judicial, no se puede seguir as\u00ed. A nosotros nos dec\u00edan que \u00e9ramos denunciadores seriales, algunas p\u00e1ginas y canales de Paran\u00e1, pero a ver, \u00bfqui\u00e9n de esos medios habla del IOSPER? \u00bfQui\u00e9n de esos medios habla de ENERSA? Que tuvo que ir a un juez federal para descubrir, enterarnos que los gerentes, los empresarios, los funcionarios, Kueider lo mencionaban. Nos enteramos porque vino la jueza Arroyo Salgado. \u00bfQu\u00e9 pasa en Vialidad? \u00bfQu\u00e9 hizo el Tribunal de Cuentas con los contratos Truchos? No nos enteramos\u00bb.<\/p>\n\n\n\n<p>\u00abMe parece a m\u00ed que tarde o temprano el justicialismo va a cambiar, porque es parte de todo esto, porque hay parte del hoy oficialismo y antes oposici\u00f3n que tambi\u00e9n sab\u00edan de todo esto. Ahora, \u00bfqui\u00e9n habla del oficialismo y la oposici\u00f3n? \u00bfQui\u00e9n escuch\u00f3 alg\u00fan diputado o senador hablar de estos temas?\u00bb<\/p>\n\n\n\n<p>\u00abAc\u00e1 lo importante es que convoquen. Porque en el 2021, o en el 2017, con Bordet armaron nueve listas para desvirtuar la interna fueron empujando para la presentaci\u00f3n de varias listas para desvirtuar y que la oposici\u00f3n interna se diluya y no haya una sola oposici\u00f3n a la lista del oficialismo. Da la sensaci\u00f3n que m\u00e1s o menos van orientando para ese lado.\u00bb<\/p>\n\n\n\n<p>\u00abPero es fundamental que hayas internas, si no, el peronismo va a tener temas judiciales. Hay otra agrupaci\u00f3n por ah\u00ed que sali\u00f3 este fin de semana tambi\u00e9n pidiendo internas, el presidente de la departamental de Paran\u00e1 est\u00e1 pidiendo internas. Es decir, varios se van expresando que tiene que haber internas, y podr\u00eda haber varias listas\u00bb, asegur\u00f3.<\/p>\n\n\n\n<p>\u00abHay un compromiso social pol\u00edtico muy fuerte con la sociedad. No pueden aparecer los mismos, los responsables de todo lo que ha pasado en los 20 a\u00f1os de gobierno. Por eso tenemos esperanza, porque ac\u00e1 es la actitud de la gente, la comunidad, la expresi\u00f3n, las redes sociales. Pero adem\u00e1s, en este mes van a elevar a juicio el tema de los contratos truchos, y vamos a ver el listado de qui\u00e9nes est\u00e1n, todos los perejiles, los bolseros, los mochileros que tra\u00edan la plata, los que hac\u00edan los contratos, los que hac\u00edan todo el tema administrativo. \u00bfPara qui\u00e9n se llev\u00f3 la plata durante 10 a\u00f1os? \u00bfQui\u00e9n se la llev\u00f3? Yo fui vicegobernador de esta provincia y todo autoriza La Presidencia, por supuesto. Pero cuando yo fui vicegobernador ni hab\u00eda contratos truchos, ni mesa de dinero. En un periodo de Urribarri por ah\u00ed hab\u00eda mesa de dinero en el Senado. Todo el mundo hablaba y cambiaba dinero, iban a buscar plata y nadie dec\u00eda nada. Por eso, a m\u00ed me parece que esta justicia es lamentable\u00bb.<\/p>\n\n\n\n<p>\u00abEl tema es que el sistema est\u00e1 mal. Los controles, el Tribunal de Cuentas, la justicia, los fiscales, el fiscal de Estado, el que controla, \u00bfc\u00f3mo van a robar un presupuesto? \u00bfC\u00f3mo el Ministerio de Econom\u00eda le va a transferir fondos al Senado y a Diputados para mil contratos falsos? \u00bfC\u00f3mo van a transferir esos fondos? Porque econom\u00eda va haciendo las transferencias. Y entonces, \u00bfc\u00f3mo va a transferir para mil contratos si el Senado y Diputados tienen cuatro o cinco contratos cada legislador nom\u00e1s? Pero eso estaba en conocimiento del Gobernador. Obviamente del Ministerio de Econom\u00eda y del Tribunal de Cuentas.<\/p>\n\n\n\n<p>Respecto a la Obra Social de la provincia, Rossi manifest\u00f3: \u00abYo creo, y ahora tengo esperanza, que ojal\u00e1 mejore el IOSPER, que es la mayor verg\u00fcenza, pero la mayor verg\u00fcenza y ni hablar de la situaci\u00f3n con las pr\u00f3tesis. Usted ten\u00eda un problema de pr\u00f3tesis y te la llegaba a los dos meses. Ya no pod\u00eda operarte porque ten\u00eda que ser en el momento que llegue la pr\u00f3tesis. Y estaban a pagar anticipadamente m\u00e1s de mil pr\u00f3tesis. Y pagaba dos veces. Y la gente esperaba internada en el hospital, en los sanatorios, en el San Mart\u00edn, a ver si le llegaba la pr\u00f3tesis. De la cadera, de la pierna, del tobillo, de la rodilla. Y no llegaban. Hay gente que qued\u00f3 renga, hay gente que no pudo caminar m\u00e1s. Esto pas\u00f3 ac\u00e1 en Entre R\u00edos durante estos 20 a\u00f1os.\u00bb<\/p>\n","protected":false},"excerpt":{"rendered":"<p>\u00abTiene que ser como la Carta Org\u00e1nica dice, ac\u00e1 tiene que haber internas, elegir candidatos, internas abiertas, boleta \u00fanica, y que participen. Lo que pasa es que la rosca hist\u00f3rica que viene hace muchos a\u00f1os, m\u00e1s de 20 a\u00f1os, indudablemente quiere mantener la hegemon\u00eda y poner los candidatos\u00bb, manifest\u00f3 el intendente de Santa Elena, Daniel [&hellip;]<\/p>\n","protected":false},"author":2,"featured_media":1985,"comment_status":"open","ping_status":"open","sticky":false,"template":"","format":"standard","meta":{"footnotes":""},"categories":[17],"tags":[],"class_list":{"0":"post-1984","1":"post","2":"type-post","3":"status-publish","4":"format-standard","5":"has-post-thumbnail","7":"category-provinciales"},"yoast_head":"<!-- This site is optimized with the Yoast SEO plugin v27.4 - https:\/\/yoast.com\/product\/yoast-seo-wordpress\/ -->\n<title>Daniel Rossi: \u00abNo hay otro camino que las internas\u00bb - Diario del Sur<\/title>\n<meta name=\"robots\" content=\"index, follow, max-snippet:-1, max-image-preview:large, max-video-preview:-1\" \/>\n<link rel=\"canonical\" href=\"https:\/\/diariodelsurdigital.com.ar\/?p=1984\" \/>\n<meta property=\"og:locale\" content=\"es_ES\" \/>\n<meta property=\"og:type\" content=\"article\" \/>\n<meta property=\"og:title\" content=\"Daniel Rossi: \u00abNo hay otro camino que las internas\u00bb - Diario del Sur\" \/>\n<meta property=\"og:description\" content=\"\u00abTiene que ser como la Carta Org\u00e1nica dice, ac\u00e1 tiene que haber internas, elegir candidatos, internas abiertas, boleta \u00fanica, y que participen. Lo que pasa es que la rosca hist\u00f3rica que viene hace muchos a\u00f1os, m\u00e1s de 20 a\u00f1os, indudablemente quiere mantener la hegemon\u00eda y poner los candidatos\u00bb, manifest\u00f3 el intendente de Santa Elena, Daniel [&hellip;]\" \/>\n<meta property=\"og:url\" content=\"https:\/\/diariodelsurdigital.com.ar\/?p=1984\" \/>\n<meta property=\"og:site_name\" content=\"Diario del Sur\" \/>\n<meta property=\"article:published_time\" content=\"2025-04-08T01:52:43+00:00\" \/>\n<meta property=\"article:modified_time\" content=\"2025-04-08T01:52:44+00:00\" \/>\n<meta property=\"og:image\" content=\"https:\/\/diariodelsurdigital.com.ar\/wp-content\/uploads\/2025\/04\/images-7.jpeg\" \/>\n\t<meta property=\"og:image:width\" content=\"428\" \/>\n\t<meta property=\"og:image:height\" content=\"284\" \/>\n\t<meta property=\"og:image:type\" content=\"image\/jpeg\" \/>\n<meta name=\"author\" content=\"Diario del Sur Digital\" \/>\n<meta name=\"twitter:card\" content=\"summary_large_image\" \/>\n<meta name=\"twitter:label1\" content=\"Escrito por\" \/>\n\t<meta name=\"twitter:data1\" content=\"Diario del Sur Digital\" \/>\n\t<meta name=\"twitter:label2\" content=\"Tiempo de lectura\" \/>\n\t<meta name=\"twitter:data2\" content=\"6 minutos\" \/>\n<script type=\"application\/ld+json\" class=\"yoast-schema-graph\">{\"@context\":\"https:\\\/\\\/schema.org\",\"@graph\":[{\"@type\":\"Article\",\"@id\":\"https:\\\/\\\/diariodelsurdigital.com.ar\\\/?p=1984#article\",\"isPartOf\":{\"@id\":\"https:\\\/\\\/diariodelsurdigital.com.ar\\\/?p=1984\"},\"author\":{\"name\":\"Diario del Sur Digital\",\"@id\":\"https:\\\/\\\/diariodelsurdigital.com.ar\\\/#\\\/schema\\\/person\\\/6136a32571657f7dba980b88b04c5465\"},\"headline\":\"Daniel Rossi: \u00abNo hay otro camino que las internas\u00bb\",\"datePublished\":\"2025-04-08T01:52:43+00:00\",\"dateModified\":\"2025-04-08T01:52:44+00:00\",\"mainEntityOfPage\":{\"@id\":\"https:\\\/\\\/diariodelsurdigital.com.ar\\\/?p=1984\"},\"wordCount\":1159,\"commentCount\":0,\"image\":{\"@id\":\"https:\\\/\\\/diariodelsurdigital.com.ar\\\/?p=1984#primaryimage\"},\"thumbnailUrl\":\"https:\\\/\\\/diariodelsurdigital.com.ar\\\/wp-content\\\/uploads\\\/2025\\\/04\\\/images-7.jpeg\",\"articleSection\":[\"Provinciales\"],\"inLanguage\":\"es\",\"potentialAction\":[{\"@type\":\"CommentAction\",\"name\":\"Comment\",\"target\":[\"https:\\\/\\\/diariodelsurdigital.com.ar\\\/?p=1984#respond\"]}]},{\"@type\":\"WebPage\",\"@id\":\"https:\\\/\\\/diariodelsurdigital.com.ar\\\/?p=1984\",\"url\":\"https:\\\/\\\/diariodelsurdigital.com.ar\\\/?p=1984\",\"name\":\"Daniel Rossi: \u00abNo hay otro camino que las internas\u00bb - Diario del Sur\",\"isPartOf\":{\"@id\":\"https:\\\/\\\/diariodelsurdigital.com.ar\\\/#website\"},\"primaryImageOfPage\":{\"@id\":\"https:\\\/\\\/diariodelsurdigital.com.ar\\\/?p=1984#primaryimage\"},\"image\":{\"@id\":\"https:\\\/\\\/diariodelsurdigital.com.ar\\\/?p=1984#primaryimage\"},\"thumbnailUrl\":\"https:\\\/\\\/diariodelsurdigital.com.ar\\\/wp-content\\\/uploads\\\/2025\\\/04\\\/images-7.jpeg\",\"datePublished\":\"2025-04-08T01:52:43+00:00\",\"dateModified\":\"2025-04-08T01:52:44+00:00\",\"author\":{\"@id\":\"https:\\\/\\\/diariodelsurdigital.com.ar\\\/#\\\/schema\\\/person\\\/6136a32571657f7dba980b88b04c5465\"},\"breadcrumb\":{\"@id\":\"https:\\\/\\\/diariodelsurdigital.com.ar\\\/?p=1984#breadcrumb\"},\"inLanguage\":\"es\",\"potentialAction\":[{\"@type\":\"ReadAction\",\"target\":[\"https:\\\/\\\/diariodelsurdigital.com.ar\\\/?p=1984\"]}]},{\"@type\":\"ImageObject\",\"inLanguage\":\"es\",\"@id\":\"https:\\\/\\\/diariodelsurdigital.com.ar\\\/?p=1984#primaryimage\",\"url\":\"https:\\\/\\\/diariodelsurdigital.com.ar\\\/wp-content\\\/uploads\\\/2025\\\/04\\\/images-7.jpeg\",\"contentUrl\":\"https:\\\/\\\/diariodelsurdigital.com.ar\\\/wp-content\\\/uploads\\\/2025\\\/04\\\/images-7.jpeg\",\"width\":428,\"height\":284},{\"@type\":\"BreadcrumbList\",\"@id\":\"https:\\\/\\\/diariodelsurdigital.com.ar\\\/?p=1984#breadcrumb\",\"itemListElement\":[{\"@type\":\"ListItem\",\"position\":1,\"name\":\"Portada\",\"item\":\"https:\\\/\\\/diariodelsurdigital.com.ar\\\/\"},{\"@type\":\"ListItem\",\"position\":2,\"name\":\"Daniel Rossi: \u00abNo hay otro camino que las internas\u00bb\"}]},{\"@type\":\"WebSite\",\"@id\":\"https:\\\/\\\/diariodelsurdigital.com.ar\\\/#website\",\"url\":\"https:\\\/\\\/diariodelsurdigital.com.ar\\\/\",\"name\":\"Diario del Sur\",\"description\":\"Digital\",\"potentialAction\":[{\"@type\":\"SearchAction\",\"target\":{\"@type\":\"EntryPoint\",\"urlTemplate\":\"https:\\\/\\\/diariodelsurdigital.com.ar\\\/?s={search_term_string}\"},\"query-input\":{\"@type\":\"PropertyValueSpecification\",\"valueRequired\":true,\"valueName\":\"search_term_string\"}}],\"inLanguage\":\"es\"},{\"@type\":\"Person\",\"@id\":\"https:\\\/\\\/diariodelsurdigital.com.ar\\\/#\\\/schema\\\/person\\\/6136a32571657f7dba980b88b04c5465\",\"name\":\"Diario del Sur Digital\",\"image\":{\"@type\":\"ImageObject\",\"inLanguage\":\"es\",\"@id\":\"https:\\\/\\\/secure.gravatar.com\\\/avatar\\\/4c29ceac98541dd42460b2474aaa5dd37594d6ce6cb3cf2c101d09b48ee287ba?s=96&d=mm&r=g\",\"url\":\"https:\\\/\\\/secure.gravatar.com\\\/avatar\\\/4c29ceac98541dd42460b2474aaa5dd37594d6ce6cb3cf2c101d09b48ee287ba?s=96&d=mm&r=g\",\"contentUrl\":\"https:\\\/\\\/secure.gravatar.com\\\/avatar\\\/4c29ceac98541dd42460b2474aaa5dd37594d6ce6cb3cf2c101d09b48ee287ba?s=96&d=mm&r=g\",\"caption\":\"Diario del Sur Digital\"},\"url\":\"https:\\\/\\\/diariodelsurdigital.com.ar\\\/?author=2\"}]}<\/script>\n<!-- \/ Yoast SEO plugin. -->","yoast_head_json":{"title":"Daniel Rossi: \u00abNo hay otro camino que las internas\u00bb - Diario del Sur","robots":{"index":"index","follow":"follow","max-snippet":"max-snippet:-1","max-image-preview":"max-image-preview:large","max-video-preview":"max-video-preview:-1"},"canonical":"https:\/\/diariodelsurdigital.com.ar\/?p=1984","og_locale":"es_ES","og_type":"article","og_title":"Daniel Rossi: \u00abNo hay otro camino que las internas\u00bb - Diario del Sur","og_description":"\u00abTiene que ser como la Carta Org\u00e1nica dice, ac\u00e1 tiene que haber internas, elegir candidatos, internas abiertas, boleta \u00fanica, y que participen. Lo que pasa es que la rosca hist\u00f3rica que viene hace muchos a\u00f1os, m\u00e1s de 20 a\u00f1os, indudablemente quiere mantener la hegemon\u00eda y poner los candidatos\u00bb, manifest\u00f3 el intendente de Santa Elena, Daniel [&hellip;]","og_url":"https:\/\/diariodelsurdigital.com.ar\/?p=1984","og_site_name":"Diario del Sur","article_published_time":"2025-04-08T01:52:43+00:00","article_modified_time":"2025-04-08T01:52:44+00:00","og_image":[{"width":428,"height":284,"url":"https:\/\/diariodelsurdigital.com.ar\/wp-content\/uploads\/2025\/04\/images-7.jpeg","type":"image\/jpeg"}],"author":"Diario del Sur Digital","twitter_card":"summary_large_image","twitter_misc":{"Escrito por":"Diario del Sur Digital","Tiempo de lectura":"6 minutos"},"schema":{"@context":"https:\/\/schema.org","@graph":[{"@type":"Article","@id":"https:\/\/diariodelsurdigital.com.ar\/?p=1984#article","isPartOf":{"@id":"https:\/\/diariodelsurdigital.com.ar\/?p=1984"},"author":{"name":"Diario del Sur Digital","@id":"https:\/\/diariodelsurdigital.com.ar\/#\/schema\/person\/6136a32571657f7dba980b88b04c5465"},"headline":"Daniel Rossi: \u00abNo hay otro camino que las internas\u00bb","datePublished":"2025-04-08T01:52:43+00:00","dateModified":"2025-04-08T01:52:44+00:00","mainEntityOfPage":{"@id":"https:\/\/diariodelsurdigital.com.ar\/?p=1984"},"wordCount":1159,"commentCount":0,"image":{"@id":"https:\/\/diariodelsurdigital.com.ar\/?p=1984#primaryimage"},"thumbnailUrl":"https:\/\/diariodelsurdigital.com.ar\/wp-content\/uploads\/2025\/04\/images-7.jpeg","articleSection":["Provinciales"],"inLanguage":"es","potentialAction":[{"@type":"CommentAction","name":"Comment","target":["https:\/\/diariodelsurdigital.com.ar\/?p=1984#respond"]}]},{"@type":"WebPage","@id":"https:\/\/diariodelsurdigital.com.ar\/?p=1984","url":"https:\/\/diariodelsurdigital.com.ar\/?p=1984","name":"Daniel Rossi: \u00abNo hay otro camino que las internas\u00bb - Diario del Sur","isPartOf":{"@id":"https:\/\/diariodelsurdigital.com.ar\/#website"},"primaryImageOfPage":{"@id":"https:\/\/diariodelsurdigital.com.ar\/?p=1984#primaryimage"},"image":{"@id":"https:\/\/diariodelsurdigital.com.ar\/?p=1984#primaryimage"},"thumbnailUrl":"https:\/\/diariodelsurdigital.com.ar\/wp-content\/uploads\/2025\/04\/images-7.jpeg","datePublished":"2025-04-08T01:52:43+00:00","dateModified":"2025-04-08T01:52:44+00:00","author":{"@id":"https:\/\/diariodelsurdigital.com.ar\/#\/schema\/person\/6136a32571657f7dba980b88b04c5465"},"breadcrumb":{"@id":"https:\/\/diariodelsurdigital.com.ar\/?p=1984#breadcrumb"},"inLanguage":"es","potentialAction":[{"@type":"ReadAction","target":["https:\/\/diariodelsurdigital.com.ar\/?p=1984"]}]},{"@type":"ImageObject","inLanguage":"es","@id":"https:\/\/diariodelsurdigital.com.ar\/?p=1984#primaryimage","url":"https:\/\/diariodelsurdigital.com.ar\/wp-content\/uploads\/2025\/04\/images-7.jpeg","contentUrl":"https:\/\/diariodelsurdigital.com.ar\/wp-content\/uploads\/2025\/04\/images-7.jpeg","width":428,"height":284},{"@type":"BreadcrumbList","@id":"https:\/\/diariodelsurdigital.com.ar\/?p=1984#breadcrumb","itemListElement":[{"@type":"ListItem","position":1,"name":"Portada","item":"https:\/\/diariodelsurdigital.com.ar\/"},{"@type":"ListItem","position":2,"name":"Daniel Rossi: \u00abNo hay otro camino que las internas\u00bb"}]},{"@type":"WebSite","@id":"https:\/\/diariodelsurdigital.com.ar\/#website","url":"https:\/\/diariodelsurdigital.com.ar\/","name":"Diario del Sur","description":"Digital","potentialAction":[{"@type":"SearchAction","target":{"@type":"EntryPoint","urlTemplate":"https:\/\/diariodelsurdigital.com.ar\/?s={search_term_string}"},"query-input":{"@type":"PropertyValueSpecification","valueRequired":true,"valueName":"search_term_string"}}],"inLanguage":"es"},{"@type":"Person","@id":"https:\/\/diariodelsurdigital.com.ar\/#\/schema\/person\/6136a32571657f7dba980b88b04c5465","name":"Diario del Sur Digital","image":{"@type":"ImageObject","inLanguage":"es","@id":"https:\/\/secure.gravatar.com\/avatar\/4c29ceac98541dd42460b2474aaa5dd37594d6ce6cb3cf2c101d09b48ee287ba?s=96&d=mm&r=g","url":"https:\/\/secure.gravatar.com\/avatar\/4c29ceac98541dd42460b2474aaa5dd37594d6ce6cb3cf2c101d09b48ee287ba?s=96&d=mm&r=g","contentUrl":"https:\/\/secure.gravatar.com\/avatar\/4c29ceac98541dd42460b2474aaa5dd37594d6ce6cb3cf2c101d09b48ee287ba?s=96&d=mm&r=g","caption":"Diario del Sur Digital"},"url":"https:\/\/diariodelsurdigital.com.ar\/?author=2"}]}},"_links":{"self":[{"href":"https:\/\/diariodelsurdigital.com.ar\/index.php?rest_route=\/wp\/v2\/posts\/1984","targetHints":{"allow":["GET"]}}],"collection":[{"href":"https:\/\/diariodelsurdigital.com.ar\/index.php?rest_route=\/wp\/v2\/posts"}],"about":[{"href":"https:\/\/diariodelsurdigital.com.ar\/index.php?rest_route=\/wp\/v2\/types\/post"}],"author":[{"embeddable":true,"href":"https:\/\/diariodelsurdigital.com.ar\/index.php?rest_route=\/wp\/v2\/users\/2"}],"replies":[{"embeddable":true,"href":"https:\/\/diariodelsurdigital.com.ar\/index.php?rest_route=%2Fwp%2Fv2%2Fcomments&post=1984"}],"version-history":[{"count":1,"href":"https:\/\/diariodelsurdigital.com.ar\/index.php?rest_route=\/wp\/v2\/posts\/1984\/revisions"}],"predecessor-version":[{"id":1986,"href":"https:\/\/diariodelsurdigital.com.ar\/index.php?rest_route=\/wp\/v2\/posts\/1984\/revisions\/1986"}],"wp:featuredmedia":[{"embeddable":true,"href":"https:\/\/diariodelsurdigital.com.ar\/index.php?rest_route=\/wp\/v2\/media\/1985"}],"wp:attachment":[{"href":"https:\/\/diariodelsurdigital.com.ar\/index.php?rest_route=%2Fwp%2Fv2%2Fmedia&parent=1984"}],"wp:term":[{"taxonomy":"category","embeddable":true,"href":"https:\/\/diariodelsurdigital.com.ar\/index.php?rest_route=%2Fwp%2Fv2%2Fcategories&post=1984"},{"taxonomy":"post_tag","embeddable":true,"href":"https:\/\/diariodelsurdigital.com.ar\/index.php?rest_route=%2Fwp%2Fv2%2Ftags&post=1984"}],"curies":[{"name":"wp","href":"https:\/\/api.w.org\/{rel}","templated":true}]}}