{"id":1987,"date":"2025-04-08T08:11:07","date_gmt":"2025-04-08T11:11:07","guid":{"rendered":"https:\/\/diariodelsurdigital.com.ar\/?p=1987"},"modified":"2025-04-08T08:11:07","modified_gmt":"2025-04-08T11:11:07","slug":"azcue-lo-hizo-la-casta-de-los-sastre","status":"publish","type":"post","link":"https:\/\/diariodelsurdigital.com.ar\/?p=1987","title":{"rendered":"Azcu\u00e9 lo hizo: \u00abla casta de los Sastre\u00bb"},"content":{"rendered":"\n<p>Mediante decreto 196\/2.025, fechado el 5 de marzo de 2025 y publicado en el Bolet\u00edn Oficial del 4 de abril \u00faltimo, la Municipalidad de Concordia dispuso cambios en la estructura y en el funcionariado de la Secretar\u00eda de Desarrollo Urbano.<\/p>\n\n\n\n<p>Seg\u00fan puede leerse en la normativa, el Ingeniero Mateo Sastre, quien se ven\u00eda desempe\u00f1ando como Jefe del Departamento de Inspecci\u00f3n de Obras dependiente de la Direcci\u00f3n de Obras Viales y Mantenimiento, fue ascendido al cargo de Subsecretario de Obras P\u00fablicas. Sastre es familiar del concejal Felipe Sastre, un f\u00e9rreo libertariano defensor de las pol\u00edticas de la motosierra mile\u00edsta, junto al intendente Azcu\u00e9.<\/p>\n\n\n\n<p>A su vez, quien hasta ahora ejerc\u00eda esta \u00faltima funci\u00f3n, el Ingeniero Luis V\u00edctor Costa, fue reasignado al frente de una nueva secci\u00f3n, denominada Unidad Coordinadora y de Supervisi\u00f3n de la Secretar\u00eda de Desarrollo Urbano.<\/p>\n\n\n\n<p><\/p>\n\n\n\n<p>Al explicitar las razones para la ampliaci\u00f3n de la estructura org\u00e1nica, el decreto se\u00f1ala: \u201cCon el fin de asistir al Secretario de Desarrollo Urbano, en la organizaci\u00f3n, planificaci\u00f3n y coordinaci\u00f3n de los trabajos de obras p\u00fablicas y servicios p\u00fablicos que se llevan a cabo a trav\u00e9s de las Subsecretar\u00edas de Obras P\u00fablicas, Servicios P\u00fablicos y Ambiente,&nbsp;<strong>resulta imprescindible<\/strong>&nbsp;crear la Unidad Coordinadora y de Supervisi\u00f3n dependiente de la Secretar\u00eda de Desarrollo Urbano\u201d.<\/p>\n\n\n\n<p>A rengl\u00f3n seguido justifica la elecci\u00f3n de Costa para encabezar la flamante coordinadora. Explica que el profesional \u201cre\u00fane las condiciones necesarias de idoneidad y responsabilidad para cubrir el cargo de Coordinador de la Unidad Coordinadora y de Supervisi\u00f3n de la S.D.U, dada su vasta experiencia en las gestiones inherentes a Planificaci\u00f3n, Elaboraci\u00f3n de Proyectos y Ejecuci\u00f3n de obras p\u00fablicas y servicios p\u00fablicos\u201d.<\/p>\n\n\n\n<p>El decreto lleva las firmas del intendente, Francisco Azcu\u00e9, y del Secretario de Desarrollo Urbano, el arquitecto Alejandro Ernesto L\u00f3pez.<\/p>\n\n\n\n<p><strong>Fuente:<\/strong>\u00a0El Entre R\u00edos<\/p>\n\n\n\n<p><a><\/a>&nbsp;<a><\/a>&nbsp;<a href=\"https:\/\/www.elentrerios.com\/extras\/notas\/enviar.php?id=213422\">Enviar<\/a>&nbsp;<a>Imprimir<\/a><\/p>\n\n\n\n<h3 class=\"wp-block-heading\">Envi\u00e1 tu comentario<\/h3>\n","protected":false},"excerpt":{"rendered":"<p>Mediante decreto 196\/2.025, fechado el 5 de marzo de 2025 y publicado en el Bolet\u00edn Oficial del 4 de abril \u00faltimo, la Municipalidad de Concordia dispuso cambios en la estructura y en el funcionariado de la Secretar\u00eda de Desarrollo Urbano. Seg\u00fan puede leerse en la normativa, el Ingeniero Mateo Sastre, quien se ven\u00eda desempe\u00f1ando como [&hellip;]<\/p>\n","protected":false},"author":2,"featured_media":1988,"comment_status":"open","ping_status":"open","sticky":false,"template":"","format":"standard","meta":{"footnotes":""},"categories":[16],"tags":[],"class_list":{"0":"post-1987","1":"post","2":"type-post","3":"status-publish","4":"format-standard","5":"has-post-thumbnail","7":"category-locales"},"yoast_head":"<!-- This site is optimized with the Yoast SEO plugin v27.4 - https:\/\/yoast.com\/product\/yoast-seo-wordpress\/ -->\n<title>Azcu\u00e9 lo hizo: &quot;la casta de los Sastre&quot; - Diario del Sur<\/title>\n<meta name=\"robots\" content=\"index, follow, max-snippet:-1, max-image-preview:large, max-video-preview:-1\" \/>\n<link rel=\"canonical\" href=\"https:\/\/diariodelsurdigital.com.ar\/?p=1987\" \/>\n<meta property=\"og:locale\" content=\"es_ES\" \/>\n<meta property=\"og:type\" content=\"article\" \/>\n<meta property=\"og:title\" content=\"Azcu\u00e9 lo hizo: &quot;la casta de los Sastre&quot; - Diario del Sur\" \/>\n<meta property=\"og:description\" content=\"Mediante decreto 196\/2.025, fechado el 5 de marzo de 2025 y publicado en el Bolet\u00edn Oficial del 4 de abril \u00faltimo, la Municipalidad de Concordia dispuso cambios en la estructura y en el funcionariado de la Secretar\u00eda de Desarrollo Urbano. Seg\u00fan puede leerse en la normativa, el Ingeniero Mateo Sastre, quien se ven\u00eda desempe\u00f1ando como [&hellip;]\" \/>\n<meta property=\"og:url\" content=\"https:\/\/diariodelsurdigital.com.ar\/?p=1987\" \/>\n<meta property=\"og:site_name\" content=\"Diario del Sur\" \/>\n<meta property=\"article:published_time\" content=\"2025-04-08T11:11:07+00:00\" \/>\n<meta property=\"og:image\" content=\"https:\/\/diariodelsurdigital.com.ar\/wp-content\/uploads\/2025\/04\/Municipalidad-011.jpeg\" \/>\n\t<meta property=\"og:image:width\" content=\"400\" \/>\n\t<meta property=\"og:image:height\" content=\"264\" \/>\n\t<meta property=\"og:image:type\" content=\"image\/jpeg\" \/>\n<meta name=\"author\" content=\"Diario del Sur Digital\" \/>\n<meta name=\"twitter:card\" content=\"summary_large_image\" \/>\n<meta name=\"twitter:label1\" content=\"Escrito por\" \/>\n\t<meta name=\"twitter:data1\" content=\"Diario del Sur Digital\" \/>\n\t<meta name=\"twitter:label2\" content=\"Tiempo de lectura\" \/>\n\t<meta name=\"twitter:data2\" content=\"2 minutos\" \/>\n<script type=\"application\/ld+json\" class=\"yoast-schema-graph\">{\"@context\":\"https:\\\/\\\/schema.org\",\"@graph\":[{\"@type\":\"Article\",\"@id\":\"https:\\\/\\\/diariodelsurdigital.com.ar\\\/?p=1987#article\",\"isPartOf\":{\"@id\":\"https:\\\/\\\/diariodelsurdigital.com.ar\\\/?p=1987\"},\"author\":{\"name\":\"Diario del Sur Digital\",\"@id\":\"https:\\\/\\\/diariodelsurdigital.com.ar\\\/#\\\/schema\\\/person\\\/6136a32571657f7dba980b88b04c5465\"},\"headline\":\"Azcu\u00e9 lo hizo: \u00abla casta de los Sastre\u00bb\",\"datePublished\":\"2025-04-08T11:11:07+00:00\",\"mainEntityOfPage\":{\"@id\":\"https:\\\/\\\/diariodelsurdigital.com.ar\\\/?p=1987\"},\"wordCount\":353,\"commentCount\":1,\"image\":{\"@id\":\"https:\\\/\\\/diariodelsurdigital.com.ar\\\/?p=1987#primaryimage\"},\"thumbnailUrl\":\"https:\\\/\\\/diariodelsurdigital.com.ar\\\/wp-content\\\/uploads\\\/2025\\\/04\\\/Municipalidad-011.jpeg\",\"articleSection\":[\"Locales\"],\"inLanguage\":\"es\",\"potentialAction\":[{\"@type\":\"CommentAction\",\"name\":\"Comment\",\"target\":[\"https:\\\/\\\/diariodelsurdigital.com.ar\\\/?p=1987#respond\"]}]},{\"@type\":\"WebPage\",\"@id\":\"https:\\\/\\\/diariodelsurdigital.com.ar\\\/?p=1987\",\"url\":\"https:\\\/\\\/diariodelsurdigital.com.ar\\\/?p=1987\",\"name\":\"Azcu\u00e9 lo hizo: \\\"la casta de los Sastre\\\" - Diario del Sur\",\"isPartOf\":{\"@id\":\"https:\\\/\\\/diariodelsurdigital.com.ar\\\/#website\"},\"primaryImageOfPage\":{\"@id\":\"https:\\\/\\\/diariodelsurdigital.com.ar\\\/?p=1987#primaryimage\"},\"image\":{\"@id\":\"https:\\\/\\\/diariodelsurdigital.com.ar\\\/?p=1987#primaryimage\"},\"thumbnailUrl\":\"https:\\\/\\\/diariodelsurdigital.com.ar\\\/wp-content\\\/uploads\\\/2025\\\/04\\\/Municipalidad-011.jpeg\",\"datePublished\":\"2025-04-08T11:11:07+00:00\",\"author\":{\"@id\":\"https:\\\/\\\/diariodelsurdigital.com.ar\\\/#\\\/schema\\\/person\\\/6136a32571657f7dba980b88b04c5465\"},\"breadcrumb\":{\"@id\":\"https:\\\/\\\/diariodelsurdigital.com.ar\\\/?p=1987#breadcrumb\"},\"inLanguage\":\"es\",\"potentialAction\":[{\"@type\":\"ReadAction\",\"target\":[\"https:\\\/\\\/diariodelsurdigital.com.ar\\\/?p=1987\"]}]},{\"@type\":\"ImageObject\",\"inLanguage\":\"es\",\"@id\":\"https:\\\/\\\/diariodelsurdigital.com.ar\\\/?p=1987#primaryimage\",\"url\":\"https:\\\/\\\/diariodelsurdigital.com.ar\\\/wp-content\\\/uploads\\\/2025\\\/04\\\/Municipalidad-011.jpeg\",\"contentUrl\":\"https:\\\/\\\/diariodelsurdigital.com.ar\\\/wp-content\\\/uploads\\\/2025\\\/04\\\/Municipalidad-011.jpeg\",\"width\":400,\"height\":264},{\"@type\":\"BreadcrumbList\",\"@id\":\"https:\\\/\\\/diariodelsurdigital.com.ar\\\/?p=1987#breadcrumb\",\"itemListElement\":[{\"@type\":\"ListItem\",\"position\":1,\"name\":\"Portada\",\"item\":\"https:\\\/\\\/diariodelsurdigital.com.ar\\\/\"},{\"@type\":\"ListItem\",\"position\":2,\"name\":\"Azcu\u00e9 lo hizo: \u00abla casta de los Sastre\u00bb\"}]},{\"@type\":\"WebSite\",\"@id\":\"https:\\\/\\\/diariodelsurdigital.com.ar\\\/#website\",\"url\":\"https:\\\/\\\/diariodelsurdigital.com.ar\\\/\",\"name\":\"Diario del Sur\",\"description\":\"Digital\",\"potentialAction\":[{\"@type\":\"SearchAction\",\"target\":{\"@type\":\"EntryPoint\",\"urlTemplate\":\"https:\\\/\\\/diariodelsurdigital.com.ar\\\/?s={search_term_string}\"},\"query-input\":{\"@type\":\"PropertyValueSpecification\",\"valueRequired\":true,\"valueName\":\"search_term_string\"}}],\"inLanguage\":\"es\"},{\"@type\":\"Person\",\"@id\":\"https:\\\/\\\/diariodelsurdigital.com.ar\\\/#\\\/schema\\\/person\\\/6136a32571657f7dba980b88b04c5465\",\"name\":\"Diario del Sur Digital\",\"image\":{\"@type\":\"ImageObject\",\"inLanguage\":\"es\",\"@id\":\"https:\\\/\\\/secure.gravatar.com\\\/avatar\\\/4c29ceac98541dd42460b2474aaa5dd37594d6ce6cb3cf2c101d09b48ee287ba?s=96&d=mm&r=g\",\"url\":\"https:\\\/\\\/secure.gravatar.com\\\/avatar\\\/4c29ceac98541dd42460b2474aaa5dd37594d6ce6cb3cf2c101d09b48ee287ba?s=96&d=mm&r=g\",\"contentUrl\":\"https:\\\/\\\/secure.gravatar.com\\\/avatar\\\/4c29ceac98541dd42460b2474aaa5dd37594d6ce6cb3cf2c101d09b48ee287ba?s=96&d=mm&r=g\",\"caption\":\"Diario del Sur Digital\"},\"url\":\"https:\\\/\\\/diariodelsurdigital.com.ar\\\/?author=2\"}]}<\/script>\n<!-- \/ Yoast SEO plugin. -->","yoast_head_json":{"title":"Azcu\u00e9 lo hizo: \"la casta de los Sastre\" - Diario del Sur","robots":{"index":"index","follow":"follow","max-snippet":"max-snippet:-1","max-image-preview":"max-image-preview:large","max-video-preview":"max-video-preview:-1"},"canonical":"https:\/\/diariodelsurdigital.com.ar\/?p=1987","og_locale":"es_ES","og_type":"article","og_title":"Azcu\u00e9 lo hizo: \"la casta de los Sastre\" - Diario del Sur","og_description":"Mediante decreto 196\/2.025, fechado el 5 de marzo de 2025 y publicado en el Bolet\u00edn Oficial del 4 de abril \u00faltimo, la Municipalidad de Concordia dispuso cambios en la estructura y en el funcionariado de la Secretar\u00eda de Desarrollo Urbano. Seg\u00fan puede leerse en la normativa, el Ingeniero Mateo Sastre, quien se ven\u00eda desempe\u00f1ando como [&hellip;]","og_url":"https:\/\/diariodelsurdigital.com.ar\/?p=1987","og_site_name":"Diario del Sur","article_published_time":"2025-04-08T11:11:07+00:00","og_image":[{"width":400,"height":264,"url":"https:\/\/diariodelsurdigital.com.ar\/wp-content\/uploads\/2025\/04\/Municipalidad-011.jpeg","type":"image\/jpeg"}],"author":"Diario del Sur Digital","twitter_card":"summary_large_image","twitter_misc":{"Escrito por":"Diario del Sur Digital","Tiempo de lectura":"2 minutos"},"schema":{"@context":"https:\/\/schema.org","@graph":[{"@type":"Article","@id":"https:\/\/diariodelsurdigital.com.ar\/?p=1987#article","isPartOf":{"@id":"https:\/\/diariodelsurdigital.com.ar\/?p=1987"},"author":{"name":"Diario del Sur Digital","@id":"https:\/\/diariodelsurdigital.com.ar\/#\/schema\/person\/6136a32571657f7dba980b88b04c5465"},"headline":"Azcu\u00e9 lo hizo: \u00abla casta de los Sastre\u00bb","datePublished":"2025-04-08T11:11:07+00:00","mainEntityOfPage":{"@id":"https:\/\/diariodelsurdigital.com.ar\/?p=1987"},"wordCount":353,"commentCount":1,"image":{"@id":"https:\/\/diariodelsurdigital.com.ar\/?p=1987#primaryimage"},"thumbnailUrl":"https:\/\/diariodelsurdigital.com.ar\/wp-content\/uploads\/2025\/04\/Municipalidad-011.jpeg","articleSection":["Locales"],"inLanguage":"es","potentialAction":[{"@type":"CommentAction","name":"Comment","target":["https:\/\/diariodelsurdigital.com.ar\/?p=1987#respond"]}]},{"@type":"WebPage","@id":"https:\/\/diariodelsurdigital.com.ar\/?p=1987","url":"https:\/\/diariodelsurdigital.com.ar\/?p=1987","name":"Azcu\u00e9 lo hizo: \"la casta de los Sastre\" - Diario del Sur","isPartOf":{"@id":"https:\/\/diariodelsurdigital.com.ar\/#website"},"primaryImageOfPage":{"@id":"https:\/\/diariodelsurdigital.com.ar\/?p=1987#primaryimage"},"image":{"@id":"https:\/\/diariodelsurdigital.com.ar\/?p=1987#primaryimage"},"thumbnailUrl":"https:\/\/diariodelsurdigital.com.ar\/wp-content\/uploads\/2025\/04\/Municipalidad-011.jpeg","datePublished":"2025-04-08T11:11:07+00:00","author":{"@id":"https:\/\/diariodelsurdigital.com.ar\/#\/schema\/person\/6136a32571657f7dba980b88b04c5465"},"breadcrumb":{"@id":"https:\/\/diariodelsurdigital.com.ar\/?p=1987#breadcrumb"},"inLanguage":"es","potentialAction":[{"@type":"ReadAction","target":["https:\/\/diariodelsurdigital.com.ar\/?p=1987"]}]},{"@type":"ImageObject","inLanguage":"es","@id":"https:\/\/diariodelsurdigital.com.ar\/?p=1987#primaryimage","url":"https:\/\/diariodelsurdigital.com.ar\/wp-content\/uploads\/2025\/04\/Municipalidad-011.jpeg","contentUrl":"https:\/\/diariodelsurdigital.com.ar\/wp-content\/uploads\/2025\/04\/Municipalidad-011.jpeg","width":400,"height":264},{"@type":"BreadcrumbList","@id":"https:\/\/diariodelsurdigital.com.ar\/?p=1987#breadcrumb","itemListElement":[{"@type":"ListItem","position":1,"name":"Portada","item":"https:\/\/diariodelsurdigital.com.ar\/"},{"@type":"ListItem","position":2,"name":"Azcu\u00e9 lo hizo: \u00abla casta de los Sastre\u00bb"}]},{"@type":"WebSite","@id":"https:\/\/diariodelsurdigital.com.ar\/#website","url":"https:\/\/diariodelsurdigital.com.ar\/","name":"Diario del Sur","description":"Digital","potentialAction":[{"@type":"SearchAction","target":{"@type":"EntryPoint","urlTemplate":"https:\/\/diariodelsurdigital.com.ar\/?s={search_term_string}"},"query-input":{"@type":"PropertyValueSpecification","valueRequired":true,"valueName":"search_term_string"}}],"inLanguage":"es"},{"@type":"Person","@id":"https:\/\/diariodelsurdigital.com.ar\/#\/schema\/person\/6136a32571657f7dba980b88b04c5465","name":"Diario del Sur Digital","image":{"@type":"ImageObject","inLanguage":"es","@id":"https:\/\/secure.gravatar.com\/avatar\/4c29ceac98541dd42460b2474aaa5dd37594d6ce6cb3cf2c101d09b48ee287ba?s=96&d=mm&r=g","url":"https:\/\/secure.gravatar.com\/avatar\/4c29ceac98541dd42460b2474aaa5dd37594d6ce6cb3cf2c101d09b48ee287ba?s=96&d=mm&r=g","contentUrl":"https:\/\/secure.gravatar.com\/avatar\/4c29ceac98541dd42460b2474aaa5dd37594d6ce6cb3cf2c101d09b48ee287ba?s=96&d=mm&r=g","caption":"Diario del Sur Digital"},"url":"https:\/\/diariodelsurdigital.com.ar\/?author=2"}]}},"_links":{"self":[{"href":"https:\/\/diariodelsurdigital.com.ar\/index.php?rest_route=\/wp\/v2\/posts\/1987","targetHints":{"allow":["GET"]}}],"collection":[{"href":"https:\/\/diariodelsurdigital.com.ar\/index.php?rest_route=\/wp\/v2\/posts"}],"about":[{"href":"https:\/\/diariodelsurdigital.com.ar\/index.php?rest_route=\/wp\/v2\/types\/post"}],"author":[{"embeddable":true,"href":"https:\/\/diariodelsurdigital.com.ar\/index.php?rest_route=\/wp\/v2\/users\/2"}],"replies":[{"embeddable":true,"href":"https:\/\/diariodelsurdigital.com.ar\/index.php?rest_route=%2Fwp%2Fv2%2Fcomments&post=1987"}],"version-history":[{"count":1,"href":"https:\/\/diariodelsurdigital.com.ar\/index.php?rest_route=\/wp\/v2\/posts\/1987\/revisions"}],"predecessor-version":[{"id":1989,"href":"https:\/\/diariodelsurdigital.com.ar\/index.php?rest_route=\/wp\/v2\/posts\/1987\/revisions\/1989"}],"wp:featuredmedia":[{"embeddable":true,"href":"https:\/\/diariodelsurdigital.com.ar\/index.php?rest_route=\/wp\/v2\/media\/1988"}],"wp:attachment":[{"href":"https:\/\/diariodelsurdigital.com.ar\/index.php?rest_route=%2Fwp%2Fv2%2Fmedia&parent=1987"}],"wp:term":[{"taxonomy":"category","embeddable":true,"href":"https:\/\/diariodelsurdigital.com.ar\/index.php?rest_route=%2Fwp%2Fv2%2Fcategories&post=1987"},{"taxonomy":"post_tag","embeddable":true,"href":"https:\/\/diariodelsurdigital.com.ar\/index.php?rest_route=%2Fwp%2Fv2%2Ftags&post=1987"}],"curies":[{"name":"wp","href":"https:\/\/api.w.org\/{rel}","templated":true}]}}