{"id":2078,"date":"2025-04-15T10:26:47","date_gmt":"2025-04-15T13:26:47","guid":{"rendered":"https:\/\/diariodelsurdigital.com.ar\/?p=2078"},"modified":"2025-04-15T10:26:48","modified_gmt":"2025-04-15T13:26:48","slug":"gaza-vive-la-peor-situacion-humanitaria-desde-el-inicio-de-la-guerra-advirtio-la-onu","status":"publish","type":"post","link":"https:\/\/diariodelsurdigital.com.ar\/?p=2078","title":{"rendered":"Gaza vive \u00abla peor\u00bb situaci\u00f3n humanitaria desde el inicio de la guerra, advirti\u00f3 la ONU"},"content":{"rendered":"\n<p>La situaci\u00f3n humanitaria en la franja de Gaza es \u00abla peor desde el inicio de la guerra\u00bb entre Israel y Ham\u00e1s, advirti\u00f3 el lunes la Oficina de Relaciones Humanitarias de la ONU (OCHA) en un comunicado.<\/p>\n\n\n\n<p>\u00abLa situaci\u00f3n humanitaria es ahora probablemente la peor desde el inicio de las hostilidades hace 18 meses\u00bb, indic\u00f3.<\/p>\n\n\n\n<p>Destac\u00f3 que los \u00faltimos suministros autorizados datan de hace mes y medio, o \u00absea la m\u00e1s larga interrupci\u00f3n hasta hoy\u00bb.<\/p>\n\n\n\n<p>Israel bloque\u00f3 el 2 de marzo la entrada de ayuda humanitaria en Gaza, cerrando todos los pasos hacia el peque\u00f1o territorio palestino, y luego reanud\u00f3 sus operaciones militares el 18 de marzo, tras dos meses de tregua.<\/p>\n\n\n\n<p>La ayuda humanitaria se volvi\u00f3 \u00abla primera fuente de ingresos\u00bb de Ham\u00e1s en Gaza, dijo el ministro de Relaciones exteriores israel\u00ed, Gideon Saar.<\/p>\n\n\n\n<p>\u00abPor el cierre de los puntos de paso, reforzado por las restricciones al interior de Gaza, la penuria de suministro forz\u00f3 a las autoridades a racionar y reducir los suministros\u00bb, denunci\u00f3 la OCHA, seg\u00fan public\u00f3 La Naci\u00f3n.<\/p>\n","protected":false},"excerpt":{"rendered":"<p>La situaci\u00f3n humanitaria en la franja de Gaza es \u00abla peor desde el inicio de la guerra\u00bb entre Israel y Ham\u00e1s, advirti\u00f3 el lunes la Oficina de Relaciones Humanitarias de la ONU (OCHA) en un comunicado. \u00abLa situaci\u00f3n humanitaria es ahora probablemente la peor desde el inicio de las hostilidades hace 18 meses\u00bb, indic\u00f3. Destac\u00f3 [&hellip;]<\/p>\n","protected":false},"author":4,"featured_media":2079,"comment_status":"open","ping_status":"open","sticky":false,"template":"","format":"standard","meta":{"footnotes":""},"categories":[20],"tags":[],"class_list":{"0":"post-2078","1":"post","2":"type-post","3":"status-publish","4":"format-standard","5":"has-post-thumbnail","7":"category-internacionales"},"yoast_head":"<!-- This site is optimized with the Yoast SEO plugin v27.4 - https:\/\/yoast.com\/product\/yoast-seo-wordpress\/ -->\n<title>Gaza vive &quot;la peor&quot; situaci\u00f3n humanitaria desde el inicio de la guerra, advirti\u00f3 la ONU - Diario del Sur<\/title>\n<meta name=\"robots\" content=\"index, follow, max-snippet:-1, max-image-preview:large, max-video-preview:-1\" \/>\n<link rel=\"canonical\" href=\"https:\/\/diariodelsurdigital.com.ar\/?p=2078\" \/>\n<meta property=\"og:locale\" content=\"es_ES\" \/>\n<meta property=\"og:type\" content=\"article\" \/>\n<meta property=\"og:title\" content=\"Gaza vive &quot;la peor&quot; situaci\u00f3n humanitaria desde el inicio de la guerra, advirti\u00f3 la ONU - Diario del Sur\" \/>\n<meta property=\"og:description\" content=\"La situaci\u00f3n humanitaria en la franja de Gaza es \u00abla peor desde el inicio de la guerra\u00bb entre Israel y Ham\u00e1s, advirti\u00f3 el lunes la Oficina de Relaciones Humanitarias de la ONU (OCHA) en un comunicado. \u00abLa situaci\u00f3n humanitaria es ahora probablemente la peor desde el inicio de las hostilidades hace 18 meses\u00bb, indic\u00f3. Destac\u00f3 [&hellip;]\" \/>\n<meta property=\"og:url\" content=\"https:\/\/diariodelsurdigital.com.ar\/?p=2078\" \/>\n<meta property=\"og:site_name\" content=\"Diario del Sur\" \/>\n<meta property=\"article:published_time\" content=\"2025-04-15T13:26:47+00:00\" \/>\n<meta property=\"article:modified_time\" content=\"2025-04-15T13:26:48+00:00\" \/>\n<meta property=\"og:image\" content=\"https:\/\/diariodelsurdigital.com.ar\/wp-content\/uploads\/2025\/04\/md-55.webp\" \/>\n\t<meta property=\"og:image:width\" content=\"992\" \/>\n\t<meta property=\"og:image:height\" content=\"653\" \/>\n\t<meta property=\"og:image:type\" content=\"image\/webp\" \/>\n<meta name=\"author\" content=\"Diario del Sur Digital\" \/>\n<meta name=\"twitter:card\" content=\"summary_large_image\" \/>\n<meta name=\"twitter:label1\" content=\"Escrito por\" \/>\n\t<meta name=\"twitter:data1\" content=\"Diario del Sur Digital\" \/>\n\t<meta name=\"twitter:label2\" content=\"Tiempo de lectura\" \/>\n\t<meta name=\"twitter:data2\" content=\"1 minuto\" \/>\n<script type=\"application\/ld+json\" class=\"yoast-schema-graph\">{\"@context\":\"https:\\\/\\\/schema.org\",\"@graph\":[{\"@type\":\"Article\",\"@id\":\"https:\\\/\\\/diariodelsurdigital.com.ar\\\/?p=2078#article\",\"isPartOf\":{\"@id\":\"https:\\\/\\\/diariodelsurdigital.com.ar\\\/?p=2078\"},\"author\":{\"name\":\"Diario del Sur Digital\",\"@id\":\"https:\\\/\\\/diariodelsurdigital.com.ar\\\/#\\\/schema\\\/person\\\/1a4992532ed62965c968031b49195c81\"},\"headline\":\"Gaza vive \u00abla peor\u00bb situaci\u00f3n humanitaria desde el inicio de la guerra, advirti\u00f3 la ONU\",\"datePublished\":\"2025-04-15T13:26:47+00:00\",\"dateModified\":\"2025-04-15T13:26:48+00:00\",\"mainEntityOfPage\":{\"@id\":\"https:\\\/\\\/diariodelsurdigital.com.ar\\\/?p=2078\"},\"wordCount\":193,\"commentCount\":0,\"image\":{\"@id\":\"https:\\\/\\\/diariodelsurdigital.com.ar\\\/?p=2078#primaryimage\"},\"thumbnailUrl\":\"https:\\\/\\\/diariodelsurdigital.com.ar\\\/wp-content\\\/uploads\\\/2025\\\/04\\\/md-55.webp\",\"articleSection\":[\"Internacionales\"],\"inLanguage\":\"es\",\"potentialAction\":[{\"@type\":\"CommentAction\",\"name\":\"Comment\",\"target\":[\"https:\\\/\\\/diariodelsurdigital.com.ar\\\/?p=2078#respond\"]}]},{\"@type\":\"WebPage\",\"@id\":\"https:\\\/\\\/diariodelsurdigital.com.ar\\\/?p=2078\",\"url\":\"https:\\\/\\\/diariodelsurdigital.com.ar\\\/?p=2078\",\"name\":\"Gaza vive \\\"la peor\\\" situaci\u00f3n humanitaria desde el inicio de la guerra, advirti\u00f3 la ONU - Diario del Sur\",\"isPartOf\":{\"@id\":\"https:\\\/\\\/diariodelsurdigital.com.ar\\\/#website\"},\"primaryImageOfPage\":{\"@id\":\"https:\\\/\\\/diariodelsurdigital.com.ar\\\/?p=2078#primaryimage\"},\"image\":{\"@id\":\"https:\\\/\\\/diariodelsurdigital.com.ar\\\/?p=2078#primaryimage\"},\"thumbnailUrl\":\"https:\\\/\\\/diariodelsurdigital.com.ar\\\/wp-content\\\/uploads\\\/2025\\\/04\\\/md-55.webp\",\"datePublished\":\"2025-04-15T13:26:47+00:00\",\"dateModified\":\"2025-04-15T13:26:48+00:00\",\"author\":{\"@id\":\"https:\\\/\\\/diariodelsurdigital.com.ar\\\/#\\\/schema\\\/person\\\/1a4992532ed62965c968031b49195c81\"},\"breadcrumb\":{\"@id\":\"https:\\\/\\\/diariodelsurdigital.com.ar\\\/?p=2078#breadcrumb\"},\"inLanguage\":\"es\",\"potentialAction\":[{\"@type\":\"ReadAction\",\"target\":[\"https:\\\/\\\/diariodelsurdigital.com.ar\\\/?p=2078\"]}]},{\"@type\":\"ImageObject\",\"inLanguage\":\"es\",\"@id\":\"https:\\\/\\\/diariodelsurdigital.com.ar\\\/?p=2078#primaryimage\",\"url\":\"https:\\\/\\\/diariodelsurdigital.com.ar\\\/wp-content\\\/uploads\\\/2025\\\/04\\\/md-55.webp\",\"contentUrl\":\"https:\\\/\\\/diariodelsurdigital.com.ar\\\/wp-content\\\/uploads\\\/2025\\\/04\\\/md-55.webp\",\"width\":992,\"height\":653},{\"@type\":\"BreadcrumbList\",\"@id\":\"https:\\\/\\\/diariodelsurdigital.com.ar\\\/?p=2078#breadcrumb\",\"itemListElement\":[{\"@type\":\"ListItem\",\"position\":1,\"name\":\"Portada\",\"item\":\"https:\\\/\\\/diariodelsurdigital.com.ar\\\/\"},{\"@type\":\"ListItem\",\"position\":2,\"name\":\"Gaza vive \u00abla peor\u00bb situaci\u00f3n humanitaria desde el inicio de la guerra, advirti\u00f3 la ONU\"}]},{\"@type\":\"WebSite\",\"@id\":\"https:\\\/\\\/diariodelsurdigital.com.ar\\\/#website\",\"url\":\"https:\\\/\\\/diariodelsurdigital.com.ar\\\/\",\"name\":\"Diario del Sur\",\"description\":\"Digital\",\"potentialAction\":[{\"@type\":\"SearchAction\",\"target\":{\"@type\":\"EntryPoint\",\"urlTemplate\":\"https:\\\/\\\/diariodelsurdigital.com.ar\\\/?s={search_term_string}\"},\"query-input\":{\"@type\":\"PropertyValueSpecification\",\"valueRequired\":true,\"valueName\":\"search_term_string\"}}],\"inLanguage\":\"es\"},{\"@type\":\"Person\",\"@id\":\"https:\\\/\\\/diariodelsurdigital.com.ar\\\/#\\\/schema\\\/person\\\/1a4992532ed62965c968031b49195c81\",\"name\":\"Diario del Sur Digital\",\"image\":{\"@type\":\"ImageObject\",\"inLanguage\":\"es\",\"@id\":\"https:\\\/\\\/secure.gravatar.com\\\/avatar\\\/f0c7c47fc7146d19828273b9b8eda651c9c7ab583767e6338d3d3bee825adf76?s=96&d=mm&r=g\",\"url\":\"https:\\\/\\\/secure.gravatar.com\\\/avatar\\\/f0c7c47fc7146d19828273b9b8eda651c9c7ab583767e6338d3d3bee825adf76?s=96&d=mm&r=g\",\"contentUrl\":\"https:\\\/\\\/secure.gravatar.com\\\/avatar\\\/f0c7c47fc7146d19828273b9b8eda651c9c7ab583767e6338d3d3bee825adf76?s=96&d=mm&r=g\",\"caption\":\"Diario del Sur Digital\"},\"url\":\"https:\\\/\\\/diariodelsurdigital.com.ar\\\/?author=4\"}]}<\/script>\n<!-- \/ Yoast SEO plugin. -->","yoast_head_json":{"title":"Gaza vive \"la peor\" situaci\u00f3n humanitaria desde el inicio de la guerra, advirti\u00f3 la ONU - Diario del Sur","robots":{"index":"index","follow":"follow","max-snippet":"max-snippet:-1","max-image-preview":"max-image-preview:large","max-video-preview":"max-video-preview:-1"},"canonical":"https:\/\/diariodelsurdigital.com.ar\/?p=2078","og_locale":"es_ES","og_type":"article","og_title":"Gaza vive \"la peor\" situaci\u00f3n humanitaria desde el inicio de la guerra, advirti\u00f3 la ONU - Diario del Sur","og_description":"La situaci\u00f3n humanitaria en la franja de Gaza es \u00abla peor desde el inicio de la guerra\u00bb entre Israel y Ham\u00e1s, advirti\u00f3 el lunes la Oficina de Relaciones Humanitarias de la ONU (OCHA) en un comunicado. \u00abLa situaci\u00f3n humanitaria es ahora probablemente la peor desde el inicio de las hostilidades hace 18 meses\u00bb, indic\u00f3. Destac\u00f3 [&hellip;]","og_url":"https:\/\/diariodelsurdigital.com.ar\/?p=2078","og_site_name":"Diario del Sur","article_published_time":"2025-04-15T13:26:47+00:00","article_modified_time":"2025-04-15T13:26:48+00:00","og_image":[{"width":992,"height":653,"url":"https:\/\/diariodelsurdigital.com.ar\/wp-content\/uploads\/2025\/04\/md-55.webp","type":"image\/webp"}],"author":"Diario del Sur Digital","twitter_card":"summary_large_image","twitter_misc":{"Escrito por":"Diario del Sur Digital","Tiempo de lectura":"1 minuto"},"schema":{"@context":"https:\/\/schema.org","@graph":[{"@type":"Article","@id":"https:\/\/diariodelsurdigital.com.ar\/?p=2078#article","isPartOf":{"@id":"https:\/\/diariodelsurdigital.com.ar\/?p=2078"},"author":{"name":"Diario del Sur Digital","@id":"https:\/\/diariodelsurdigital.com.ar\/#\/schema\/person\/1a4992532ed62965c968031b49195c81"},"headline":"Gaza vive \u00abla peor\u00bb situaci\u00f3n humanitaria desde el inicio de la guerra, advirti\u00f3 la ONU","datePublished":"2025-04-15T13:26:47+00:00","dateModified":"2025-04-15T13:26:48+00:00","mainEntityOfPage":{"@id":"https:\/\/diariodelsurdigital.com.ar\/?p=2078"},"wordCount":193,"commentCount":0,"image":{"@id":"https:\/\/diariodelsurdigital.com.ar\/?p=2078#primaryimage"},"thumbnailUrl":"https:\/\/diariodelsurdigital.com.ar\/wp-content\/uploads\/2025\/04\/md-55.webp","articleSection":["Internacionales"],"inLanguage":"es","potentialAction":[{"@type":"CommentAction","name":"Comment","target":["https:\/\/diariodelsurdigital.com.ar\/?p=2078#respond"]}]},{"@type":"WebPage","@id":"https:\/\/diariodelsurdigital.com.ar\/?p=2078","url":"https:\/\/diariodelsurdigital.com.ar\/?p=2078","name":"Gaza vive \"la peor\" situaci\u00f3n humanitaria desde el inicio de la guerra, advirti\u00f3 la ONU - Diario del Sur","isPartOf":{"@id":"https:\/\/diariodelsurdigital.com.ar\/#website"},"primaryImageOfPage":{"@id":"https:\/\/diariodelsurdigital.com.ar\/?p=2078#primaryimage"},"image":{"@id":"https:\/\/diariodelsurdigital.com.ar\/?p=2078#primaryimage"},"thumbnailUrl":"https:\/\/diariodelsurdigital.com.ar\/wp-content\/uploads\/2025\/04\/md-55.webp","datePublished":"2025-04-15T13:26:47+00:00","dateModified":"2025-04-15T13:26:48+00:00","author":{"@id":"https:\/\/diariodelsurdigital.com.ar\/#\/schema\/person\/1a4992532ed62965c968031b49195c81"},"breadcrumb":{"@id":"https:\/\/diariodelsurdigital.com.ar\/?p=2078#breadcrumb"},"inLanguage":"es","potentialAction":[{"@type":"ReadAction","target":["https:\/\/diariodelsurdigital.com.ar\/?p=2078"]}]},{"@type":"ImageObject","inLanguage":"es","@id":"https:\/\/diariodelsurdigital.com.ar\/?p=2078#primaryimage","url":"https:\/\/diariodelsurdigital.com.ar\/wp-content\/uploads\/2025\/04\/md-55.webp","contentUrl":"https:\/\/diariodelsurdigital.com.ar\/wp-content\/uploads\/2025\/04\/md-55.webp","width":992,"height":653},{"@type":"BreadcrumbList","@id":"https:\/\/diariodelsurdigital.com.ar\/?p=2078#breadcrumb","itemListElement":[{"@type":"ListItem","position":1,"name":"Portada","item":"https:\/\/diariodelsurdigital.com.ar\/"},{"@type":"ListItem","position":2,"name":"Gaza vive \u00abla peor\u00bb situaci\u00f3n humanitaria desde el inicio de la guerra, advirti\u00f3 la ONU"}]},{"@type":"WebSite","@id":"https:\/\/diariodelsurdigital.com.ar\/#website","url":"https:\/\/diariodelsurdigital.com.ar\/","name":"Diario del Sur","description":"Digital","potentialAction":[{"@type":"SearchAction","target":{"@type":"EntryPoint","urlTemplate":"https:\/\/diariodelsurdigital.com.ar\/?s={search_term_string}"},"query-input":{"@type":"PropertyValueSpecification","valueRequired":true,"valueName":"search_term_string"}}],"inLanguage":"es"},{"@type":"Person","@id":"https:\/\/diariodelsurdigital.com.ar\/#\/schema\/person\/1a4992532ed62965c968031b49195c81","name":"Diario del Sur Digital","image":{"@type":"ImageObject","inLanguage":"es","@id":"https:\/\/secure.gravatar.com\/avatar\/f0c7c47fc7146d19828273b9b8eda651c9c7ab583767e6338d3d3bee825adf76?s=96&d=mm&r=g","url":"https:\/\/secure.gravatar.com\/avatar\/f0c7c47fc7146d19828273b9b8eda651c9c7ab583767e6338d3d3bee825adf76?s=96&d=mm&r=g","contentUrl":"https:\/\/secure.gravatar.com\/avatar\/f0c7c47fc7146d19828273b9b8eda651c9c7ab583767e6338d3d3bee825adf76?s=96&d=mm&r=g","caption":"Diario del Sur Digital"},"url":"https:\/\/diariodelsurdigital.com.ar\/?author=4"}]}},"_links":{"self":[{"href":"https:\/\/diariodelsurdigital.com.ar\/index.php?rest_route=\/wp\/v2\/posts\/2078","targetHints":{"allow":["GET"]}}],"collection":[{"href":"https:\/\/diariodelsurdigital.com.ar\/index.php?rest_route=\/wp\/v2\/posts"}],"about":[{"href":"https:\/\/diariodelsurdigital.com.ar\/index.php?rest_route=\/wp\/v2\/types\/post"}],"author":[{"embeddable":true,"href":"https:\/\/diariodelsurdigital.com.ar\/index.php?rest_route=\/wp\/v2\/users\/4"}],"replies":[{"embeddable":true,"href":"https:\/\/diariodelsurdigital.com.ar\/index.php?rest_route=%2Fwp%2Fv2%2Fcomments&post=2078"}],"version-history":[{"count":1,"href":"https:\/\/diariodelsurdigital.com.ar\/index.php?rest_route=\/wp\/v2\/posts\/2078\/revisions"}],"predecessor-version":[{"id":2080,"href":"https:\/\/diariodelsurdigital.com.ar\/index.php?rest_route=\/wp\/v2\/posts\/2078\/revisions\/2080"}],"wp:featuredmedia":[{"embeddable":true,"href":"https:\/\/diariodelsurdigital.com.ar\/index.php?rest_route=\/wp\/v2\/media\/2079"}],"wp:attachment":[{"href":"https:\/\/diariodelsurdigital.com.ar\/index.php?rest_route=%2Fwp%2Fv2%2Fmedia&parent=2078"}],"wp:term":[{"taxonomy":"category","embeddable":true,"href":"https:\/\/diariodelsurdigital.com.ar\/index.php?rest_route=%2Fwp%2Fv2%2Fcategories&post=2078"},{"taxonomy":"post_tag","embeddable":true,"href":"https:\/\/diariodelsurdigital.com.ar\/index.php?rest_route=%2Fwp%2Fv2%2Ftags&post=2078"}],"curies":[{"name":"wp","href":"https:\/\/api.w.org\/{rel}","templated":true}]}}