{"id":2090,"date":"2025-04-15T10:44:44","date_gmt":"2025-04-15T13:44:44","guid":{"rendered":"https:\/\/diariodelsurdigital.com.ar\/?p=2090"},"modified":"2025-04-15T10:44:45","modified_gmt":"2025-04-15T13:44:45","slug":"bisogni-ex-intendente-peronista-se-incorpora-al-gobierno-en-la-cafesg","status":"publish","type":"post","link":"https:\/\/diariodelsurdigital.com.ar\/?p=2090","title":{"rendered":"Bisogni, ex intendente peronista, se incorpora al gobierno en la Cafesg"},"content":{"rendered":"\n<p>El ministro de Gobierno y Trabajo, Manuel Troncoso, confirm\u00f3 la incorporaci\u00f3n del referente peronista de Concepci\u00f3n del Uruguay, Marcelo Bisogni. El funcionario destac\u00f3 \u201cla vocaci\u00f3n pol\u00edtica que tiene esta gesti\u00f3n de ampliar el espacio de gobierno, incorporando dirigentes de diversos sectores, incluidos referentes del peronismo no kirchnerista y del vecinalismo, siempre que compartan la premisa de no volver al pasado\u201d.<\/p>\n\n\n\n<p>El ministro de Gobierno y Trabajo, Manuel Troncoso, confirm\u00f3 la incorporaci\u00f3n de Marcelo Bisogni, referente de Concepci\u00f3n del Uruguay, como integrante del directorio de la Comisi\u00f3n Administradora de Fondos Excedentes de Salto Grande (Cafesg).<\/p>\n\n\n\n<p>En una entrevista radial el ministro resalt\u00f3 la vocaci\u00f3n pol\u00edtica que tiene esta gesti\u00f3n de ampliar el espacio de gobierno, incorporando dirigentes \u201cde diversos sectores, incluidos referentes del peronismo no kirchnerista y del vecinalismo, siempre que compartan la premisa de no volver al pasado\u201d.<\/p>\n\n\n\n<p>En este sentido mencion\u00f3 la inminente incorporaci\u00f3n de Marcelo Bisogni (intendente de Concepci\u00f3n del Uruguay de 2003 al 2011) al directorio de la Cafesg y de otras figuras del PJ como Alfredo Francolini y Eduardo Asueta. \u201cEsto se debe al desarrollo de v\u00ednculos de confianza que permiten fortalecer la gesti\u00f3n\u201d, remarc\u00f3.<\/p>\n\n\n\n<p>\u201cEsto de ning\u00fan modo implica una ampliaci\u00f3n de las estructuras del Estado, ni un reparto de cargos, sino que es un claro ejemplo del crecimiento democr\u00e1tico al que debemos apostar para fortalecer las instituciones y alcanzar consensos que trasciendan lo sectorial\u201d, puntualiz\u00f3 el funcionario, seg\u00fan public\u00f3 An\u00e1lisis.<\/p>\n","protected":false},"excerpt":{"rendered":"<p>El ministro de Gobierno y Trabajo, Manuel Troncoso, confirm\u00f3 la incorporaci\u00f3n del referente peronista de Concepci\u00f3n del Uruguay, Marcelo Bisogni. El funcionario destac\u00f3 \u201cla vocaci\u00f3n pol\u00edtica que tiene esta gesti\u00f3n de ampliar el espacio de gobierno, incorporando dirigentes de diversos sectores, incluidos referentes del peronismo no kirchnerista y del vecinalismo, siempre que compartan la premisa [&hellip;]<\/p>\n","protected":false},"author":4,"featured_media":2091,"comment_status":"open","ping_status":"open","sticky":false,"template":"","format":"standard","meta":{"footnotes":""},"categories":[22,17],"tags":[],"class_list":{"0":"post-2090","1":"post","2":"type-post","3":"status-publish","4":"format-standard","5":"has-post-thumbnail","7":"category-politica","8":"category-provinciales"},"yoast_head":"<!-- This site is optimized with the Yoast SEO plugin v27.4 - https:\/\/yoast.com\/product\/yoast-seo-wordpress\/ -->\n<title>Bisogni, ex intendente peronista, se incorpora al gobierno en la Cafesg - Diario del Sur<\/title>\n<meta name=\"robots\" content=\"index, follow, max-snippet:-1, max-image-preview:large, max-video-preview:-1\" \/>\n<link rel=\"canonical\" href=\"https:\/\/diariodelsurdigital.com.ar\/?p=2090\" \/>\n<meta property=\"og:locale\" content=\"es_ES\" \/>\n<meta property=\"og:type\" content=\"article\" \/>\n<meta property=\"og:title\" content=\"Bisogni, ex intendente peronista, se incorpora al gobierno en la Cafesg - Diario del Sur\" \/>\n<meta property=\"og:description\" content=\"El ministro de Gobierno y Trabajo, Manuel Troncoso, confirm\u00f3 la incorporaci\u00f3n del referente peronista de Concepci\u00f3n del Uruguay, Marcelo Bisogni. El funcionario destac\u00f3 \u201cla vocaci\u00f3n pol\u00edtica que tiene esta gesti\u00f3n de ampliar el espacio de gobierno, incorporando dirigentes de diversos sectores, incluidos referentes del peronismo no kirchnerista y del vecinalismo, siempre que compartan la premisa [&hellip;]\" \/>\n<meta property=\"og:url\" content=\"https:\/\/diariodelsurdigital.com.ar\/?p=2090\" \/>\n<meta property=\"og:site_name\" content=\"Diario del Sur\" \/>\n<meta property=\"article:published_time\" content=\"2025-04-15T13:44:44+00:00\" \/>\n<meta property=\"article:modified_time\" content=\"2025-04-15T13:44:45+00:00\" \/>\n<meta property=\"og:image\" content=\"https:\/\/diariodelsurdigital.com.ar\/wp-content\/uploads\/2025\/04\/md-59.webp\" \/>\n\t<meta property=\"og:image:width\" content=\"992\" \/>\n\t<meta property=\"og:image:height\" content=\"698\" \/>\n\t<meta property=\"og:image:type\" content=\"image\/webp\" \/>\n<meta name=\"author\" content=\"Diario del Sur Digital\" \/>\n<meta name=\"twitter:card\" content=\"summary_large_image\" \/>\n<meta name=\"twitter:label1\" content=\"Escrito por\" \/>\n\t<meta name=\"twitter:data1\" content=\"Diario del Sur Digital\" \/>\n\t<meta name=\"twitter:label2\" content=\"Tiempo de lectura\" \/>\n\t<meta name=\"twitter:data2\" content=\"2 minutos\" \/>\n<script type=\"application\/ld+json\" class=\"yoast-schema-graph\">{\"@context\":\"https:\\\/\\\/schema.org\",\"@graph\":[{\"@type\":\"Article\",\"@id\":\"https:\\\/\\\/diariodelsurdigital.com.ar\\\/?p=2090#article\",\"isPartOf\":{\"@id\":\"https:\\\/\\\/diariodelsurdigital.com.ar\\\/?p=2090\"},\"author\":{\"name\":\"Diario del Sur Digital\",\"@id\":\"https:\\\/\\\/diariodelsurdigital.com.ar\\\/#\\\/schema\\\/person\\\/1a4992532ed62965c968031b49195c81\"},\"headline\":\"Bisogni, ex intendente peronista, se incorpora al gobierno en la Cafesg\",\"datePublished\":\"2025-04-15T13:44:44+00:00\",\"dateModified\":\"2025-04-15T13:44:45+00:00\",\"mainEntityOfPage\":{\"@id\":\"https:\\\/\\\/diariodelsurdigital.com.ar\\\/?p=2090\"},\"wordCount\":265,\"commentCount\":0,\"image\":{\"@id\":\"https:\\\/\\\/diariodelsurdigital.com.ar\\\/?p=2090#primaryimage\"},\"thumbnailUrl\":\"https:\\\/\\\/diariodelsurdigital.com.ar\\\/wp-content\\\/uploads\\\/2025\\\/04\\\/md-59.webp\",\"articleSection\":[\"Pol\u00edtica\",\"Provinciales\"],\"inLanguage\":\"es\",\"potentialAction\":[{\"@type\":\"CommentAction\",\"name\":\"Comment\",\"target\":[\"https:\\\/\\\/diariodelsurdigital.com.ar\\\/?p=2090#respond\"]}]},{\"@type\":\"WebPage\",\"@id\":\"https:\\\/\\\/diariodelsurdigital.com.ar\\\/?p=2090\",\"url\":\"https:\\\/\\\/diariodelsurdigital.com.ar\\\/?p=2090\",\"name\":\"Bisogni, ex intendente peronista, se incorpora al gobierno en la Cafesg - Diario del Sur\",\"isPartOf\":{\"@id\":\"https:\\\/\\\/diariodelsurdigital.com.ar\\\/#website\"},\"primaryImageOfPage\":{\"@id\":\"https:\\\/\\\/diariodelsurdigital.com.ar\\\/?p=2090#primaryimage\"},\"image\":{\"@id\":\"https:\\\/\\\/diariodelsurdigital.com.ar\\\/?p=2090#primaryimage\"},\"thumbnailUrl\":\"https:\\\/\\\/diariodelsurdigital.com.ar\\\/wp-content\\\/uploads\\\/2025\\\/04\\\/md-59.webp\",\"datePublished\":\"2025-04-15T13:44:44+00:00\",\"dateModified\":\"2025-04-15T13:44:45+00:00\",\"author\":{\"@id\":\"https:\\\/\\\/diariodelsurdigital.com.ar\\\/#\\\/schema\\\/person\\\/1a4992532ed62965c968031b49195c81\"},\"breadcrumb\":{\"@id\":\"https:\\\/\\\/diariodelsurdigital.com.ar\\\/?p=2090#breadcrumb\"},\"inLanguage\":\"es\",\"potentialAction\":[{\"@type\":\"ReadAction\",\"target\":[\"https:\\\/\\\/diariodelsurdigital.com.ar\\\/?p=2090\"]}]},{\"@type\":\"ImageObject\",\"inLanguage\":\"es\",\"@id\":\"https:\\\/\\\/diariodelsurdigital.com.ar\\\/?p=2090#primaryimage\",\"url\":\"https:\\\/\\\/diariodelsurdigital.com.ar\\\/wp-content\\\/uploads\\\/2025\\\/04\\\/md-59.webp\",\"contentUrl\":\"https:\\\/\\\/diariodelsurdigital.com.ar\\\/wp-content\\\/uploads\\\/2025\\\/04\\\/md-59.webp\",\"width\":992,\"height\":698},{\"@type\":\"BreadcrumbList\",\"@id\":\"https:\\\/\\\/diariodelsurdigital.com.ar\\\/?p=2090#breadcrumb\",\"itemListElement\":[{\"@type\":\"ListItem\",\"position\":1,\"name\":\"Portada\",\"item\":\"https:\\\/\\\/diariodelsurdigital.com.ar\\\/\"},{\"@type\":\"ListItem\",\"position\":2,\"name\":\"Bisogni, ex intendente peronista, se incorpora al gobierno en la Cafesg\"}]},{\"@type\":\"WebSite\",\"@id\":\"https:\\\/\\\/diariodelsurdigital.com.ar\\\/#website\",\"url\":\"https:\\\/\\\/diariodelsurdigital.com.ar\\\/\",\"name\":\"Diario del Sur\",\"description\":\"Digital\",\"potentialAction\":[{\"@type\":\"SearchAction\",\"target\":{\"@type\":\"EntryPoint\",\"urlTemplate\":\"https:\\\/\\\/diariodelsurdigital.com.ar\\\/?s={search_term_string}\"},\"query-input\":{\"@type\":\"PropertyValueSpecification\",\"valueRequired\":true,\"valueName\":\"search_term_string\"}}],\"inLanguage\":\"es\"},{\"@type\":\"Person\",\"@id\":\"https:\\\/\\\/diariodelsurdigital.com.ar\\\/#\\\/schema\\\/person\\\/1a4992532ed62965c968031b49195c81\",\"name\":\"Diario del Sur Digital\",\"image\":{\"@type\":\"ImageObject\",\"inLanguage\":\"es\",\"@id\":\"https:\\\/\\\/secure.gravatar.com\\\/avatar\\\/f0c7c47fc7146d19828273b9b8eda651c9c7ab583767e6338d3d3bee825adf76?s=96&d=mm&r=g\",\"url\":\"https:\\\/\\\/secure.gravatar.com\\\/avatar\\\/f0c7c47fc7146d19828273b9b8eda651c9c7ab583767e6338d3d3bee825adf76?s=96&d=mm&r=g\",\"contentUrl\":\"https:\\\/\\\/secure.gravatar.com\\\/avatar\\\/f0c7c47fc7146d19828273b9b8eda651c9c7ab583767e6338d3d3bee825adf76?s=96&d=mm&r=g\",\"caption\":\"Diario del Sur Digital\"},\"url\":\"https:\\\/\\\/diariodelsurdigital.com.ar\\\/?author=4\"}]}<\/script>\n<!-- \/ Yoast SEO plugin. -->","yoast_head_json":{"title":"Bisogni, ex intendente peronista, se incorpora al gobierno en la Cafesg - Diario del Sur","robots":{"index":"index","follow":"follow","max-snippet":"max-snippet:-1","max-image-preview":"max-image-preview:large","max-video-preview":"max-video-preview:-1"},"canonical":"https:\/\/diariodelsurdigital.com.ar\/?p=2090","og_locale":"es_ES","og_type":"article","og_title":"Bisogni, ex intendente peronista, se incorpora al gobierno en la Cafesg - Diario del Sur","og_description":"El ministro de Gobierno y Trabajo, Manuel Troncoso, confirm\u00f3 la incorporaci\u00f3n del referente peronista de Concepci\u00f3n del Uruguay, Marcelo Bisogni. El funcionario destac\u00f3 \u201cla vocaci\u00f3n pol\u00edtica que tiene esta gesti\u00f3n de ampliar el espacio de gobierno, incorporando dirigentes de diversos sectores, incluidos referentes del peronismo no kirchnerista y del vecinalismo, siempre que compartan la premisa [&hellip;]","og_url":"https:\/\/diariodelsurdigital.com.ar\/?p=2090","og_site_name":"Diario del Sur","article_published_time":"2025-04-15T13:44:44+00:00","article_modified_time":"2025-04-15T13:44:45+00:00","og_image":[{"width":992,"height":698,"url":"https:\/\/diariodelsurdigital.com.ar\/wp-content\/uploads\/2025\/04\/md-59.webp","type":"image\/webp"}],"author":"Diario del Sur Digital","twitter_card":"summary_large_image","twitter_misc":{"Escrito por":"Diario del Sur Digital","Tiempo de lectura":"2 minutos"},"schema":{"@context":"https:\/\/schema.org","@graph":[{"@type":"Article","@id":"https:\/\/diariodelsurdigital.com.ar\/?p=2090#article","isPartOf":{"@id":"https:\/\/diariodelsurdigital.com.ar\/?p=2090"},"author":{"name":"Diario del Sur Digital","@id":"https:\/\/diariodelsurdigital.com.ar\/#\/schema\/person\/1a4992532ed62965c968031b49195c81"},"headline":"Bisogni, ex intendente peronista, se incorpora al gobierno en la Cafesg","datePublished":"2025-04-15T13:44:44+00:00","dateModified":"2025-04-15T13:44:45+00:00","mainEntityOfPage":{"@id":"https:\/\/diariodelsurdigital.com.ar\/?p=2090"},"wordCount":265,"commentCount":0,"image":{"@id":"https:\/\/diariodelsurdigital.com.ar\/?p=2090#primaryimage"},"thumbnailUrl":"https:\/\/diariodelsurdigital.com.ar\/wp-content\/uploads\/2025\/04\/md-59.webp","articleSection":["Pol\u00edtica","Provinciales"],"inLanguage":"es","potentialAction":[{"@type":"CommentAction","name":"Comment","target":["https:\/\/diariodelsurdigital.com.ar\/?p=2090#respond"]}]},{"@type":"WebPage","@id":"https:\/\/diariodelsurdigital.com.ar\/?p=2090","url":"https:\/\/diariodelsurdigital.com.ar\/?p=2090","name":"Bisogni, ex intendente peronista, se incorpora al gobierno en la Cafesg - Diario del Sur","isPartOf":{"@id":"https:\/\/diariodelsurdigital.com.ar\/#website"},"primaryImageOfPage":{"@id":"https:\/\/diariodelsurdigital.com.ar\/?p=2090#primaryimage"},"image":{"@id":"https:\/\/diariodelsurdigital.com.ar\/?p=2090#primaryimage"},"thumbnailUrl":"https:\/\/diariodelsurdigital.com.ar\/wp-content\/uploads\/2025\/04\/md-59.webp","datePublished":"2025-04-15T13:44:44+00:00","dateModified":"2025-04-15T13:44:45+00:00","author":{"@id":"https:\/\/diariodelsurdigital.com.ar\/#\/schema\/person\/1a4992532ed62965c968031b49195c81"},"breadcrumb":{"@id":"https:\/\/diariodelsurdigital.com.ar\/?p=2090#breadcrumb"},"inLanguage":"es","potentialAction":[{"@type":"ReadAction","target":["https:\/\/diariodelsurdigital.com.ar\/?p=2090"]}]},{"@type":"ImageObject","inLanguage":"es","@id":"https:\/\/diariodelsurdigital.com.ar\/?p=2090#primaryimage","url":"https:\/\/diariodelsurdigital.com.ar\/wp-content\/uploads\/2025\/04\/md-59.webp","contentUrl":"https:\/\/diariodelsurdigital.com.ar\/wp-content\/uploads\/2025\/04\/md-59.webp","width":992,"height":698},{"@type":"BreadcrumbList","@id":"https:\/\/diariodelsurdigital.com.ar\/?p=2090#breadcrumb","itemListElement":[{"@type":"ListItem","position":1,"name":"Portada","item":"https:\/\/diariodelsurdigital.com.ar\/"},{"@type":"ListItem","position":2,"name":"Bisogni, ex intendente peronista, se incorpora al gobierno en la Cafesg"}]},{"@type":"WebSite","@id":"https:\/\/diariodelsurdigital.com.ar\/#website","url":"https:\/\/diariodelsurdigital.com.ar\/","name":"Diario del Sur","description":"Digital","potentialAction":[{"@type":"SearchAction","target":{"@type":"EntryPoint","urlTemplate":"https:\/\/diariodelsurdigital.com.ar\/?s={search_term_string}"},"query-input":{"@type":"PropertyValueSpecification","valueRequired":true,"valueName":"search_term_string"}}],"inLanguage":"es"},{"@type":"Person","@id":"https:\/\/diariodelsurdigital.com.ar\/#\/schema\/person\/1a4992532ed62965c968031b49195c81","name":"Diario del Sur Digital","image":{"@type":"ImageObject","inLanguage":"es","@id":"https:\/\/secure.gravatar.com\/avatar\/f0c7c47fc7146d19828273b9b8eda651c9c7ab583767e6338d3d3bee825adf76?s=96&d=mm&r=g","url":"https:\/\/secure.gravatar.com\/avatar\/f0c7c47fc7146d19828273b9b8eda651c9c7ab583767e6338d3d3bee825adf76?s=96&d=mm&r=g","contentUrl":"https:\/\/secure.gravatar.com\/avatar\/f0c7c47fc7146d19828273b9b8eda651c9c7ab583767e6338d3d3bee825adf76?s=96&d=mm&r=g","caption":"Diario del Sur Digital"},"url":"https:\/\/diariodelsurdigital.com.ar\/?author=4"}]}},"_links":{"self":[{"href":"https:\/\/diariodelsurdigital.com.ar\/index.php?rest_route=\/wp\/v2\/posts\/2090","targetHints":{"allow":["GET"]}}],"collection":[{"href":"https:\/\/diariodelsurdigital.com.ar\/index.php?rest_route=\/wp\/v2\/posts"}],"about":[{"href":"https:\/\/diariodelsurdigital.com.ar\/index.php?rest_route=\/wp\/v2\/types\/post"}],"author":[{"embeddable":true,"href":"https:\/\/diariodelsurdigital.com.ar\/index.php?rest_route=\/wp\/v2\/users\/4"}],"replies":[{"embeddable":true,"href":"https:\/\/diariodelsurdigital.com.ar\/index.php?rest_route=%2Fwp%2Fv2%2Fcomments&post=2090"}],"version-history":[{"count":1,"href":"https:\/\/diariodelsurdigital.com.ar\/index.php?rest_route=\/wp\/v2\/posts\/2090\/revisions"}],"predecessor-version":[{"id":2092,"href":"https:\/\/diariodelsurdigital.com.ar\/index.php?rest_route=\/wp\/v2\/posts\/2090\/revisions\/2092"}],"wp:featuredmedia":[{"embeddable":true,"href":"https:\/\/diariodelsurdigital.com.ar\/index.php?rest_route=\/wp\/v2\/media\/2091"}],"wp:attachment":[{"href":"https:\/\/diariodelsurdigital.com.ar\/index.php?rest_route=%2Fwp%2Fv2%2Fmedia&parent=2090"}],"wp:term":[{"taxonomy":"category","embeddable":true,"href":"https:\/\/diariodelsurdigital.com.ar\/index.php?rest_route=%2Fwp%2Fv2%2Fcategories&post=2090"},{"taxonomy":"post_tag","embeddable":true,"href":"https:\/\/diariodelsurdigital.com.ar\/index.php?rest_route=%2Fwp%2Fv2%2Ftags&post=2090"}],"curies":[{"name":"wp","href":"https:\/\/api.w.org\/{rel}","templated":true}]}}