{"id":2096,"date":"2025-04-15T14:11:58","date_gmt":"2025-04-15T17:11:58","guid":{"rendered":"https:\/\/diariodelsurdigital.com.ar\/?p=2096"},"modified":"2025-04-15T14:11:59","modified_gmt":"2025-04-15T17:11:59","slug":"carta-abierta-al-gobernador-rogelio-frigerio","status":"publish","type":"post","link":"https:\/\/diariodelsurdigital.com.ar\/?p=2096","title":{"rendered":"Carta Abierta al gobernador Rogelio Frigerio"},"content":{"rendered":"\n<p><br>Por medio de la presente, y en car\u00e1cter de carta abierta, deseo hacerle llegar una reflexi\u00f3n y<br>solicitud p\u00fablica dirigida al Se\u00f1or Gobernador de la Provincia de Entre R\u00edos, Lic. Rogelio Frigerio,<br>con el fin de ser difundida a trav\u00e9s de<strong> Diario del SUR Digital<\/strong>. <\/p>\n\n\n\n<p><strong>CARTA ABIERTA<\/strong><br>La reciente Resoluci\u00f3n N.\u00ba 0366\/25 CGE establece la continuidad para el a\u00f1o 2025 de ciertas<br>carreras de formaci\u00f3n docente y t\u00e9cnica superior, pero sin garantizar su oferta en 2026 y a\u00f1os<br>posteriores. Esto genera una profunda preocupaci\u00f3n en comunidades como Concordia, donde<br>cientos de estudiantes se quedar\u00edan sin acceso a la educaci\u00f3n superior en sus territorios de origen.<br>Entre las carreras en riesgo se encuentran el Profesorado de Educaci\u00f3n Secundaria en Ciencia<br>Pol\u00edtica y el Profesorado en Geograf\u00eda, pilares fundamentales para fortalecer el pensamiento cr\u00edtico,<br>la participaci\u00f3n democr\u00e1tica y el conocimiento del territorio en las nuevas generaciones.<\/p>\n\n\n\n<p><br>Apelo a la historia del pensamiento pol\u00edtico argentino. A la del desarrollismo que encarna el<br>Gobernador, inspirado en el pensamiento de su abuelo, el Dr. Rogelio Frigerio, quien junto a Arturo<br>Frondizi afirmaba que \u00abel desarrollo econ\u00f3mico requiere de un proyecto educativo nacional, capaz<br>de generar cuadros t\u00e9cnicos y profesionales en todo el territorio argentino\u00bb (Frondizi, La pol\u00edtica y el<br>P\u00e1gina 1 &#8211; petr\u00f3leo, 1954).<br><br>Como sosten\u00eda Juan Domingo Per\u00f3n, \u00abla educaci\u00f3n es la base indispensable de la justicia social\u00bb<br>(Per\u00f3n, La Comunidad Organizada, 1949), e Hip\u00f3lito Yrigoyen advert\u00eda que \u00abdonde hay una<br>escuela, hay una patria libre\u00bb (citado en Luna, Yrigoyen, 1982).<\/p>\n\n\n\n<p><br>Incluso la teor\u00eda libertaria, tan difundida en estos tiempos, valora la educaci\u00f3n como herramienta de<br>realizaci\u00f3n individual. Sin educaci\u00f3n p\u00fablica y cercana, la libertad es solo una promesa vac\u00eda.<br>Por todo esto, solicito respetuosamente que se garantice la continuidad de estas carreras m\u00e1s all\u00e1<br>de 2025, abriendo nuevas cohortes en 2026 y reforzando el rol estrat\u00e9gico de la formaci\u00f3n docente<br>y t\u00e9cnica en el interior entrerriano.<br>Porque sin educaci\u00f3n no hay provincia, sin docentes no hay futuro, y sin continuidad no hay pol\u00edtica<br>de Estado.<\/p>\n\n\n\n<p><br>Atentamente, <strong>Horacio Marcelo Velazque Pens<br>Profesor Superior en Ciencias Sociales y Profesor Universitario en Ciencias Jur\u00eddicas<\/strong><br><br>Bibliograf\u00eda:- Frondizi, Arturo (1954). La pol\u00edtica y el petr\u00f3leo. Buenos Aires: Paid\u00f3s.- Per\u00f3n, Juan D. (1949). La Comunidad Organizada. Congreso de Filosof\u00eda, Mendoza.<br>P\u00e1gina 2<br>Carta Abierta al Gobernador Lic. Rogelio Frigerio- Luna, F\u00e9lix (1982). Yrigoyen. Buenos Aires: Editorial Sudamericana.<br>Documento oficial citado:<br>Resoluci\u00f3n N.\u00ba 0366\/25 CGE &#8211; Consejo General de Educaci\u00f3n de Entre R\u00edos: \u00abContinuidad de<br>carreras de Formaci\u00f3n Docente y Formaci\u00f3n T\u00e9cnico Profesional en Institutos de la Direcci\u00f3n de<br>Educaci\u00f3n Superior\u00bb<\/p>\n","protected":false},"excerpt":{"rendered":"<p>Por medio de la presente, y en car\u00e1cter de carta abierta, deseo hacerle llegar una reflexi\u00f3n ysolicitud p\u00fablica dirigida al Se\u00f1or Gobernador de la Provincia de Entre R\u00edos, Lic. Rogelio Frigerio,con el fin de ser difundida a trav\u00e9s de Diario del SUR Digital. CARTA ABIERTALa reciente Resoluci\u00f3n N.\u00ba 0366\/25 CGE establece la continuidad para el [&hellip;]<\/p>\n","protected":false},"author":2,"featured_media":2097,"comment_status":"open","ping_status":"open","sticky":false,"template":"","format":"standard","meta":{"footnotes":""},"categories":[16],"tags":[],"class_list":{"0":"post-2096","1":"post","2":"type-post","3":"status-publish","4":"format-standard","5":"has-post-thumbnail","7":"category-locales"},"yoast_head":"<!-- This site is optimized with the Yoast SEO plugin v27.4 - https:\/\/yoast.com\/product\/yoast-seo-wordpress\/ -->\n<title>Carta Abierta al gobernador Rogelio Frigerio - Diario del Sur<\/title>\n<meta name=\"robots\" content=\"index, follow, max-snippet:-1, max-image-preview:large, max-video-preview:-1\" \/>\n<link rel=\"canonical\" href=\"https:\/\/diariodelsurdigital.com.ar\/?p=2096\" \/>\n<meta property=\"og:locale\" content=\"es_ES\" \/>\n<meta property=\"og:type\" content=\"article\" \/>\n<meta property=\"og:title\" content=\"Carta Abierta al gobernador Rogelio Frigerio - Diario del Sur\" \/>\n<meta property=\"og:description\" content=\"Por medio de la presente, y en car\u00e1cter de carta abierta, deseo hacerle llegar una reflexi\u00f3n ysolicitud p\u00fablica dirigida al Se\u00f1or Gobernador de la Provincia de Entre R\u00edos, Lic. Rogelio Frigerio,con el fin de ser difundida a trav\u00e9s de Diario del SUR Digital. CARTA ABIERTALa reciente Resoluci\u00f3n N.\u00ba 0366\/25 CGE establece la continuidad para el [&hellip;]\" \/>\n<meta property=\"og:url\" content=\"https:\/\/diariodelsurdigital.com.ar\/?p=2096\" \/>\n<meta property=\"og:site_name\" content=\"Diario del Sur\" \/>\n<meta property=\"article:published_time\" content=\"2025-04-15T17:11:58+00:00\" \/>\n<meta property=\"article:modified_time\" content=\"2025-04-15T17:11:59+00:00\" \/>\n<meta property=\"og:image\" content=\"https:\/\/diariodelsurdigital.com.ar\/wp-content\/uploads\/2025\/04\/306657215_532687252109224_4122996902646561470_n-1536x1152-1.jpg\" \/>\n\t<meta property=\"og:image:width\" content=\"460\" \/>\n\t<meta property=\"og:image:height\" content=\"263\" \/>\n\t<meta property=\"og:image:type\" content=\"image\/jpeg\" \/>\n<meta name=\"author\" content=\"Diario del Sur Digital\" \/>\n<meta name=\"twitter:card\" content=\"summary_large_image\" \/>\n<meta name=\"twitter:label1\" content=\"Escrito por\" \/>\n\t<meta name=\"twitter:data1\" content=\"Diario del Sur Digital\" \/>\n\t<meta name=\"twitter:label2\" content=\"Tiempo de lectura\" \/>\n\t<meta name=\"twitter:data2\" content=\"3 minutos\" \/>\n<script type=\"application\/ld+json\" class=\"yoast-schema-graph\">{\"@context\":\"https:\\\/\\\/schema.org\",\"@graph\":[{\"@type\":\"Article\",\"@id\":\"https:\\\/\\\/diariodelsurdigital.com.ar\\\/?p=2096#article\",\"isPartOf\":{\"@id\":\"https:\\\/\\\/diariodelsurdigital.com.ar\\\/?p=2096\"},\"author\":{\"name\":\"Diario del Sur Digital\",\"@id\":\"https:\\\/\\\/diariodelsurdigital.com.ar\\\/#\\\/schema\\\/person\\\/6136a32571657f7dba980b88b04c5465\"},\"headline\":\"Carta Abierta al gobernador Rogelio Frigerio\",\"datePublished\":\"2025-04-15T17:11:58+00:00\",\"dateModified\":\"2025-04-15T17:11:59+00:00\",\"mainEntityOfPage\":{\"@id\":\"https:\\\/\\\/diariodelsurdigital.com.ar\\\/?p=2096\"},\"wordCount\":460,\"commentCount\":0,\"image\":{\"@id\":\"https:\\\/\\\/diariodelsurdigital.com.ar\\\/?p=2096#primaryimage\"},\"thumbnailUrl\":\"https:\\\/\\\/diariodelsurdigital.com.ar\\\/wp-content\\\/uploads\\\/2025\\\/04\\\/306657215_532687252109224_4122996902646561470_n-1536x1152-1.jpg\",\"articleSection\":[\"Locales\"],\"inLanguage\":\"es\",\"potentialAction\":[{\"@type\":\"CommentAction\",\"name\":\"Comment\",\"target\":[\"https:\\\/\\\/diariodelsurdigital.com.ar\\\/?p=2096#respond\"]}]},{\"@type\":\"WebPage\",\"@id\":\"https:\\\/\\\/diariodelsurdigital.com.ar\\\/?p=2096\",\"url\":\"https:\\\/\\\/diariodelsurdigital.com.ar\\\/?p=2096\",\"name\":\"Carta Abierta al gobernador Rogelio Frigerio - Diario del Sur\",\"isPartOf\":{\"@id\":\"https:\\\/\\\/diariodelsurdigital.com.ar\\\/#website\"},\"primaryImageOfPage\":{\"@id\":\"https:\\\/\\\/diariodelsurdigital.com.ar\\\/?p=2096#primaryimage\"},\"image\":{\"@id\":\"https:\\\/\\\/diariodelsurdigital.com.ar\\\/?p=2096#primaryimage\"},\"thumbnailUrl\":\"https:\\\/\\\/diariodelsurdigital.com.ar\\\/wp-content\\\/uploads\\\/2025\\\/04\\\/306657215_532687252109224_4122996902646561470_n-1536x1152-1.jpg\",\"datePublished\":\"2025-04-15T17:11:58+00:00\",\"dateModified\":\"2025-04-15T17:11:59+00:00\",\"author\":{\"@id\":\"https:\\\/\\\/diariodelsurdigital.com.ar\\\/#\\\/schema\\\/person\\\/6136a32571657f7dba980b88b04c5465\"},\"breadcrumb\":{\"@id\":\"https:\\\/\\\/diariodelsurdigital.com.ar\\\/?p=2096#breadcrumb\"},\"inLanguage\":\"es\",\"potentialAction\":[{\"@type\":\"ReadAction\",\"target\":[\"https:\\\/\\\/diariodelsurdigital.com.ar\\\/?p=2096\"]}]},{\"@type\":\"ImageObject\",\"inLanguage\":\"es\",\"@id\":\"https:\\\/\\\/diariodelsurdigital.com.ar\\\/?p=2096#primaryimage\",\"url\":\"https:\\\/\\\/diariodelsurdigital.com.ar\\\/wp-content\\\/uploads\\\/2025\\\/04\\\/306657215_532687252109224_4122996902646561470_n-1536x1152-1.jpg\",\"contentUrl\":\"https:\\\/\\\/diariodelsurdigital.com.ar\\\/wp-content\\\/uploads\\\/2025\\\/04\\\/306657215_532687252109224_4122996902646561470_n-1536x1152-1.jpg\",\"width\":460,\"height\":263},{\"@type\":\"BreadcrumbList\",\"@id\":\"https:\\\/\\\/diariodelsurdigital.com.ar\\\/?p=2096#breadcrumb\",\"itemListElement\":[{\"@type\":\"ListItem\",\"position\":1,\"name\":\"Portada\",\"item\":\"https:\\\/\\\/diariodelsurdigital.com.ar\\\/\"},{\"@type\":\"ListItem\",\"position\":2,\"name\":\"Carta Abierta al gobernador Rogelio Frigerio\"}]},{\"@type\":\"WebSite\",\"@id\":\"https:\\\/\\\/diariodelsurdigital.com.ar\\\/#website\",\"url\":\"https:\\\/\\\/diariodelsurdigital.com.ar\\\/\",\"name\":\"Diario del Sur\",\"description\":\"Digital\",\"potentialAction\":[{\"@type\":\"SearchAction\",\"target\":{\"@type\":\"EntryPoint\",\"urlTemplate\":\"https:\\\/\\\/diariodelsurdigital.com.ar\\\/?s={search_term_string}\"},\"query-input\":{\"@type\":\"PropertyValueSpecification\",\"valueRequired\":true,\"valueName\":\"search_term_string\"}}],\"inLanguage\":\"es\"},{\"@type\":\"Person\",\"@id\":\"https:\\\/\\\/diariodelsurdigital.com.ar\\\/#\\\/schema\\\/person\\\/6136a32571657f7dba980b88b04c5465\",\"name\":\"Diario del Sur Digital\",\"image\":{\"@type\":\"ImageObject\",\"inLanguage\":\"es\",\"@id\":\"https:\\\/\\\/secure.gravatar.com\\\/avatar\\\/4c29ceac98541dd42460b2474aaa5dd37594d6ce6cb3cf2c101d09b48ee287ba?s=96&d=mm&r=g\",\"url\":\"https:\\\/\\\/secure.gravatar.com\\\/avatar\\\/4c29ceac98541dd42460b2474aaa5dd37594d6ce6cb3cf2c101d09b48ee287ba?s=96&d=mm&r=g\",\"contentUrl\":\"https:\\\/\\\/secure.gravatar.com\\\/avatar\\\/4c29ceac98541dd42460b2474aaa5dd37594d6ce6cb3cf2c101d09b48ee287ba?s=96&d=mm&r=g\",\"caption\":\"Diario del Sur Digital\"},\"url\":\"https:\\\/\\\/diariodelsurdigital.com.ar\\\/?author=2\"}]}<\/script>\n<!-- \/ Yoast SEO plugin. -->","yoast_head_json":{"title":"Carta Abierta al gobernador Rogelio Frigerio - Diario del Sur","robots":{"index":"index","follow":"follow","max-snippet":"max-snippet:-1","max-image-preview":"max-image-preview:large","max-video-preview":"max-video-preview:-1"},"canonical":"https:\/\/diariodelsurdigital.com.ar\/?p=2096","og_locale":"es_ES","og_type":"article","og_title":"Carta Abierta al gobernador Rogelio Frigerio - Diario del Sur","og_description":"Por medio de la presente, y en car\u00e1cter de carta abierta, deseo hacerle llegar una reflexi\u00f3n ysolicitud p\u00fablica dirigida al Se\u00f1or Gobernador de la Provincia de Entre R\u00edos, Lic. Rogelio Frigerio,con el fin de ser difundida a trav\u00e9s de Diario del SUR Digital. CARTA ABIERTALa reciente Resoluci\u00f3n N.\u00ba 0366\/25 CGE establece la continuidad para el [&hellip;]","og_url":"https:\/\/diariodelsurdigital.com.ar\/?p=2096","og_site_name":"Diario del Sur","article_published_time":"2025-04-15T17:11:58+00:00","article_modified_time":"2025-04-15T17:11:59+00:00","og_image":[{"width":460,"height":263,"url":"https:\/\/diariodelsurdigital.com.ar\/wp-content\/uploads\/2025\/04\/306657215_532687252109224_4122996902646561470_n-1536x1152-1.jpg","type":"image\/jpeg"}],"author":"Diario del Sur Digital","twitter_card":"summary_large_image","twitter_misc":{"Escrito por":"Diario del Sur Digital","Tiempo de lectura":"3 minutos"},"schema":{"@context":"https:\/\/schema.org","@graph":[{"@type":"Article","@id":"https:\/\/diariodelsurdigital.com.ar\/?p=2096#article","isPartOf":{"@id":"https:\/\/diariodelsurdigital.com.ar\/?p=2096"},"author":{"name":"Diario del Sur Digital","@id":"https:\/\/diariodelsurdigital.com.ar\/#\/schema\/person\/6136a32571657f7dba980b88b04c5465"},"headline":"Carta Abierta al gobernador Rogelio Frigerio","datePublished":"2025-04-15T17:11:58+00:00","dateModified":"2025-04-15T17:11:59+00:00","mainEntityOfPage":{"@id":"https:\/\/diariodelsurdigital.com.ar\/?p=2096"},"wordCount":460,"commentCount":0,"image":{"@id":"https:\/\/diariodelsurdigital.com.ar\/?p=2096#primaryimage"},"thumbnailUrl":"https:\/\/diariodelsurdigital.com.ar\/wp-content\/uploads\/2025\/04\/306657215_532687252109224_4122996902646561470_n-1536x1152-1.jpg","articleSection":["Locales"],"inLanguage":"es","potentialAction":[{"@type":"CommentAction","name":"Comment","target":["https:\/\/diariodelsurdigital.com.ar\/?p=2096#respond"]}]},{"@type":"WebPage","@id":"https:\/\/diariodelsurdigital.com.ar\/?p=2096","url":"https:\/\/diariodelsurdigital.com.ar\/?p=2096","name":"Carta Abierta al gobernador Rogelio Frigerio - Diario del Sur","isPartOf":{"@id":"https:\/\/diariodelsurdigital.com.ar\/#website"},"primaryImageOfPage":{"@id":"https:\/\/diariodelsurdigital.com.ar\/?p=2096#primaryimage"},"image":{"@id":"https:\/\/diariodelsurdigital.com.ar\/?p=2096#primaryimage"},"thumbnailUrl":"https:\/\/diariodelsurdigital.com.ar\/wp-content\/uploads\/2025\/04\/306657215_532687252109224_4122996902646561470_n-1536x1152-1.jpg","datePublished":"2025-04-15T17:11:58+00:00","dateModified":"2025-04-15T17:11:59+00:00","author":{"@id":"https:\/\/diariodelsurdigital.com.ar\/#\/schema\/person\/6136a32571657f7dba980b88b04c5465"},"breadcrumb":{"@id":"https:\/\/diariodelsurdigital.com.ar\/?p=2096#breadcrumb"},"inLanguage":"es","potentialAction":[{"@type":"ReadAction","target":["https:\/\/diariodelsurdigital.com.ar\/?p=2096"]}]},{"@type":"ImageObject","inLanguage":"es","@id":"https:\/\/diariodelsurdigital.com.ar\/?p=2096#primaryimage","url":"https:\/\/diariodelsurdigital.com.ar\/wp-content\/uploads\/2025\/04\/306657215_532687252109224_4122996902646561470_n-1536x1152-1.jpg","contentUrl":"https:\/\/diariodelsurdigital.com.ar\/wp-content\/uploads\/2025\/04\/306657215_532687252109224_4122996902646561470_n-1536x1152-1.jpg","width":460,"height":263},{"@type":"BreadcrumbList","@id":"https:\/\/diariodelsurdigital.com.ar\/?p=2096#breadcrumb","itemListElement":[{"@type":"ListItem","position":1,"name":"Portada","item":"https:\/\/diariodelsurdigital.com.ar\/"},{"@type":"ListItem","position":2,"name":"Carta Abierta al gobernador Rogelio Frigerio"}]},{"@type":"WebSite","@id":"https:\/\/diariodelsurdigital.com.ar\/#website","url":"https:\/\/diariodelsurdigital.com.ar\/","name":"Diario del Sur","description":"Digital","potentialAction":[{"@type":"SearchAction","target":{"@type":"EntryPoint","urlTemplate":"https:\/\/diariodelsurdigital.com.ar\/?s={search_term_string}"},"query-input":{"@type":"PropertyValueSpecification","valueRequired":true,"valueName":"search_term_string"}}],"inLanguage":"es"},{"@type":"Person","@id":"https:\/\/diariodelsurdigital.com.ar\/#\/schema\/person\/6136a32571657f7dba980b88b04c5465","name":"Diario del Sur Digital","image":{"@type":"ImageObject","inLanguage":"es","@id":"https:\/\/secure.gravatar.com\/avatar\/4c29ceac98541dd42460b2474aaa5dd37594d6ce6cb3cf2c101d09b48ee287ba?s=96&d=mm&r=g","url":"https:\/\/secure.gravatar.com\/avatar\/4c29ceac98541dd42460b2474aaa5dd37594d6ce6cb3cf2c101d09b48ee287ba?s=96&d=mm&r=g","contentUrl":"https:\/\/secure.gravatar.com\/avatar\/4c29ceac98541dd42460b2474aaa5dd37594d6ce6cb3cf2c101d09b48ee287ba?s=96&d=mm&r=g","caption":"Diario del Sur Digital"},"url":"https:\/\/diariodelsurdigital.com.ar\/?author=2"}]}},"_links":{"self":[{"href":"https:\/\/diariodelsurdigital.com.ar\/index.php?rest_route=\/wp\/v2\/posts\/2096","targetHints":{"allow":["GET"]}}],"collection":[{"href":"https:\/\/diariodelsurdigital.com.ar\/index.php?rest_route=\/wp\/v2\/posts"}],"about":[{"href":"https:\/\/diariodelsurdigital.com.ar\/index.php?rest_route=\/wp\/v2\/types\/post"}],"author":[{"embeddable":true,"href":"https:\/\/diariodelsurdigital.com.ar\/index.php?rest_route=\/wp\/v2\/users\/2"}],"replies":[{"embeddable":true,"href":"https:\/\/diariodelsurdigital.com.ar\/index.php?rest_route=%2Fwp%2Fv2%2Fcomments&post=2096"}],"version-history":[{"count":1,"href":"https:\/\/diariodelsurdigital.com.ar\/index.php?rest_route=\/wp\/v2\/posts\/2096\/revisions"}],"predecessor-version":[{"id":2098,"href":"https:\/\/diariodelsurdigital.com.ar\/index.php?rest_route=\/wp\/v2\/posts\/2096\/revisions\/2098"}],"wp:featuredmedia":[{"embeddable":true,"href":"https:\/\/diariodelsurdigital.com.ar\/index.php?rest_route=\/wp\/v2\/media\/2097"}],"wp:attachment":[{"href":"https:\/\/diariodelsurdigital.com.ar\/index.php?rest_route=%2Fwp%2Fv2%2Fmedia&parent=2096"}],"wp:term":[{"taxonomy":"category","embeddable":true,"href":"https:\/\/diariodelsurdigital.com.ar\/index.php?rest_route=%2Fwp%2Fv2%2Fcategories&post=2096"},{"taxonomy":"post_tag","embeddable":true,"href":"https:\/\/diariodelsurdigital.com.ar\/index.php?rest_route=%2Fwp%2Fv2%2Ftags&post=2096"}],"curies":[{"name":"wp","href":"https:\/\/api.w.org\/{rel}","templated":true}]}}