{"id":2130,"date":"2025-04-16T14:50:05","date_gmt":"2025-04-16T17:50:05","guid":{"rendered":"https:\/\/diariodelsurdigital.com.ar\/?p=2130"},"modified":"2025-04-16T14:50:06","modified_gmt":"2025-04-16T17:50:06","slug":"crece-el-malestar-del-personal-del-iosper-con-ciertas-medidas-tomadas-por-la-intervencion","status":"publish","type":"post","link":"https:\/\/diariodelsurdigital.com.ar\/?p=2130","title":{"rendered":"Crece el malestar del personal del Iosper con ciertas medidas tomadas por la Intervenci\u00f3n"},"content":{"rendered":"\n<p>M\u00e1s de 200 trabajadores participaron de una asamblea que UPCN realiz\u00f3 en el organismo. El gremio se comprometi\u00f3 a \u201chacer p\u00fablico lo que est\u00e1 pasando en Iosper y a realizar todas las gestiones necesarias para que no se los perjudique en sus salarios con los recientes cambios planteados desde la intervenci\u00f3n\u201d, se\u00f1alaron desde el gremio. \u201cHay un gran descontento con algunas decisiones adoptadas por la intervenci\u00f3n\u201d, advirtieron.<\/p>\n\n\n\n<figure class=\"wp-block-image\"><img decoding=\"async\" src=\"https:\/\/apfdigital-s3.cdn.net.ar\/s3i233\/2024\/10\/apfdigital\/files\/88\/8832\/0bf8a98e16d6a6bc92e05f6920e0c74d122c3ea70402aa59bc06aa6d4d8a0974.gif\" alt=\"Publicidad\"\/><\/figure>\n\n\n\n<p><a href=\"https:\/\/www.apfdigital.com.ar\/provinciales\/\">Provinciales<\/a><\/p>\n\n\n\n<h1 class=\"wp-block-heading\">Crece el malestar del personal del Iosper con ciertas medidas tomadas por la Intervenci\u00f3n<\/h1>\n\n\n\n<p>M\u00e1s de 200 trabajadores participaron de una asamblea que UPCN realiz\u00f3 en el organismo. El gremio se comprometi\u00f3 a \u201chacer p\u00fablico lo que est\u00e1 pasando en Iosper y a realizar todas las gestiones necesarias para que no se los perjudique en sus salarios con los recientes cambios planteados desde la intervenci\u00f3n\u201d, se\u00f1alaron desde el gremio. \u201cHay un gran descontento con algunas decisiones adoptadas por la intervenci\u00f3n\u201d, advirtieron.<\/p>\n\n\n\n<p>mi\u00e9rcoles 16 de abril de 2025 | 12:37hs.<\/p>\n\n\n\n<figure class=\"wp-block-image\"><img decoding=\"async\" src=\"https:\/\/apfdigital-s3.cdn.net.ar\/s3i233\/2025\/04\/apfdigital\/images\/01\/84\/34\/1843467_16c6241b5363bff632b2eb6e14c63bc9d91c1cf7d81498111d05d241f838e51c\/md.webp\" alt=\"M\u00e1s de 200 trabajadores participaron de una asamblea convocada por UPCN.\"\/><\/figure>\n\n\n\n<p>M\u00e1s de 200 trabajadores participaron de una asamblea convocada por UPCN.<\/p>\n\n\n\n<p>UPCN convoc\u00f3 a una asamblea que se extendi\u00f3 por m\u00e1s de dos horas -y en la que particip\u00f3 la gran mayor\u00eda de los trabajadores de la obra social- en la que se explicaron los problemas laborales que atraviesa el personal del organismo.<\/p>\n\n\n\n<p>\u201cHay un gran descontento con algunas decisiones adoptadas por la intervenci\u00f3n. Plantearon que no todo lo que se dice en los medios es cierto y que los trabajadores la est\u00e1n pasando mal: tienen \u00f3rdenes y contra\u00f3rdenes de distintos&nbsp; funcionarios y directivos,&nbsp; les cambian las condiciones laborales sin explicaci\u00f3n, en algunos sectores han reducido salarios bajando adicionales que afectan -y en forma significativa- los sueldos a m\u00e1s de 170 trabajadores, no tienen insumos, no tienen papel higi\u00e9nico, se quedan horas recargados y no se las reconocen, por solo mencionar algunos de los principales problemas\u201d, advirtieron desde UPCN en un comunicado enviado a esta Agencia.<\/p>\n\n\n\n<p>\u00abNo puede ser que los servicios que hoy no est\u00e1 prestando el Iosper adecuadamente a los afiliados generen reclamos permanentemente y que los que tengan que dar la cara sean los empleados. A veces no saben qu\u00e9 decirles a los afiliados que concurren a gestionar sus tr\u00e1mites de salud\u00bb, cuestion\u00f3 Carina Dom\u00ednguez, Secretaria Adjunta de UPCN.<\/p>\n\n\n\n<p>Durante los \u00faltimos d\u00edas trascendi\u00f3 la informaci\u00f3n de que las autoridades dispuestas por el Poder Ejecutivo decidieron que se deje de utilizar el sistema de liquidaci\u00f3n que&nbsp; funcionaba exclusivamente en el Instituto y se comiencen a cargar los salarios&nbsp; a trav\u00e9s del sistema que tienen para eso todos los empleados p\u00fablicos en la provincia.<\/p>\n\n\n\n<p>Esto despert\u00f3 rechazo e inquietud en los trabajadores y un gran nerviosismo porque tienen temor a errores y a que cambien c\u00f3digos; tampoco encuentran justificaci\u00f3n para que se realice esta modificaci\u00f3n.<\/p>\n\n\n\n<p>Si bien se les explic\u00f3 que todos los organismos trabajan con el mismo sistema que utiliza el \u00e1rea de liquidaciones de la provincia, las distintas situaciones ya mencionadas generaron un clima que desemboc\u00f3 en un conflicto con reproches, reclamos y exigencias por parte de los trabajadores.<\/p>\n\n\n\n<p>\u00abNo todo lo que sale en los medios es as\u00ed \u00bfO ser\u00e1 qu\u00e9 est\u00e1n tratando de justificar que se extienda la intervenci\u00f3n mientras tanto se ensucia a la obra social y a los trabajadores que no tenemos la culpa de lo que pasa o de lo que ellos dicen que pasa?\u00bb, se expres\u00f3.<\/p>\n\n\n\n<p>Respecto del cambio de sistema de liquidaci\u00f3n, solicitaron que se realice por escrito una comunicaci\u00f3n donde conste que no va a haber cambios en los haberes actuales y pidieron que desde las jefaturas se comuniquen m\u00e1s con los trabajadores de las distintas \u00e1reas. \u00abSe trabaja con miedo e incertidumbre permanente, no podemos seguir as\u00ed\u00bb, afirmaron.<\/p>\n\n\n\n<p>Ante la queja vinculada a la baja de los c\u00f3digos que percib\u00edan hasta el a\u00f1o pasado unos 170 trabajadores, Carina Dom\u00ednguez propuso una reuni\u00f3n el martes pr\u00f3ximo con los asesores legales del sindicato para analizar los pasos a seguir.<\/p>\n\n\n\n<p>Tambi\u00e9n se resolvi\u00f3 una nueva asamblea para el d\u00eda mi\u00e9rcoles d\u00f3nde se establecer\u00e1 una agenda de prioridades para plantear ante las autoridades de la obra social.<\/p>\n\n\n\n<p>\u00abQueremos que la pr\u00f3xima asamblea sea todav\u00eda m\u00e1s importante\u00bb, inst\u00f3 la Secretaria Adjunta, a lo que respondieron que muchos trabajadores ten\u00edan miedo y por eso no bajaron a la reuni\u00f3n.<\/p>\n\n\n\n<p>UPCN se comprometi\u00f3 a hacerle saber a las autoridades que ante cualquier amenaza o presi\u00f3n por participar de las instancias gremiales \u00abno dudaremos en realizar una denuncia por pr\u00e1ctica desleal para garantizar el ejercicio de la libertad sindical\u00bb. (<\/p>\n","protected":false},"excerpt":{"rendered":"<p>M\u00e1s de 200 trabajadores participaron de una asamblea que UPCN realiz\u00f3 en el organismo. El gremio se comprometi\u00f3 a \u201chacer p\u00fablico lo que est\u00e1 pasando en Iosper y a realizar todas las gestiones necesarias para que no se los perjudique en sus salarios con los recientes cambios planteados desde la intervenci\u00f3n\u201d, se\u00f1alaron desde el gremio. [&hellip;]<\/p>\n","protected":false},"author":4,"featured_media":2132,"comment_status":"open","ping_status":"open","sticky":false,"template":"","format":"standard","meta":{"footnotes":""},"categories":[17],"tags":[],"class_list":{"0":"post-2130","1":"post","2":"type-post","3":"status-publish","4":"format-standard","5":"has-post-thumbnail","7":"category-provinciales"},"yoast_head":"<!-- This site is optimized with the Yoast SEO plugin v27.4 - https:\/\/yoast.com\/product\/yoast-seo-wordpress\/ -->\n<title>Crece el malestar del personal del Iosper con ciertas medidas tomadas por la Intervenci\u00f3n - Diario del Sur<\/title>\n<meta name=\"robots\" content=\"index, follow, max-snippet:-1, max-image-preview:large, max-video-preview:-1\" \/>\n<link rel=\"canonical\" href=\"https:\/\/diariodelsurdigital.com.ar\/?p=2130\" \/>\n<meta property=\"og:locale\" content=\"es_ES\" \/>\n<meta property=\"og:type\" content=\"article\" \/>\n<meta property=\"og:title\" content=\"Crece el malestar del personal del Iosper con ciertas medidas tomadas por la Intervenci\u00f3n - Diario del Sur\" \/>\n<meta property=\"og:description\" content=\"M\u00e1s de 200 trabajadores participaron de una asamblea que UPCN realiz\u00f3 en el organismo. El gremio se comprometi\u00f3 a \u201chacer p\u00fablico lo que est\u00e1 pasando en Iosper y a realizar todas las gestiones necesarias para que no se los perjudique en sus salarios con los recientes cambios planteados desde la intervenci\u00f3n\u201d, se\u00f1alaron desde el gremio. [&hellip;]\" \/>\n<meta property=\"og:url\" content=\"https:\/\/diariodelsurdigital.com.ar\/?p=2130\" \/>\n<meta property=\"og:site_name\" content=\"Diario del Sur\" \/>\n<meta property=\"article:published_time\" content=\"2025-04-16T17:50:05+00:00\" \/>\n<meta property=\"article:modified_time\" content=\"2025-04-16T17:50:06+00:00\" \/>\n<meta property=\"og:image\" content=\"https:\/\/diariodelsurdigital.com.ar\/wp-content\/uploads\/2025\/04\/md-2.webp\" \/>\n\t<meta property=\"og:image:width\" content=\"992\" \/>\n\t<meta property=\"og:image:height\" content=\"558\" \/>\n\t<meta property=\"og:image:type\" content=\"image\/webp\" \/>\n<meta name=\"author\" content=\"Diario del Sur Digital\" \/>\n<meta name=\"twitter:card\" content=\"summary_large_image\" \/>\n<meta name=\"twitter:label1\" content=\"Escrito por\" \/>\n\t<meta name=\"twitter:data1\" content=\"Diario del Sur Digital\" \/>\n\t<meta name=\"twitter:label2\" content=\"Tiempo de lectura\" \/>\n\t<meta name=\"twitter:data2\" content=\"4 minutos\" \/>\n<script type=\"application\/ld+json\" class=\"yoast-schema-graph\">{\"@context\":\"https:\\\/\\\/schema.org\",\"@graph\":[{\"@type\":\"Article\",\"@id\":\"https:\\\/\\\/diariodelsurdigital.com.ar\\\/?p=2130#article\",\"isPartOf\":{\"@id\":\"https:\\\/\\\/diariodelsurdigital.com.ar\\\/?p=2130\"},\"author\":{\"name\":\"Diario del Sur Digital\",\"@id\":\"https:\\\/\\\/diariodelsurdigital.com.ar\\\/#\\\/schema\\\/person\\\/1a4992532ed62965c968031b49195c81\"},\"headline\":\"Crece el malestar del personal del Iosper con ciertas medidas tomadas por la Intervenci\u00f3n\",\"datePublished\":\"2025-04-16T17:50:05+00:00\",\"dateModified\":\"2025-04-16T17:50:06+00:00\",\"mainEntityOfPage\":{\"@id\":\"https:\\\/\\\/diariodelsurdigital.com.ar\\\/?p=2130\"},\"wordCount\":805,\"commentCount\":0,\"image\":{\"@id\":\"https:\\\/\\\/diariodelsurdigital.com.ar\\\/?p=2130#primaryimage\"},\"thumbnailUrl\":\"https:\\\/\\\/diariodelsurdigital.com.ar\\\/wp-content\\\/uploads\\\/2025\\\/04\\\/md-2.webp\",\"articleSection\":[\"Provinciales\"],\"inLanguage\":\"es\",\"potentialAction\":[{\"@type\":\"CommentAction\",\"name\":\"Comment\",\"target\":[\"https:\\\/\\\/diariodelsurdigital.com.ar\\\/?p=2130#respond\"]}]},{\"@type\":\"WebPage\",\"@id\":\"https:\\\/\\\/diariodelsurdigital.com.ar\\\/?p=2130\",\"url\":\"https:\\\/\\\/diariodelsurdigital.com.ar\\\/?p=2130\",\"name\":\"Crece el malestar del personal del Iosper con ciertas medidas tomadas por la Intervenci\u00f3n - Diario del Sur\",\"isPartOf\":{\"@id\":\"https:\\\/\\\/diariodelsurdigital.com.ar\\\/#website\"},\"primaryImageOfPage\":{\"@id\":\"https:\\\/\\\/diariodelsurdigital.com.ar\\\/?p=2130#primaryimage\"},\"image\":{\"@id\":\"https:\\\/\\\/diariodelsurdigital.com.ar\\\/?p=2130#primaryimage\"},\"thumbnailUrl\":\"https:\\\/\\\/diariodelsurdigital.com.ar\\\/wp-content\\\/uploads\\\/2025\\\/04\\\/md-2.webp\",\"datePublished\":\"2025-04-16T17:50:05+00:00\",\"dateModified\":\"2025-04-16T17:50:06+00:00\",\"author\":{\"@id\":\"https:\\\/\\\/diariodelsurdigital.com.ar\\\/#\\\/schema\\\/person\\\/1a4992532ed62965c968031b49195c81\"},\"breadcrumb\":{\"@id\":\"https:\\\/\\\/diariodelsurdigital.com.ar\\\/?p=2130#breadcrumb\"},\"inLanguage\":\"es\",\"potentialAction\":[{\"@type\":\"ReadAction\",\"target\":[\"https:\\\/\\\/diariodelsurdigital.com.ar\\\/?p=2130\"]}]},{\"@type\":\"ImageObject\",\"inLanguage\":\"es\",\"@id\":\"https:\\\/\\\/diariodelsurdigital.com.ar\\\/?p=2130#primaryimage\",\"url\":\"https:\\\/\\\/diariodelsurdigital.com.ar\\\/wp-content\\\/uploads\\\/2025\\\/04\\\/md-2.webp\",\"contentUrl\":\"https:\\\/\\\/diariodelsurdigital.com.ar\\\/wp-content\\\/uploads\\\/2025\\\/04\\\/md-2.webp\",\"width\":992,\"height\":558},{\"@type\":\"BreadcrumbList\",\"@id\":\"https:\\\/\\\/diariodelsurdigital.com.ar\\\/?p=2130#breadcrumb\",\"itemListElement\":[{\"@type\":\"ListItem\",\"position\":1,\"name\":\"Portada\",\"item\":\"https:\\\/\\\/diariodelsurdigital.com.ar\\\/\"},{\"@type\":\"ListItem\",\"position\":2,\"name\":\"Crece el malestar del personal del Iosper con ciertas medidas tomadas por la Intervenci\u00f3n\"}]},{\"@type\":\"WebSite\",\"@id\":\"https:\\\/\\\/diariodelsurdigital.com.ar\\\/#website\",\"url\":\"https:\\\/\\\/diariodelsurdigital.com.ar\\\/\",\"name\":\"Diario del Sur\",\"description\":\"Digital\",\"potentialAction\":[{\"@type\":\"SearchAction\",\"target\":{\"@type\":\"EntryPoint\",\"urlTemplate\":\"https:\\\/\\\/diariodelsurdigital.com.ar\\\/?s={search_term_string}\"},\"query-input\":{\"@type\":\"PropertyValueSpecification\",\"valueRequired\":true,\"valueName\":\"search_term_string\"}}],\"inLanguage\":\"es\"},{\"@type\":\"Person\",\"@id\":\"https:\\\/\\\/diariodelsurdigital.com.ar\\\/#\\\/schema\\\/person\\\/1a4992532ed62965c968031b49195c81\",\"name\":\"Diario del Sur Digital\",\"image\":{\"@type\":\"ImageObject\",\"inLanguage\":\"es\",\"@id\":\"https:\\\/\\\/secure.gravatar.com\\\/avatar\\\/f0c7c47fc7146d19828273b9b8eda651c9c7ab583767e6338d3d3bee825adf76?s=96&d=mm&r=g\",\"url\":\"https:\\\/\\\/secure.gravatar.com\\\/avatar\\\/f0c7c47fc7146d19828273b9b8eda651c9c7ab583767e6338d3d3bee825adf76?s=96&d=mm&r=g\",\"contentUrl\":\"https:\\\/\\\/secure.gravatar.com\\\/avatar\\\/f0c7c47fc7146d19828273b9b8eda651c9c7ab583767e6338d3d3bee825adf76?s=96&d=mm&r=g\",\"caption\":\"Diario del Sur Digital\"},\"url\":\"https:\\\/\\\/diariodelsurdigital.com.ar\\\/?author=4\"}]}<\/script>\n<!-- \/ Yoast SEO plugin. -->","yoast_head_json":{"title":"Crece el malestar del personal del Iosper con ciertas medidas tomadas por la Intervenci\u00f3n - Diario del Sur","robots":{"index":"index","follow":"follow","max-snippet":"max-snippet:-1","max-image-preview":"max-image-preview:large","max-video-preview":"max-video-preview:-1"},"canonical":"https:\/\/diariodelsurdigital.com.ar\/?p=2130","og_locale":"es_ES","og_type":"article","og_title":"Crece el malestar del personal del Iosper con ciertas medidas tomadas por la Intervenci\u00f3n - Diario del Sur","og_description":"M\u00e1s de 200 trabajadores participaron de una asamblea que UPCN realiz\u00f3 en el organismo. El gremio se comprometi\u00f3 a \u201chacer p\u00fablico lo que est\u00e1 pasando en Iosper y a realizar todas las gestiones necesarias para que no se los perjudique en sus salarios con los recientes cambios planteados desde la intervenci\u00f3n\u201d, se\u00f1alaron desde el gremio. [&hellip;]","og_url":"https:\/\/diariodelsurdigital.com.ar\/?p=2130","og_site_name":"Diario del Sur","article_published_time":"2025-04-16T17:50:05+00:00","article_modified_time":"2025-04-16T17:50:06+00:00","og_image":[{"width":992,"height":558,"url":"https:\/\/diariodelsurdigital.com.ar\/wp-content\/uploads\/2025\/04\/md-2.webp","type":"image\/webp"}],"author":"Diario del Sur Digital","twitter_card":"summary_large_image","twitter_misc":{"Escrito por":"Diario del Sur Digital","Tiempo de lectura":"4 minutos"},"schema":{"@context":"https:\/\/schema.org","@graph":[{"@type":"Article","@id":"https:\/\/diariodelsurdigital.com.ar\/?p=2130#article","isPartOf":{"@id":"https:\/\/diariodelsurdigital.com.ar\/?p=2130"},"author":{"name":"Diario del Sur Digital","@id":"https:\/\/diariodelsurdigital.com.ar\/#\/schema\/person\/1a4992532ed62965c968031b49195c81"},"headline":"Crece el malestar del personal del Iosper con ciertas medidas tomadas por la Intervenci\u00f3n","datePublished":"2025-04-16T17:50:05+00:00","dateModified":"2025-04-16T17:50:06+00:00","mainEntityOfPage":{"@id":"https:\/\/diariodelsurdigital.com.ar\/?p=2130"},"wordCount":805,"commentCount":0,"image":{"@id":"https:\/\/diariodelsurdigital.com.ar\/?p=2130#primaryimage"},"thumbnailUrl":"https:\/\/diariodelsurdigital.com.ar\/wp-content\/uploads\/2025\/04\/md-2.webp","articleSection":["Provinciales"],"inLanguage":"es","potentialAction":[{"@type":"CommentAction","name":"Comment","target":["https:\/\/diariodelsurdigital.com.ar\/?p=2130#respond"]}]},{"@type":"WebPage","@id":"https:\/\/diariodelsurdigital.com.ar\/?p=2130","url":"https:\/\/diariodelsurdigital.com.ar\/?p=2130","name":"Crece el malestar del personal del Iosper con ciertas medidas tomadas por la Intervenci\u00f3n - Diario del Sur","isPartOf":{"@id":"https:\/\/diariodelsurdigital.com.ar\/#website"},"primaryImageOfPage":{"@id":"https:\/\/diariodelsurdigital.com.ar\/?p=2130#primaryimage"},"image":{"@id":"https:\/\/diariodelsurdigital.com.ar\/?p=2130#primaryimage"},"thumbnailUrl":"https:\/\/diariodelsurdigital.com.ar\/wp-content\/uploads\/2025\/04\/md-2.webp","datePublished":"2025-04-16T17:50:05+00:00","dateModified":"2025-04-16T17:50:06+00:00","author":{"@id":"https:\/\/diariodelsurdigital.com.ar\/#\/schema\/person\/1a4992532ed62965c968031b49195c81"},"breadcrumb":{"@id":"https:\/\/diariodelsurdigital.com.ar\/?p=2130#breadcrumb"},"inLanguage":"es","potentialAction":[{"@type":"ReadAction","target":["https:\/\/diariodelsurdigital.com.ar\/?p=2130"]}]},{"@type":"ImageObject","inLanguage":"es","@id":"https:\/\/diariodelsurdigital.com.ar\/?p=2130#primaryimage","url":"https:\/\/diariodelsurdigital.com.ar\/wp-content\/uploads\/2025\/04\/md-2.webp","contentUrl":"https:\/\/diariodelsurdigital.com.ar\/wp-content\/uploads\/2025\/04\/md-2.webp","width":992,"height":558},{"@type":"BreadcrumbList","@id":"https:\/\/diariodelsurdigital.com.ar\/?p=2130#breadcrumb","itemListElement":[{"@type":"ListItem","position":1,"name":"Portada","item":"https:\/\/diariodelsurdigital.com.ar\/"},{"@type":"ListItem","position":2,"name":"Crece el malestar del personal del Iosper con ciertas medidas tomadas por la Intervenci\u00f3n"}]},{"@type":"WebSite","@id":"https:\/\/diariodelsurdigital.com.ar\/#website","url":"https:\/\/diariodelsurdigital.com.ar\/","name":"Diario del Sur","description":"Digital","potentialAction":[{"@type":"SearchAction","target":{"@type":"EntryPoint","urlTemplate":"https:\/\/diariodelsurdigital.com.ar\/?s={search_term_string}"},"query-input":{"@type":"PropertyValueSpecification","valueRequired":true,"valueName":"search_term_string"}}],"inLanguage":"es"},{"@type":"Person","@id":"https:\/\/diariodelsurdigital.com.ar\/#\/schema\/person\/1a4992532ed62965c968031b49195c81","name":"Diario del Sur Digital","image":{"@type":"ImageObject","inLanguage":"es","@id":"https:\/\/secure.gravatar.com\/avatar\/f0c7c47fc7146d19828273b9b8eda651c9c7ab583767e6338d3d3bee825adf76?s=96&d=mm&r=g","url":"https:\/\/secure.gravatar.com\/avatar\/f0c7c47fc7146d19828273b9b8eda651c9c7ab583767e6338d3d3bee825adf76?s=96&d=mm&r=g","contentUrl":"https:\/\/secure.gravatar.com\/avatar\/f0c7c47fc7146d19828273b9b8eda651c9c7ab583767e6338d3d3bee825adf76?s=96&d=mm&r=g","caption":"Diario del Sur Digital"},"url":"https:\/\/diariodelsurdigital.com.ar\/?author=4"}]}},"_links":{"self":[{"href":"https:\/\/diariodelsurdigital.com.ar\/index.php?rest_route=\/wp\/v2\/posts\/2130","targetHints":{"allow":["GET"]}}],"collection":[{"href":"https:\/\/diariodelsurdigital.com.ar\/index.php?rest_route=\/wp\/v2\/posts"}],"about":[{"href":"https:\/\/diariodelsurdigital.com.ar\/index.php?rest_route=\/wp\/v2\/types\/post"}],"author":[{"embeddable":true,"href":"https:\/\/diariodelsurdigital.com.ar\/index.php?rest_route=\/wp\/v2\/users\/4"}],"replies":[{"embeddable":true,"href":"https:\/\/diariodelsurdigital.com.ar\/index.php?rest_route=%2Fwp%2Fv2%2Fcomments&post=2130"}],"version-history":[{"count":1,"href":"https:\/\/diariodelsurdigital.com.ar\/index.php?rest_route=\/wp\/v2\/posts\/2130\/revisions"}],"predecessor-version":[{"id":2133,"href":"https:\/\/diariodelsurdigital.com.ar\/index.php?rest_route=\/wp\/v2\/posts\/2130\/revisions\/2133"}],"wp:featuredmedia":[{"embeddable":true,"href":"https:\/\/diariodelsurdigital.com.ar\/index.php?rest_route=\/wp\/v2\/media\/2132"}],"wp:attachment":[{"href":"https:\/\/diariodelsurdigital.com.ar\/index.php?rest_route=%2Fwp%2Fv2%2Fmedia&parent=2130"}],"wp:term":[{"taxonomy":"category","embeddable":true,"href":"https:\/\/diariodelsurdigital.com.ar\/index.php?rest_route=%2Fwp%2Fv2%2Fcategories&post=2130"},{"taxonomy":"post_tag","embeddable":true,"href":"https:\/\/diariodelsurdigital.com.ar\/index.php?rest_route=%2Fwp%2Fv2%2Ftags&post=2130"}],"curies":[{"name":"wp","href":"https:\/\/api.w.org\/{rel}","templated":true}]}}