{"id":2131,"date":"2025-04-16T15:02:57","date_gmt":"2025-04-16T18:02:57","guid":{"rendered":"https:\/\/diariodelsurdigital.com.ar\/?p=2131"},"modified":"2025-04-16T15:02:58","modified_gmt":"2025-04-16T18:02:58","slug":"heroe-de-la-democracia-kueider-voto-la-ley-bases-para-impedir-la-caida-de-milei","status":"publish","type":"post","link":"https:\/\/diariodelsurdigital.com.ar\/?p=2131","title":{"rendered":"H\u00c9ROE DE LA DEMOCRACIA: Kueider vot\u00f3 la Ley Bases para impedir \u00abla ca\u00edda\u00bb de Milei"},"content":{"rendered":"\n<h1 class=\"wp-block-heading\" id=\"hablo-edgardo-kueider:-&quot;no-tenia-plata-negra-el-kirchnerismo-no-me-perdona-que-con-mi-voto-en-la-ley-bases-impedi-la-caida-del-gobierno&quot;\"> <\/h1>\n\n\n\n<h2 class=\"wp-block-heading\">El exsenador, que permanece con detenci\u00f3n domiciliaria luego de que tratara de ingresar a Paraguay con 200 mi d\u00f3lares no declarados, rechaz\u00f3 las acusaciones que se le hacen de haber recibido una coima para respaldar al oficialismo en el Congreso. \u201cYo ya estoy condenado\u201d, se quej\u00f3. Kueider se\u00f1al\u00f3 que si no votaba la Ley Bases, \u00abel kirchnerismo iba a hacer caer el gobierno\u00bb. Con esta aseveraci\u00f3n el ex senador se puso el traje de salvador de la democracia. <\/h2>\n\n\n\n<p> Preguntado sobre el dinero supuestamente en negro que manejaba seg\u00fan un video durante el gobierno de Gustavo Bordet, Kueider se despach\u00f3, \u201cNo ten\u00eda plata negra, el kirchnerismo no me perdona que con mi voto en la Ley Bases imped\u00ed la ca\u00edda del Gobierno\u201d.<\/p>\n\n\n\n<p>El\u00a0<a href=\"https:\/\/www.infobae.com\/politica\/2024\/12\/04\/detuvieron-al-senador-edgardo-kueider-en-paraguay-llevaba-mas-de-usd-200-mil\/\" target=\"_blank\" rel=\"noreferrer noopener\"><strong>4 de diciembre de 2024, en un control de rutina realizado en la Triple Frontera<\/strong><\/a>, detuvieron al senador\u00a0<strong>Edgardo Kueider<\/strong>, quien no pudo justificar el origen de 200 mil d\u00f3lares que llevaba en la camioneta que lo trasladaba. Desde entonces permanece detenido con prisi\u00f3n domiciliaria, y cuatro meses despu\u00e9s del hecho decidi\u00f3 romper el silencio.<a href=\"https:\/\/www.infobae.com\/economia\/2025\/04\/16\/plazo-fijo-cuanto-hay-que-invertir-en-cada-banco-para-ganar-500000-tras-la-salida-del-cepo\/\" target=\"_blank\" rel=\"noreferrer noopener\"><\/a><\/p>\n\n\n\n<p>En una entrevista con Eduardo Feinmann en&nbsp;<em>Radio Mitre<\/em>, el ahora ex senador<strong>&nbsp;rechaz\u00f3 enf\u00e1ticamente las acusaciones<\/strong>&nbsp;que lo vinculan con una&nbsp;<strong>supuesta coima<\/strong>&nbsp;por su voto a favor de la Ley de Bases que fue aprobada en 2024.<\/p>\n\n\n\n<p>\u201c<strong>No ten\u00eda plata negra, no hay plata il\u00edcita en esto<\/strong>\u201d, afirm\u00f3 antes de apuntar que su respaldo al proyecto de ley de La Libertad Avanza fue una decisi\u00f3n pol\u00edtica basada en su&nbsp;<strong>convicci\u00f3n de evitar una crisis<\/strong>&nbsp;en el gobierno democr\u00e1tico reci\u00e9n asumido. \u201c<strong>No hay otro motivo. Le acabo de decir por qu\u00e9 vot\u00e9 la ley de bases. No hay ning\u00fan pago<\/strong>\u201d, subray\u00f3.<\/p>\n\n\n\n<p><a href=\"https:\/\/www.infobae.com\/politica\/2025\/04\/16\/javier-milei-entre-las-100-personalidades-mas-influyentes-del-mundo\/\" target=\"_blank\" rel=\"noreferrer noopener\"><\/a>Kueider tambi\u00e9n hizo hincapi\u00e9 en que su voto no estuvo orientado a beneficiar intereses personales ni econ\u00f3micos, sino que su apoyo a la ley fue clave para evitar la ca\u00edda del gobierno, que estaba siendo atacado por el kirchnerismo.<\/p>\n\n\n\n<p>En ese sentido, asegur\u00f3 que ese sector no le perdona haber evitado que consiga su prop\u00f3sito: \u201c<strong>El kirchnerismo quer\u00eda que caiga el gobierno<\/strong>, por eso me condenan a m\u00ed, porque<strong>&nbsp;yo imped\u00ed&nbsp;<\/strong>que se vote en contra esa ley y por ende&nbsp;<strong>caiga el gobierno; eso es lo que a m\u00ed no me van a perdonar del kirchnerismo<\/strong>\u201d.<\/p>\n\n\n\n<p><a href=\"https:\/\/www.infobae.com\/politica\/2025\/04\/16\/el-gobierno-analiza-dar-de-baja-mas-de-220-mil-pensiones-por-discapacidad-laboral-por-irregularidades-detectadas-en-una-auditoria\/\" target=\"_blank\" rel=\"noreferrer noopener\"><\/a><\/p>\n\n\n\n<p>El ex senador tambi\u00e9n se refiri\u00f3 a las acusaciones de \u201ctraici\u00f3n\u201d por haberse distanciado del kirchnerismo y formar un bloque propio en el Senado. En su defensa, Kueider aclar\u00f3: \u201c<strong>No era kirchnerista en Entre R\u00edos,&nbsp;<\/strong>siempre tuvimos confrontaciones\u00bb.<\/p>\n\n\n\n<p>En el mismo marco, asegur\u00f3 que su decisi\u00f3n de formar un bloque aut\u00f3nomo en el Senado fue para defender los intereses de su provincia, que sent\u00eda ignorados bajo la gesti\u00f3n del oficialismo.<\/p>\n\n\n\n<p>Kueider, quien asegur\u00f3 ser consciente de las acusaciones en su contra, expres\u00f3 que<strong>&nbsp;ya se siente \u201ccondenado\u201d&nbsp;<\/strong>social y pol\u00edticamente. \u201cYa tengo la condena, estoy consciente de que el kirchnerismo me persigue por este voto\u201d, lament\u00f3, y a\u00f1adi\u00f3 que sus acciones fueron motivadas por la convicci\u00f3n de que el pa\u00eds no pod\u00eda pasar por una crisis a\u00fan mayor.<\/p>\n\n\n\n<figure class=\"wp-block-embed\"><div class=\"wp-block-embed__wrapper\">\nhttps:\/\/imasdk.googleapis.com\/js\/core\/bridge3.693.0_es.html#fid=goog_1261389231\n<\/div><\/figure>\n\n\n\n<p> <\/p>\n","protected":false},"excerpt":{"rendered":"<p>El exsenador, que permanece con detenci\u00f3n domiciliaria luego de que tratara de ingresar a Paraguay con 200 mi d\u00f3lares no declarados, rechaz\u00f3 las acusaciones que se le hacen de haber recibido una coima para respaldar al oficialismo en el Congreso. \u201cYo ya estoy condenado\u201d, se quej\u00f3. Kueider se\u00f1al\u00f3 que si no votaba la Ley Bases, [&hellip;]<\/p>\n","protected":false},"author":2,"featured_media":2137,"comment_status":"open","ping_status":"open","sticky":false,"template":"","format":"standard","meta":{"footnotes":""},"categories":[18],"tags":[],"class_list":{"0":"post-2131","1":"post","2":"type-post","3":"status-publish","4":"format-standard","5":"has-post-thumbnail","7":"category-nacionales"},"yoast_head":"<!-- This site is optimized with the Yoast SEO plugin v27.4 - https:\/\/yoast.com\/product\/yoast-seo-wordpress\/ -->\n<title>H\u00c9ROE DE LA DEMOCRACIA: Kueider vot\u00f3 la Ley Bases para impedir &quot;la ca\u00edda&quot; de Milei - Diario del Sur<\/title>\n<meta name=\"robots\" content=\"index, follow, max-snippet:-1, max-image-preview:large, max-video-preview:-1\" \/>\n<link rel=\"canonical\" href=\"https:\/\/diariodelsurdigital.com.ar\/?p=2131\" \/>\n<meta property=\"og:locale\" content=\"es_ES\" \/>\n<meta property=\"og:type\" content=\"article\" \/>\n<meta property=\"og:title\" content=\"H\u00c9ROE DE LA DEMOCRACIA: Kueider vot\u00f3 la Ley Bases para impedir &quot;la ca\u00edda&quot; de Milei - Diario del Sur\" \/>\n<meta property=\"og:description\" content=\"El exsenador, que permanece con detenci\u00f3n domiciliaria luego de que tratara de ingresar a Paraguay con 200 mi d\u00f3lares no declarados, rechaz\u00f3 las acusaciones que se le hacen de haber recibido una coima para respaldar al oficialismo en el Congreso. \u201cYo ya estoy condenado\u201d, se quej\u00f3. Kueider se\u00f1al\u00f3 que si no votaba la Ley Bases, [&hellip;]\" \/>\n<meta property=\"og:url\" content=\"https:\/\/diariodelsurdigital.com.ar\/?p=2131\" \/>\n<meta property=\"og:site_name\" content=\"Diario del Sur\" \/>\n<meta property=\"article:published_time\" content=\"2025-04-16T18:02:57+00:00\" \/>\n<meta property=\"article:modified_time\" content=\"2025-04-16T18:02:58+00:00\" \/>\n<meta property=\"og:image\" content=\"https:\/\/diariodelsurdigital.com.ar\/wp-content\/uploads\/2025\/04\/6Y5VVKMA6VFCPDWTI7XZK2MW7M.png\" \/>\n\t<meta property=\"og:image:width\" content=\"442\" \/>\n\t<meta property=\"og:image:height\" content=\"279\" \/>\n\t<meta property=\"og:image:type\" content=\"image\/png\" \/>\n<meta name=\"author\" content=\"Diario del Sur Digital\" \/>\n<meta name=\"twitter:card\" content=\"summary_large_image\" \/>\n<meta name=\"twitter:label1\" content=\"Escrito por\" \/>\n\t<meta name=\"twitter:data1\" content=\"Diario del Sur Digital\" \/>\n\t<meta name=\"twitter:label2\" content=\"Tiempo de lectura\" \/>\n\t<meta name=\"twitter:data2\" content=\"3 minutos\" \/>\n<script type=\"application\/ld+json\" class=\"yoast-schema-graph\">{\"@context\":\"https:\\\/\\\/schema.org\",\"@graph\":[{\"@type\":\"Article\",\"@id\":\"https:\\\/\\\/diariodelsurdigital.com.ar\\\/?p=2131#article\",\"isPartOf\":{\"@id\":\"https:\\\/\\\/diariodelsurdigital.com.ar\\\/?p=2131\"},\"author\":{\"name\":\"Diario del Sur Digital\",\"@id\":\"https:\\\/\\\/diariodelsurdigital.com.ar\\\/#\\\/schema\\\/person\\\/6136a32571657f7dba980b88b04c5465\"},\"headline\":\"H\u00c9ROE DE LA DEMOCRACIA: Kueider vot\u00f3 la Ley Bases para impedir \u00abla ca\u00edda\u00bb de Milei\",\"datePublished\":\"2025-04-16T18:02:57+00:00\",\"dateModified\":\"2025-04-16T18:02:58+00:00\",\"mainEntityOfPage\":{\"@id\":\"https:\\\/\\\/diariodelsurdigital.com.ar\\\/?p=2131\"},\"wordCount\":577,\"commentCount\":0,\"image\":{\"@id\":\"https:\\\/\\\/diariodelsurdigital.com.ar\\\/?p=2131#primaryimage\"},\"thumbnailUrl\":\"https:\\\/\\\/diariodelsurdigital.com.ar\\\/wp-content\\\/uploads\\\/2025\\\/04\\\/6Y5VVKMA6VFCPDWTI7XZK2MW7M.png\",\"articleSection\":[\"Nacionales\"],\"inLanguage\":\"es\",\"potentialAction\":[{\"@type\":\"CommentAction\",\"name\":\"Comment\",\"target\":[\"https:\\\/\\\/diariodelsurdigital.com.ar\\\/?p=2131#respond\"]}]},{\"@type\":\"WebPage\",\"@id\":\"https:\\\/\\\/diariodelsurdigital.com.ar\\\/?p=2131\",\"url\":\"https:\\\/\\\/diariodelsurdigital.com.ar\\\/?p=2131\",\"name\":\"H\u00c9ROE DE LA DEMOCRACIA: Kueider vot\u00f3 la Ley Bases para impedir \\\"la ca\u00edda\\\" de Milei - Diario del Sur\",\"isPartOf\":{\"@id\":\"https:\\\/\\\/diariodelsurdigital.com.ar\\\/#website\"},\"primaryImageOfPage\":{\"@id\":\"https:\\\/\\\/diariodelsurdigital.com.ar\\\/?p=2131#primaryimage\"},\"image\":{\"@id\":\"https:\\\/\\\/diariodelsurdigital.com.ar\\\/?p=2131#primaryimage\"},\"thumbnailUrl\":\"https:\\\/\\\/diariodelsurdigital.com.ar\\\/wp-content\\\/uploads\\\/2025\\\/04\\\/6Y5VVKMA6VFCPDWTI7XZK2MW7M.png\",\"datePublished\":\"2025-04-16T18:02:57+00:00\",\"dateModified\":\"2025-04-16T18:02:58+00:00\",\"author\":{\"@id\":\"https:\\\/\\\/diariodelsurdigital.com.ar\\\/#\\\/schema\\\/person\\\/6136a32571657f7dba980b88b04c5465\"},\"breadcrumb\":{\"@id\":\"https:\\\/\\\/diariodelsurdigital.com.ar\\\/?p=2131#breadcrumb\"},\"inLanguage\":\"es\",\"potentialAction\":[{\"@type\":\"ReadAction\",\"target\":[\"https:\\\/\\\/diariodelsurdigital.com.ar\\\/?p=2131\"]}]},{\"@type\":\"ImageObject\",\"inLanguage\":\"es\",\"@id\":\"https:\\\/\\\/diariodelsurdigital.com.ar\\\/?p=2131#primaryimage\",\"url\":\"https:\\\/\\\/diariodelsurdigital.com.ar\\\/wp-content\\\/uploads\\\/2025\\\/04\\\/6Y5VVKMA6VFCPDWTI7XZK2MW7M.png\",\"contentUrl\":\"https:\\\/\\\/diariodelsurdigital.com.ar\\\/wp-content\\\/uploads\\\/2025\\\/04\\\/6Y5VVKMA6VFCPDWTI7XZK2MW7M.png\",\"width\":442,\"height\":279},{\"@type\":\"BreadcrumbList\",\"@id\":\"https:\\\/\\\/diariodelsurdigital.com.ar\\\/?p=2131#breadcrumb\",\"itemListElement\":[{\"@type\":\"ListItem\",\"position\":1,\"name\":\"Portada\",\"item\":\"https:\\\/\\\/diariodelsurdigital.com.ar\\\/\"},{\"@type\":\"ListItem\",\"position\":2,\"name\":\"H\u00c9ROE DE LA DEMOCRACIA: Kueider vot\u00f3 la Ley Bases para impedir \u00abla ca\u00edda\u00bb de Milei\"}]},{\"@type\":\"WebSite\",\"@id\":\"https:\\\/\\\/diariodelsurdigital.com.ar\\\/#website\",\"url\":\"https:\\\/\\\/diariodelsurdigital.com.ar\\\/\",\"name\":\"Diario del Sur\",\"description\":\"Digital\",\"potentialAction\":[{\"@type\":\"SearchAction\",\"target\":{\"@type\":\"EntryPoint\",\"urlTemplate\":\"https:\\\/\\\/diariodelsurdigital.com.ar\\\/?s={search_term_string}\"},\"query-input\":{\"@type\":\"PropertyValueSpecification\",\"valueRequired\":true,\"valueName\":\"search_term_string\"}}],\"inLanguage\":\"es\"},{\"@type\":\"Person\",\"@id\":\"https:\\\/\\\/diariodelsurdigital.com.ar\\\/#\\\/schema\\\/person\\\/6136a32571657f7dba980b88b04c5465\",\"name\":\"Diario del Sur Digital\",\"image\":{\"@type\":\"ImageObject\",\"inLanguage\":\"es\",\"@id\":\"https:\\\/\\\/secure.gravatar.com\\\/avatar\\\/4c29ceac98541dd42460b2474aaa5dd37594d6ce6cb3cf2c101d09b48ee287ba?s=96&d=mm&r=g\",\"url\":\"https:\\\/\\\/secure.gravatar.com\\\/avatar\\\/4c29ceac98541dd42460b2474aaa5dd37594d6ce6cb3cf2c101d09b48ee287ba?s=96&d=mm&r=g\",\"contentUrl\":\"https:\\\/\\\/secure.gravatar.com\\\/avatar\\\/4c29ceac98541dd42460b2474aaa5dd37594d6ce6cb3cf2c101d09b48ee287ba?s=96&d=mm&r=g\",\"caption\":\"Diario del Sur Digital\"},\"url\":\"https:\\\/\\\/diariodelsurdigital.com.ar\\\/?author=2\"}]}<\/script>\n<!-- \/ Yoast SEO plugin. -->","yoast_head_json":{"title":"H\u00c9ROE DE LA DEMOCRACIA: Kueider vot\u00f3 la Ley Bases para impedir \"la ca\u00edda\" de Milei - Diario del Sur","robots":{"index":"index","follow":"follow","max-snippet":"max-snippet:-1","max-image-preview":"max-image-preview:large","max-video-preview":"max-video-preview:-1"},"canonical":"https:\/\/diariodelsurdigital.com.ar\/?p=2131","og_locale":"es_ES","og_type":"article","og_title":"H\u00c9ROE DE LA DEMOCRACIA: Kueider vot\u00f3 la Ley Bases para impedir \"la ca\u00edda\" de Milei - Diario del Sur","og_description":"El exsenador, que permanece con detenci\u00f3n domiciliaria luego de que tratara de ingresar a Paraguay con 200 mi d\u00f3lares no declarados, rechaz\u00f3 las acusaciones que se le hacen de haber recibido una coima para respaldar al oficialismo en el Congreso. \u201cYo ya estoy condenado\u201d, se quej\u00f3. Kueider se\u00f1al\u00f3 que si no votaba la Ley Bases, [&hellip;]","og_url":"https:\/\/diariodelsurdigital.com.ar\/?p=2131","og_site_name":"Diario del Sur","article_published_time":"2025-04-16T18:02:57+00:00","article_modified_time":"2025-04-16T18:02:58+00:00","og_image":[{"width":442,"height":279,"url":"https:\/\/diariodelsurdigital.com.ar\/wp-content\/uploads\/2025\/04\/6Y5VVKMA6VFCPDWTI7XZK2MW7M.png","type":"image\/png"}],"author":"Diario del Sur Digital","twitter_card":"summary_large_image","twitter_misc":{"Escrito por":"Diario del Sur Digital","Tiempo de lectura":"3 minutos"},"schema":{"@context":"https:\/\/schema.org","@graph":[{"@type":"Article","@id":"https:\/\/diariodelsurdigital.com.ar\/?p=2131#article","isPartOf":{"@id":"https:\/\/diariodelsurdigital.com.ar\/?p=2131"},"author":{"name":"Diario del Sur Digital","@id":"https:\/\/diariodelsurdigital.com.ar\/#\/schema\/person\/6136a32571657f7dba980b88b04c5465"},"headline":"H\u00c9ROE DE LA DEMOCRACIA: Kueider vot\u00f3 la Ley Bases para impedir \u00abla ca\u00edda\u00bb de Milei","datePublished":"2025-04-16T18:02:57+00:00","dateModified":"2025-04-16T18:02:58+00:00","mainEntityOfPage":{"@id":"https:\/\/diariodelsurdigital.com.ar\/?p=2131"},"wordCount":577,"commentCount":0,"image":{"@id":"https:\/\/diariodelsurdigital.com.ar\/?p=2131#primaryimage"},"thumbnailUrl":"https:\/\/diariodelsurdigital.com.ar\/wp-content\/uploads\/2025\/04\/6Y5VVKMA6VFCPDWTI7XZK2MW7M.png","articleSection":["Nacionales"],"inLanguage":"es","potentialAction":[{"@type":"CommentAction","name":"Comment","target":["https:\/\/diariodelsurdigital.com.ar\/?p=2131#respond"]}]},{"@type":"WebPage","@id":"https:\/\/diariodelsurdigital.com.ar\/?p=2131","url":"https:\/\/diariodelsurdigital.com.ar\/?p=2131","name":"H\u00c9ROE DE LA DEMOCRACIA: Kueider vot\u00f3 la Ley Bases para impedir \"la ca\u00edda\" de Milei - Diario del Sur","isPartOf":{"@id":"https:\/\/diariodelsurdigital.com.ar\/#website"},"primaryImageOfPage":{"@id":"https:\/\/diariodelsurdigital.com.ar\/?p=2131#primaryimage"},"image":{"@id":"https:\/\/diariodelsurdigital.com.ar\/?p=2131#primaryimage"},"thumbnailUrl":"https:\/\/diariodelsurdigital.com.ar\/wp-content\/uploads\/2025\/04\/6Y5VVKMA6VFCPDWTI7XZK2MW7M.png","datePublished":"2025-04-16T18:02:57+00:00","dateModified":"2025-04-16T18:02:58+00:00","author":{"@id":"https:\/\/diariodelsurdigital.com.ar\/#\/schema\/person\/6136a32571657f7dba980b88b04c5465"},"breadcrumb":{"@id":"https:\/\/diariodelsurdigital.com.ar\/?p=2131#breadcrumb"},"inLanguage":"es","potentialAction":[{"@type":"ReadAction","target":["https:\/\/diariodelsurdigital.com.ar\/?p=2131"]}]},{"@type":"ImageObject","inLanguage":"es","@id":"https:\/\/diariodelsurdigital.com.ar\/?p=2131#primaryimage","url":"https:\/\/diariodelsurdigital.com.ar\/wp-content\/uploads\/2025\/04\/6Y5VVKMA6VFCPDWTI7XZK2MW7M.png","contentUrl":"https:\/\/diariodelsurdigital.com.ar\/wp-content\/uploads\/2025\/04\/6Y5VVKMA6VFCPDWTI7XZK2MW7M.png","width":442,"height":279},{"@type":"BreadcrumbList","@id":"https:\/\/diariodelsurdigital.com.ar\/?p=2131#breadcrumb","itemListElement":[{"@type":"ListItem","position":1,"name":"Portada","item":"https:\/\/diariodelsurdigital.com.ar\/"},{"@type":"ListItem","position":2,"name":"H\u00c9ROE DE LA DEMOCRACIA: Kueider vot\u00f3 la Ley Bases para impedir \u00abla ca\u00edda\u00bb de Milei"}]},{"@type":"WebSite","@id":"https:\/\/diariodelsurdigital.com.ar\/#website","url":"https:\/\/diariodelsurdigital.com.ar\/","name":"Diario del Sur","description":"Digital","potentialAction":[{"@type":"SearchAction","target":{"@type":"EntryPoint","urlTemplate":"https:\/\/diariodelsurdigital.com.ar\/?s={search_term_string}"},"query-input":{"@type":"PropertyValueSpecification","valueRequired":true,"valueName":"search_term_string"}}],"inLanguage":"es"},{"@type":"Person","@id":"https:\/\/diariodelsurdigital.com.ar\/#\/schema\/person\/6136a32571657f7dba980b88b04c5465","name":"Diario del Sur Digital","image":{"@type":"ImageObject","inLanguage":"es","@id":"https:\/\/secure.gravatar.com\/avatar\/4c29ceac98541dd42460b2474aaa5dd37594d6ce6cb3cf2c101d09b48ee287ba?s=96&d=mm&r=g","url":"https:\/\/secure.gravatar.com\/avatar\/4c29ceac98541dd42460b2474aaa5dd37594d6ce6cb3cf2c101d09b48ee287ba?s=96&d=mm&r=g","contentUrl":"https:\/\/secure.gravatar.com\/avatar\/4c29ceac98541dd42460b2474aaa5dd37594d6ce6cb3cf2c101d09b48ee287ba?s=96&d=mm&r=g","caption":"Diario del Sur Digital"},"url":"https:\/\/diariodelsurdigital.com.ar\/?author=2"}]}},"_links":{"self":[{"href":"https:\/\/diariodelsurdigital.com.ar\/index.php?rest_route=\/wp\/v2\/posts\/2131","targetHints":{"allow":["GET"]}}],"collection":[{"href":"https:\/\/diariodelsurdigital.com.ar\/index.php?rest_route=\/wp\/v2\/posts"}],"about":[{"href":"https:\/\/diariodelsurdigital.com.ar\/index.php?rest_route=\/wp\/v2\/types\/post"}],"author":[{"embeddable":true,"href":"https:\/\/diariodelsurdigital.com.ar\/index.php?rest_route=\/wp\/v2\/users\/2"}],"replies":[{"embeddable":true,"href":"https:\/\/diariodelsurdigital.com.ar\/index.php?rest_route=%2Fwp%2Fv2%2Fcomments&post=2131"}],"version-history":[{"count":1,"href":"https:\/\/diariodelsurdigital.com.ar\/index.php?rest_route=\/wp\/v2\/posts\/2131\/revisions"}],"predecessor-version":[{"id":2138,"href":"https:\/\/diariodelsurdigital.com.ar\/index.php?rest_route=\/wp\/v2\/posts\/2131\/revisions\/2138"}],"wp:featuredmedia":[{"embeddable":true,"href":"https:\/\/diariodelsurdigital.com.ar\/index.php?rest_route=\/wp\/v2\/media\/2137"}],"wp:attachment":[{"href":"https:\/\/diariodelsurdigital.com.ar\/index.php?rest_route=%2Fwp%2Fv2%2Fmedia&parent=2131"}],"wp:term":[{"taxonomy":"category","embeddable":true,"href":"https:\/\/diariodelsurdigital.com.ar\/index.php?rest_route=%2Fwp%2Fv2%2Fcategories&post=2131"},{"taxonomy":"post_tag","embeddable":true,"href":"https:\/\/diariodelsurdigital.com.ar\/index.php?rest_route=%2Fwp%2Fv2%2Ftags&post=2131"}],"curies":[{"name":"wp","href":"https:\/\/api.w.org\/{rel}","templated":true}]}}