{"id":2154,"date":"2025-04-17T22:29:42","date_gmt":"2025-04-18T01:29:42","guid":{"rendered":"https:\/\/diariodelsurdigital.com.ar\/?p=2154"},"modified":"2025-04-17T22:29:43","modified_gmt":"2025-04-18T01:29:43","slug":"viceintendente-en-aparente-estado-de-ebriedad-evadio-un-control-de-transito-y-se-fugo","status":"publish","type":"post","link":"https:\/\/diariodelsurdigital.com.ar\/?p=2154","title":{"rendered":"Viceintendente, en aparente estado de ebriedad, evadi\u00f3 un control de tr\u00e1nsito y se fug\u00f3"},"content":{"rendered":"\n<figure class=\"wp-block-image\"><img decoding=\"async\" src=\"https:\/\/media.elentrerios.com\/fotos-v2\/2024\/11\/14\/l_1731611628.jpg\" alt=\"\" title=\"\"\/><\/figure>\n\n\n\n<p>El viceintendente de una localidad del interior de Entre R\u00edos, protagoniz\u00f3 un ins\u00f3lito episodio en Paran\u00e1.<\/p>\n\n\n\n<h3 class=\"wp-block-heading\">Detalles del hecho<\/h3>\n\n\n\n<p>Una ins\u00f3lita situaci\u00f3n ocurri\u00f3 esta tarde en la capital entrerriana, cuando un conductor que manejaba en aparente estado de ebriedad, decidi\u00f3 escapar de un control de tr\u00e1nsito, dejando atr\u00e1s su carnet habilitante. El hecho sucedi\u00f3 en la rotonda del Pescador, en la zona de Puerto S\u00e1nchez, donde se lleva a cabo la Fiesta de la Empanada de Pescado de R\u00edo, un evento que atrae a cientos de turistas y vecinos.<\/p>\n\n\n\n<figure class=\"wp-block-image\"><img decoding=\"async\" src=\"https:\/\/media.elentrerios.com\/fotos-emb\/2025\/04\/17\/o_1744927022.jpg\" alt=\"\"\/><\/figure>\n\n\n\n<p>El conductor, se encontraba al volante de un Toyota Corolla blanco. Seg\u00fan pudo conocer Elonce, durante el control de tr\u00e1nsito realizado por inspectores de la Municipalidad de Paran\u00e1, el hombre entreg\u00f3 su carnet de conducir. Sin embargo, en ese momento, el inspector not\u00f3 que emanaba un fuerte aliento et\u00edlico, por lo que le solicit\u00f3 que estacionara junto a la vereda para realizar los procedimientos pertinentes.<\/p>\n\n\n\n<p>Lo inesperado ocurri\u00f3 cuando el hombre, en aparente estado de ebriedad, decidi\u00f3 escapar de la situaci\u00f3n. Dej\u00f3 su carnet habilitante en manos de los inspectores y r\u00e1pidamente huy\u00f3 del lugar, acompa\u00f1ado por una mujer y un ni\u00f1o que se encontraban en el autom\u00f3vil. La fuga dej\u00f3 perplejos a los testigos y a los propios inspectores, quienes no solo ten\u00edan la informaci\u00f3n de su identidad, gracias al carnet abandonado, sino que tambi\u00e9n actuaron r\u00e1pidamente para localizarlo.<\/p>\n\n\n\n<p>Los inspectores habr\u00edan identificado al conductor como Miguel \u00c1ngel Ram\u00f3n Cena, quien ocupa el cargo de Viceintendente de la localidad de Conscripto Bernardi, situada en el departamento Federal, en el interior de la provincia.<\/p>\n\n\n\n<p>El hecho gener\u00f3 gran repercusi\u00f3n en la capital entrerriana, ya que se trat\u00f3 de una ins\u00f3lita evasi\u00f3n de un funcionario p\u00fablico y en su fuga, estuvo a punto de atropellar a los inspectores de tr\u00e1nsito, se indic\u00f3.<\/p>\n\n\n\n<p>Fuente: El Entre Rios<\/p>\n","protected":false},"excerpt":{"rendered":"<p>El viceintendente de una localidad del interior de Entre R\u00edos, protagoniz\u00f3 un ins\u00f3lito episodio en Paran\u00e1. Detalles del hecho Una ins\u00f3lita situaci\u00f3n ocurri\u00f3 esta tarde en la capital entrerriana, cuando un conductor que manejaba en aparente estado de ebriedad, decidi\u00f3 escapar de un control de tr\u00e1nsito, dejando atr\u00e1s su carnet habilitante. El hecho sucedi\u00f3 en [&hellip;]<\/p>\n","protected":false},"author":3,"featured_media":2155,"comment_status":"open","ping_status":"open","sticky":false,"template":"","format":"standard","meta":{"footnotes":""},"categories":[21],"tags":[],"class_list":{"0":"post-2154","1":"post","2":"type-post","3":"status-publish","4":"format-standard","5":"has-post-thumbnail","7":"category-policiales"},"yoast_head":"<!-- This site is optimized with the Yoast SEO plugin v27.4 - https:\/\/yoast.com\/product\/yoast-seo-wordpress\/ -->\n<title>Viceintendente, en aparente estado de ebriedad, evadi\u00f3 un control de tr\u00e1nsito y se fug\u00f3 - Diario del Sur<\/title>\n<meta name=\"robots\" content=\"index, follow, max-snippet:-1, max-image-preview:large, max-video-preview:-1\" \/>\n<link rel=\"canonical\" href=\"https:\/\/diariodelsurdigital.com.ar\/?p=2154\" \/>\n<meta property=\"og:locale\" content=\"es_ES\" \/>\n<meta property=\"og:type\" content=\"article\" \/>\n<meta property=\"og:title\" content=\"Viceintendente, en aparente estado de ebriedad, evadi\u00f3 un control de tr\u00e1nsito y se fug\u00f3 - Diario del Sur\" \/>\n<meta property=\"og:description\" content=\"El viceintendente de una localidad del interior de Entre R\u00edos, protagoniz\u00f3 un ins\u00f3lito episodio en Paran\u00e1. Detalles del hecho Una ins\u00f3lita situaci\u00f3n ocurri\u00f3 esta tarde en la capital entrerriana, cuando un conductor que manejaba en aparente estado de ebriedad, decidi\u00f3 escapar de un control de tr\u00e1nsito, dejando atr\u00e1s su carnet habilitante. El hecho sucedi\u00f3 en [&hellip;]\" \/>\n<meta property=\"og:url\" content=\"https:\/\/diariodelsurdigital.com.ar\/?p=2154\" \/>\n<meta property=\"og:site_name\" content=\"Diario del Sur\" \/>\n<meta property=\"article:published_time\" content=\"2025-04-18T01:29:42+00:00\" \/>\n<meta property=\"article:modified_time\" content=\"2025-04-18T01:29:43+00:00\" \/>\n<meta property=\"og:image\" content=\"https:\/\/diariodelsurdigital.com.ar\/wp-content\/uploads\/2025\/04\/l_1731611628.jpg\" \/>\n\t<meta property=\"og:image:width\" content=\"870\" \/>\n\t<meta property=\"og:image:height\" content=\"580\" \/>\n\t<meta property=\"og:image:type\" content=\"image\/jpeg\" \/>\n<meta name=\"author\" content=\"Diario del Sur Digital\" \/>\n<meta name=\"twitter:card\" content=\"summary_large_image\" \/>\n<meta name=\"twitter:label1\" content=\"Escrito por\" \/>\n\t<meta name=\"twitter:data1\" content=\"Diario del Sur Digital\" \/>\n\t<meta name=\"twitter:label2\" content=\"Tiempo de lectura\" \/>\n\t<meta name=\"twitter:data2\" content=\"2 minutos\" \/>\n<script type=\"application\/ld+json\" class=\"yoast-schema-graph\">{\"@context\":\"https:\\\/\\\/schema.org\",\"@graph\":[{\"@type\":\"Article\",\"@id\":\"https:\\\/\\\/diariodelsurdigital.com.ar\\\/?p=2154#article\",\"isPartOf\":{\"@id\":\"https:\\\/\\\/diariodelsurdigital.com.ar\\\/?p=2154\"},\"author\":{\"name\":\"Diario del Sur Digital\",\"@id\":\"https:\\\/\\\/diariodelsurdigital.com.ar\\\/#\\\/schema\\\/person\\\/d794acb23337e88c6e4004a39c32be62\"},\"headline\":\"Viceintendente, en aparente estado de ebriedad, evadi\u00f3 un control de tr\u00e1nsito y se fug\u00f3\",\"datePublished\":\"2025-04-18T01:29:42+00:00\",\"dateModified\":\"2025-04-18T01:29:43+00:00\",\"mainEntityOfPage\":{\"@id\":\"https:\\\/\\\/diariodelsurdigital.com.ar\\\/?p=2154\"},\"wordCount\":346,\"commentCount\":0,\"image\":{\"@id\":\"https:\\\/\\\/diariodelsurdigital.com.ar\\\/?p=2154#primaryimage\"},\"thumbnailUrl\":\"https:\\\/\\\/diariodelsurdigital.com.ar\\\/wp-content\\\/uploads\\\/2025\\\/04\\\/l_1731611628.jpg\",\"articleSection\":[\"Policiales\"],\"inLanguage\":\"es\",\"potentialAction\":[{\"@type\":\"CommentAction\",\"name\":\"Comment\",\"target\":[\"https:\\\/\\\/diariodelsurdigital.com.ar\\\/?p=2154#respond\"]}]},{\"@type\":\"WebPage\",\"@id\":\"https:\\\/\\\/diariodelsurdigital.com.ar\\\/?p=2154\",\"url\":\"https:\\\/\\\/diariodelsurdigital.com.ar\\\/?p=2154\",\"name\":\"Viceintendente, en aparente estado de ebriedad, evadi\u00f3 un control de tr\u00e1nsito y se fug\u00f3 - Diario del Sur\",\"isPartOf\":{\"@id\":\"https:\\\/\\\/diariodelsurdigital.com.ar\\\/#website\"},\"primaryImageOfPage\":{\"@id\":\"https:\\\/\\\/diariodelsurdigital.com.ar\\\/?p=2154#primaryimage\"},\"image\":{\"@id\":\"https:\\\/\\\/diariodelsurdigital.com.ar\\\/?p=2154#primaryimage\"},\"thumbnailUrl\":\"https:\\\/\\\/diariodelsurdigital.com.ar\\\/wp-content\\\/uploads\\\/2025\\\/04\\\/l_1731611628.jpg\",\"datePublished\":\"2025-04-18T01:29:42+00:00\",\"dateModified\":\"2025-04-18T01:29:43+00:00\",\"author\":{\"@id\":\"https:\\\/\\\/diariodelsurdigital.com.ar\\\/#\\\/schema\\\/person\\\/d794acb23337e88c6e4004a39c32be62\"},\"breadcrumb\":{\"@id\":\"https:\\\/\\\/diariodelsurdigital.com.ar\\\/?p=2154#breadcrumb\"},\"inLanguage\":\"es\",\"potentialAction\":[{\"@type\":\"ReadAction\",\"target\":[\"https:\\\/\\\/diariodelsurdigital.com.ar\\\/?p=2154\"]}]},{\"@type\":\"ImageObject\",\"inLanguage\":\"es\",\"@id\":\"https:\\\/\\\/diariodelsurdigital.com.ar\\\/?p=2154#primaryimage\",\"url\":\"https:\\\/\\\/diariodelsurdigital.com.ar\\\/wp-content\\\/uploads\\\/2025\\\/04\\\/l_1731611628.jpg\",\"contentUrl\":\"https:\\\/\\\/diariodelsurdigital.com.ar\\\/wp-content\\\/uploads\\\/2025\\\/04\\\/l_1731611628.jpg\",\"width\":870,\"height\":580},{\"@type\":\"BreadcrumbList\",\"@id\":\"https:\\\/\\\/diariodelsurdigital.com.ar\\\/?p=2154#breadcrumb\",\"itemListElement\":[{\"@type\":\"ListItem\",\"position\":1,\"name\":\"Portada\",\"item\":\"https:\\\/\\\/diariodelsurdigital.com.ar\\\/\"},{\"@type\":\"ListItem\",\"position\":2,\"name\":\"Viceintendente, en aparente estado de ebriedad, evadi\u00f3 un control de tr\u00e1nsito y se fug\u00f3\"}]},{\"@type\":\"WebSite\",\"@id\":\"https:\\\/\\\/diariodelsurdigital.com.ar\\\/#website\",\"url\":\"https:\\\/\\\/diariodelsurdigital.com.ar\\\/\",\"name\":\"Diario del Sur\",\"description\":\"Digital\",\"potentialAction\":[{\"@type\":\"SearchAction\",\"target\":{\"@type\":\"EntryPoint\",\"urlTemplate\":\"https:\\\/\\\/diariodelsurdigital.com.ar\\\/?s={search_term_string}\"},\"query-input\":{\"@type\":\"PropertyValueSpecification\",\"valueRequired\":true,\"valueName\":\"search_term_string\"}}],\"inLanguage\":\"es\"},{\"@type\":\"Person\",\"@id\":\"https:\\\/\\\/diariodelsurdigital.com.ar\\\/#\\\/schema\\\/person\\\/d794acb23337e88c6e4004a39c32be62\",\"name\":\"Diario del Sur Digital\",\"image\":{\"@type\":\"ImageObject\",\"inLanguage\":\"es\",\"@id\":\"https:\\\/\\\/secure.gravatar.com\\\/avatar\\\/47679bcfa15734cfdefc176b6ad58adeeccac22b2e03e095ada6c622af2b463a?s=96&d=mm&r=g\",\"url\":\"https:\\\/\\\/secure.gravatar.com\\\/avatar\\\/47679bcfa15734cfdefc176b6ad58adeeccac22b2e03e095ada6c622af2b463a?s=96&d=mm&r=g\",\"contentUrl\":\"https:\\\/\\\/secure.gravatar.com\\\/avatar\\\/47679bcfa15734cfdefc176b6ad58adeeccac22b2e03e095ada6c622af2b463a?s=96&d=mm&r=g\",\"caption\":\"Diario del Sur Digital\"},\"url\":\"https:\\\/\\\/diariodelsurdigital.com.ar\\\/?author=3\"}]}<\/script>\n<!-- \/ Yoast SEO plugin. -->","yoast_head_json":{"title":"Viceintendente, en aparente estado de ebriedad, evadi\u00f3 un control de tr\u00e1nsito y se fug\u00f3 - Diario del Sur","robots":{"index":"index","follow":"follow","max-snippet":"max-snippet:-1","max-image-preview":"max-image-preview:large","max-video-preview":"max-video-preview:-1"},"canonical":"https:\/\/diariodelsurdigital.com.ar\/?p=2154","og_locale":"es_ES","og_type":"article","og_title":"Viceintendente, en aparente estado de ebriedad, evadi\u00f3 un control de tr\u00e1nsito y se fug\u00f3 - Diario del Sur","og_description":"El viceintendente de una localidad del interior de Entre R\u00edos, protagoniz\u00f3 un ins\u00f3lito episodio en Paran\u00e1. Detalles del hecho Una ins\u00f3lita situaci\u00f3n ocurri\u00f3 esta tarde en la capital entrerriana, cuando un conductor que manejaba en aparente estado de ebriedad, decidi\u00f3 escapar de un control de tr\u00e1nsito, dejando atr\u00e1s su carnet habilitante. El hecho sucedi\u00f3 en [&hellip;]","og_url":"https:\/\/diariodelsurdigital.com.ar\/?p=2154","og_site_name":"Diario del Sur","article_published_time":"2025-04-18T01:29:42+00:00","article_modified_time":"2025-04-18T01:29:43+00:00","og_image":[{"width":870,"height":580,"url":"https:\/\/diariodelsurdigital.com.ar\/wp-content\/uploads\/2025\/04\/l_1731611628.jpg","type":"image\/jpeg"}],"author":"Diario del Sur Digital","twitter_card":"summary_large_image","twitter_misc":{"Escrito por":"Diario del Sur Digital","Tiempo de lectura":"2 minutos"},"schema":{"@context":"https:\/\/schema.org","@graph":[{"@type":"Article","@id":"https:\/\/diariodelsurdigital.com.ar\/?p=2154#article","isPartOf":{"@id":"https:\/\/diariodelsurdigital.com.ar\/?p=2154"},"author":{"name":"Diario del Sur Digital","@id":"https:\/\/diariodelsurdigital.com.ar\/#\/schema\/person\/d794acb23337e88c6e4004a39c32be62"},"headline":"Viceintendente, en aparente estado de ebriedad, evadi\u00f3 un control de tr\u00e1nsito y se fug\u00f3","datePublished":"2025-04-18T01:29:42+00:00","dateModified":"2025-04-18T01:29:43+00:00","mainEntityOfPage":{"@id":"https:\/\/diariodelsurdigital.com.ar\/?p=2154"},"wordCount":346,"commentCount":0,"image":{"@id":"https:\/\/diariodelsurdigital.com.ar\/?p=2154#primaryimage"},"thumbnailUrl":"https:\/\/diariodelsurdigital.com.ar\/wp-content\/uploads\/2025\/04\/l_1731611628.jpg","articleSection":["Policiales"],"inLanguage":"es","potentialAction":[{"@type":"CommentAction","name":"Comment","target":["https:\/\/diariodelsurdigital.com.ar\/?p=2154#respond"]}]},{"@type":"WebPage","@id":"https:\/\/diariodelsurdigital.com.ar\/?p=2154","url":"https:\/\/diariodelsurdigital.com.ar\/?p=2154","name":"Viceintendente, en aparente estado de ebriedad, evadi\u00f3 un control de tr\u00e1nsito y se fug\u00f3 - Diario del Sur","isPartOf":{"@id":"https:\/\/diariodelsurdigital.com.ar\/#website"},"primaryImageOfPage":{"@id":"https:\/\/diariodelsurdigital.com.ar\/?p=2154#primaryimage"},"image":{"@id":"https:\/\/diariodelsurdigital.com.ar\/?p=2154#primaryimage"},"thumbnailUrl":"https:\/\/diariodelsurdigital.com.ar\/wp-content\/uploads\/2025\/04\/l_1731611628.jpg","datePublished":"2025-04-18T01:29:42+00:00","dateModified":"2025-04-18T01:29:43+00:00","author":{"@id":"https:\/\/diariodelsurdigital.com.ar\/#\/schema\/person\/d794acb23337e88c6e4004a39c32be62"},"breadcrumb":{"@id":"https:\/\/diariodelsurdigital.com.ar\/?p=2154#breadcrumb"},"inLanguage":"es","potentialAction":[{"@type":"ReadAction","target":["https:\/\/diariodelsurdigital.com.ar\/?p=2154"]}]},{"@type":"ImageObject","inLanguage":"es","@id":"https:\/\/diariodelsurdigital.com.ar\/?p=2154#primaryimage","url":"https:\/\/diariodelsurdigital.com.ar\/wp-content\/uploads\/2025\/04\/l_1731611628.jpg","contentUrl":"https:\/\/diariodelsurdigital.com.ar\/wp-content\/uploads\/2025\/04\/l_1731611628.jpg","width":870,"height":580},{"@type":"BreadcrumbList","@id":"https:\/\/diariodelsurdigital.com.ar\/?p=2154#breadcrumb","itemListElement":[{"@type":"ListItem","position":1,"name":"Portada","item":"https:\/\/diariodelsurdigital.com.ar\/"},{"@type":"ListItem","position":2,"name":"Viceintendente, en aparente estado de ebriedad, evadi\u00f3 un control de tr\u00e1nsito y se fug\u00f3"}]},{"@type":"WebSite","@id":"https:\/\/diariodelsurdigital.com.ar\/#website","url":"https:\/\/diariodelsurdigital.com.ar\/","name":"Diario del Sur","description":"Digital","potentialAction":[{"@type":"SearchAction","target":{"@type":"EntryPoint","urlTemplate":"https:\/\/diariodelsurdigital.com.ar\/?s={search_term_string}"},"query-input":{"@type":"PropertyValueSpecification","valueRequired":true,"valueName":"search_term_string"}}],"inLanguage":"es"},{"@type":"Person","@id":"https:\/\/diariodelsurdigital.com.ar\/#\/schema\/person\/d794acb23337e88c6e4004a39c32be62","name":"Diario del Sur Digital","image":{"@type":"ImageObject","inLanguage":"es","@id":"https:\/\/secure.gravatar.com\/avatar\/47679bcfa15734cfdefc176b6ad58adeeccac22b2e03e095ada6c622af2b463a?s=96&d=mm&r=g","url":"https:\/\/secure.gravatar.com\/avatar\/47679bcfa15734cfdefc176b6ad58adeeccac22b2e03e095ada6c622af2b463a?s=96&d=mm&r=g","contentUrl":"https:\/\/secure.gravatar.com\/avatar\/47679bcfa15734cfdefc176b6ad58adeeccac22b2e03e095ada6c622af2b463a?s=96&d=mm&r=g","caption":"Diario del Sur Digital"},"url":"https:\/\/diariodelsurdigital.com.ar\/?author=3"}]}},"_links":{"self":[{"href":"https:\/\/diariodelsurdigital.com.ar\/index.php?rest_route=\/wp\/v2\/posts\/2154","targetHints":{"allow":["GET"]}}],"collection":[{"href":"https:\/\/diariodelsurdigital.com.ar\/index.php?rest_route=\/wp\/v2\/posts"}],"about":[{"href":"https:\/\/diariodelsurdigital.com.ar\/index.php?rest_route=\/wp\/v2\/types\/post"}],"author":[{"embeddable":true,"href":"https:\/\/diariodelsurdigital.com.ar\/index.php?rest_route=\/wp\/v2\/users\/3"}],"replies":[{"embeddable":true,"href":"https:\/\/diariodelsurdigital.com.ar\/index.php?rest_route=%2Fwp%2Fv2%2Fcomments&post=2154"}],"version-history":[{"count":1,"href":"https:\/\/diariodelsurdigital.com.ar\/index.php?rest_route=\/wp\/v2\/posts\/2154\/revisions"}],"predecessor-version":[{"id":2156,"href":"https:\/\/diariodelsurdigital.com.ar\/index.php?rest_route=\/wp\/v2\/posts\/2154\/revisions\/2156"}],"wp:featuredmedia":[{"embeddable":true,"href":"https:\/\/diariodelsurdigital.com.ar\/index.php?rest_route=\/wp\/v2\/media\/2155"}],"wp:attachment":[{"href":"https:\/\/diariodelsurdigital.com.ar\/index.php?rest_route=%2Fwp%2Fv2%2Fmedia&parent=2154"}],"wp:term":[{"taxonomy":"category","embeddable":true,"href":"https:\/\/diariodelsurdigital.com.ar\/index.php?rest_route=%2Fwp%2Fv2%2Fcategories&post=2154"},{"taxonomy":"post_tag","embeddable":true,"href":"https:\/\/diariodelsurdigital.com.ar\/index.php?rest_route=%2Fwp%2Fv2%2Ftags&post=2154"}],"curies":[{"name":"wp","href":"https:\/\/api.w.org\/{rel}","templated":true}]}}