{"id":2159,"date":"2025-04-18T11:54:29","date_gmt":"2025-04-18T14:54:29","guid":{"rendered":"https:\/\/diariodelsurdigital.com.ar\/?p=2159"},"modified":"2025-04-18T11:54:30","modified_gmt":"2025-04-18T14:54:30","slug":"eduardo-buzzi-ex-presidente-de-federacion-agraria-este-gobierno-es-mentiroso-y-psiquiatrico","status":"publish","type":"post","link":"https:\/\/diariodelsurdigital.com.ar\/?p=2159","title":{"rendered":"Eduardo Buzzi, ex presidente de Federaci\u00f3n Agraria: \u201cEste Gobierno es mentiroso y psiqui\u00e1trico\u201d"},"content":{"rendered":"\n<p>\u201cEs un Gobierno anti productivista, mentiroso y manipulador\u201d, manifest\u00f3 el refrente del campo, a la vez que a\u00f1adi\u00f3: \u201cEl Presidente de la Naci\u00f3n est\u00e1 extorsionando a los productores y fue una mentira que iban a bajar las retenciones\u201d. Y apunt\u00f3 a Nicol\u00e1s Pino, presidente de la Sociedad Rural: \u201cParece m\u00e1s un vocero\u201d de Milei.<\/p>\n\n\n\n<figure class=\"wp-block-image\"><img decoding=\"async\" src=\"https:\/\/apfdigital-s3.cdn.net.ar\/s3i233\/2024\/10\/apfdigital\/files\/88\/8832\/0bf8a98e16d6a6bc92e05f6920e0c74d122c3ea70402aa59bc06aa6d4d8a0974.gif\" alt=\"Publicidad\"\/><\/figure>\n\n\n\n<p><a href=\"https:\/\/www.apfdigital.com.ar\/nacionales\/\">Nacionales<\/a><\/p>\n\n\n\n<h1 class=\"wp-block-heading\">Eduardo Buzzi, ex presidente de Federaci\u00f3n Agraria: \u201cEste Gobierno es mentiroso y psiqui\u00e1trico\u201d<\/h1>\n\n\n\n<p>\u201cEs un Gobierno anti productivista, mentiroso y manipulador\u201d, manifest\u00f3 el refrente del campo, a la vez que a\u00f1adi\u00f3: \u201cEl Presidente de la Naci\u00f3n est\u00e1 extorsionando a los productores y fue una mentira que iban a bajar las retenciones\u201d. Y apunt\u00f3 a Nicol\u00e1s Pino, presidente de la Sociedad Rural: \u201cParece m\u00e1s un vocero\u201d de Milei.<\/p>\n\n\n\n<p>jueves 17 de abril de 2025 | 12:05hs.<\/p>\n\n\n\n<figure class=\"wp-block-image\"><img decoding=\"async\" src=\"https:\/\/apfdigital-s3.cdn.net.ar\/s3i233\/2025\/04\/apfdigital\/images\/01\/84\/47\/1844781_dcd3bd27b3a7d5b49a34fd68bcf21e80077faa4c09f286f867b80008b032db36\/md.webp\" alt=\"\"\/><\/figure>\n\n\n\n<p>El productor agropecuario y ex presidente de la Federaci\u00f3n Agraria Eduardo Buzzi indic\u00f3 que el Gobierno de Javier Milei \u201ces mentiroso y psiqui\u00e1trico\u201d, a la vez que dijo que el mandatario \u201cest\u00e1 extorsionando a los productores\u201d y que \u201cfue una mentira que iban a bajar las retenciones\u201d.<\/p>\n\n\n\n<p>\u201cEste Gobierno es mentiroso y psiqui\u00e1trico. Es un Gobierno anti productivista, mentiroso y manipulador\u201d, manifest\u00f3 el refrente del campo, a la vez que a\u00f1adi\u00f3: \u201cEl Presidente de la Naci\u00f3n est\u00e1 extorsionando a los productores y fue una mentira que iban a bajar las retenciones\u201d.<\/p>\n\n\n\n<p>Para Buzzi, \u201clo que est\u00e1n haciendo ahora es una fantochada, lo hacen para tratar de que no le explote la econom\u00eda antes de las elecciones. No le tengo confianza, ojal\u00e1 me equivoque y av\u00edsenle al campo que tiene que exportar\u201d, asegur\u00f3 en di\u00e1logo con Radio Splendid.<\/p>\n\n\n\n<p>\u201cEste grupo econ\u00f3mico de timberos lo que necesitan es juntar para los primeros d\u00edas de junio 400 millones de d\u00f3lares\u201d, asever\u00f3, tras lo cual dijo: \u201cCedieron de manera vergonzante a todos los condicionamientos del FMI\u201d.<\/p>\n\n\n\n<p>El expresidente de la Federaci\u00f3n Agraria indic\u00f3 luego: \u201cAl Gobierno de Milei le importa un carajo la producci\u00f3n y los productores. Est\u00e1n haciendo desaparecer a los pocos productores que quedan y la mayor\u00eda de los productores est\u00e1n condicionados\u201d. Adem\u00e1s, tild\u00f3 de \u201cfantochada\u201d la salida del cepo y asegur\u00f3 que \u201clo hacen para tratar de que no les explote la econom\u00eda antes de las elecciones\u201d.<\/p>\n\n\n\n<p>Asimismo, apunt\u00f3 contra Nicol\u00e1s Pino, presidente de la Sociedad Rural: \u201cLo veo m\u00e1s como vocero del Presiente que como representante de los productores\u201d, se\u00f1al\u00f3 Buzzi.<\/p>\n\n\n\n<p>\u201cEn enero, Milei dijo que la medida de las retenciones terminaba el 30 de junio, as\u00ed que lo que hizo fue describir lo que dispuso\u201d, hab\u00eda dicho horas antes Pino, tras los dichos de Milei, quien dijo que la reducci\u00f3n de impuestos al campo \u201cera transitorio, lo dijimos. Av\u00edsenle al campo que si tiene que liquidar lo haga ahora porque en junio vuelven las retenciones\u201d, advirti\u00f3 el mandatario.<\/p>\n\n\n\n<p><strong>\u201cSon un robo las retenciones al campo\u201d<\/strong><\/p>\n\n\n\n<p>Por su parte, Ignacio Kovarsky, veterinario de 40 a\u00f1os y originario de la Sociedad Rural de Trenque Lauquen, presidente de la Confederaci\u00f3n de Asociaciones Rurales de Buenos Aires y La Pampa (CARBAP) consider\u00f3 \u201cdesafortunada la manera en que Milei dice lo de las retenciones. Es cierto que era una medida temporal y que sab\u00edamos todos que terminaba el 30 de junio, pero todos sabemos tambi\u00e9n la necesidad del campo de que eso no sea as\u00ed\u201d, remarc\u00f3 en declaraciones a El Destape.<\/p>\n\n\n\n<p>Kovarsky se quej\u00f3 por la reaparici\u00f3n de las retenciones \u201cy que incluso se profundice\u201d, al tiempo que insisti\u00f3 en que el deseo del campo es ir hacia \u201cuna desaparici\u00f3n, una eliminaci\u00f3n de las retenciones de la manera en que se pueda. Ser\u00e1 con un cronograma, ser\u00e1 como se pueda negociar. Pero bueno, la verdad que es medio desafortunado. Es un gobierno que viene a bajar impuestos y no hay peor impuesto, o ni siquiera es un impuesto, son un robo las retenciones al campo\u201d, concluy\u00f3.&nbsp;<\/p>\n","protected":false},"excerpt":{"rendered":"<p>\u201cEs un Gobierno anti productivista, mentiroso y manipulador\u201d, manifest\u00f3 el refrente del campo, a la vez que a\u00f1adi\u00f3: \u201cEl Presidente de la Naci\u00f3n est\u00e1 extorsionando a los productores y fue una mentira que iban a bajar las retenciones\u201d. Y apunt\u00f3 a Nicol\u00e1s Pino, presidente de la Sociedad Rural: \u201cParece m\u00e1s un vocero\u201d de Milei. Nacionales [&hellip;]<\/p>\n","protected":false},"author":4,"featured_media":2160,"comment_status":"open","ping_status":"open","sticky":false,"template":"","format":"standard","meta":{"footnotes":""},"categories":[19,18],"tags":[],"class_list":{"0":"post-2159","1":"post","2":"type-post","3":"status-publish","4":"format-standard","5":"has-post-thumbnail","7":"category-interes-general","8":"category-nacionales"},"yoast_head":"<!-- This site is optimized with the Yoast SEO plugin v27.4 - https:\/\/yoast.com\/product\/yoast-seo-wordpress\/ -->\n<title>Eduardo Buzzi, ex presidente de Federaci\u00f3n Agraria: \u201cEste Gobierno es mentiroso y psiqui\u00e1trico\u201d - Diario del Sur<\/title>\n<meta name=\"robots\" content=\"index, follow, max-snippet:-1, max-image-preview:large, max-video-preview:-1\" \/>\n<link rel=\"canonical\" href=\"https:\/\/diariodelsurdigital.com.ar\/?p=2159\" \/>\n<meta property=\"og:locale\" content=\"es_ES\" \/>\n<meta property=\"og:type\" content=\"article\" \/>\n<meta property=\"og:title\" content=\"Eduardo Buzzi, ex presidente de Federaci\u00f3n Agraria: \u201cEste Gobierno es mentiroso y psiqui\u00e1trico\u201d - Diario del Sur\" \/>\n<meta property=\"og:description\" content=\"\u201cEs un Gobierno anti productivista, mentiroso y manipulador\u201d, manifest\u00f3 el refrente del campo, a la vez que a\u00f1adi\u00f3: \u201cEl Presidente de la Naci\u00f3n est\u00e1 extorsionando a los productores y fue una mentira que iban a bajar las retenciones\u201d. Y apunt\u00f3 a Nicol\u00e1s Pino, presidente de la Sociedad Rural: \u201cParece m\u00e1s un vocero\u201d de Milei. Nacionales [&hellip;]\" \/>\n<meta property=\"og:url\" content=\"https:\/\/diariodelsurdigital.com.ar\/?p=2159\" \/>\n<meta property=\"og:site_name\" content=\"Diario del Sur\" \/>\n<meta property=\"article:published_time\" content=\"2025-04-18T14:54:29+00:00\" \/>\n<meta property=\"article:modified_time\" content=\"2025-04-18T14:54:30+00:00\" \/>\n<meta property=\"og:image\" content=\"https:\/\/diariodelsurdigital.com.ar\/wp-content\/uploads\/2025\/04\/md-4.webp\" \/>\n\t<meta property=\"og:image:width\" content=\"992\" \/>\n\t<meta property=\"og:image:height\" content=\"555\" \/>\n\t<meta property=\"og:image:type\" content=\"image\/webp\" \/>\n<meta name=\"author\" content=\"Diario del Sur Digital\" \/>\n<meta name=\"twitter:card\" content=\"summary_large_image\" \/>\n<meta name=\"twitter:label1\" content=\"Escrito por\" \/>\n\t<meta name=\"twitter:data1\" content=\"Diario del Sur Digital\" \/>\n\t<meta name=\"twitter:label2\" content=\"Tiempo de lectura\" \/>\n\t<meta name=\"twitter:data2\" content=\"4 minutos\" \/>\n<script type=\"application\/ld+json\" class=\"yoast-schema-graph\">{\"@context\":\"https:\\\/\\\/schema.org\",\"@graph\":[{\"@type\":\"Article\",\"@id\":\"https:\\\/\\\/diariodelsurdigital.com.ar\\\/?p=2159#article\",\"isPartOf\":{\"@id\":\"https:\\\/\\\/diariodelsurdigital.com.ar\\\/?p=2159\"},\"author\":{\"name\":\"Diario del Sur Digital\",\"@id\":\"https:\\\/\\\/diariodelsurdigital.com.ar\\\/#\\\/schema\\\/person\\\/1a4992532ed62965c968031b49195c81\"},\"headline\":\"Eduardo Buzzi, ex presidente de Federaci\u00f3n Agraria: \u201cEste Gobierno es mentiroso y psiqui\u00e1trico\u201d\",\"datePublished\":\"2025-04-18T14:54:29+00:00\",\"dateModified\":\"2025-04-18T14:54:30+00:00\",\"mainEntityOfPage\":{\"@id\":\"https:\\\/\\\/diariodelsurdigital.com.ar\\\/?p=2159\"},\"wordCount\":683,\"commentCount\":0,\"image\":{\"@id\":\"https:\\\/\\\/diariodelsurdigital.com.ar\\\/?p=2159#primaryimage\"},\"thumbnailUrl\":\"https:\\\/\\\/diariodelsurdigital.com.ar\\\/wp-content\\\/uploads\\\/2025\\\/04\\\/md-4.webp\",\"articleSection\":[\"Inter\u00e9s General\",\"Nacionales\"],\"inLanguage\":\"es\",\"potentialAction\":[{\"@type\":\"CommentAction\",\"name\":\"Comment\",\"target\":[\"https:\\\/\\\/diariodelsurdigital.com.ar\\\/?p=2159#respond\"]}]},{\"@type\":\"WebPage\",\"@id\":\"https:\\\/\\\/diariodelsurdigital.com.ar\\\/?p=2159\",\"url\":\"https:\\\/\\\/diariodelsurdigital.com.ar\\\/?p=2159\",\"name\":\"Eduardo Buzzi, ex presidente de Federaci\u00f3n Agraria: \u201cEste Gobierno es mentiroso y psiqui\u00e1trico\u201d - Diario del Sur\",\"isPartOf\":{\"@id\":\"https:\\\/\\\/diariodelsurdigital.com.ar\\\/#website\"},\"primaryImageOfPage\":{\"@id\":\"https:\\\/\\\/diariodelsurdigital.com.ar\\\/?p=2159#primaryimage\"},\"image\":{\"@id\":\"https:\\\/\\\/diariodelsurdigital.com.ar\\\/?p=2159#primaryimage\"},\"thumbnailUrl\":\"https:\\\/\\\/diariodelsurdigital.com.ar\\\/wp-content\\\/uploads\\\/2025\\\/04\\\/md-4.webp\",\"datePublished\":\"2025-04-18T14:54:29+00:00\",\"dateModified\":\"2025-04-18T14:54:30+00:00\",\"author\":{\"@id\":\"https:\\\/\\\/diariodelsurdigital.com.ar\\\/#\\\/schema\\\/person\\\/1a4992532ed62965c968031b49195c81\"},\"breadcrumb\":{\"@id\":\"https:\\\/\\\/diariodelsurdigital.com.ar\\\/?p=2159#breadcrumb\"},\"inLanguage\":\"es\",\"potentialAction\":[{\"@type\":\"ReadAction\",\"target\":[\"https:\\\/\\\/diariodelsurdigital.com.ar\\\/?p=2159\"]}]},{\"@type\":\"ImageObject\",\"inLanguage\":\"es\",\"@id\":\"https:\\\/\\\/diariodelsurdigital.com.ar\\\/?p=2159#primaryimage\",\"url\":\"https:\\\/\\\/diariodelsurdigital.com.ar\\\/wp-content\\\/uploads\\\/2025\\\/04\\\/md-4.webp\",\"contentUrl\":\"https:\\\/\\\/diariodelsurdigital.com.ar\\\/wp-content\\\/uploads\\\/2025\\\/04\\\/md-4.webp\",\"width\":992,\"height\":555},{\"@type\":\"BreadcrumbList\",\"@id\":\"https:\\\/\\\/diariodelsurdigital.com.ar\\\/?p=2159#breadcrumb\",\"itemListElement\":[{\"@type\":\"ListItem\",\"position\":1,\"name\":\"Portada\",\"item\":\"https:\\\/\\\/diariodelsurdigital.com.ar\\\/\"},{\"@type\":\"ListItem\",\"position\":2,\"name\":\"Eduardo Buzzi, ex presidente de Federaci\u00f3n Agraria: \u201cEste Gobierno es mentiroso y psiqui\u00e1trico\u201d\"}]},{\"@type\":\"WebSite\",\"@id\":\"https:\\\/\\\/diariodelsurdigital.com.ar\\\/#website\",\"url\":\"https:\\\/\\\/diariodelsurdigital.com.ar\\\/\",\"name\":\"Diario del Sur\",\"description\":\"Digital\",\"potentialAction\":[{\"@type\":\"SearchAction\",\"target\":{\"@type\":\"EntryPoint\",\"urlTemplate\":\"https:\\\/\\\/diariodelsurdigital.com.ar\\\/?s={search_term_string}\"},\"query-input\":{\"@type\":\"PropertyValueSpecification\",\"valueRequired\":true,\"valueName\":\"search_term_string\"}}],\"inLanguage\":\"es\"},{\"@type\":\"Person\",\"@id\":\"https:\\\/\\\/diariodelsurdigital.com.ar\\\/#\\\/schema\\\/person\\\/1a4992532ed62965c968031b49195c81\",\"name\":\"Diario del Sur Digital\",\"image\":{\"@type\":\"ImageObject\",\"inLanguage\":\"es\",\"@id\":\"https:\\\/\\\/secure.gravatar.com\\\/avatar\\\/f0c7c47fc7146d19828273b9b8eda651c9c7ab583767e6338d3d3bee825adf76?s=96&d=mm&r=g\",\"url\":\"https:\\\/\\\/secure.gravatar.com\\\/avatar\\\/f0c7c47fc7146d19828273b9b8eda651c9c7ab583767e6338d3d3bee825adf76?s=96&d=mm&r=g\",\"contentUrl\":\"https:\\\/\\\/secure.gravatar.com\\\/avatar\\\/f0c7c47fc7146d19828273b9b8eda651c9c7ab583767e6338d3d3bee825adf76?s=96&d=mm&r=g\",\"caption\":\"Diario del Sur Digital\"},\"url\":\"https:\\\/\\\/diariodelsurdigital.com.ar\\\/?author=4\"}]}<\/script>\n<!-- \/ Yoast SEO plugin. -->","yoast_head_json":{"title":"Eduardo Buzzi, ex presidente de Federaci\u00f3n Agraria: \u201cEste Gobierno es mentiroso y psiqui\u00e1trico\u201d - Diario del Sur","robots":{"index":"index","follow":"follow","max-snippet":"max-snippet:-1","max-image-preview":"max-image-preview:large","max-video-preview":"max-video-preview:-1"},"canonical":"https:\/\/diariodelsurdigital.com.ar\/?p=2159","og_locale":"es_ES","og_type":"article","og_title":"Eduardo Buzzi, ex presidente de Federaci\u00f3n Agraria: \u201cEste Gobierno es mentiroso y psiqui\u00e1trico\u201d - Diario del Sur","og_description":"\u201cEs un Gobierno anti productivista, mentiroso y manipulador\u201d, manifest\u00f3 el refrente del campo, a la vez que a\u00f1adi\u00f3: \u201cEl Presidente de la Naci\u00f3n est\u00e1 extorsionando a los productores y fue una mentira que iban a bajar las retenciones\u201d. Y apunt\u00f3 a Nicol\u00e1s Pino, presidente de la Sociedad Rural: \u201cParece m\u00e1s un vocero\u201d de Milei. Nacionales [&hellip;]","og_url":"https:\/\/diariodelsurdigital.com.ar\/?p=2159","og_site_name":"Diario del Sur","article_published_time":"2025-04-18T14:54:29+00:00","article_modified_time":"2025-04-18T14:54:30+00:00","og_image":[{"width":992,"height":555,"url":"https:\/\/diariodelsurdigital.com.ar\/wp-content\/uploads\/2025\/04\/md-4.webp","type":"image\/webp"}],"author":"Diario del Sur Digital","twitter_card":"summary_large_image","twitter_misc":{"Escrito por":"Diario del Sur Digital","Tiempo de lectura":"4 minutos"},"schema":{"@context":"https:\/\/schema.org","@graph":[{"@type":"Article","@id":"https:\/\/diariodelsurdigital.com.ar\/?p=2159#article","isPartOf":{"@id":"https:\/\/diariodelsurdigital.com.ar\/?p=2159"},"author":{"name":"Diario del Sur Digital","@id":"https:\/\/diariodelsurdigital.com.ar\/#\/schema\/person\/1a4992532ed62965c968031b49195c81"},"headline":"Eduardo Buzzi, ex presidente de Federaci\u00f3n Agraria: \u201cEste Gobierno es mentiroso y psiqui\u00e1trico\u201d","datePublished":"2025-04-18T14:54:29+00:00","dateModified":"2025-04-18T14:54:30+00:00","mainEntityOfPage":{"@id":"https:\/\/diariodelsurdigital.com.ar\/?p=2159"},"wordCount":683,"commentCount":0,"image":{"@id":"https:\/\/diariodelsurdigital.com.ar\/?p=2159#primaryimage"},"thumbnailUrl":"https:\/\/diariodelsurdigital.com.ar\/wp-content\/uploads\/2025\/04\/md-4.webp","articleSection":["Inter\u00e9s General","Nacionales"],"inLanguage":"es","potentialAction":[{"@type":"CommentAction","name":"Comment","target":["https:\/\/diariodelsurdigital.com.ar\/?p=2159#respond"]}]},{"@type":"WebPage","@id":"https:\/\/diariodelsurdigital.com.ar\/?p=2159","url":"https:\/\/diariodelsurdigital.com.ar\/?p=2159","name":"Eduardo Buzzi, ex presidente de Federaci\u00f3n Agraria: \u201cEste Gobierno es mentiroso y psiqui\u00e1trico\u201d - Diario del Sur","isPartOf":{"@id":"https:\/\/diariodelsurdigital.com.ar\/#website"},"primaryImageOfPage":{"@id":"https:\/\/diariodelsurdigital.com.ar\/?p=2159#primaryimage"},"image":{"@id":"https:\/\/diariodelsurdigital.com.ar\/?p=2159#primaryimage"},"thumbnailUrl":"https:\/\/diariodelsurdigital.com.ar\/wp-content\/uploads\/2025\/04\/md-4.webp","datePublished":"2025-04-18T14:54:29+00:00","dateModified":"2025-04-18T14:54:30+00:00","author":{"@id":"https:\/\/diariodelsurdigital.com.ar\/#\/schema\/person\/1a4992532ed62965c968031b49195c81"},"breadcrumb":{"@id":"https:\/\/diariodelsurdigital.com.ar\/?p=2159#breadcrumb"},"inLanguage":"es","potentialAction":[{"@type":"ReadAction","target":["https:\/\/diariodelsurdigital.com.ar\/?p=2159"]}]},{"@type":"ImageObject","inLanguage":"es","@id":"https:\/\/diariodelsurdigital.com.ar\/?p=2159#primaryimage","url":"https:\/\/diariodelsurdigital.com.ar\/wp-content\/uploads\/2025\/04\/md-4.webp","contentUrl":"https:\/\/diariodelsurdigital.com.ar\/wp-content\/uploads\/2025\/04\/md-4.webp","width":992,"height":555},{"@type":"BreadcrumbList","@id":"https:\/\/diariodelsurdigital.com.ar\/?p=2159#breadcrumb","itemListElement":[{"@type":"ListItem","position":1,"name":"Portada","item":"https:\/\/diariodelsurdigital.com.ar\/"},{"@type":"ListItem","position":2,"name":"Eduardo Buzzi, ex presidente de Federaci\u00f3n Agraria: \u201cEste Gobierno es mentiroso y psiqui\u00e1trico\u201d"}]},{"@type":"WebSite","@id":"https:\/\/diariodelsurdigital.com.ar\/#website","url":"https:\/\/diariodelsurdigital.com.ar\/","name":"Diario del Sur","description":"Digital","potentialAction":[{"@type":"SearchAction","target":{"@type":"EntryPoint","urlTemplate":"https:\/\/diariodelsurdigital.com.ar\/?s={search_term_string}"},"query-input":{"@type":"PropertyValueSpecification","valueRequired":true,"valueName":"search_term_string"}}],"inLanguage":"es"},{"@type":"Person","@id":"https:\/\/diariodelsurdigital.com.ar\/#\/schema\/person\/1a4992532ed62965c968031b49195c81","name":"Diario del Sur Digital","image":{"@type":"ImageObject","inLanguage":"es","@id":"https:\/\/secure.gravatar.com\/avatar\/f0c7c47fc7146d19828273b9b8eda651c9c7ab583767e6338d3d3bee825adf76?s=96&d=mm&r=g","url":"https:\/\/secure.gravatar.com\/avatar\/f0c7c47fc7146d19828273b9b8eda651c9c7ab583767e6338d3d3bee825adf76?s=96&d=mm&r=g","contentUrl":"https:\/\/secure.gravatar.com\/avatar\/f0c7c47fc7146d19828273b9b8eda651c9c7ab583767e6338d3d3bee825adf76?s=96&d=mm&r=g","caption":"Diario del Sur Digital"},"url":"https:\/\/diariodelsurdigital.com.ar\/?author=4"}]}},"_links":{"self":[{"href":"https:\/\/diariodelsurdigital.com.ar\/index.php?rest_route=\/wp\/v2\/posts\/2159","targetHints":{"allow":["GET"]}}],"collection":[{"href":"https:\/\/diariodelsurdigital.com.ar\/index.php?rest_route=\/wp\/v2\/posts"}],"about":[{"href":"https:\/\/diariodelsurdigital.com.ar\/index.php?rest_route=\/wp\/v2\/types\/post"}],"author":[{"embeddable":true,"href":"https:\/\/diariodelsurdigital.com.ar\/index.php?rest_route=\/wp\/v2\/users\/4"}],"replies":[{"embeddable":true,"href":"https:\/\/diariodelsurdigital.com.ar\/index.php?rest_route=%2Fwp%2Fv2%2Fcomments&post=2159"}],"version-history":[{"count":1,"href":"https:\/\/diariodelsurdigital.com.ar\/index.php?rest_route=\/wp\/v2\/posts\/2159\/revisions"}],"predecessor-version":[{"id":2161,"href":"https:\/\/diariodelsurdigital.com.ar\/index.php?rest_route=\/wp\/v2\/posts\/2159\/revisions\/2161"}],"wp:featuredmedia":[{"embeddable":true,"href":"https:\/\/diariodelsurdigital.com.ar\/index.php?rest_route=\/wp\/v2\/media\/2160"}],"wp:attachment":[{"href":"https:\/\/diariodelsurdigital.com.ar\/index.php?rest_route=%2Fwp%2Fv2%2Fmedia&parent=2159"}],"wp:term":[{"taxonomy":"category","embeddable":true,"href":"https:\/\/diariodelsurdigital.com.ar\/index.php?rest_route=%2Fwp%2Fv2%2Fcategories&post=2159"},{"taxonomy":"post_tag","embeddable":true,"href":"https:\/\/diariodelsurdigital.com.ar\/index.php?rest_route=%2Fwp%2Fv2%2Ftags&post=2159"}],"curies":[{"name":"wp","href":"https:\/\/api.w.org\/{rel}","templated":true}]}}