{"id":2162,"date":"2025-04-18T11:56:44","date_gmt":"2025-04-18T14:56:44","guid":{"rendered":"https:\/\/diariodelsurdigital.com.ar\/?p=2162"},"modified":"2025-04-18T11:56:45","modified_gmt":"2025-04-18T14:56:45","slug":"sin-agua-no-hay-vida-la-asamblea-ciudadana-de-gualeguaychu-convoca-a-una-nueva-marcha-al-puente","status":"publish","type":"post","link":"https:\/\/diariodelsurdigital.com.ar\/?p=2162","title":{"rendered":"\u00abSin agua, no hay vida\u00bb: La Asamblea Ciudadana de Gualeguaych\u00fa convoca a una nueva marcha al puente"},"content":{"rendered":"\n<p>El domingo 27 de abril se realizar\u00e1 la 21.\u00aa movilizaci\u00f3n contra la planta de UPM en el hist\u00f3rico paraje Arroyo Verde. La proclama pondr\u00e1 el foco en la protecci\u00f3n del agua y los humedales.<\/p>\n\n\n\n<p>Dentro de diez d\u00edas, la Asamblea Ciudadana Ambiental de Gualeguaych\u00fa (ACAG) llevar\u00e1 adelante la vig\u00e9sima primera marcha al puente internacional General San Mart\u00edn, en rechazo al funcionamiento de la planta de celulosa UPM \u2014ex Botnia\u2014, ubicada en territorio uruguayo frente a la costa argentina.<\/p>\n\n\n\n<p>La movilizaci\u00f3n se realizar\u00e1 el domingo 27 de abril, con concentraci\u00f3n a las 15:00 en Arroyo Verde, sobre la ruta nacional 136. Desde all\u00ed partir\u00e1 una caravana de veh\u00edculos hasta el \u00f3valo de Gendarmer\u00eda Nacional, para luego regresar al punto de partida, donde se dar\u00e1 lectura a la proclama.<\/p>\n\n\n\n<p>Este a\u00f1o, el lema elegido es \u00abSin agua, no hay vida\u00bb, un reflejo del eje central de la protesta: la urgencia de preservar los recursos h\u00eddricos y proteger los humedales frente a las amenazas industriales.<\/p>\n\n\n\n<p>En ese marco, la proclama incluir\u00e1 referencias al derrame de \u00e1cido sulf\u00farico ocurrido en marzo en el puerto de UPM, as\u00ed como un en\u00e9rgico rechazo a la posible instalaci\u00f3n de una planta de procesamiento de combustibles e hidr\u00f3geno verde que el gobierno uruguayo autoriz\u00f3 frente a la ciudad entrerriana de Col\u00f3n, en las afueras de Paysand\u00fa.<\/p>\n\n\n\n<p>Con esta marcha, la ACAG reafirma su hist\u00f3rica lucha por el cuidado del ambiente y la soberan\u00eda sobre los recursos naturales, en una movilizaci\u00f3n que se ha convertido en un s\u00edmbolo de resistencia y conciencia ambiental para toda la regi\u00f3n, public\u00f3 Radio R2820.&nbsp;<\/p>\n","protected":false},"excerpt":{"rendered":"<p>El domingo 27 de abril se realizar\u00e1 la 21.\u00aa movilizaci\u00f3n contra la planta de UPM en el hist\u00f3rico paraje Arroyo Verde. La proclama pondr\u00e1 el foco en la protecci\u00f3n del agua y los humedales. Dentro de diez d\u00edas, la Asamblea Ciudadana Ambiental de Gualeguaych\u00fa (ACAG) llevar\u00e1 adelante la vig\u00e9sima primera marcha al puente internacional General [&hellip;]<\/p>\n","protected":false},"author":4,"featured_media":2163,"comment_status":"open","ping_status":"open","sticky":false,"template":"","format":"standard","meta":{"footnotes":""},"categories":[19,17],"tags":[],"class_list":{"0":"post-2162","1":"post","2":"type-post","3":"status-publish","4":"format-standard","5":"has-post-thumbnail","7":"category-interes-general","8":"category-provinciales"},"yoast_head":"<!-- This site is optimized with the Yoast SEO plugin v27.4 - https:\/\/yoast.com\/product\/yoast-seo-wordpress\/ -->\n<title>&quot;Sin agua, no hay vida&quot;: La Asamblea Ciudadana de Gualeguaych\u00fa convoca a una nueva marcha al puente - Diario del Sur<\/title>\n<meta name=\"robots\" content=\"index, follow, max-snippet:-1, max-image-preview:large, max-video-preview:-1\" \/>\n<link rel=\"canonical\" href=\"https:\/\/diariodelsurdigital.com.ar\/?p=2162\" \/>\n<meta property=\"og:locale\" content=\"es_ES\" \/>\n<meta property=\"og:type\" content=\"article\" \/>\n<meta property=\"og:title\" content=\"&quot;Sin agua, no hay vida&quot;: La Asamblea Ciudadana de Gualeguaych\u00fa convoca a una nueva marcha al puente - Diario del Sur\" \/>\n<meta property=\"og:description\" content=\"El domingo 27 de abril se realizar\u00e1 la 21.\u00aa movilizaci\u00f3n contra la planta de UPM en el hist\u00f3rico paraje Arroyo Verde. La proclama pondr\u00e1 el foco en la protecci\u00f3n del agua y los humedales. Dentro de diez d\u00edas, la Asamblea Ciudadana Ambiental de Gualeguaych\u00fa (ACAG) llevar\u00e1 adelante la vig\u00e9sima primera marcha al puente internacional General [&hellip;]\" \/>\n<meta property=\"og:url\" content=\"https:\/\/diariodelsurdigital.com.ar\/?p=2162\" \/>\n<meta property=\"og:site_name\" content=\"Diario del Sur\" \/>\n<meta property=\"article:published_time\" content=\"2025-04-18T14:56:44+00:00\" \/>\n<meta property=\"article:modified_time\" content=\"2025-04-18T14:56:45+00:00\" \/>\n<meta property=\"og:image\" content=\"https:\/\/diariodelsurdigital.com.ar\/wp-content\/uploads\/2025\/04\/md-1-1.webp\" \/>\n\t<meta property=\"og:image:width\" content=\"992\" \/>\n\t<meta property=\"og:image:height\" content=\"661\" \/>\n\t<meta property=\"og:image:type\" content=\"image\/webp\" \/>\n<meta name=\"author\" content=\"Diario del Sur Digital\" \/>\n<meta name=\"twitter:card\" content=\"summary_large_image\" \/>\n<meta name=\"twitter:label1\" content=\"Escrito por\" \/>\n\t<meta name=\"twitter:data1\" content=\"Diario del Sur Digital\" \/>\n\t<meta name=\"twitter:label2\" content=\"Tiempo de lectura\" \/>\n\t<meta name=\"twitter:data2\" content=\"2 minutos\" \/>\n<script type=\"application\/ld+json\" class=\"yoast-schema-graph\">{\"@context\":\"https:\\\/\\\/schema.org\",\"@graph\":[{\"@type\":\"Article\",\"@id\":\"https:\\\/\\\/diariodelsurdigital.com.ar\\\/?p=2162#article\",\"isPartOf\":{\"@id\":\"https:\\\/\\\/diariodelsurdigital.com.ar\\\/?p=2162\"},\"author\":{\"name\":\"Diario del Sur Digital\",\"@id\":\"https:\\\/\\\/diariodelsurdigital.com.ar\\\/#\\\/schema\\\/person\\\/1a4992532ed62965c968031b49195c81\"},\"headline\":\"\u00abSin agua, no hay vida\u00bb: La Asamblea Ciudadana de Gualeguaych\u00fa convoca a una nueva marcha al puente\",\"datePublished\":\"2025-04-18T14:56:44+00:00\",\"dateModified\":\"2025-04-18T14:56:45+00:00\",\"mainEntityOfPage\":{\"@id\":\"https:\\\/\\\/diariodelsurdigital.com.ar\\\/?p=2162\"},\"wordCount\":296,\"commentCount\":0,\"image\":{\"@id\":\"https:\\\/\\\/diariodelsurdigital.com.ar\\\/?p=2162#primaryimage\"},\"thumbnailUrl\":\"https:\\\/\\\/diariodelsurdigital.com.ar\\\/wp-content\\\/uploads\\\/2025\\\/04\\\/md-1-1.webp\",\"articleSection\":[\"Inter\u00e9s General\",\"Provinciales\"],\"inLanguage\":\"es\",\"potentialAction\":[{\"@type\":\"CommentAction\",\"name\":\"Comment\",\"target\":[\"https:\\\/\\\/diariodelsurdigital.com.ar\\\/?p=2162#respond\"]}]},{\"@type\":\"WebPage\",\"@id\":\"https:\\\/\\\/diariodelsurdigital.com.ar\\\/?p=2162\",\"url\":\"https:\\\/\\\/diariodelsurdigital.com.ar\\\/?p=2162\",\"name\":\"\\\"Sin agua, no hay vida\\\": La Asamblea Ciudadana de Gualeguaych\u00fa convoca a una nueva marcha al puente - Diario del Sur\",\"isPartOf\":{\"@id\":\"https:\\\/\\\/diariodelsurdigital.com.ar\\\/#website\"},\"primaryImageOfPage\":{\"@id\":\"https:\\\/\\\/diariodelsurdigital.com.ar\\\/?p=2162#primaryimage\"},\"image\":{\"@id\":\"https:\\\/\\\/diariodelsurdigital.com.ar\\\/?p=2162#primaryimage\"},\"thumbnailUrl\":\"https:\\\/\\\/diariodelsurdigital.com.ar\\\/wp-content\\\/uploads\\\/2025\\\/04\\\/md-1-1.webp\",\"datePublished\":\"2025-04-18T14:56:44+00:00\",\"dateModified\":\"2025-04-18T14:56:45+00:00\",\"author\":{\"@id\":\"https:\\\/\\\/diariodelsurdigital.com.ar\\\/#\\\/schema\\\/person\\\/1a4992532ed62965c968031b49195c81\"},\"breadcrumb\":{\"@id\":\"https:\\\/\\\/diariodelsurdigital.com.ar\\\/?p=2162#breadcrumb\"},\"inLanguage\":\"es\",\"potentialAction\":[{\"@type\":\"ReadAction\",\"target\":[\"https:\\\/\\\/diariodelsurdigital.com.ar\\\/?p=2162\"]}]},{\"@type\":\"ImageObject\",\"inLanguage\":\"es\",\"@id\":\"https:\\\/\\\/diariodelsurdigital.com.ar\\\/?p=2162#primaryimage\",\"url\":\"https:\\\/\\\/diariodelsurdigital.com.ar\\\/wp-content\\\/uploads\\\/2025\\\/04\\\/md-1-1.webp\",\"contentUrl\":\"https:\\\/\\\/diariodelsurdigital.com.ar\\\/wp-content\\\/uploads\\\/2025\\\/04\\\/md-1-1.webp\",\"width\":992,\"height\":661},{\"@type\":\"BreadcrumbList\",\"@id\":\"https:\\\/\\\/diariodelsurdigital.com.ar\\\/?p=2162#breadcrumb\",\"itemListElement\":[{\"@type\":\"ListItem\",\"position\":1,\"name\":\"Portada\",\"item\":\"https:\\\/\\\/diariodelsurdigital.com.ar\\\/\"},{\"@type\":\"ListItem\",\"position\":2,\"name\":\"\u00abSin agua, no hay vida\u00bb: La Asamblea Ciudadana de Gualeguaych\u00fa convoca a una nueva marcha al puente\"}]},{\"@type\":\"WebSite\",\"@id\":\"https:\\\/\\\/diariodelsurdigital.com.ar\\\/#website\",\"url\":\"https:\\\/\\\/diariodelsurdigital.com.ar\\\/\",\"name\":\"Diario del Sur\",\"description\":\"Digital\",\"potentialAction\":[{\"@type\":\"SearchAction\",\"target\":{\"@type\":\"EntryPoint\",\"urlTemplate\":\"https:\\\/\\\/diariodelsurdigital.com.ar\\\/?s={search_term_string}\"},\"query-input\":{\"@type\":\"PropertyValueSpecification\",\"valueRequired\":true,\"valueName\":\"search_term_string\"}}],\"inLanguage\":\"es\"},{\"@type\":\"Person\",\"@id\":\"https:\\\/\\\/diariodelsurdigital.com.ar\\\/#\\\/schema\\\/person\\\/1a4992532ed62965c968031b49195c81\",\"name\":\"Diario del Sur Digital\",\"image\":{\"@type\":\"ImageObject\",\"inLanguage\":\"es\",\"@id\":\"https:\\\/\\\/secure.gravatar.com\\\/avatar\\\/f0c7c47fc7146d19828273b9b8eda651c9c7ab583767e6338d3d3bee825adf76?s=96&d=mm&r=g\",\"url\":\"https:\\\/\\\/secure.gravatar.com\\\/avatar\\\/f0c7c47fc7146d19828273b9b8eda651c9c7ab583767e6338d3d3bee825adf76?s=96&d=mm&r=g\",\"contentUrl\":\"https:\\\/\\\/secure.gravatar.com\\\/avatar\\\/f0c7c47fc7146d19828273b9b8eda651c9c7ab583767e6338d3d3bee825adf76?s=96&d=mm&r=g\",\"caption\":\"Diario del Sur Digital\"},\"url\":\"https:\\\/\\\/diariodelsurdigital.com.ar\\\/?author=4\"}]}<\/script>\n<!-- \/ Yoast SEO plugin. -->","yoast_head_json":{"title":"\"Sin agua, no hay vida\": La Asamblea Ciudadana de Gualeguaych\u00fa convoca a una nueva marcha al puente - Diario del Sur","robots":{"index":"index","follow":"follow","max-snippet":"max-snippet:-1","max-image-preview":"max-image-preview:large","max-video-preview":"max-video-preview:-1"},"canonical":"https:\/\/diariodelsurdigital.com.ar\/?p=2162","og_locale":"es_ES","og_type":"article","og_title":"\"Sin agua, no hay vida\": La Asamblea Ciudadana de Gualeguaych\u00fa convoca a una nueva marcha al puente - Diario del Sur","og_description":"El domingo 27 de abril se realizar\u00e1 la 21.\u00aa movilizaci\u00f3n contra la planta de UPM en el hist\u00f3rico paraje Arroyo Verde. La proclama pondr\u00e1 el foco en la protecci\u00f3n del agua y los humedales. Dentro de diez d\u00edas, la Asamblea Ciudadana Ambiental de Gualeguaych\u00fa (ACAG) llevar\u00e1 adelante la vig\u00e9sima primera marcha al puente internacional General [&hellip;]","og_url":"https:\/\/diariodelsurdigital.com.ar\/?p=2162","og_site_name":"Diario del Sur","article_published_time":"2025-04-18T14:56:44+00:00","article_modified_time":"2025-04-18T14:56:45+00:00","og_image":[{"width":992,"height":661,"url":"https:\/\/diariodelsurdigital.com.ar\/wp-content\/uploads\/2025\/04\/md-1-1.webp","type":"image\/webp"}],"author":"Diario del Sur Digital","twitter_card":"summary_large_image","twitter_misc":{"Escrito por":"Diario del Sur Digital","Tiempo de lectura":"2 minutos"},"schema":{"@context":"https:\/\/schema.org","@graph":[{"@type":"Article","@id":"https:\/\/diariodelsurdigital.com.ar\/?p=2162#article","isPartOf":{"@id":"https:\/\/diariodelsurdigital.com.ar\/?p=2162"},"author":{"name":"Diario del Sur Digital","@id":"https:\/\/diariodelsurdigital.com.ar\/#\/schema\/person\/1a4992532ed62965c968031b49195c81"},"headline":"\u00abSin agua, no hay vida\u00bb: La Asamblea Ciudadana de Gualeguaych\u00fa convoca a una nueva marcha al puente","datePublished":"2025-04-18T14:56:44+00:00","dateModified":"2025-04-18T14:56:45+00:00","mainEntityOfPage":{"@id":"https:\/\/diariodelsurdigital.com.ar\/?p=2162"},"wordCount":296,"commentCount":0,"image":{"@id":"https:\/\/diariodelsurdigital.com.ar\/?p=2162#primaryimage"},"thumbnailUrl":"https:\/\/diariodelsurdigital.com.ar\/wp-content\/uploads\/2025\/04\/md-1-1.webp","articleSection":["Inter\u00e9s General","Provinciales"],"inLanguage":"es","potentialAction":[{"@type":"CommentAction","name":"Comment","target":["https:\/\/diariodelsurdigital.com.ar\/?p=2162#respond"]}]},{"@type":"WebPage","@id":"https:\/\/diariodelsurdigital.com.ar\/?p=2162","url":"https:\/\/diariodelsurdigital.com.ar\/?p=2162","name":"\"Sin agua, no hay vida\": La Asamblea Ciudadana de Gualeguaych\u00fa convoca a una nueva marcha al puente - Diario del Sur","isPartOf":{"@id":"https:\/\/diariodelsurdigital.com.ar\/#website"},"primaryImageOfPage":{"@id":"https:\/\/diariodelsurdigital.com.ar\/?p=2162#primaryimage"},"image":{"@id":"https:\/\/diariodelsurdigital.com.ar\/?p=2162#primaryimage"},"thumbnailUrl":"https:\/\/diariodelsurdigital.com.ar\/wp-content\/uploads\/2025\/04\/md-1-1.webp","datePublished":"2025-04-18T14:56:44+00:00","dateModified":"2025-04-18T14:56:45+00:00","author":{"@id":"https:\/\/diariodelsurdigital.com.ar\/#\/schema\/person\/1a4992532ed62965c968031b49195c81"},"breadcrumb":{"@id":"https:\/\/diariodelsurdigital.com.ar\/?p=2162#breadcrumb"},"inLanguage":"es","potentialAction":[{"@type":"ReadAction","target":["https:\/\/diariodelsurdigital.com.ar\/?p=2162"]}]},{"@type":"ImageObject","inLanguage":"es","@id":"https:\/\/diariodelsurdigital.com.ar\/?p=2162#primaryimage","url":"https:\/\/diariodelsurdigital.com.ar\/wp-content\/uploads\/2025\/04\/md-1-1.webp","contentUrl":"https:\/\/diariodelsurdigital.com.ar\/wp-content\/uploads\/2025\/04\/md-1-1.webp","width":992,"height":661},{"@type":"BreadcrumbList","@id":"https:\/\/diariodelsurdigital.com.ar\/?p=2162#breadcrumb","itemListElement":[{"@type":"ListItem","position":1,"name":"Portada","item":"https:\/\/diariodelsurdigital.com.ar\/"},{"@type":"ListItem","position":2,"name":"\u00abSin agua, no hay vida\u00bb: La Asamblea Ciudadana de Gualeguaych\u00fa convoca a una nueva marcha al puente"}]},{"@type":"WebSite","@id":"https:\/\/diariodelsurdigital.com.ar\/#website","url":"https:\/\/diariodelsurdigital.com.ar\/","name":"Diario del Sur","description":"Digital","potentialAction":[{"@type":"SearchAction","target":{"@type":"EntryPoint","urlTemplate":"https:\/\/diariodelsurdigital.com.ar\/?s={search_term_string}"},"query-input":{"@type":"PropertyValueSpecification","valueRequired":true,"valueName":"search_term_string"}}],"inLanguage":"es"},{"@type":"Person","@id":"https:\/\/diariodelsurdigital.com.ar\/#\/schema\/person\/1a4992532ed62965c968031b49195c81","name":"Diario del Sur Digital","image":{"@type":"ImageObject","inLanguage":"es","@id":"https:\/\/secure.gravatar.com\/avatar\/f0c7c47fc7146d19828273b9b8eda651c9c7ab583767e6338d3d3bee825adf76?s=96&d=mm&r=g","url":"https:\/\/secure.gravatar.com\/avatar\/f0c7c47fc7146d19828273b9b8eda651c9c7ab583767e6338d3d3bee825adf76?s=96&d=mm&r=g","contentUrl":"https:\/\/secure.gravatar.com\/avatar\/f0c7c47fc7146d19828273b9b8eda651c9c7ab583767e6338d3d3bee825adf76?s=96&d=mm&r=g","caption":"Diario del Sur Digital"},"url":"https:\/\/diariodelsurdigital.com.ar\/?author=4"}]}},"_links":{"self":[{"href":"https:\/\/diariodelsurdigital.com.ar\/index.php?rest_route=\/wp\/v2\/posts\/2162","targetHints":{"allow":["GET"]}}],"collection":[{"href":"https:\/\/diariodelsurdigital.com.ar\/index.php?rest_route=\/wp\/v2\/posts"}],"about":[{"href":"https:\/\/diariodelsurdigital.com.ar\/index.php?rest_route=\/wp\/v2\/types\/post"}],"author":[{"embeddable":true,"href":"https:\/\/diariodelsurdigital.com.ar\/index.php?rest_route=\/wp\/v2\/users\/4"}],"replies":[{"embeddable":true,"href":"https:\/\/diariodelsurdigital.com.ar\/index.php?rest_route=%2Fwp%2Fv2%2Fcomments&post=2162"}],"version-history":[{"count":1,"href":"https:\/\/diariodelsurdigital.com.ar\/index.php?rest_route=\/wp\/v2\/posts\/2162\/revisions"}],"predecessor-version":[{"id":2164,"href":"https:\/\/diariodelsurdigital.com.ar\/index.php?rest_route=\/wp\/v2\/posts\/2162\/revisions\/2164"}],"wp:featuredmedia":[{"embeddable":true,"href":"https:\/\/diariodelsurdigital.com.ar\/index.php?rest_route=\/wp\/v2\/media\/2163"}],"wp:attachment":[{"href":"https:\/\/diariodelsurdigital.com.ar\/index.php?rest_route=%2Fwp%2Fv2%2Fmedia&parent=2162"}],"wp:term":[{"taxonomy":"category","embeddable":true,"href":"https:\/\/diariodelsurdigital.com.ar\/index.php?rest_route=%2Fwp%2Fv2%2Fcategories&post=2162"},{"taxonomy":"post_tag","embeddable":true,"href":"https:\/\/diariodelsurdigital.com.ar\/index.php?rest_route=%2Fwp%2Fv2%2Ftags&post=2162"}],"curies":[{"name":"wp","href":"https:\/\/api.w.org\/{rel}","templated":true}]}}