{"id":2165,"date":"2025-04-18T12:00:03","date_gmt":"2025-04-18T15:00:03","guid":{"rendered":"https:\/\/diariodelsurdigital.com.ar\/?p=2165"},"modified":"2025-04-18T12:00:04","modified_gmt":"2025-04-18T15:00:04","slug":"justicia-federal-entrerriana-declaro-inconstitucional-el-dnu-de-milei-contra-la-ley-de-identidad-de-genero","status":"publish","type":"post","link":"https:\/\/diariodelsurdigital.com.ar\/?p=2165","title":{"rendered":"Justicia Federal entrerriana declar\u00f3 inconstitucional el DNU de Milei contra la Ley de Identidad de G\u00e9nero"},"content":{"rendered":"\n<figure class=\"wp-block-image\"><img decoding=\"async\" src=\"https:\/\/apfdigital-s3.cdn.net.ar\/s3i233\/2024\/10\/apfdigital\/files\/88\/8832\/0bf8a98e16d6a6bc92e05f6920e0c74d122c3ea70402aa59bc06aa6d4d8a0974.gif\" alt=\"Publicidad\"\/><\/figure>\n\n\n\n<p><a href=\"https:\/\/www.apfdigital.com.ar\/policiales-y-judiciales\/\">Policiales y Judiciales<\/a><\/p>\n\n\n\n<h1 class=\"wp-block-heading\">La Justicia Federal de Paran\u00e1 declar\u00f3 inconstitucional el DNU de Milei<\/h1>\n\n\n\n<p>jueves 17 de abril de 2025 | 11:41hs.<\/p>\n\n\n\n<figure class=\"wp-block-image\"><img decoding=\"async\" src=\"https:\/\/apfdigital-s3.cdn.net.ar\/s3i233\/2025\/01\/apfdigital\/images\/01\/53\/68\/1536838_609196e098a5e1561e06c078aef58a31ce45442f8d737c1a02f71175d398a485\/md.webp\" alt=\"\"\/><\/figure>\n\n\n\n<p>La Justicia Federal de Paran\u00e1 declar\u00f3 la inconstitucionalidad del Decreto de Necesidad y Urgencia (DNU) N\u00b0 62\/2025, dictado en febrero pasado por el Gobierno nacional. A trav\u00e9s de esta norma, la administraci\u00f3n del presidente Javier Milei hab\u00eda dispuesto la modificaci\u00f3n de la Ley N\u00b0 26.743 de Identidad de G\u00e9nero, espec\u00edficamente en el apartado que habilitaba a menores de edad a acceder a tratamientos hormonales e intervenciones quir\u00fargicas para adecuar su cuerpo o genitalidad a su identidad de g\u00e9nero.<\/p>\n\n\n\n<p>Mediante ese decreto, el Ejecutivo resolvi\u00f3 que quienes no hayan alcanzado la mayor\u00eda de edad ya no podr\u00e1n someterse a este tipo de intervenciones o tratamientos. Sin embargo, en un fallo considerado hist\u00f3rico y el primero de su tipo en el pa\u00eds, el titular del Juzgado Federal N\u00b0 2 de Paran\u00e1, Edgardo Alonso, declar\u00f3 la inconstitucionalidad del DNU y reafirm\u00f3 la plena vigencia del art\u00edculo 11\u00b0 de la Ley de Identidad de G\u00e9nero.<\/p>\n\n\n\n<p>Dicho art\u00edculo establece el derecho al libre desarrollo personal, se\u00f1alando que toda persona mayor de 18 a\u00f1os podr\u00e1 acceder, conforme a lo dispuesto por la ley, a intervenciones quir\u00fargicas y tratamientos hormonales para adecuar su cuerpo a su identidad de g\u00e9nero autopercibida, sin necesidad de autorizaci\u00f3n judicial o administrativa.<\/p>\n\n\n\n<p>Adem\u00e1s, el art\u00edculo regula el acceso de personas menores de edad a estos tratamientos, estableciendo que se requerir\u00e1 \u00fanicamente su consentimiento informado. Para intervenciones quir\u00fargicas, ser\u00e1 necesaria adem\u00e1s la conformidad de la autoridad judicial competente, que deber\u00e1 velar por el principio de capacidad progresiva y el inter\u00e9s superior del ni\u00f1o, en l\u00ednea con lo establecido por la Convenci\u00f3n sobre los Derechos del Ni\u00f1o y la Ley N\u00b0 26.061.<\/p>\n\n\n\n<p>\u201cNo se cuestiona aqu\u00ed la decisi\u00f3n del Poder Ejecutivo de adoptar medidas tendientes a proteger a los menores de 18 a\u00f1os, pero no se admite que, para ello, se modifiquen por v\u00eda de DNU derechos reconocidos por el Honorable Congreso de la Naci\u00f3n, luego de un largo debate democr\u00e1tico\u201d, se\u00f1al\u00f3 el juez Alonso en su fallo.<\/p>\n\n\n\n<p>El magistrado remarc\u00f3 que para modificar una ley deb\u00eda haberse seguido el procedimiento ordinario que establece la Constituci\u00f3n Nacional. Al no haberse cumplido con este proceso, resolvi\u00f3 declarar la inconstitucionalidad del decreto N\u00b0 62\/2025.<\/p>\n\n\n\n<p><strong>Un caso emblem\u00e1tico<\/strong><\/p>\n\n\n\n<p>El fallo se origin\u00f3 en un caso presentado por los padres de un adolescente de 17 a\u00f1os de la ciudad de Paran\u00e1, quienes acudieron a los abogados Ariel Villanueva y Agust\u00edn Rufini. La Justicia orden\u00f3 a la obra social OSECAC brindar cobertura al tratamiento hormonal solicitado.<\/p>\n\n\n\n<p>La decisi\u00f3n del Gobierno de limitar el acceso a estos tratamientos se bas\u00f3 en el art\u00edculo 9\u00b0 de la Ley N\u00b0 26.061, que reconoce a ni\u00f1os y adolescentes como personas en desarrollo con derecho a su integridad f\u00edsica, ps\u00edquica y moral. Tambi\u00e9n se invoc\u00f3 la Convenci\u00f3n sobre los Derechos del Ni\u00f1o, que establece que los menores necesitan protecci\u00f3n y cuidado especiales.<\/p>\n\n\n\n<p>Sin embargo, ya desde 2024, diversas obras sociales hab\u00edan comenzado a obstaculizar la continuidad de tratamientos hormonales en adolescentes, lo que motiv\u00f3 a un grupo de padres a presentar acciones de amparo contra entidades como OSECAC, la obra social Ospecon (Construir Salud) y la obra social de Papeleros.<\/p>\n\n\n\n<p>\u201cSe trata de situaciones en las que se interrumpieron tratamientos a adolescentes trans, lo cual agrava y complejiza los casos\u201d, se\u00f1alaron los abogados patrocinantes.<\/p>\n\n\n\n<p>Las presentaciones judiciales reclaman que se ordene la autorizaci\u00f3n inmediata de los medicamentos necesarios para continuar los tratamientos, en cumplimiento de la Ley de Identidad de G\u00e9nero.<\/p>\n\n\n\n<p>Uno de los amparos ingresados expresa:<\/p>\n\n\n\n<p>\u201cPese a haber cumplido todos los requisitos exigidos por la obra social desde octubre de 2024, la entidad incurri\u00f3 en dilaciones injustificadas, vulnerando los derechos fundamentales de mi hijo, consagrados en la Constituci\u00f3n Nacional y tratados internacionales, restringiendo arbitrariamente el acceso a tratamientos hormonales en contravenci\u00f3n de los principios de autonom\u00eda progresiva e inter\u00e9s superior del ni\u00f1o.\u201d<\/p>\n\n\n\n<p>Los planteos se apoyan en un amplio marco normativo: las leyes N\u00b0 23.660 (Obras Sociales), N\u00b0 23.661 (Seguro de Salud), N\u00b0 24.240 (Defensa del Consumidor), Ley N\u00b0 26.061 (Protecci\u00f3n de NNyA), Ley N\u00b0 26.743 (Identidad de G\u00e9nero), Ley N\u00b0 26.529 (Derechos del Paciente), y varias resoluciones del Programa M\u00e9dico Obligatorio, entre otras.<\/p>\n\n\n\n<p>Una de las presentaciones destaca:<\/p>\n\n\n\n<p>\u201cLa negativa de la obra social afecta directamente la salud f\u00edsica y emocional del adolescente, quien espera el tratamiento indicado para evitar consecuencias graves asociadas a la disforia de g\u00e9nero. La falta de acceso oportuno incrementa el riesgo de ansiedad, depresi\u00f3n y otros padecimientos que deterioran su calidad de vida.\u201d<\/p>\n\n\n\n<p>Tambi\u00e9n se se\u00f1ala que esta situaci\u00f3n vulnera derechos reconocidos en la Convenci\u00f3n sobre los Derechos del Ni\u00f1o, y que la Ley 26.743 garantiza a toda persona el derecho a recibir las prestaciones de salud necesarias para su bienestar, sin dilaciones ni restricciones arbitrarias.<\/p>\n\n\n\n<p>La Ley 26.061 establece el deber indelegable del Estado de garantizar el ejercicio de los derechos de ni\u00f1os, ni\u00f1as y adolescentes. En este marco, la restricci\u00f3n impuesta por el DNU 62\/2025 representa una barrera injustificada que afecta la integridad, salud y dignidad de adolescentes trans, y por ello, seg\u00fan el fallo, debe ser declarada inconstitucional, public\u00f3 Entre R\u00edos Ahora.<\/p>\n","protected":false},"excerpt":{"rendered":"<p>Policiales y Judiciales La Justicia Federal de Paran\u00e1 declar\u00f3 inconstitucional el DNU de Milei jueves 17 de abril de 2025 | 11:41hs. La Justicia Federal de Paran\u00e1 declar\u00f3 la inconstitucionalidad del Decreto de Necesidad y Urgencia (DNU) N\u00b0 62\/2025, dictado en febrero pasado por el Gobierno nacional. A trav\u00e9s de esta norma, la administraci\u00f3n del [&hellip;]<\/p>\n","protected":false},"author":4,"featured_media":2166,"comment_status":"open","ping_status":"open","sticky":false,"template":"","format":"standard","meta":{"footnotes":""},"categories":[26,17],"tags":[],"class_list":{"0":"post-2165","1":"post","2":"type-post","3":"status-publish","4":"format-standard","5":"has-post-thumbnail","7":"category-judiciales","8":"category-provinciales"},"yoast_head":"<!-- This site is optimized with the Yoast SEO plugin v27.4 - https:\/\/yoast.com\/product\/yoast-seo-wordpress\/ -->\n<title>Justicia Federal entrerriana declar\u00f3 inconstitucional el DNU de Milei contra la Ley de Identidad de G\u00e9nero - Diario del Sur<\/title>\n<meta name=\"robots\" content=\"index, follow, max-snippet:-1, max-image-preview:large, max-video-preview:-1\" \/>\n<link rel=\"canonical\" href=\"https:\/\/diariodelsurdigital.com.ar\/?p=2165\" \/>\n<meta property=\"og:locale\" content=\"es_ES\" \/>\n<meta property=\"og:type\" content=\"article\" \/>\n<meta property=\"og:title\" content=\"Justicia Federal entrerriana declar\u00f3 inconstitucional el DNU de Milei contra la Ley de Identidad de G\u00e9nero - Diario del Sur\" \/>\n<meta property=\"og:description\" content=\"Policiales y Judiciales La Justicia Federal de Paran\u00e1 declar\u00f3 inconstitucional el DNU de Milei jueves 17 de abril de 2025 | 11:41hs. La Justicia Federal de Paran\u00e1 declar\u00f3 la inconstitucionalidad del Decreto de Necesidad y Urgencia (DNU) N\u00b0 62\/2025, dictado en febrero pasado por el Gobierno nacional. A trav\u00e9s de esta norma, la administraci\u00f3n del [&hellip;]\" \/>\n<meta property=\"og:url\" content=\"https:\/\/diariodelsurdigital.com.ar\/?p=2165\" \/>\n<meta property=\"og:site_name\" content=\"Diario del Sur\" \/>\n<meta property=\"article:published_time\" content=\"2025-04-18T15:00:03+00:00\" \/>\n<meta property=\"article:modified_time\" content=\"2025-04-18T15:00:04+00:00\" \/>\n<meta property=\"og:image\" content=\"https:\/\/diariodelsurdigital.com.ar\/wp-content\/uploads\/2025\/04\/md-2-1.webp\" \/>\n\t<meta property=\"og:image:width\" content=\"992\" \/>\n\t<meta property=\"og:image:height\" content=\"744\" \/>\n\t<meta property=\"og:image:type\" content=\"image\/webp\" \/>\n<meta name=\"author\" content=\"Diario del Sur Digital\" \/>\n<meta name=\"twitter:card\" content=\"summary_large_image\" \/>\n<meta name=\"twitter:label1\" content=\"Escrito por\" \/>\n\t<meta name=\"twitter:data1\" content=\"Diario del Sur Digital\" \/>\n\t<meta name=\"twitter:label2\" content=\"Tiempo de lectura\" \/>\n\t<meta name=\"twitter:data2\" content=\"5 minutos\" \/>\n<script type=\"application\/ld+json\" class=\"yoast-schema-graph\">{\"@context\":\"https:\\\/\\\/schema.org\",\"@graph\":[{\"@type\":\"Article\",\"@id\":\"https:\\\/\\\/diariodelsurdigital.com.ar\\\/?p=2165#article\",\"isPartOf\":{\"@id\":\"https:\\\/\\\/diariodelsurdigital.com.ar\\\/?p=2165\"},\"author\":{\"name\":\"Diario del Sur Digital\",\"@id\":\"https:\\\/\\\/diariodelsurdigital.com.ar\\\/#\\\/schema\\\/person\\\/1a4992532ed62965c968031b49195c81\"},\"headline\":\"Justicia Federal entrerriana declar\u00f3 inconstitucional el DNU de Milei contra la Ley de Identidad de G\u00e9nero\",\"datePublished\":\"2025-04-18T15:00:03+00:00\",\"dateModified\":\"2025-04-18T15:00:04+00:00\",\"mainEntityOfPage\":{\"@id\":\"https:\\\/\\\/diariodelsurdigital.com.ar\\\/?p=2165\"},\"wordCount\":927,\"commentCount\":0,\"image\":{\"@id\":\"https:\\\/\\\/diariodelsurdigital.com.ar\\\/?p=2165#primaryimage\"},\"thumbnailUrl\":\"https:\\\/\\\/diariodelsurdigital.com.ar\\\/wp-content\\\/uploads\\\/2025\\\/04\\\/md-2-1.webp\",\"articleSection\":[\"Judiciales\",\"Provinciales\"],\"inLanguage\":\"es\",\"potentialAction\":[{\"@type\":\"CommentAction\",\"name\":\"Comment\",\"target\":[\"https:\\\/\\\/diariodelsurdigital.com.ar\\\/?p=2165#respond\"]}]},{\"@type\":\"WebPage\",\"@id\":\"https:\\\/\\\/diariodelsurdigital.com.ar\\\/?p=2165\",\"url\":\"https:\\\/\\\/diariodelsurdigital.com.ar\\\/?p=2165\",\"name\":\"Justicia Federal entrerriana declar\u00f3 inconstitucional el DNU de Milei contra la Ley de Identidad de G\u00e9nero - Diario del Sur\",\"isPartOf\":{\"@id\":\"https:\\\/\\\/diariodelsurdigital.com.ar\\\/#website\"},\"primaryImageOfPage\":{\"@id\":\"https:\\\/\\\/diariodelsurdigital.com.ar\\\/?p=2165#primaryimage\"},\"image\":{\"@id\":\"https:\\\/\\\/diariodelsurdigital.com.ar\\\/?p=2165#primaryimage\"},\"thumbnailUrl\":\"https:\\\/\\\/diariodelsurdigital.com.ar\\\/wp-content\\\/uploads\\\/2025\\\/04\\\/md-2-1.webp\",\"datePublished\":\"2025-04-18T15:00:03+00:00\",\"dateModified\":\"2025-04-18T15:00:04+00:00\",\"author\":{\"@id\":\"https:\\\/\\\/diariodelsurdigital.com.ar\\\/#\\\/schema\\\/person\\\/1a4992532ed62965c968031b49195c81\"},\"breadcrumb\":{\"@id\":\"https:\\\/\\\/diariodelsurdigital.com.ar\\\/?p=2165#breadcrumb\"},\"inLanguage\":\"es\",\"potentialAction\":[{\"@type\":\"ReadAction\",\"target\":[\"https:\\\/\\\/diariodelsurdigital.com.ar\\\/?p=2165\"]}]},{\"@type\":\"ImageObject\",\"inLanguage\":\"es\",\"@id\":\"https:\\\/\\\/diariodelsurdigital.com.ar\\\/?p=2165#primaryimage\",\"url\":\"https:\\\/\\\/diariodelsurdigital.com.ar\\\/wp-content\\\/uploads\\\/2025\\\/04\\\/md-2-1.webp\",\"contentUrl\":\"https:\\\/\\\/diariodelsurdigital.com.ar\\\/wp-content\\\/uploads\\\/2025\\\/04\\\/md-2-1.webp\",\"width\":992,\"height\":744},{\"@type\":\"BreadcrumbList\",\"@id\":\"https:\\\/\\\/diariodelsurdigital.com.ar\\\/?p=2165#breadcrumb\",\"itemListElement\":[{\"@type\":\"ListItem\",\"position\":1,\"name\":\"Portada\",\"item\":\"https:\\\/\\\/diariodelsurdigital.com.ar\\\/\"},{\"@type\":\"ListItem\",\"position\":2,\"name\":\"Justicia Federal entrerriana declar\u00f3 inconstitucional el DNU de Milei contra la Ley de Identidad de G\u00e9nero\"}]},{\"@type\":\"WebSite\",\"@id\":\"https:\\\/\\\/diariodelsurdigital.com.ar\\\/#website\",\"url\":\"https:\\\/\\\/diariodelsurdigital.com.ar\\\/\",\"name\":\"Diario del Sur\",\"description\":\"Digital\",\"potentialAction\":[{\"@type\":\"SearchAction\",\"target\":{\"@type\":\"EntryPoint\",\"urlTemplate\":\"https:\\\/\\\/diariodelsurdigital.com.ar\\\/?s={search_term_string}\"},\"query-input\":{\"@type\":\"PropertyValueSpecification\",\"valueRequired\":true,\"valueName\":\"search_term_string\"}}],\"inLanguage\":\"es\"},{\"@type\":\"Person\",\"@id\":\"https:\\\/\\\/diariodelsurdigital.com.ar\\\/#\\\/schema\\\/person\\\/1a4992532ed62965c968031b49195c81\",\"name\":\"Diario del Sur Digital\",\"image\":{\"@type\":\"ImageObject\",\"inLanguage\":\"es\",\"@id\":\"https:\\\/\\\/secure.gravatar.com\\\/avatar\\\/f0c7c47fc7146d19828273b9b8eda651c9c7ab583767e6338d3d3bee825adf76?s=96&d=mm&r=g\",\"url\":\"https:\\\/\\\/secure.gravatar.com\\\/avatar\\\/f0c7c47fc7146d19828273b9b8eda651c9c7ab583767e6338d3d3bee825adf76?s=96&d=mm&r=g\",\"contentUrl\":\"https:\\\/\\\/secure.gravatar.com\\\/avatar\\\/f0c7c47fc7146d19828273b9b8eda651c9c7ab583767e6338d3d3bee825adf76?s=96&d=mm&r=g\",\"caption\":\"Diario del Sur Digital\"},\"url\":\"https:\\\/\\\/diariodelsurdigital.com.ar\\\/?author=4\"}]}<\/script>\n<!-- \/ Yoast SEO plugin. -->","yoast_head_json":{"title":"Justicia Federal entrerriana declar\u00f3 inconstitucional el DNU de Milei contra la Ley de Identidad de G\u00e9nero - Diario del Sur","robots":{"index":"index","follow":"follow","max-snippet":"max-snippet:-1","max-image-preview":"max-image-preview:large","max-video-preview":"max-video-preview:-1"},"canonical":"https:\/\/diariodelsurdigital.com.ar\/?p=2165","og_locale":"es_ES","og_type":"article","og_title":"Justicia Federal entrerriana declar\u00f3 inconstitucional el DNU de Milei contra la Ley de Identidad de G\u00e9nero - Diario del Sur","og_description":"Policiales y Judiciales La Justicia Federal de Paran\u00e1 declar\u00f3 inconstitucional el DNU de Milei jueves 17 de abril de 2025 | 11:41hs. La Justicia Federal de Paran\u00e1 declar\u00f3 la inconstitucionalidad del Decreto de Necesidad y Urgencia (DNU) N\u00b0 62\/2025, dictado en febrero pasado por el Gobierno nacional. A trav\u00e9s de esta norma, la administraci\u00f3n del [&hellip;]","og_url":"https:\/\/diariodelsurdigital.com.ar\/?p=2165","og_site_name":"Diario del Sur","article_published_time":"2025-04-18T15:00:03+00:00","article_modified_time":"2025-04-18T15:00:04+00:00","og_image":[{"width":992,"height":744,"url":"https:\/\/diariodelsurdigital.com.ar\/wp-content\/uploads\/2025\/04\/md-2-1.webp","type":"image\/webp"}],"author":"Diario del Sur Digital","twitter_card":"summary_large_image","twitter_misc":{"Escrito por":"Diario del Sur Digital","Tiempo de lectura":"5 minutos"},"schema":{"@context":"https:\/\/schema.org","@graph":[{"@type":"Article","@id":"https:\/\/diariodelsurdigital.com.ar\/?p=2165#article","isPartOf":{"@id":"https:\/\/diariodelsurdigital.com.ar\/?p=2165"},"author":{"name":"Diario del Sur Digital","@id":"https:\/\/diariodelsurdigital.com.ar\/#\/schema\/person\/1a4992532ed62965c968031b49195c81"},"headline":"Justicia Federal entrerriana declar\u00f3 inconstitucional el DNU de Milei contra la Ley de Identidad de G\u00e9nero","datePublished":"2025-04-18T15:00:03+00:00","dateModified":"2025-04-18T15:00:04+00:00","mainEntityOfPage":{"@id":"https:\/\/diariodelsurdigital.com.ar\/?p=2165"},"wordCount":927,"commentCount":0,"image":{"@id":"https:\/\/diariodelsurdigital.com.ar\/?p=2165#primaryimage"},"thumbnailUrl":"https:\/\/diariodelsurdigital.com.ar\/wp-content\/uploads\/2025\/04\/md-2-1.webp","articleSection":["Judiciales","Provinciales"],"inLanguage":"es","potentialAction":[{"@type":"CommentAction","name":"Comment","target":["https:\/\/diariodelsurdigital.com.ar\/?p=2165#respond"]}]},{"@type":"WebPage","@id":"https:\/\/diariodelsurdigital.com.ar\/?p=2165","url":"https:\/\/diariodelsurdigital.com.ar\/?p=2165","name":"Justicia Federal entrerriana declar\u00f3 inconstitucional el DNU de Milei contra la Ley de Identidad de G\u00e9nero - Diario del Sur","isPartOf":{"@id":"https:\/\/diariodelsurdigital.com.ar\/#website"},"primaryImageOfPage":{"@id":"https:\/\/diariodelsurdigital.com.ar\/?p=2165#primaryimage"},"image":{"@id":"https:\/\/diariodelsurdigital.com.ar\/?p=2165#primaryimage"},"thumbnailUrl":"https:\/\/diariodelsurdigital.com.ar\/wp-content\/uploads\/2025\/04\/md-2-1.webp","datePublished":"2025-04-18T15:00:03+00:00","dateModified":"2025-04-18T15:00:04+00:00","author":{"@id":"https:\/\/diariodelsurdigital.com.ar\/#\/schema\/person\/1a4992532ed62965c968031b49195c81"},"breadcrumb":{"@id":"https:\/\/diariodelsurdigital.com.ar\/?p=2165#breadcrumb"},"inLanguage":"es","potentialAction":[{"@type":"ReadAction","target":["https:\/\/diariodelsurdigital.com.ar\/?p=2165"]}]},{"@type":"ImageObject","inLanguage":"es","@id":"https:\/\/diariodelsurdigital.com.ar\/?p=2165#primaryimage","url":"https:\/\/diariodelsurdigital.com.ar\/wp-content\/uploads\/2025\/04\/md-2-1.webp","contentUrl":"https:\/\/diariodelsurdigital.com.ar\/wp-content\/uploads\/2025\/04\/md-2-1.webp","width":992,"height":744},{"@type":"BreadcrumbList","@id":"https:\/\/diariodelsurdigital.com.ar\/?p=2165#breadcrumb","itemListElement":[{"@type":"ListItem","position":1,"name":"Portada","item":"https:\/\/diariodelsurdigital.com.ar\/"},{"@type":"ListItem","position":2,"name":"Justicia Federal entrerriana declar\u00f3 inconstitucional el DNU de Milei contra la Ley de Identidad de G\u00e9nero"}]},{"@type":"WebSite","@id":"https:\/\/diariodelsurdigital.com.ar\/#website","url":"https:\/\/diariodelsurdigital.com.ar\/","name":"Diario del Sur","description":"Digital","potentialAction":[{"@type":"SearchAction","target":{"@type":"EntryPoint","urlTemplate":"https:\/\/diariodelsurdigital.com.ar\/?s={search_term_string}"},"query-input":{"@type":"PropertyValueSpecification","valueRequired":true,"valueName":"search_term_string"}}],"inLanguage":"es"},{"@type":"Person","@id":"https:\/\/diariodelsurdigital.com.ar\/#\/schema\/person\/1a4992532ed62965c968031b49195c81","name":"Diario del Sur Digital","image":{"@type":"ImageObject","inLanguage":"es","@id":"https:\/\/secure.gravatar.com\/avatar\/f0c7c47fc7146d19828273b9b8eda651c9c7ab583767e6338d3d3bee825adf76?s=96&d=mm&r=g","url":"https:\/\/secure.gravatar.com\/avatar\/f0c7c47fc7146d19828273b9b8eda651c9c7ab583767e6338d3d3bee825adf76?s=96&d=mm&r=g","contentUrl":"https:\/\/secure.gravatar.com\/avatar\/f0c7c47fc7146d19828273b9b8eda651c9c7ab583767e6338d3d3bee825adf76?s=96&d=mm&r=g","caption":"Diario del Sur Digital"},"url":"https:\/\/diariodelsurdigital.com.ar\/?author=4"}]}},"_links":{"self":[{"href":"https:\/\/diariodelsurdigital.com.ar\/index.php?rest_route=\/wp\/v2\/posts\/2165","targetHints":{"allow":["GET"]}}],"collection":[{"href":"https:\/\/diariodelsurdigital.com.ar\/index.php?rest_route=\/wp\/v2\/posts"}],"about":[{"href":"https:\/\/diariodelsurdigital.com.ar\/index.php?rest_route=\/wp\/v2\/types\/post"}],"author":[{"embeddable":true,"href":"https:\/\/diariodelsurdigital.com.ar\/index.php?rest_route=\/wp\/v2\/users\/4"}],"replies":[{"embeddable":true,"href":"https:\/\/diariodelsurdigital.com.ar\/index.php?rest_route=%2Fwp%2Fv2%2Fcomments&post=2165"}],"version-history":[{"count":1,"href":"https:\/\/diariodelsurdigital.com.ar\/index.php?rest_route=\/wp\/v2\/posts\/2165\/revisions"}],"predecessor-version":[{"id":2167,"href":"https:\/\/diariodelsurdigital.com.ar\/index.php?rest_route=\/wp\/v2\/posts\/2165\/revisions\/2167"}],"wp:featuredmedia":[{"embeddable":true,"href":"https:\/\/diariodelsurdigital.com.ar\/index.php?rest_route=\/wp\/v2\/media\/2166"}],"wp:attachment":[{"href":"https:\/\/diariodelsurdigital.com.ar\/index.php?rest_route=%2Fwp%2Fv2%2Fmedia&parent=2165"}],"wp:term":[{"taxonomy":"category","embeddable":true,"href":"https:\/\/diariodelsurdigital.com.ar\/index.php?rest_route=%2Fwp%2Fv2%2Fcategories&post=2165"},{"taxonomy":"post_tag","embeddable":true,"href":"https:\/\/diariodelsurdigital.com.ar\/index.php?rest_route=%2Fwp%2Fv2%2Ftags&post=2165"}],"curies":[{"name":"wp","href":"https:\/\/api.w.org\/{rel}","templated":true}]}}