{"id":2168,"date":"2025-04-18T12:02:08","date_gmt":"2025-04-18T15:02:08","guid":{"rendered":"https:\/\/diariodelsurdigital.com.ar\/?p=2168"},"modified":"2025-04-18T12:02:10","modified_gmt":"2025-04-18T15:02:10","slug":"represion-en-la-marcha-de-los-jubilados-mas-de-cien-heridos-por-los-gases-entre-ellos-una-nena","status":"publish","type":"post","link":"https:\/\/diariodelsurdigital.com.ar\/?p=2168","title":{"rendered":"Represi\u00f3n en la marcha de los jubilados: m\u00e1s de cien heridos por los gases, entre ellos una nena"},"content":{"rendered":"\n<figure class=\"wp-block-image\"><img decoding=\"async\" src=\"https:\/\/apfdigital-s3.cdn.net.ar\/s3i233\/2024\/07\/apfdigital\/files\/70\/7024\/7ac5136d55d269ddda40c5676c08639eba3dc4452b8d63f59dec92bdd676a3c9.jpg\" alt=\"Publicidad\"\/><\/figure>\n\n\n\n<p><a href=\"https:\/\/www.apfdigital.com.ar\/nacionales\/\">Nacionales<\/a><\/p>\n\n\n\n<h1 class=\"wp-block-heading\">Represi\u00f3n en la marcha de los jubilados: m\u00e1s de cien heridos por los gases, entre ellos una nena<\/h1>\n\n\n\n<p>Tambi\u00e9n fueron gaseados el diputado nacional Alejandro Vilca y un adolescente de 16 a\u00f1os. Hubo un ataque focalizado hacia los trabajadores de prensa.<\/p>\n\n\n\n<p>jueves 17 de abril de 2025 | 7:08hs.<\/p>\n\n\n\n<figure class=\"wp-block-image\"><img decoding=\"async\" src=\"https:\/\/apfdigital-s3.cdn.net.ar\/s3i233\/2025\/04\/apfdigital\/images\/01\/84\/43\/1844396_9fac27b96c7ae8185bd76664310cba3dc4810f2ab2595ec0a00ba71be592c061\/md.webp\" alt=\"\"\/><\/figure>\n\n\n\n<p>Mientras en el interior del Congreso, Francos daba argumentos para una posible reforma previsional, afuera los jubilados eran reprimidos nuevamente. Ayer, el m\u00e9todo Bullrich dej\u00f3 a 116 personas heridas, entre ellas una nena de 13 a\u00f1os y un adolescente de 16. Esta semana hubo un especial ataque a los periodistas y fot\u00f3grafos que cubr\u00edan la manifestaci\u00f3n, incluso un reportero gr\u00e1fico fue lesionado por el disparo de un arma Byrna. El diputado nacional Alejandro Vilca tambi\u00e9n fue atacado con gases lacrim\u00f3genos y tuvo que ser hospitalizado.<\/p>\n\n\n\n<p>El mismo d\u00eda en el que el fotorreportero Pablo Grillo era operado por las lesiones de la represi\u00f3n del 12 de marzo, la Polic\u00eda Federal, Prefectura y Gendarmer\u00eda y Polic\u00eda de Seguridad Aeroportuaria (PSA) desplegaron un gigantesco operativo en el que hirieron a m\u00e1s de un centenar de personas, que sufrieron quemaduras por el lanzamiento indiscriminado de gases qu\u00edmicos. \u201cUna nueva, violenta y extendida represi\u00f3n se registr\u00f3 en otra marcha de los jubilados. Cientos de agentes de las fuerzas federales arrojaron gas pimienta contra personas que marchaban en paz, incluso que se encontraban sobre las veredas sin cometer ning\u00fan delito o contravenci\u00f3n. Pegaron con tonfas y escudos a jubilados, menores de edad y periodistas\u201d, le dijo a P\u00e1gina\/12 Roberto Cipriano Garc\u00eda, secretario ejecutivo de la Comisi\u00f3n Provincial por la Memoria (CPM), uno de los organismos que monitorea las movilizaciones.<\/p>\n\n\n\n<p>Nuevamente las fuerzas de seguridad agredieron sin discriminar por rango etario, no solo a los jubilados, que est\u00e1n en mayores condiciones de vulnerabilidad, sino tambi\u00e9n a menores de edad. Al igual que semanas atr\u00e1s, fue agredida una nena. Se trata de una chica de 13 a\u00f1os que se equivoc\u00f3 de parada de colectivo y baj\u00f3 en el tumulto. \u00abSe encontr\u00f3 con los forcejeos y qued\u00f3 en el medio, eso le gener\u00f3 un similar ataque de p\u00e1nico. Por suerte, nosotros ten\u00edamos dos psic\u00f3logas que estaban trabajando y la atendieron. La lograron calmar, pudieron comunicarse con la familia y se fue tranquila\u00bb, le dijo a P\u00e1gina\/12 Esteban Chal\u00e1, presidente del Cuerpo de Evacuaci\u00f3n y Primeros Auxilios (CEPA). Seg\u00fan los registros del organismo, atendieron a 76 personas, la mayor\u00eda afectados por el spray pimienta, que les gener\u00f3 irritaci\u00f3n ocular y en la piel. Tambi\u00e9n fue reprimido Tizi, un adolescente de 16 a\u00f1os, que cont\u00f3 que fue interceptado mientras llegaba a la Plaza del Congreso. \u201cNo estaba haciendo nada, estaba viniendo para ac\u00e1. Es mejor que me hagan esto a m\u00ed que a un jubilado, porque un jubilado no se puede aguantar esto. Vine porque tengo patria y es Argentina\u201d, dijo a La Garganta Poderosa.<\/p>\n\n\n\n<p>El diputado nacional del Frente de Izquierda por Jujuy, Alejandro Vilca, tambi\u00e9n fue gaseado y luego debi\u00f3 ser atendido en la guardia oftalmol\u00f3gica del Hospital Santa Luc\u00eda, en Barracas. \u201cEstoy esperando ser asistido luego de los gases de la Polic\u00eda de Bullrich a los jubilados. \u00a1Orgullo de estar con ellos todos los mi\u00e9rcoles, basta de represi\u00f3n y hambre a los jubilados!\u201d, poste\u00f3 en X.<\/p>\n\n\n\n<p>Las y los trabajadores de prensa fueron uno de los objetivos con los que m\u00e1s se ensa\u00f1aron las fuerzas dirigidas por la ministra de Seguridad, Patricia Bullrich. La CPM confirm\u00f3 que un reportero gr\u00e1fico fue lesionado por el disparo de un arma Byrna. \u201cGasearon directamente a los fot\u00f3grafos que estaban queriendo registrar\u201d, cont\u00f3 la fot\u00f3grafa de este diario Alejandra Morasano, que fue quien aport\u00f3 im\u00e1genes claves del 12 de marzo para identificar al probable agresor de su colega, Pablo Grillo. \u201cNo quer\u00edan que registremos el momento en el que ten\u00edan a un hombre detenido. A Rodrigo Ruiz, de C\u00edtrica, tuvieron que asistirlo porque le gasearon la cara. En mi caso, me llenaron la c\u00e1mara de gas l\u00edquido naranja. Obviamente que la represi\u00f3n fue para todos, pero puntualmente no estaban dejando registrar\u201d, agreg\u00f3. A Paula Gisela Acunzo de la agencia Zuma Press le golpearon la cara con el escudo y abrieron el labio, despu\u00e9s de eso le dispararon gas a 30 cent\u00edmetros de distancia. Tambi\u00e9n fueron gaseados el fotoreportero independiente Santiago Garc\u00eda D\u00edaz y los fot\u00f3grafos de Tiempo Argentino Edgardo G\u00f3mez y Eduardo Sarapura.<\/p>\n\n\n\n<p>La violencia policial comenz\u00f3 cuando los manifestantes llevaban adelante un \u00absemaforazo\u00bb sobre la Avenida Rivadavia y se pararon sobre la senda peatonal durante la espera de los autos, cuando cambi\u00f3 la luz del dispositivo, la Polic\u00eda los empuj\u00f3 a la vereda y comenzaron los golpes. Tras eso, la Federal detuvo a un hombre que se manifestaba, llamado Marcelo Huertas. Como una muestra de estos tiempos, alrededor de cinco efectivos se lo llevaron, delante del Congreso y ante las c\u00e1maras de televisi\u00f3n. Como sucede cada mi\u00e9rcoles, la manifestaci\u00f3n se realizaba de manera pac\u00edfica.<\/p>\n\n\n\n<p>\u201cEstos hechos grav\u00edsimos se reiteran semanalmente e intentan intimidar y limitar las protestas. Para sostener una pol\u00edtica econ\u00f3mica de exclusi\u00f3n y desigualdad, apelan a la violencia estatal, la represi\u00f3n y el odio. Quienes trabajaron toda la vida deben soportar palos en lugar de disfrutar de d\u00edas de descanso\u201d, agreg\u00f3 Garc\u00eda.<\/p>\n\n\n\n<p>A la misma hora, pero dentro del Congreso, el jefe de Gabinete de Ministros, Guillermo Francos, presentaba el informe de gesti\u00f3n, seg\u00fan el cual, los haberes no quedaron tan atr\u00e1s de la inflaci\u00f3n. \u201cDurante el primer bimestre de 2025, los haberes previsionales acumularon un incremento del 155% respecto al mismo bimestre del a\u00f1o anterior, duplicando pr\u00e1cticamente la suba observada en los precios en igual per\u00edodo (75%)\u201d, defendi\u00f3 al gobierno de Javier Milei. Afuera, las y los jubilados reclaman recomposici\u00f3n de las jubilaciones y la cobertura de los medicamentos como era hasta antes de que La Libertad Avanza llegara al poder, entre otras cosas.<\/p>\n","protected":false},"excerpt":{"rendered":"<p>Nacionales Represi\u00f3n en la marcha de los jubilados: m\u00e1s de cien heridos por los gases, entre ellos una nena Tambi\u00e9n fueron gaseados el diputado nacional Alejandro Vilca y un adolescente de 16 a\u00f1os. Hubo un ataque focalizado hacia los trabajadores de prensa. jueves 17 de abril de 2025 | 7:08hs. Mientras en el interior del [&hellip;]<\/p>\n","protected":false},"author":4,"featured_media":2169,"comment_status":"open","ping_status":"open","sticky":false,"template":"","format":"standard","meta":{"footnotes":""},"categories":[19,18],"tags":[],"class_list":{"0":"post-2168","1":"post","2":"type-post","3":"status-publish","4":"format-standard","5":"has-post-thumbnail","7":"category-interes-general","8":"category-nacionales"},"yoast_head":"<!-- This site is optimized with the Yoast SEO plugin v27.4 - https:\/\/yoast.com\/product\/yoast-seo-wordpress\/ -->\n<title>Represi\u00f3n en la marcha de los jubilados: m\u00e1s de cien heridos por los gases, entre ellos una nena - Diario del Sur<\/title>\n<meta name=\"robots\" content=\"index, follow, max-snippet:-1, max-image-preview:large, max-video-preview:-1\" \/>\n<link rel=\"canonical\" href=\"https:\/\/diariodelsurdigital.com.ar\/?p=2168\" \/>\n<meta property=\"og:locale\" content=\"es_ES\" \/>\n<meta property=\"og:type\" content=\"article\" \/>\n<meta property=\"og:title\" content=\"Represi\u00f3n en la marcha de los jubilados: m\u00e1s de cien heridos por los gases, entre ellos una nena - Diario del Sur\" \/>\n<meta property=\"og:description\" content=\"Nacionales Represi\u00f3n en la marcha de los jubilados: m\u00e1s de cien heridos por los gases, entre ellos una nena Tambi\u00e9n fueron gaseados el diputado nacional Alejandro Vilca y un adolescente de 16 a\u00f1os. Hubo un ataque focalizado hacia los trabajadores de prensa. jueves 17 de abril de 2025 | 7:08hs. Mientras en el interior del [&hellip;]\" \/>\n<meta property=\"og:url\" content=\"https:\/\/diariodelsurdigital.com.ar\/?p=2168\" \/>\n<meta property=\"og:site_name\" content=\"Diario del Sur\" \/>\n<meta property=\"article:published_time\" content=\"2025-04-18T15:02:08+00:00\" \/>\n<meta property=\"article:modified_time\" content=\"2025-04-18T15:02:10+00:00\" \/>\n<meta property=\"og:image\" content=\"https:\/\/diariodelsurdigital.com.ar\/wp-content\/uploads\/2025\/04\/md-3-1.webp\" \/>\n\t<meta property=\"og:image:width\" content=\"992\" \/>\n\t<meta property=\"og:image:height\" content=\"661\" \/>\n\t<meta property=\"og:image:type\" content=\"image\/webp\" \/>\n<meta name=\"author\" content=\"Diario del Sur Digital\" \/>\n<meta name=\"twitter:card\" content=\"summary_large_image\" \/>\n<meta name=\"twitter:label1\" content=\"Escrito por\" \/>\n\t<meta name=\"twitter:data1\" content=\"Diario del Sur Digital\" \/>\n\t<meta name=\"twitter:label2\" content=\"Tiempo de lectura\" \/>\n\t<meta name=\"twitter:data2\" content=\"6 minutos\" \/>\n<script type=\"application\/ld+json\" class=\"yoast-schema-graph\">{\"@context\":\"https:\\\/\\\/schema.org\",\"@graph\":[{\"@type\":\"Article\",\"@id\":\"https:\\\/\\\/diariodelsurdigital.com.ar\\\/?p=2168#article\",\"isPartOf\":{\"@id\":\"https:\\\/\\\/diariodelsurdigital.com.ar\\\/?p=2168\"},\"author\":{\"name\":\"Diario del Sur Digital\",\"@id\":\"https:\\\/\\\/diariodelsurdigital.com.ar\\\/#\\\/schema\\\/person\\\/1a4992532ed62965c968031b49195c81\"},\"headline\":\"Represi\u00f3n en la marcha de los jubilados: m\u00e1s de cien heridos por los gases, entre ellos una nena\",\"datePublished\":\"2025-04-18T15:02:08+00:00\",\"dateModified\":\"2025-04-18T15:02:10+00:00\",\"mainEntityOfPage\":{\"@id\":\"https:\\\/\\\/diariodelsurdigital.com.ar\\\/?p=2168\"},\"wordCount\":1056,\"commentCount\":0,\"image\":{\"@id\":\"https:\\\/\\\/diariodelsurdigital.com.ar\\\/?p=2168#primaryimage\"},\"thumbnailUrl\":\"https:\\\/\\\/diariodelsurdigital.com.ar\\\/wp-content\\\/uploads\\\/2025\\\/04\\\/md-3-1.webp\",\"articleSection\":[\"Inter\u00e9s General\",\"Nacionales\"],\"inLanguage\":\"es\",\"potentialAction\":[{\"@type\":\"CommentAction\",\"name\":\"Comment\",\"target\":[\"https:\\\/\\\/diariodelsurdigital.com.ar\\\/?p=2168#respond\"]}]},{\"@type\":\"WebPage\",\"@id\":\"https:\\\/\\\/diariodelsurdigital.com.ar\\\/?p=2168\",\"url\":\"https:\\\/\\\/diariodelsurdigital.com.ar\\\/?p=2168\",\"name\":\"Represi\u00f3n en la marcha de los jubilados: m\u00e1s de cien heridos por los gases, entre ellos una nena - Diario del Sur\",\"isPartOf\":{\"@id\":\"https:\\\/\\\/diariodelsurdigital.com.ar\\\/#website\"},\"primaryImageOfPage\":{\"@id\":\"https:\\\/\\\/diariodelsurdigital.com.ar\\\/?p=2168#primaryimage\"},\"image\":{\"@id\":\"https:\\\/\\\/diariodelsurdigital.com.ar\\\/?p=2168#primaryimage\"},\"thumbnailUrl\":\"https:\\\/\\\/diariodelsurdigital.com.ar\\\/wp-content\\\/uploads\\\/2025\\\/04\\\/md-3-1.webp\",\"datePublished\":\"2025-04-18T15:02:08+00:00\",\"dateModified\":\"2025-04-18T15:02:10+00:00\",\"author\":{\"@id\":\"https:\\\/\\\/diariodelsurdigital.com.ar\\\/#\\\/schema\\\/person\\\/1a4992532ed62965c968031b49195c81\"},\"breadcrumb\":{\"@id\":\"https:\\\/\\\/diariodelsurdigital.com.ar\\\/?p=2168#breadcrumb\"},\"inLanguage\":\"es\",\"potentialAction\":[{\"@type\":\"ReadAction\",\"target\":[\"https:\\\/\\\/diariodelsurdigital.com.ar\\\/?p=2168\"]}]},{\"@type\":\"ImageObject\",\"inLanguage\":\"es\",\"@id\":\"https:\\\/\\\/diariodelsurdigital.com.ar\\\/?p=2168#primaryimage\",\"url\":\"https:\\\/\\\/diariodelsurdigital.com.ar\\\/wp-content\\\/uploads\\\/2025\\\/04\\\/md-3-1.webp\",\"contentUrl\":\"https:\\\/\\\/diariodelsurdigital.com.ar\\\/wp-content\\\/uploads\\\/2025\\\/04\\\/md-3-1.webp\",\"width\":992,\"height\":661},{\"@type\":\"BreadcrumbList\",\"@id\":\"https:\\\/\\\/diariodelsurdigital.com.ar\\\/?p=2168#breadcrumb\",\"itemListElement\":[{\"@type\":\"ListItem\",\"position\":1,\"name\":\"Portada\",\"item\":\"https:\\\/\\\/diariodelsurdigital.com.ar\\\/\"},{\"@type\":\"ListItem\",\"position\":2,\"name\":\"Represi\u00f3n en la marcha de los jubilados: m\u00e1s de cien heridos por los gases, entre ellos una nena\"}]},{\"@type\":\"WebSite\",\"@id\":\"https:\\\/\\\/diariodelsurdigital.com.ar\\\/#website\",\"url\":\"https:\\\/\\\/diariodelsurdigital.com.ar\\\/\",\"name\":\"Diario del Sur\",\"description\":\"Digital\",\"potentialAction\":[{\"@type\":\"SearchAction\",\"target\":{\"@type\":\"EntryPoint\",\"urlTemplate\":\"https:\\\/\\\/diariodelsurdigital.com.ar\\\/?s={search_term_string}\"},\"query-input\":{\"@type\":\"PropertyValueSpecification\",\"valueRequired\":true,\"valueName\":\"search_term_string\"}}],\"inLanguage\":\"es\"},{\"@type\":\"Person\",\"@id\":\"https:\\\/\\\/diariodelsurdigital.com.ar\\\/#\\\/schema\\\/person\\\/1a4992532ed62965c968031b49195c81\",\"name\":\"Diario del Sur Digital\",\"image\":{\"@type\":\"ImageObject\",\"inLanguage\":\"es\",\"@id\":\"https:\\\/\\\/secure.gravatar.com\\\/avatar\\\/f0c7c47fc7146d19828273b9b8eda651c9c7ab583767e6338d3d3bee825adf76?s=96&d=mm&r=g\",\"url\":\"https:\\\/\\\/secure.gravatar.com\\\/avatar\\\/f0c7c47fc7146d19828273b9b8eda651c9c7ab583767e6338d3d3bee825adf76?s=96&d=mm&r=g\",\"contentUrl\":\"https:\\\/\\\/secure.gravatar.com\\\/avatar\\\/f0c7c47fc7146d19828273b9b8eda651c9c7ab583767e6338d3d3bee825adf76?s=96&d=mm&r=g\",\"caption\":\"Diario del Sur Digital\"},\"url\":\"https:\\\/\\\/diariodelsurdigital.com.ar\\\/?author=4\"}]}<\/script>\n<!-- \/ Yoast SEO plugin. -->","yoast_head_json":{"title":"Represi\u00f3n en la marcha de los jubilados: m\u00e1s de cien heridos por los gases, entre ellos una nena - Diario del Sur","robots":{"index":"index","follow":"follow","max-snippet":"max-snippet:-1","max-image-preview":"max-image-preview:large","max-video-preview":"max-video-preview:-1"},"canonical":"https:\/\/diariodelsurdigital.com.ar\/?p=2168","og_locale":"es_ES","og_type":"article","og_title":"Represi\u00f3n en la marcha de los jubilados: m\u00e1s de cien heridos por los gases, entre ellos una nena - Diario del Sur","og_description":"Nacionales Represi\u00f3n en la marcha de los jubilados: m\u00e1s de cien heridos por los gases, entre ellos una nena Tambi\u00e9n fueron gaseados el diputado nacional Alejandro Vilca y un adolescente de 16 a\u00f1os. Hubo un ataque focalizado hacia los trabajadores de prensa. jueves 17 de abril de 2025 | 7:08hs. Mientras en el interior del [&hellip;]","og_url":"https:\/\/diariodelsurdigital.com.ar\/?p=2168","og_site_name":"Diario del Sur","article_published_time":"2025-04-18T15:02:08+00:00","article_modified_time":"2025-04-18T15:02:10+00:00","og_image":[{"width":992,"height":661,"url":"https:\/\/diariodelsurdigital.com.ar\/wp-content\/uploads\/2025\/04\/md-3-1.webp","type":"image\/webp"}],"author":"Diario del Sur Digital","twitter_card":"summary_large_image","twitter_misc":{"Escrito por":"Diario del Sur Digital","Tiempo de lectura":"6 minutos"},"schema":{"@context":"https:\/\/schema.org","@graph":[{"@type":"Article","@id":"https:\/\/diariodelsurdigital.com.ar\/?p=2168#article","isPartOf":{"@id":"https:\/\/diariodelsurdigital.com.ar\/?p=2168"},"author":{"name":"Diario del Sur Digital","@id":"https:\/\/diariodelsurdigital.com.ar\/#\/schema\/person\/1a4992532ed62965c968031b49195c81"},"headline":"Represi\u00f3n en la marcha de los jubilados: m\u00e1s de cien heridos por los gases, entre ellos una nena","datePublished":"2025-04-18T15:02:08+00:00","dateModified":"2025-04-18T15:02:10+00:00","mainEntityOfPage":{"@id":"https:\/\/diariodelsurdigital.com.ar\/?p=2168"},"wordCount":1056,"commentCount":0,"image":{"@id":"https:\/\/diariodelsurdigital.com.ar\/?p=2168#primaryimage"},"thumbnailUrl":"https:\/\/diariodelsurdigital.com.ar\/wp-content\/uploads\/2025\/04\/md-3-1.webp","articleSection":["Inter\u00e9s General","Nacionales"],"inLanguage":"es","potentialAction":[{"@type":"CommentAction","name":"Comment","target":["https:\/\/diariodelsurdigital.com.ar\/?p=2168#respond"]}]},{"@type":"WebPage","@id":"https:\/\/diariodelsurdigital.com.ar\/?p=2168","url":"https:\/\/diariodelsurdigital.com.ar\/?p=2168","name":"Represi\u00f3n en la marcha de los jubilados: m\u00e1s de cien heridos por los gases, entre ellos una nena - Diario del Sur","isPartOf":{"@id":"https:\/\/diariodelsurdigital.com.ar\/#website"},"primaryImageOfPage":{"@id":"https:\/\/diariodelsurdigital.com.ar\/?p=2168#primaryimage"},"image":{"@id":"https:\/\/diariodelsurdigital.com.ar\/?p=2168#primaryimage"},"thumbnailUrl":"https:\/\/diariodelsurdigital.com.ar\/wp-content\/uploads\/2025\/04\/md-3-1.webp","datePublished":"2025-04-18T15:02:08+00:00","dateModified":"2025-04-18T15:02:10+00:00","author":{"@id":"https:\/\/diariodelsurdigital.com.ar\/#\/schema\/person\/1a4992532ed62965c968031b49195c81"},"breadcrumb":{"@id":"https:\/\/diariodelsurdigital.com.ar\/?p=2168#breadcrumb"},"inLanguage":"es","potentialAction":[{"@type":"ReadAction","target":["https:\/\/diariodelsurdigital.com.ar\/?p=2168"]}]},{"@type":"ImageObject","inLanguage":"es","@id":"https:\/\/diariodelsurdigital.com.ar\/?p=2168#primaryimage","url":"https:\/\/diariodelsurdigital.com.ar\/wp-content\/uploads\/2025\/04\/md-3-1.webp","contentUrl":"https:\/\/diariodelsurdigital.com.ar\/wp-content\/uploads\/2025\/04\/md-3-1.webp","width":992,"height":661},{"@type":"BreadcrumbList","@id":"https:\/\/diariodelsurdigital.com.ar\/?p=2168#breadcrumb","itemListElement":[{"@type":"ListItem","position":1,"name":"Portada","item":"https:\/\/diariodelsurdigital.com.ar\/"},{"@type":"ListItem","position":2,"name":"Represi\u00f3n en la marcha de los jubilados: m\u00e1s de cien heridos por los gases, entre ellos una nena"}]},{"@type":"WebSite","@id":"https:\/\/diariodelsurdigital.com.ar\/#website","url":"https:\/\/diariodelsurdigital.com.ar\/","name":"Diario del Sur","description":"Digital","potentialAction":[{"@type":"SearchAction","target":{"@type":"EntryPoint","urlTemplate":"https:\/\/diariodelsurdigital.com.ar\/?s={search_term_string}"},"query-input":{"@type":"PropertyValueSpecification","valueRequired":true,"valueName":"search_term_string"}}],"inLanguage":"es"},{"@type":"Person","@id":"https:\/\/diariodelsurdigital.com.ar\/#\/schema\/person\/1a4992532ed62965c968031b49195c81","name":"Diario del Sur Digital","image":{"@type":"ImageObject","inLanguage":"es","@id":"https:\/\/secure.gravatar.com\/avatar\/f0c7c47fc7146d19828273b9b8eda651c9c7ab583767e6338d3d3bee825adf76?s=96&d=mm&r=g","url":"https:\/\/secure.gravatar.com\/avatar\/f0c7c47fc7146d19828273b9b8eda651c9c7ab583767e6338d3d3bee825adf76?s=96&d=mm&r=g","contentUrl":"https:\/\/secure.gravatar.com\/avatar\/f0c7c47fc7146d19828273b9b8eda651c9c7ab583767e6338d3d3bee825adf76?s=96&d=mm&r=g","caption":"Diario del Sur Digital"},"url":"https:\/\/diariodelsurdigital.com.ar\/?author=4"}]}},"_links":{"self":[{"href":"https:\/\/diariodelsurdigital.com.ar\/index.php?rest_route=\/wp\/v2\/posts\/2168","targetHints":{"allow":["GET"]}}],"collection":[{"href":"https:\/\/diariodelsurdigital.com.ar\/index.php?rest_route=\/wp\/v2\/posts"}],"about":[{"href":"https:\/\/diariodelsurdigital.com.ar\/index.php?rest_route=\/wp\/v2\/types\/post"}],"author":[{"embeddable":true,"href":"https:\/\/diariodelsurdigital.com.ar\/index.php?rest_route=\/wp\/v2\/users\/4"}],"replies":[{"embeddable":true,"href":"https:\/\/diariodelsurdigital.com.ar\/index.php?rest_route=%2Fwp%2Fv2%2Fcomments&post=2168"}],"version-history":[{"count":1,"href":"https:\/\/diariodelsurdigital.com.ar\/index.php?rest_route=\/wp\/v2\/posts\/2168\/revisions"}],"predecessor-version":[{"id":2170,"href":"https:\/\/diariodelsurdigital.com.ar\/index.php?rest_route=\/wp\/v2\/posts\/2168\/revisions\/2170"}],"wp:featuredmedia":[{"embeddable":true,"href":"https:\/\/diariodelsurdigital.com.ar\/index.php?rest_route=\/wp\/v2\/media\/2169"}],"wp:attachment":[{"href":"https:\/\/diariodelsurdigital.com.ar\/index.php?rest_route=%2Fwp%2Fv2%2Fmedia&parent=2168"}],"wp:term":[{"taxonomy":"category","embeddable":true,"href":"https:\/\/diariodelsurdigital.com.ar\/index.php?rest_route=%2Fwp%2Fv2%2Fcategories&post=2168"},{"taxonomy":"post_tag","embeddable":true,"href":"https:\/\/diariodelsurdigital.com.ar\/index.php?rest_route=%2Fwp%2Fv2%2Ftags&post=2168"}],"curies":[{"name":"wp","href":"https:\/\/api.w.org\/{rel}","templated":true}]}}