{"id":2177,"date":"2025-04-20T19:21:02","date_gmt":"2025-04-20T22:21:02","guid":{"rendered":"https:\/\/diariodelsurdigital.com.ar\/?p=2177"},"modified":"2025-04-20T19:21:03","modified_gmt":"2025-04-20T22:21:03","slug":"liebig-un-espacio-entre-colon-y-san-jose-contado-por-osvaldo-fernandez","status":"publish","type":"post","link":"https:\/\/diariodelsurdigital.com.ar\/?p=2177","title":{"rendered":"Liebig un espacio entre Col\u00f3n y San Jos\u00e9 contado por Osvaldo Fern\u00e1ndez"},"content":{"rendered":"\n<p><\/p>\n\n\n\n<p>El sol estaba en su esplendor este s\u00e1bado en Pueblo Liebig, cuando se me ocurri\u00f3 preguntar en un boliche si conoc\u00edan a Oscar Perdomo que hace poco se mud\u00f3 a ese pulm\u00f3n verde. Un se\u00f1or muy atento con un repasador en mano, esos de repasar muebles y mesas me respondi\u00f3 muy atento a mi requisitoria. Ese se\u00f1or est\u00e1 a la entrada al lado del Club, me contest\u00f3 de manera muy segura.<\/p>\n\n\n\n<p>Como para tomar confianza le dije; est\u00e1 movido el pueblo, a lo que el oyente me contest\u00f3 \u00a1est\u00e1 lindo! Hay muchos turistas\u2026<\/p>\n\n\n\n<p>Osvaldo Dar\u00edo Fern\u00e1ndez, peina canas (foto) y tiene unos largos 70 a\u00f1os. Cont\u00f3 que sus abuelos trabajaban en el Frigor\u00edfico de capitales ingleses desde principios del siglo XX. Liebig lleg\u00f3 a albergar unos 3.000 trabajadores en su esplendor entre la primera y segunda guerra mundial. \u201cDesde ac\u00e1 se prove\u00eda a los aliados del Corned Beef\u201d, nos cuenta don Osvaldo.<\/p>\n\n\n\n<figure class=\"wp-block-image size-large\"><img loading=\"lazy\" decoding=\"async\" width=\"1024\" height=\"768\" src=\"https:\/\/diariodelsurdigital.com.ar\/wp-content\/uploads\/2025\/04\/Imagen-de-WhatsApp-2025-04-20-a-las-19.14.56_be1e01f0-1024x768.jpg\" alt=\"\" class=\"wp-image-2179\" srcset=\"https:\/\/diariodelsurdigital.com.ar\/wp-content\/uploads\/2025\/04\/Imagen-de-WhatsApp-2025-04-20-a-las-19.14.56_be1e01f0-1024x768.jpg 1024w, https:\/\/diariodelsurdigital.com.ar\/wp-content\/uploads\/2025\/04\/Imagen-de-WhatsApp-2025-04-20-a-las-19.14.56_be1e01f0-300x225.jpg 300w, https:\/\/diariodelsurdigital.com.ar\/wp-content\/uploads\/2025\/04\/Imagen-de-WhatsApp-2025-04-20-a-las-19.14.56_be1e01f0-768x576.jpg 768w, https:\/\/diariodelsurdigital.com.ar\/wp-content\/uploads\/2025\/04\/Imagen-de-WhatsApp-2025-04-20-a-las-19.14.56_be1e01f0-1536x1152.jpg 1536w, https:\/\/diariodelsurdigital.com.ar\/wp-content\/uploads\/2025\/04\/Imagen-de-WhatsApp-2025-04-20-a-las-19.14.56_be1e01f0-560x420.jpg 560w, https:\/\/diariodelsurdigital.com.ar\/wp-content\/uploads\/2025\/04\/Imagen-de-WhatsApp-2025-04-20-a-las-19.14.56_be1e01f0-80x60.jpg 80w, https:\/\/diariodelsurdigital.com.ar\/wp-content\/uploads\/2025\/04\/Imagen-de-WhatsApp-2025-04-20-a-las-19.14.56_be1e01f0-696x522.jpg 696w, https:\/\/diariodelsurdigital.com.ar\/wp-content\/uploads\/2025\/04\/Imagen-de-WhatsApp-2025-04-20-a-las-19.14.56_be1e01f0-1068x801.jpg 1068w, https:\/\/diariodelsurdigital.com.ar\/wp-content\/uploads\/2025\/04\/Imagen-de-WhatsApp-2025-04-20-a-las-19.14.56_be1e01f0-265x198.jpg 265w, https:\/\/diariodelsurdigital.com.ar\/wp-content\/uploads\/2025\/04\/Imagen-de-WhatsApp-2025-04-20-a-las-19.14.56_be1e01f0.jpg 1600w\" sizes=\"auto, (max-width: 1024px) 100vw, 1024px\" \/><\/figure>\n\n\n\n<p>Hoy, el frigor\u00edfico es un gran duende de hormig\u00f3n que cerr\u00f3 all\u00e1 por 1980, que quiere renacer de las cenizas en una especie de medio cultural y comercial. \u201cEstamos a unos pocos kil\u00f3metros de Col\u00f3n que ha crecido en forma exponencial tur\u00edsticamente y creo que no falta mucho para que Liebig sea una parte importante del circuito entre Col\u00f3n y San Jos\u00e9\u201d, nos se\u00f1ala Osvaldo.<\/p>\n\n\n\n<figure class=\"wp-block-image size-full\"><img loading=\"lazy\" decoding=\"async\" width=\"694\" height=\"593\" src=\"https:\/\/diariodelsurdigital.com.ar\/wp-content\/uploads\/2025\/04\/Liebig.jpg\" alt=\"\" class=\"wp-image-2183\" srcset=\"https:\/\/diariodelsurdigital.com.ar\/wp-content\/uploads\/2025\/04\/Liebig.jpg 694w, https:\/\/diariodelsurdigital.com.ar\/wp-content\/uploads\/2025\/04\/Liebig-300x256.jpg 300w, https:\/\/diariodelsurdigital.com.ar\/wp-content\/uploads\/2025\/04\/Liebig-492x420.jpg 492w\" sizes=\"auto, (max-width: 694px) 100vw, 694px\" \/><\/figure>\n\n\n\n<p>Liebig tuvo que adaptarse a los nuevos tiempos a partir del cierre del Frigor\u00edfico, \u201cla mano de obra desocupada supo sobrevivir y reinventarse a actividades como al desplume de aves (peladero), Las Camelias, Bonn\u00edn Hermanos y el frigor\u00edfico Noelma S.A. y los aserraderos de la zona que de alguna manera absorvi\u00f3 esa mano de obra\u201d, explic\u00f3 Fern\u00e1ndez.<\/p>\n\n\n\n<figure class=\"wp-block-image size-large\"><img loading=\"lazy\" decoding=\"async\" width=\"1024\" height=\"768\" src=\"https:\/\/diariodelsurdigital.com.ar\/wp-content\/uploads\/2025\/04\/Imagen-de-WhatsApp-2025-04-20-a-las-19.11.30_938be6a0-1024x768.jpg\" alt=\"\" class=\"wp-image-2181\" srcset=\"https:\/\/diariodelsurdigital.com.ar\/wp-content\/uploads\/2025\/04\/Imagen-de-WhatsApp-2025-04-20-a-las-19.11.30_938be6a0-1024x768.jpg 1024w, https:\/\/diariodelsurdigital.com.ar\/wp-content\/uploads\/2025\/04\/Imagen-de-WhatsApp-2025-04-20-a-las-19.11.30_938be6a0-300x225.jpg 300w, https:\/\/diariodelsurdigital.com.ar\/wp-content\/uploads\/2025\/04\/Imagen-de-WhatsApp-2025-04-20-a-las-19.11.30_938be6a0-768x576.jpg 768w, https:\/\/diariodelsurdigital.com.ar\/wp-content\/uploads\/2025\/04\/Imagen-de-WhatsApp-2025-04-20-a-las-19.11.30_938be6a0-560x420.jpg 560w, https:\/\/diariodelsurdigital.com.ar\/wp-content\/uploads\/2025\/04\/Imagen-de-WhatsApp-2025-04-20-a-las-19.11.30_938be6a0-80x60.jpg 80w, https:\/\/diariodelsurdigital.com.ar\/wp-content\/uploads\/2025\/04\/Imagen-de-WhatsApp-2025-04-20-a-las-19.11.30_938be6a0-696x522.jpg 696w, https:\/\/diariodelsurdigital.com.ar\/wp-content\/uploads\/2025\/04\/Imagen-de-WhatsApp-2025-04-20-a-las-19.11.30_938be6a0-1068x801.jpg 1068w, https:\/\/diariodelsurdigital.com.ar\/wp-content\/uploads\/2025\/04\/Imagen-de-WhatsApp-2025-04-20-a-las-19.11.30_938be6a0-265x198.jpg 265w, https:\/\/diariodelsurdigital.com.ar\/wp-content\/uploads\/2025\/04\/Imagen-de-WhatsApp-2025-04-20-a-las-19.11.30_938be6a0.jpg 1280w\" sizes=\"auto, (max-width: 1024px) 100vw, 1024px\" \/><\/figure>\n\n\n\n<p>Se\u00f1alando con su dedo \u00edndice, don Osvaldo, desde su boliche de esquina frente a la Iglesia, nos describe las casas de los obreros constru\u00eddas en serie y los chalets en un apartado que era por lo general usada por los empresarios. Tambi\u00e9n la \u201cCasa de Visitas\u201d, en donde supo pernoctar hasta el mism\u00edsimo pr\u00edncipe de Gales all\u00e1 por el a\u00f1o 1925.<\/p>\n\n\n\n<figure class=\"wp-block-image size-large\"><img loading=\"lazy\" decoding=\"async\" width=\"1024\" height=\"768\" src=\"https:\/\/diariodelsurdigital.com.ar\/wp-content\/uploads\/2025\/04\/Imagen-de-WhatsApp-2025-04-20-a-las-19.11.30_e8d5cae3-1024x768.jpg\" alt=\"\" class=\"wp-image-2182\" srcset=\"https:\/\/diariodelsurdigital.com.ar\/wp-content\/uploads\/2025\/04\/Imagen-de-WhatsApp-2025-04-20-a-las-19.11.30_e8d5cae3-1024x768.jpg 1024w, https:\/\/diariodelsurdigital.com.ar\/wp-content\/uploads\/2025\/04\/Imagen-de-WhatsApp-2025-04-20-a-las-19.11.30_e8d5cae3-300x225.jpg 300w, https:\/\/diariodelsurdigital.com.ar\/wp-content\/uploads\/2025\/04\/Imagen-de-WhatsApp-2025-04-20-a-las-19.11.30_e8d5cae3-768x576.jpg 768w, https:\/\/diariodelsurdigital.com.ar\/wp-content\/uploads\/2025\/04\/Imagen-de-WhatsApp-2025-04-20-a-las-19.11.30_e8d5cae3-560x420.jpg 560w, https:\/\/diariodelsurdigital.com.ar\/wp-content\/uploads\/2025\/04\/Imagen-de-WhatsApp-2025-04-20-a-las-19.11.30_e8d5cae3-80x60.jpg 80w, https:\/\/diariodelsurdigital.com.ar\/wp-content\/uploads\/2025\/04\/Imagen-de-WhatsApp-2025-04-20-a-las-19.11.30_e8d5cae3-696x522.jpg 696w, https:\/\/diariodelsurdigital.com.ar\/wp-content\/uploads\/2025\/04\/Imagen-de-WhatsApp-2025-04-20-a-las-19.11.30_e8d5cae3-1068x801.jpg 1068w, https:\/\/diariodelsurdigital.com.ar\/wp-content\/uploads\/2025\/04\/Imagen-de-WhatsApp-2025-04-20-a-las-19.11.30_e8d5cae3-265x198.jpg 265w, https:\/\/diariodelsurdigital.com.ar\/wp-content\/uploads\/2025\/04\/Imagen-de-WhatsApp-2025-04-20-a-las-19.11.30_e8d5cae3.jpg 1280w\" sizes=\"auto, (max-width: 1024px) 100vw, 1024px\" \/><\/figure>\n\n\n\n<p>A modo de continuar ilustrando su charla, Fern\u00e1ndez aclar\u00f3 que la materia gris la aport\u00f3 Justus Von Liebig, un alem\u00e1n que invent\u00f3 el extracto de carne enlatado que permit\u00eda transportar sin inconvenientes el producto al nuevo mundo, pero que el capital era ingl\u00e9s. Parad\u00f3jicamente Liebig nunca pis\u00f3 estas tierras.<\/p>\n\n\n\n<figure class=\"wp-block-image size-large\"><img loading=\"lazy\" decoding=\"async\" width=\"768\" height=\"1024\" src=\"https:\/\/diariodelsurdigital.com.ar\/wp-content\/uploads\/2025\/04\/Imagen-de-WhatsApp-2025-04-20-a-las-19.11.30_6f56fab0-768x1024.jpg\" alt=\"\" class=\"wp-image-2180\" srcset=\"https:\/\/diariodelsurdigital.com.ar\/wp-content\/uploads\/2025\/04\/Imagen-de-WhatsApp-2025-04-20-a-las-19.11.30_6f56fab0-768x1024.jpg 768w, https:\/\/diariodelsurdigital.com.ar\/wp-content\/uploads\/2025\/04\/Imagen-de-WhatsApp-2025-04-20-a-las-19.11.30_6f56fab0-225x300.jpg 225w, https:\/\/diariodelsurdigital.com.ar\/wp-content\/uploads\/2025\/04\/Imagen-de-WhatsApp-2025-04-20-a-las-19.11.30_6f56fab0-315x420.jpg 315w, https:\/\/diariodelsurdigital.com.ar\/wp-content\/uploads\/2025\/04\/Imagen-de-WhatsApp-2025-04-20-a-las-19.11.30_6f56fab0-696x928.jpg 696w, https:\/\/diariodelsurdigital.com.ar\/wp-content\/uploads\/2025\/04\/Imagen-de-WhatsApp-2025-04-20-a-las-19.11.30_6f56fab0.jpg 960w\" sizes=\"auto, (max-width: 768px) 100vw, 768px\" \/><\/figure>\n\n\n\n<p>Los minutos se tornaron muy importantes ante el interlocutor, pero yo ten\u00eda que continuar viaje. Liebig no es el pueblito de hace unos ocho a\u00f1os atr\u00e1s. Es un ave f\u00e9nix que supo resurgir de las cenizas y que promete mucho m\u00e1s. Liebig es un reflejo de su gente obstinada a bajar lo brazos y a querer un futuro mejor para sus hijos y para quienes lo visitan.<\/p>\n\n\n\n<p><\/p>\n","protected":false},"excerpt":{"rendered":"<p>El sol estaba en su esplendor este s\u00e1bado en Pueblo Liebig, cuando se me ocurri\u00f3 preguntar en un boliche si conoc\u00edan a Oscar Perdomo que hace poco se mud\u00f3 a ese pulm\u00f3n verde. Un se\u00f1or muy atento con un repasador en mano, esos de repasar muebles y mesas me respondi\u00f3 muy atento a mi requisitoria. [&hellip;]<\/p>\n","protected":false},"author":2,"featured_media":2178,"comment_status":"open","ping_status":"open","sticky":false,"template":"","format":"standard","meta":{"footnotes":""},"categories":[17],"tags":[],"class_list":{"0":"post-2177","1":"post","2":"type-post","3":"status-publish","4":"format-standard","5":"has-post-thumbnail","7":"category-provinciales"},"yoast_head":"<!-- This site is optimized with the Yoast SEO plugin v27.4 - https:\/\/yoast.com\/product\/yoast-seo-wordpress\/ -->\n<title>Liebig un espacio entre Col\u00f3n y San Jos\u00e9 contado por Osvaldo Fern\u00e1ndez - Diario del Sur<\/title>\n<meta name=\"robots\" content=\"index, follow, max-snippet:-1, max-image-preview:large, max-video-preview:-1\" \/>\n<link rel=\"canonical\" href=\"https:\/\/diariodelsurdigital.com.ar\/?p=2177\" \/>\n<meta property=\"og:locale\" content=\"es_ES\" \/>\n<meta property=\"og:type\" content=\"article\" \/>\n<meta property=\"og:title\" content=\"Liebig un espacio entre Col\u00f3n y San Jos\u00e9 contado por Osvaldo Fern\u00e1ndez - Diario del Sur\" \/>\n<meta property=\"og:description\" content=\"El sol estaba en su esplendor este s\u00e1bado en Pueblo Liebig, cuando se me ocurri\u00f3 preguntar en un boliche si conoc\u00edan a Oscar Perdomo que hace poco se mud\u00f3 a ese pulm\u00f3n verde. Un se\u00f1or muy atento con un repasador en mano, esos de repasar muebles y mesas me respondi\u00f3 muy atento a mi requisitoria. [&hellip;]\" \/>\n<meta property=\"og:url\" content=\"https:\/\/diariodelsurdigital.com.ar\/?p=2177\" \/>\n<meta property=\"og:site_name\" content=\"Diario del Sur\" \/>\n<meta property=\"article:published_time\" content=\"2025-04-20T22:21:02+00:00\" \/>\n<meta property=\"article:modified_time\" content=\"2025-04-20T22:21:03+00:00\" \/>\n<meta property=\"og:image\" content=\"https:\/\/diariodelsurdigital.com.ar\/wp-content\/uploads\/2025\/04\/Imagen-de-WhatsApp-2025-04-20-a-las-19.11.31_2a078cee.jpg\" \/>\n\t<meta property=\"og:image:width\" content=\"457\" \/>\n\t<meta property=\"og:image:height\" content=\"312\" \/>\n\t<meta property=\"og:image:type\" content=\"image\/jpeg\" \/>\n<meta name=\"author\" content=\"Diario del Sur Digital\" \/>\n<meta name=\"twitter:card\" content=\"summary_large_image\" \/>\n<meta name=\"twitter:label1\" content=\"Escrito por\" \/>\n\t<meta name=\"twitter:data1\" content=\"Diario del Sur Digital\" \/>\n\t<meta name=\"twitter:label2\" content=\"Tiempo de lectura\" \/>\n\t<meta name=\"twitter:data2\" content=\"4 minutos\" \/>\n<script type=\"application\/ld+json\" class=\"yoast-schema-graph\">{\"@context\":\"https:\\\/\\\/schema.org\",\"@graph\":[{\"@type\":\"Article\",\"@id\":\"https:\\\/\\\/diariodelsurdigital.com.ar\\\/?p=2177#article\",\"isPartOf\":{\"@id\":\"https:\\\/\\\/diariodelsurdigital.com.ar\\\/?p=2177\"},\"author\":{\"name\":\"Diario del Sur Digital\",\"@id\":\"https:\\\/\\\/diariodelsurdigital.com.ar\\\/#\\\/schema\\\/person\\\/6136a32571657f7dba980b88b04c5465\"},\"headline\":\"Liebig un espacio entre Col\u00f3n y San Jos\u00e9 contado por Osvaldo Fern\u00e1ndez\",\"datePublished\":\"2025-04-20T22:21:02+00:00\",\"dateModified\":\"2025-04-20T22:21:03+00:00\",\"mainEntityOfPage\":{\"@id\":\"https:\\\/\\\/diariodelsurdigital.com.ar\\\/?p=2177\"},\"wordCount\":499,\"commentCount\":0,\"image\":{\"@id\":\"https:\\\/\\\/diariodelsurdigital.com.ar\\\/?p=2177#primaryimage\"},\"thumbnailUrl\":\"https:\\\/\\\/diariodelsurdigital.com.ar\\\/wp-content\\\/uploads\\\/2025\\\/04\\\/Imagen-de-WhatsApp-2025-04-20-a-las-19.11.31_2a078cee.jpg\",\"articleSection\":[\"Provinciales\"],\"inLanguage\":\"es\",\"potentialAction\":[{\"@type\":\"CommentAction\",\"name\":\"Comment\",\"target\":[\"https:\\\/\\\/diariodelsurdigital.com.ar\\\/?p=2177#respond\"]}]},{\"@type\":\"WebPage\",\"@id\":\"https:\\\/\\\/diariodelsurdigital.com.ar\\\/?p=2177\",\"url\":\"https:\\\/\\\/diariodelsurdigital.com.ar\\\/?p=2177\",\"name\":\"Liebig un espacio entre Col\u00f3n y San Jos\u00e9 contado por Osvaldo Fern\u00e1ndez - Diario del Sur\",\"isPartOf\":{\"@id\":\"https:\\\/\\\/diariodelsurdigital.com.ar\\\/#website\"},\"primaryImageOfPage\":{\"@id\":\"https:\\\/\\\/diariodelsurdigital.com.ar\\\/?p=2177#primaryimage\"},\"image\":{\"@id\":\"https:\\\/\\\/diariodelsurdigital.com.ar\\\/?p=2177#primaryimage\"},\"thumbnailUrl\":\"https:\\\/\\\/diariodelsurdigital.com.ar\\\/wp-content\\\/uploads\\\/2025\\\/04\\\/Imagen-de-WhatsApp-2025-04-20-a-las-19.11.31_2a078cee.jpg\",\"datePublished\":\"2025-04-20T22:21:02+00:00\",\"dateModified\":\"2025-04-20T22:21:03+00:00\",\"author\":{\"@id\":\"https:\\\/\\\/diariodelsurdigital.com.ar\\\/#\\\/schema\\\/person\\\/6136a32571657f7dba980b88b04c5465\"},\"breadcrumb\":{\"@id\":\"https:\\\/\\\/diariodelsurdigital.com.ar\\\/?p=2177#breadcrumb\"},\"inLanguage\":\"es\",\"potentialAction\":[{\"@type\":\"ReadAction\",\"target\":[\"https:\\\/\\\/diariodelsurdigital.com.ar\\\/?p=2177\"]}]},{\"@type\":\"ImageObject\",\"inLanguage\":\"es\",\"@id\":\"https:\\\/\\\/diariodelsurdigital.com.ar\\\/?p=2177#primaryimage\",\"url\":\"https:\\\/\\\/diariodelsurdigital.com.ar\\\/wp-content\\\/uploads\\\/2025\\\/04\\\/Imagen-de-WhatsApp-2025-04-20-a-las-19.11.31_2a078cee.jpg\",\"contentUrl\":\"https:\\\/\\\/diariodelsurdigital.com.ar\\\/wp-content\\\/uploads\\\/2025\\\/04\\\/Imagen-de-WhatsApp-2025-04-20-a-las-19.11.31_2a078cee.jpg\",\"width\":457,\"height\":312},{\"@type\":\"BreadcrumbList\",\"@id\":\"https:\\\/\\\/diariodelsurdigital.com.ar\\\/?p=2177#breadcrumb\",\"itemListElement\":[{\"@type\":\"ListItem\",\"position\":1,\"name\":\"Portada\",\"item\":\"https:\\\/\\\/diariodelsurdigital.com.ar\\\/\"},{\"@type\":\"ListItem\",\"position\":2,\"name\":\"Liebig un espacio entre Col\u00f3n y San Jos\u00e9 contado por Osvaldo Fern\u00e1ndez\"}]},{\"@type\":\"WebSite\",\"@id\":\"https:\\\/\\\/diariodelsurdigital.com.ar\\\/#website\",\"url\":\"https:\\\/\\\/diariodelsurdigital.com.ar\\\/\",\"name\":\"Diario del Sur\",\"description\":\"Digital\",\"potentialAction\":[{\"@type\":\"SearchAction\",\"target\":{\"@type\":\"EntryPoint\",\"urlTemplate\":\"https:\\\/\\\/diariodelsurdigital.com.ar\\\/?s={search_term_string}\"},\"query-input\":{\"@type\":\"PropertyValueSpecification\",\"valueRequired\":true,\"valueName\":\"search_term_string\"}}],\"inLanguage\":\"es\"},{\"@type\":\"Person\",\"@id\":\"https:\\\/\\\/diariodelsurdigital.com.ar\\\/#\\\/schema\\\/person\\\/6136a32571657f7dba980b88b04c5465\",\"name\":\"Diario del Sur Digital\",\"image\":{\"@type\":\"ImageObject\",\"inLanguage\":\"es\",\"@id\":\"https:\\\/\\\/secure.gravatar.com\\\/avatar\\\/4c29ceac98541dd42460b2474aaa5dd37594d6ce6cb3cf2c101d09b48ee287ba?s=96&d=mm&r=g\",\"url\":\"https:\\\/\\\/secure.gravatar.com\\\/avatar\\\/4c29ceac98541dd42460b2474aaa5dd37594d6ce6cb3cf2c101d09b48ee287ba?s=96&d=mm&r=g\",\"contentUrl\":\"https:\\\/\\\/secure.gravatar.com\\\/avatar\\\/4c29ceac98541dd42460b2474aaa5dd37594d6ce6cb3cf2c101d09b48ee287ba?s=96&d=mm&r=g\",\"caption\":\"Diario del Sur Digital\"},\"url\":\"https:\\\/\\\/diariodelsurdigital.com.ar\\\/?author=2\"}]}<\/script>\n<!-- \/ Yoast SEO plugin. -->","yoast_head_json":{"title":"Liebig un espacio entre Col\u00f3n y San Jos\u00e9 contado por Osvaldo Fern\u00e1ndez - Diario del Sur","robots":{"index":"index","follow":"follow","max-snippet":"max-snippet:-1","max-image-preview":"max-image-preview:large","max-video-preview":"max-video-preview:-1"},"canonical":"https:\/\/diariodelsurdigital.com.ar\/?p=2177","og_locale":"es_ES","og_type":"article","og_title":"Liebig un espacio entre Col\u00f3n y San Jos\u00e9 contado por Osvaldo Fern\u00e1ndez - Diario del Sur","og_description":"El sol estaba en su esplendor este s\u00e1bado en Pueblo Liebig, cuando se me ocurri\u00f3 preguntar en un boliche si conoc\u00edan a Oscar Perdomo que hace poco se mud\u00f3 a ese pulm\u00f3n verde. Un se\u00f1or muy atento con un repasador en mano, esos de repasar muebles y mesas me respondi\u00f3 muy atento a mi requisitoria. [&hellip;]","og_url":"https:\/\/diariodelsurdigital.com.ar\/?p=2177","og_site_name":"Diario del Sur","article_published_time":"2025-04-20T22:21:02+00:00","article_modified_time":"2025-04-20T22:21:03+00:00","og_image":[{"width":457,"height":312,"url":"https:\/\/diariodelsurdigital.com.ar\/wp-content\/uploads\/2025\/04\/Imagen-de-WhatsApp-2025-04-20-a-las-19.11.31_2a078cee.jpg","type":"image\/jpeg"}],"author":"Diario del Sur Digital","twitter_card":"summary_large_image","twitter_misc":{"Escrito por":"Diario del Sur Digital","Tiempo de lectura":"4 minutos"},"schema":{"@context":"https:\/\/schema.org","@graph":[{"@type":"Article","@id":"https:\/\/diariodelsurdigital.com.ar\/?p=2177#article","isPartOf":{"@id":"https:\/\/diariodelsurdigital.com.ar\/?p=2177"},"author":{"name":"Diario del Sur Digital","@id":"https:\/\/diariodelsurdigital.com.ar\/#\/schema\/person\/6136a32571657f7dba980b88b04c5465"},"headline":"Liebig un espacio entre Col\u00f3n y San Jos\u00e9 contado por Osvaldo Fern\u00e1ndez","datePublished":"2025-04-20T22:21:02+00:00","dateModified":"2025-04-20T22:21:03+00:00","mainEntityOfPage":{"@id":"https:\/\/diariodelsurdigital.com.ar\/?p=2177"},"wordCount":499,"commentCount":0,"image":{"@id":"https:\/\/diariodelsurdigital.com.ar\/?p=2177#primaryimage"},"thumbnailUrl":"https:\/\/diariodelsurdigital.com.ar\/wp-content\/uploads\/2025\/04\/Imagen-de-WhatsApp-2025-04-20-a-las-19.11.31_2a078cee.jpg","articleSection":["Provinciales"],"inLanguage":"es","potentialAction":[{"@type":"CommentAction","name":"Comment","target":["https:\/\/diariodelsurdigital.com.ar\/?p=2177#respond"]}]},{"@type":"WebPage","@id":"https:\/\/diariodelsurdigital.com.ar\/?p=2177","url":"https:\/\/diariodelsurdigital.com.ar\/?p=2177","name":"Liebig un espacio entre Col\u00f3n y San Jos\u00e9 contado por Osvaldo Fern\u00e1ndez - Diario del Sur","isPartOf":{"@id":"https:\/\/diariodelsurdigital.com.ar\/#website"},"primaryImageOfPage":{"@id":"https:\/\/diariodelsurdigital.com.ar\/?p=2177#primaryimage"},"image":{"@id":"https:\/\/diariodelsurdigital.com.ar\/?p=2177#primaryimage"},"thumbnailUrl":"https:\/\/diariodelsurdigital.com.ar\/wp-content\/uploads\/2025\/04\/Imagen-de-WhatsApp-2025-04-20-a-las-19.11.31_2a078cee.jpg","datePublished":"2025-04-20T22:21:02+00:00","dateModified":"2025-04-20T22:21:03+00:00","author":{"@id":"https:\/\/diariodelsurdigital.com.ar\/#\/schema\/person\/6136a32571657f7dba980b88b04c5465"},"breadcrumb":{"@id":"https:\/\/diariodelsurdigital.com.ar\/?p=2177#breadcrumb"},"inLanguage":"es","potentialAction":[{"@type":"ReadAction","target":["https:\/\/diariodelsurdigital.com.ar\/?p=2177"]}]},{"@type":"ImageObject","inLanguage":"es","@id":"https:\/\/diariodelsurdigital.com.ar\/?p=2177#primaryimage","url":"https:\/\/diariodelsurdigital.com.ar\/wp-content\/uploads\/2025\/04\/Imagen-de-WhatsApp-2025-04-20-a-las-19.11.31_2a078cee.jpg","contentUrl":"https:\/\/diariodelsurdigital.com.ar\/wp-content\/uploads\/2025\/04\/Imagen-de-WhatsApp-2025-04-20-a-las-19.11.31_2a078cee.jpg","width":457,"height":312},{"@type":"BreadcrumbList","@id":"https:\/\/diariodelsurdigital.com.ar\/?p=2177#breadcrumb","itemListElement":[{"@type":"ListItem","position":1,"name":"Portada","item":"https:\/\/diariodelsurdigital.com.ar\/"},{"@type":"ListItem","position":2,"name":"Liebig un espacio entre Col\u00f3n y San Jos\u00e9 contado por Osvaldo Fern\u00e1ndez"}]},{"@type":"WebSite","@id":"https:\/\/diariodelsurdigital.com.ar\/#website","url":"https:\/\/diariodelsurdigital.com.ar\/","name":"Diario del Sur","description":"Digital","potentialAction":[{"@type":"SearchAction","target":{"@type":"EntryPoint","urlTemplate":"https:\/\/diariodelsurdigital.com.ar\/?s={search_term_string}"},"query-input":{"@type":"PropertyValueSpecification","valueRequired":true,"valueName":"search_term_string"}}],"inLanguage":"es"},{"@type":"Person","@id":"https:\/\/diariodelsurdigital.com.ar\/#\/schema\/person\/6136a32571657f7dba980b88b04c5465","name":"Diario del Sur Digital","image":{"@type":"ImageObject","inLanguage":"es","@id":"https:\/\/secure.gravatar.com\/avatar\/4c29ceac98541dd42460b2474aaa5dd37594d6ce6cb3cf2c101d09b48ee287ba?s=96&d=mm&r=g","url":"https:\/\/secure.gravatar.com\/avatar\/4c29ceac98541dd42460b2474aaa5dd37594d6ce6cb3cf2c101d09b48ee287ba?s=96&d=mm&r=g","contentUrl":"https:\/\/secure.gravatar.com\/avatar\/4c29ceac98541dd42460b2474aaa5dd37594d6ce6cb3cf2c101d09b48ee287ba?s=96&d=mm&r=g","caption":"Diario del Sur Digital"},"url":"https:\/\/diariodelsurdigital.com.ar\/?author=2"}]}},"_links":{"self":[{"href":"https:\/\/diariodelsurdigital.com.ar\/index.php?rest_route=\/wp\/v2\/posts\/2177","targetHints":{"allow":["GET"]}}],"collection":[{"href":"https:\/\/diariodelsurdigital.com.ar\/index.php?rest_route=\/wp\/v2\/posts"}],"about":[{"href":"https:\/\/diariodelsurdigital.com.ar\/index.php?rest_route=\/wp\/v2\/types\/post"}],"author":[{"embeddable":true,"href":"https:\/\/diariodelsurdigital.com.ar\/index.php?rest_route=\/wp\/v2\/users\/2"}],"replies":[{"embeddable":true,"href":"https:\/\/diariodelsurdigital.com.ar\/index.php?rest_route=%2Fwp%2Fv2%2Fcomments&post=2177"}],"version-history":[{"count":1,"href":"https:\/\/diariodelsurdigital.com.ar\/index.php?rest_route=\/wp\/v2\/posts\/2177\/revisions"}],"predecessor-version":[{"id":2184,"href":"https:\/\/diariodelsurdigital.com.ar\/index.php?rest_route=\/wp\/v2\/posts\/2177\/revisions\/2184"}],"wp:featuredmedia":[{"embeddable":true,"href":"https:\/\/diariodelsurdigital.com.ar\/index.php?rest_route=\/wp\/v2\/media\/2178"}],"wp:attachment":[{"href":"https:\/\/diariodelsurdigital.com.ar\/index.php?rest_route=%2Fwp%2Fv2%2Fmedia&parent=2177"}],"wp:term":[{"taxonomy":"category","embeddable":true,"href":"https:\/\/diariodelsurdigital.com.ar\/index.php?rest_route=%2Fwp%2Fv2%2Fcategories&post=2177"},{"taxonomy":"post_tag","embeddable":true,"href":"https:\/\/diariodelsurdigital.com.ar\/index.php?rest_route=%2Fwp%2Fv2%2Ftags&post=2177"}],"curies":[{"name":"wp","href":"https:\/\/api.w.org\/{rel}","templated":true}]}}