{"id":2185,"date":"2025-04-20T21:29:54","date_gmt":"2025-04-21T00:29:54","guid":{"rendered":"https:\/\/diariodelsurdigital.com.ar\/?p=2185"},"modified":"2025-04-20T21:29:55","modified_gmt":"2025-04-21T00:29:55","slug":"con-casi-80-anos-maya-se-postula-y-pide-plantear-una-alternativa-renovadora","status":"publish","type":"post","link":"https:\/\/diariodelsurdigital.com.ar\/?p=2185","title":{"rendered":"Con casi 80 a\u00f1os Maya se postula y pide plantear \u201cuna alternativa renovadora\u201d"},"content":{"rendered":"\n<h2 class=\"wp-block-heading\" id=\"nota-title\">  El gualeguaychuense H\u00e9ctor Maya brind\u00f3 declaraciones y toc\u00f3 varios temas. Habl\u00f3 del peronismo en Entre R\u00edos, cr\u00edtic\u00f3 al gobierno de Milei y se refiri\u00f3 al de Frigerio, a quien defini\u00f3 como \u201cun amigo\u201d.<\/h2>\n\n\n\n<p>\u201cEn el peronismo entrerriano hay que plantear una nueva alternativa, que sea de renovaci\u00f3n con hombres de experiencia, pero tambi\u00e9n con la participaci\u00f3n y la m\u00edstica de la juventud con quien espero integrar la lista para hacer una propuesta de lealtad peronista. Que sea con j\u00f3venes haciendo, porque no se puede ir a aprender y a calentar asiento al Senado de la Naci\u00f3n o a la C\u00e1mara de Diputados, hay que ir con propuestas concretas y defender los destinos de la provincia donde se distribuyen los recursos que hay a nivel nacional\u201d, dijo.<\/p>\n\n\n\n<p><strong>\u2014\u00bfTiene alguna propuesta?<\/strong><\/p>\n\n\n\n<p>\u2014Voy a participar en las elecciones. Me han propuesto un grupo de compa\u00f1eros que sea candidato a Senador Nacional. No soy nadie para discriminar para que otros participen, por el contrario, creo que la vida de los partidos pol\u00edticos se fortalece con la participaci\u00f3n en internas democr\u00e1ticas y espero que as\u00ed sea. Pero tambi\u00e9n me voy a oponer a quienes tuvieron la mayor responsabilidad, si bien todos tuvimos responsabilidad en el rechazo de la gente y la bronca al peronismo, la mayor responsabilidad la tuvieron quienes gobernaron.<\/p>\n\n\n\n<p>R\u00e1pidamente, y sin mediar pregunta, el gualeguaychuense manifest\u00f3 que \u201ctengo la esperanza de que antes de fin de mes el Consejo Provincial del Peronismo haga conocer el programa porque estamos a 120 d\u00edas de la presentaci\u00f3n de listas y a 90 de la posibilidad de que haya elecciones internas\u201d.<\/p>\n\n\n\n<p>A lo que anex\u00f3: \u201cEs un tiempo muy breve ante el gran desaf\u00edo que tienen que enfrentar los candidatos para plantear sus ideas ante la gente. As\u00ed que espero que en los pr\u00f3ximos d\u00edas tenga la grata sorpresa que nos comunique el programa de elecciones\u201d.<\/p>\n\n\n\n<p><strong>\u2014A nivel nacional el peronismo est\u00e1 muy fragmentado, \u00bfqu\u00e9 mirada tiene?<\/strong><\/p>\n\n\n\n<p>\u2014Siempre fui opositor a Cristina Fern\u00e1ndez, pero no hay quien tenga un mayor caudal de votos y, en consecuencia, tiene que definir su liderazgo, ir de candidata a ganar o perder. Si gana, consolidar\u00e1 su liderazgo, si pierde, cierra su ciclo y habilita la renovaci\u00f3n del peronismo.<\/p>\n\n\n\n<h5 class=\"wp-block-heading\"><strong>Mirada del plano nacional<\/strong><\/h5>\n\n\n\n<p>\u201cTengo una mirada de mucho reproche, muy negativa, de lo que es la pol\u00edtica de Javier Milei. Y en los \u00faltimos d\u00edas, con las medidas nuevas hay una jactancia infundada de la estabilidad del d\u00f3lar y creen que esa es la respuesta adecuada que espera la sociedad\u201d, expres\u00f3 el dirigente.<\/p>\n\n\n\n<p>Y a\u00f1adi\u00f3: \u201cMiro lo que pasa en los hogares de los trabajadores, donde la variaci\u00f3n de los precios de la canasta alimentaria fulminan el sueldo y los ingresos de la gente y es tremendo. El plan Milei le impone a los trabajadores y a sus familias ayuno intermitente, que es algo que est\u00e1 de moda, pero lamentablemente cualquier trabajador que tiene que comprar alg\u00fan remedio y alg\u00fan gasto menor no le alcanza. Las variaciones de precios han sido en estos \u00faltimos d\u00edas explosivas, mucho m\u00e1s que lo que dicen los indicadores\u201d.<\/p>\n\n\n\n<p>Y dispar\u00f3: \u201cEl perfil m\u00e1s notorio que se observa es el del carry trade, de los que vienen con d\u00f3lares de afuera los convierten en pesos, los colocan a tasa usurarias y cuando un integrante del grupo, como lo es el Ministro de Econom\u00eda (Luis Caputo), les avisa, vuelven a cambiar por d\u00f3lares baratos y se van\u201d.<\/p>\n\n\n\n<p>Finalmente, expres\u00f3: \u201cAs\u00ed se llevaron en el \u00faltimo tramo del gobierno de Macri 40 mil millones de d\u00f3lares y ahora van a hacer lo mismo\u201d.<\/p>\n\n\n\n<p><strong>\u2014\u00bfEs tan as\u00ed ahora?<\/strong><\/p>\n\n\n\n<p>\u2014No conozco antecedente de un pa\u00eds del mundo que salga adelante sobre la base de la especulaci\u00f3n financiera. Creo que los pa\u00edses salen adelante cuando se trabaja, cuando se aumenta la producci\u00f3n, donde el empleo crece. Pertenezco a un peronismo que tiene una visi\u00f3n humanista y cristiana, a partir del amor y de la realizaci\u00f3n colectiva de solidaridad, la pol\u00edtica de Milei es una pol\u00edtica individualista, ego\u00edsta y perversa.<\/p>\n\n\n\n<h5 class=\"wp-block-heading\">Sobre el gobierno de Rogelio Frigerio<\/h5>\n\n\n\n<p>Maya fue consultado acerca del gobierno entrerriano y, fiel a su estilo, dijo lo suyo. \u201cLo conozco mucho a Rogelio Frigerio, hace muchos a\u00f1os trabajamos juntos cuando \u00e9l estaba en econom\u00eda con Roque Fern\u00e1ndez. Tengo una relaci\u00f3n de amistad con \u00e9l, pero no comparto, por supuesto, con el grupo pol\u00edtico en el cual est\u00e1. Imagino la mortificaci\u00f3n que tiene porque \u00e9l, si bien no es peronista, tiene un perfil desarrollista, es cuasi peronista y estar conviviendo con una pol\u00edtica individualista y perversa como la del gobierno nacional no debe ser sencillo\u201d.<\/p>\n\n\n\n<p>M\u00e1s adelante anex\u00f3: \u201cLo que le puedo reprochar a Frigerio es que no tiene el ritmo que se requiere para las necesidades de la provincia y toma recaudos en extremo\u201d.<\/p>\n\n\n\n<p>Para el final, H\u00e9ctor Maya opin\u00f3: \u201cEscuch\u00e9 al Gobernador d\u00edas atr\u00e1s el reproche a los contratos truchos, ser\u00eda bueno que tambi\u00e9n se fije en la org\u00eda que significan las consultoras del equipo econ\u00f3mico, la trampa del carry trade y la corrupci\u00f3n del propio Presidente. Hoy la bronca le llega a Milei, pero por m\u00e1s que haga el esfuerzo el Gobernador, que no coincide en gran parte con Milei, si no se despega r\u00e1pidamente, la bronca tambi\u00e9n le va a llegar\u201d.<\/p>\n\n\n\n<p><strong>Fuente:<\/strong>\u00a0UNO Entre R\u00edos<\/p>\n","protected":false},"excerpt":{"rendered":"<p>El gualeguaychuense H\u00e9ctor Maya brind\u00f3 declaraciones y toc\u00f3 varios temas. Habl\u00f3 del peronismo en Entre R\u00edos, cr\u00edtic\u00f3 al gobierno de Milei y se refiri\u00f3 al de Frigerio, a quien defini\u00f3 como \u201cun amigo\u201d. \u201cEn el peronismo entrerriano hay que plantear una nueva alternativa, que sea de renovaci\u00f3n con hombres de experiencia, pero tambi\u00e9n con la [&hellip;]<\/p>\n","protected":false},"author":2,"featured_media":2186,"comment_status":"open","ping_status":"open","sticky":false,"template":"","format":"standard","meta":{"footnotes":""},"categories":[17],"tags":[],"class_list":{"0":"post-2185","1":"post","2":"type-post","3":"status-publish","4":"format-standard","5":"has-post-thumbnail","7":"category-provinciales"},"yoast_head":"<!-- This site is optimized with the Yoast SEO plugin v27.4 - https:\/\/yoast.com\/product\/yoast-seo-wordpress\/ -->\n<title>Con casi 80 a\u00f1os Maya se postula y pide plantear \u201cuna alternativa renovadora\u201d - Diario del Sur<\/title>\n<meta name=\"robots\" content=\"index, follow, max-snippet:-1, max-image-preview:large, max-video-preview:-1\" \/>\n<link rel=\"canonical\" href=\"https:\/\/diariodelsurdigital.com.ar\/?p=2185\" \/>\n<meta property=\"og:locale\" content=\"es_ES\" \/>\n<meta property=\"og:type\" content=\"article\" \/>\n<meta property=\"og:title\" content=\"Con casi 80 a\u00f1os Maya se postula y pide plantear \u201cuna alternativa renovadora\u201d - Diario del Sur\" \/>\n<meta property=\"og:description\" content=\"El gualeguaychuense H\u00e9ctor Maya brind\u00f3 declaraciones y toc\u00f3 varios temas. Habl\u00f3 del peronismo en Entre R\u00edos, cr\u00edtic\u00f3 al gobierno de Milei y se refiri\u00f3 al de Frigerio, a quien defini\u00f3 como \u201cun amigo\u201d. \u201cEn el peronismo entrerriano hay que plantear una nueva alternativa, que sea de renovaci\u00f3n con hombres de experiencia, pero tambi\u00e9n con la [&hellip;]\" \/>\n<meta property=\"og:url\" content=\"https:\/\/diariodelsurdigital.com.ar\/?p=2185\" \/>\n<meta property=\"og:site_name\" content=\"Diario del Sur\" \/>\n<meta property=\"article:published_time\" content=\"2025-04-21T00:29:54+00:00\" \/>\n<meta property=\"article:modified_time\" content=\"2025-04-21T00:29:55+00:00\" \/>\n<meta property=\"og:image\" content=\"https:\/\/diariodelsurdigital.com.ar\/wp-content\/uploads\/2025\/04\/maya.jpeg\" \/>\n\t<meta property=\"og:image:width\" content=\"435\" \/>\n\t<meta property=\"og:image:height\" content=\"290\" \/>\n\t<meta property=\"og:image:type\" content=\"image\/jpeg\" \/>\n<meta name=\"author\" content=\"Diario del Sur Digital\" \/>\n<meta name=\"twitter:card\" content=\"summary_large_image\" \/>\n<meta name=\"twitter:label1\" content=\"Escrito por\" \/>\n\t<meta name=\"twitter:data1\" content=\"Diario del Sur Digital\" \/>\n\t<meta name=\"twitter:label2\" content=\"Tiempo de lectura\" \/>\n\t<meta name=\"twitter:data2\" content=\"5 minutos\" \/>\n<script type=\"application\/ld+json\" class=\"yoast-schema-graph\">{\"@context\":\"https:\\\/\\\/schema.org\",\"@graph\":[{\"@type\":\"Article\",\"@id\":\"https:\\\/\\\/diariodelsurdigital.com.ar\\\/?p=2185#article\",\"isPartOf\":{\"@id\":\"https:\\\/\\\/diariodelsurdigital.com.ar\\\/?p=2185\"},\"author\":{\"name\":\"Diario del Sur Digital\",\"@id\":\"https:\\\/\\\/diariodelsurdigital.com.ar\\\/#\\\/schema\\\/person\\\/6136a32571657f7dba980b88b04c5465\"},\"headline\":\"Con casi 80 a\u00f1os Maya se postula y pide plantear \u201cuna alternativa renovadora\u201d\",\"datePublished\":\"2025-04-21T00:29:54+00:00\",\"dateModified\":\"2025-04-21T00:29:55+00:00\",\"mainEntityOfPage\":{\"@id\":\"https:\\\/\\\/diariodelsurdigital.com.ar\\\/?p=2185\"},\"wordCount\":955,\"commentCount\":0,\"image\":{\"@id\":\"https:\\\/\\\/diariodelsurdigital.com.ar\\\/?p=2185#primaryimage\"},\"thumbnailUrl\":\"https:\\\/\\\/diariodelsurdigital.com.ar\\\/wp-content\\\/uploads\\\/2025\\\/04\\\/maya.jpeg\",\"articleSection\":[\"Provinciales\"],\"inLanguage\":\"es\",\"potentialAction\":[{\"@type\":\"CommentAction\",\"name\":\"Comment\",\"target\":[\"https:\\\/\\\/diariodelsurdigital.com.ar\\\/?p=2185#respond\"]}]},{\"@type\":\"WebPage\",\"@id\":\"https:\\\/\\\/diariodelsurdigital.com.ar\\\/?p=2185\",\"url\":\"https:\\\/\\\/diariodelsurdigital.com.ar\\\/?p=2185\",\"name\":\"Con casi 80 a\u00f1os Maya se postula y pide plantear \u201cuna alternativa renovadora\u201d - Diario del Sur\",\"isPartOf\":{\"@id\":\"https:\\\/\\\/diariodelsurdigital.com.ar\\\/#website\"},\"primaryImageOfPage\":{\"@id\":\"https:\\\/\\\/diariodelsurdigital.com.ar\\\/?p=2185#primaryimage\"},\"image\":{\"@id\":\"https:\\\/\\\/diariodelsurdigital.com.ar\\\/?p=2185#primaryimage\"},\"thumbnailUrl\":\"https:\\\/\\\/diariodelsurdigital.com.ar\\\/wp-content\\\/uploads\\\/2025\\\/04\\\/maya.jpeg\",\"datePublished\":\"2025-04-21T00:29:54+00:00\",\"dateModified\":\"2025-04-21T00:29:55+00:00\",\"author\":{\"@id\":\"https:\\\/\\\/diariodelsurdigital.com.ar\\\/#\\\/schema\\\/person\\\/6136a32571657f7dba980b88b04c5465\"},\"breadcrumb\":{\"@id\":\"https:\\\/\\\/diariodelsurdigital.com.ar\\\/?p=2185#breadcrumb\"},\"inLanguage\":\"es\",\"potentialAction\":[{\"@type\":\"ReadAction\",\"target\":[\"https:\\\/\\\/diariodelsurdigital.com.ar\\\/?p=2185\"]}]},{\"@type\":\"ImageObject\",\"inLanguage\":\"es\",\"@id\":\"https:\\\/\\\/diariodelsurdigital.com.ar\\\/?p=2185#primaryimage\",\"url\":\"https:\\\/\\\/diariodelsurdigital.com.ar\\\/wp-content\\\/uploads\\\/2025\\\/04\\\/maya.jpeg\",\"contentUrl\":\"https:\\\/\\\/diariodelsurdigital.com.ar\\\/wp-content\\\/uploads\\\/2025\\\/04\\\/maya.jpeg\",\"width\":435,\"height\":290},{\"@type\":\"BreadcrumbList\",\"@id\":\"https:\\\/\\\/diariodelsurdigital.com.ar\\\/?p=2185#breadcrumb\",\"itemListElement\":[{\"@type\":\"ListItem\",\"position\":1,\"name\":\"Portada\",\"item\":\"https:\\\/\\\/diariodelsurdigital.com.ar\\\/\"},{\"@type\":\"ListItem\",\"position\":2,\"name\":\"Con casi 80 a\u00f1os Maya se postula y pide plantear \u201cuna alternativa renovadora\u201d\"}]},{\"@type\":\"WebSite\",\"@id\":\"https:\\\/\\\/diariodelsurdigital.com.ar\\\/#website\",\"url\":\"https:\\\/\\\/diariodelsurdigital.com.ar\\\/\",\"name\":\"Diario del Sur\",\"description\":\"Digital\",\"potentialAction\":[{\"@type\":\"SearchAction\",\"target\":{\"@type\":\"EntryPoint\",\"urlTemplate\":\"https:\\\/\\\/diariodelsurdigital.com.ar\\\/?s={search_term_string}\"},\"query-input\":{\"@type\":\"PropertyValueSpecification\",\"valueRequired\":true,\"valueName\":\"search_term_string\"}}],\"inLanguage\":\"es\"},{\"@type\":\"Person\",\"@id\":\"https:\\\/\\\/diariodelsurdigital.com.ar\\\/#\\\/schema\\\/person\\\/6136a32571657f7dba980b88b04c5465\",\"name\":\"Diario del Sur Digital\",\"image\":{\"@type\":\"ImageObject\",\"inLanguage\":\"es\",\"@id\":\"https:\\\/\\\/secure.gravatar.com\\\/avatar\\\/4c29ceac98541dd42460b2474aaa5dd37594d6ce6cb3cf2c101d09b48ee287ba?s=96&d=mm&r=g\",\"url\":\"https:\\\/\\\/secure.gravatar.com\\\/avatar\\\/4c29ceac98541dd42460b2474aaa5dd37594d6ce6cb3cf2c101d09b48ee287ba?s=96&d=mm&r=g\",\"contentUrl\":\"https:\\\/\\\/secure.gravatar.com\\\/avatar\\\/4c29ceac98541dd42460b2474aaa5dd37594d6ce6cb3cf2c101d09b48ee287ba?s=96&d=mm&r=g\",\"caption\":\"Diario del Sur Digital\"},\"url\":\"https:\\\/\\\/diariodelsurdigital.com.ar\\\/?author=2\"}]}<\/script>\n<!-- \/ Yoast SEO plugin. -->","yoast_head_json":{"title":"Con casi 80 a\u00f1os Maya se postula y pide plantear \u201cuna alternativa renovadora\u201d - Diario del Sur","robots":{"index":"index","follow":"follow","max-snippet":"max-snippet:-1","max-image-preview":"max-image-preview:large","max-video-preview":"max-video-preview:-1"},"canonical":"https:\/\/diariodelsurdigital.com.ar\/?p=2185","og_locale":"es_ES","og_type":"article","og_title":"Con casi 80 a\u00f1os Maya se postula y pide plantear \u201cuna alternativa renovadora\u201d - Diario del Sur","og_description":"El gualeguaychuense H\u00e9ctor Maya brind\u00f3 declaraciones y toc\u00f3 varios temas. Habl\u00f3 del peronismo en Entre R\u00edos, cr\u00edtic\u00f3 al gobierno de Milei y se refiri\u00f3 al de Frigerio, a quien defini\u00f3 como \u201cun amigo\u201d. \u201cEn el peronismo entrerriano hay que plantear una nueva alternativa, que sea de renovaci\u00f3n con hombres de experiencia, pero tambi\u00e9n con la [&hellip;]","og_url":"https:\/\/diariodelsurdigital.com.ar\/?p=2185","og_site_name":"Diario del Sur","article_published_time":"2025-04-21T00:29:54+00:00","article_modified_time":"2025-04-21T00:29:55+00:00","og_image":[{"width":435,"height":290,"url":"https:\/\/diariodelsurdigital.com.ar\/wp-content\/uploads\/2025\/04\/maya.jpeg","type":"image\/jpeg"}],"author":"Diario del Sur Digital","twitter_card":"summary_large_image","twitter_misc":{"Escrito por":"Diario del Sur Digital","Tiempo de lectura":"5 minutos"},"schema":{"@context":"https:\/\/schema.org","@graph":[{"@type":"Article","@id":"https:\/\/diariodelsurdigital.com.ar\/?p=2185#article","isPartOf":{"@id":"https:\/\/diariodelsurdigital.com.ar\/?p=2185"},"author":{"name":"Diario del Sur Digital","@id":"https:\/\/diariodelsurdigital.com.ar\/#\/schema\/person\/6136a32571657f7dba980b88b04c5465"},"headline":"Con casi 80 a\u00f1os Maya se postula y pide plantear \u201cuna alternativa renovadora\u201d","datePublished":"2025-04-21T00:29:54+00:00","dateModified":"2025-04-21T00:29:55+00:00","mainEntityOfPage":{"@id":"https:\/\/diariodelsurdigital.com.ar\/?p=2185"},"wordCount":955,"commentCount":0,"image":{"@id":"https:\/\/diariodelsurdigital.com.ar\/?p=2185#primaryimage"},"thumbnailUrl":"https:\/\/diariodelsurdigital.com.ar\/wp-content\/uploads\/2025\/04\/maya.jpeg","articleSection":["Provinciales"],"inLanguage":"es","potentialAction":[{"@type":"CommentAction","name":"Comment","target":["https:\/\/diariodelsurdigital.com.ar\/?p=2185#respond"]}]},{"@type":"WebPage","@id":"https:\/\/diariodelsurdigital.com.ar\/?p=2185","url":"https:\/\/diariodelsurdigital.com.ar\/?p=2185","name":"Con casi 80 a\u00f1os Maya se postula y pide plantear \u201cuna alternativa renovadora\u201d - Diario del Sur","isPartOf":{"@id":"https:\/\/diariodelsurdigital.com.ar\/#website"},"primaryImageOfPage":{"@id":"https:\/\/diariodelsurdigital.com.ar\/?p=2185#primaryimage"},"image":{"@id":"https:\/\/diariodelsurdigital.com.ar\/?p=2185#primaryimage"},"thumbnailUrl":"https:\/\/diariodelsurdigital.com.ar\/wp-content\/uploads\/2025\/04\/maya.jpeg","datePublished":"2025-04-21T00:29:54+00:00","dateModified":"2025-04-21T00:29:55+00:00","author":{"@id":"https:\/\/diariodelsurdigital.com.ar\/#\/schema\/person\/6136a32571657f7dba980b88b04c5465"},"breadcrumb":{"@id":"https:\/\/diariodelsurdigital.com.ar\/?p=2185#breadcrumb"},"inLanguage":"es","potentialAction":[{"@type":"ReadAction","target":["https:\/\/diariodelsurdigital.com.ar\/?p=2185"]}]},{"@type":"ImageObject","inLanguage":"es","@id":"https:\/\/diariodelsurdigital.com.ar\/?p=2185#primaryimage","url":"https:\/\/diariodelsurdigital.com.ar\/wp-content\/uploads\/2025\/04\/maya.jpeg","contentUrl":"https:\/\/diariodelsurdigital.com.ar\/wp-content\/uploads\/2025\/04\/maya.jpeg","width":435,"height":290},{"@type":"BreadcrumbList","@id":"https:\/\/diariodelsurdigital.com.ar\/?p=2185#breadcrumb","itemListElement":[{"@type":"ListItem","position":1,"name":"Portada","item":"https:\/\/diariodelsurdigital.com.ar\/"},{"@type":"ListItem","position":2,"name":"Con casi 80 a\u00f1os Maya se postula y pide plantear \u201cuna alternativa renovadora\u201d"}]},{"@type":"WebSite","@id":"https:\/\/diariodelsurdigital.com.ar\/#website","url":"https:\/\/diariodelsurdigital.com.ar\/","name":"Diario del Sur","description":"Digital","potentialAction":[{"@type":"SearchAction","target":{"@type":"EntryPoint","urlTemplate":"https:\/\/diariodelsurdigital.com.ar\/?s={search_term_string}"},"query-input":{"@type":"PropertyValueSpecification","valueRequired":true,"valueName":"search_term_string"}}],"inLanguage":"es"},{"@type":"Person","@id":"https:\/\/diariodelsurdigital.com.ar\/#\/schema\/person\/6136a32571657f7dba980b88b04c5465","name":"Diario del Sur Digital","image":{"@type":"ImageObject","inLanguage":"es","@id":"https:\/\/secure.gravatar.com\/avatar\/4c29ceac98541dd42460b2474aaa5dd37594d6ce6cb3cf2c101d09b48ee287ba?s=96&d=mm&r=g","url":"https:\/\/secure.gravatar.com\/avatar\/4c29ceac98541dd42460b2474aaa5dd37594d6ce6cb3cf2c101d09b48ee287ba?s=96&d=mm&r=g","contentUrl":"https:\/\/secure.gravatar.com\/avatar\/4c29ceac98541dd42460b2474aaa5dd37594d6ce6cb3cf2c101d09b48ee287ba?s=96&d=mm&r=g","caption":"Diario del Sur Digital"},"url":"https:\/\/diariodelsurdigital.com.ar\/?author=2"}]}},"_links":{"self":[{"href":"https:\/\/diariodelsurdigital.com.ar\/index.php?rest_route=\/wp\/v2\/posts\/2185","targetHints":{"allow":["GET"]}}],"collection":[{"href":"https:\/\/diariodelsurdigital.com.ar\/index.php?rest_route=\/wp\/v2\/posts"}],"about":[{"href":"https:\/\/diariodelsurdigital.com.ar\/index.php?rest_route=\/wp\/v2\/types\/post"}],"author":[{"embeddable":true,"href":"https:\/\/diariodelsurdigital.com.ar\/index.php?rest_route=\/wp\/v2\/users\/2"}],"replies":[{"embeddable":true,"href":"https:\/\/diariodelsurdigital.com.ar\/index.php?rest_route=%2Fwp%2Fv2%2Fcomments&post=2185"}],"version-history":[{"count":1,"href":"https:\/\/diariodelsurdigital.com.ar\/index.php?rest_route=\/wp\/v2\/posts\/2185\/revisions"}],"predecessor-version":[{"id":2187,"href":"https:\/\/diariodelsurdigital.com.ar\/index.php?rest_route=\/wp\/v2\/posts\/2185\/revisions\/2187"}],"wp:featuredmedia":[{"embeddable":true,"href":"https:\/\/diariodelsurdigital.com.ar\/index.php?rest_route=\/wp\/v2\/media\/2186"}],"wp:attachment":[{"href":"https:\/\/diariodelsurdigital.com.ar\/index.php?rest_route=%2Fwp%2Fv2%2Fmedia&parent=2185"}],"wp:term":[{"taxonomy":"category","embeddable":true,"href":"https:\/\/diariodelsurdigital.com.ar\/index.php?rest_route=%2Fwp%2Fv2%2Fcategories&post=2185"},{"taxonomy":"post_tag","embeddable":true,"href":"https:\/\/diariodelsurdigital.com.ar\/index.php?rest_route=%2Fwp%2Fv2%2Ftags&post=2185"}],"curies":[{"name":"wp","href":"https:\/\/api.w.org\/{rel}","templated":true}]}}