{"id":2193,"date":"2025-04-21T05:32:51","date_gmt":"2025-04-21T08:32:51","guid":{"rendered":"https:\/\/diariodelsurdigital.com.ar\/?p=2193"},"modified":"2025-04-21T05:33:38","modified_gmt":"2025-04-21T08:33:38","slug":"murio-el-papa-francisco-informo-el-vaticano","status":"publish","type":"post","link":"https:\/\/diariodelsurdigital.com.ar\/?p=2193","title":{"rendered":"Muri\u00f3 el papa Francisco, inform\u00f3 el Vaticano"},"content":{"rendered":"\n<p><strong>El domingo el santo padre hab\u00eda vuelto a hacerse presente luego de una semana en la que debi\u00f3 delegar los principales rituales de la Semana Santa<\/strong><\/p>\n\n\n\n<figure class=\"wp-block-image\"><img decoding=\"async\" src=\"https:\/\/www.lanacion.com.ar\/resizer\/v2\/la-santa-sede-informo-la-muerte-del-papa-PEICYDA6GZD6ZMGYGBSPZX6FPU.jpg?auth=148cc72d2280307ed817929b530e014741cc21a2fa70a65efe3e75e1730e41d2&amp;width=420&amp;height=280&amp;quality=70&amp;smart=true\" alt=\"La Santa Sede inform\u00f3 la muerte del Papa Francisco.\"\/><\/figure>\n\n\n\n<p>ROMA.- Provocando shock en todo el mundo, esta ma\u00f1ana&nbsp;<strong>el Vaticano anunci\u00f3 la muerte del papa Francisco<\/strong>, a las 7.35 de la ma\u00f1ana. \u201cQueridos hermanos y hermanas,&nbsp;<strong>con profundo dolor debo anunciar la muerte de nuestro santo Padre Francisco\u201d<\/strong>, anunci\u00f3 el cardenal estadounidense&nbsp;<strong>Kevin Farrell<\/strong>, camerlengo de la Santa Sede y el encargado de administrar la sede vacante.<\/p>\n\n\n\n<p><strong>El domingo, el Papa hab\u00eda vuelto a hacerse presente<\/strong>\u00a0cuando reapareci\u00f3 para impartir con esfuerzo la bendici\u00f3n pascual \u201curbi et orbi\u201d, a la ciudad y al mundo para luego saludar a las 35.000 personas presentes dando una vuelta en papam\u00f3vil. Esto hab\u00eda sucedido<strong>\u00a0luego de una Semana Santa en la que por primera vez en su pontificado se vio obligado a delegar a otros cardenales los principales ritos y a limitar su presencia debido a su convalecencia.<\/strong><\/p>\n\n\n\n<p>El pont\u00edfice argentino&nbsp;<strong>muri\u00f3 en su residencia de la Casa Santa Marta del Vaticano<\/strong>, en un lunes de Pascua signado por el luto para el mundo cat\u00f3lico.&nbsp;<strong>Ten\u00eda 88 a\u00f1os<\/strong>&nbsp;y sus \u00faltimos d\u00edas estuvieron marcados por un progresivo deterioro de su salud, que incluy\u00f3&nbsp;<strong>dos episodios de insuficiencia respiratoria agud<\/strong>a en horas recientes, seg\u00fan inform\u00f3 oficialmente el Vaticano.<\/p>\n\n\n\n<p>La Santa Sede detall\u00f3 que esos episodios fueron provocados por una importante<strong>&nbsp;acumulaci\u00f3n de mucosidad endobronquial.<\/strong>&nbsp;El cuadro se agrav\u00f3 desde su internaci\u00f3n el pasado 14 de febrero, cuando fue hospitalizado con una neumon\u00eda bilateral que deriv\u00f3 en<strong>&nbsp;crisis respiratorias, insuficiencia renal y una infecci\u00f3n polimicrobiana.&nbsp;<\/strong>Durante ese tiempo, recibi\u00f3 transfusiones de sangre por anemia y asistencia respiratoria con ox\u00edgeno.<\/p>\n\n\n\n<p>El cardenal Farrell destac\u00f3 en un comunicado que&nbsp;<strong>\u201ctoda su vida estuvo dedicada al servicio del Se\u00f1or y de su Iglesia\u201d<\/strong>&nbsp;y subray\u00f3 su compromiso con los sectores m\u00e1s vulnerables. \u201cCon inmensa gratitud por su ejemplo de verdadero disc\u00edpulo del Se\u00f1or Jes\u00fas, encomendamos el alma del Papa Francisco al infinito amor misericordioso del Dios Uno y Trino\u201d, expres\u00f3.<\/p>\n\n\n\n<p>Fuente: La Naci\u00f3n<\/p>\n","protected":false},"excerpt":{"rendered":"<p>El domingo el santo padre hab\u00eda vuelto a hacerse presente luego de una semana en la que debi\u00f3 delegar los principales rituales de la Semana Santa ROMA.- Provocando shock en todo el mundo, esta ma\u00f1ana&nbsp;el Vaticano anunci\u00f3 la muerte del papa Francisco, a las 7.35 de la ma\u00f1ana. \u201cQueridos hermanos y hermanas,&nbsp;con profundo dolor debo [&hellip;]<\/p>\n","protected":false},"author":3,"featured_media":2194,"comment_status":"open","ping_status":"open","sticky":false,"template":"","format":"standard","meta":{"footnotes":""},"categories":[19,18],"tags":[],"class_list":{"0":"post-2193","1":"post","2":"type-post","3":"status-publish","4":"format-standard","5":"has-post-thumbnail","7":"category-interes-general","8":"category-nacionales"},"yoast_head":"<!-- This site is optimized with the Yoast SEO plugin v27.4 - https:\/\/yoast.com\/product\/yoast-seo-wordpress\/ -->\n<title>Muri\u00f3 el papa Francisco, inform\u00f3 el Vaticano - Diario del Sur<\/title>\n<meta name=\"robots\" content=\"index, follow, max-snippet:-1, max-image-preview:large, max-video-preview:-1\" \/>\n<link rel=\"canonical\" href=\"https:\/\/diariodelsurdigital.com.ar\/?p=2193\" \/>\n<meta property=\"og:locale\" content=\"es_ES\" \/>\n<meta property=\"og:type\" content=\"article\" \/>\n<meta property=\"og:title\" content=\"Muri\u00f3 el papa Francisco, inform\u00f3 el Vaticano - Diario del Sur\" \/>\n<meta property=\"og:description\" content=\"El domingo el santo padre hab\u00eda vuelto a hacerse presente luego de una semana en la que debi\u00f3 delegar los principales rituales de la Semana Santa ROMA.- Provocando shock en todo el mundo, esta ma\u00f1ana&nbsp;el Vaticano anunci\u00f3 la muerte del papa Francisco, a las 7.35 de la ma\u00f1ana. \u201cQueridos hermanos y hermanas,&nbsp;con profundo dolor debo [&hellip;]\" \/>\n<meta property=\"og:url\" content=\"https:\/\/diariodelsurdigital.com.ar\/?p=2193\" \/>\n<meta property=\"og:site_name\" content=\"Diario del Sur\" \/>\n<meta property=\"article:published_time\" content=\"2025-04-21T08:32:51+00:00\" \/>\n<meta property=\"article:modified_time\" content=\"2025-04-21T08:33:38+00:00\" \/>\n<meta property=\"og:image\" content=\"https:\/\/diariodelsurdigital.com.ar\/wp-content\/uploads\/2025\/04\/AA1DiCoR.jpg\" \/>\n\t<meta property=\"og:image:width\" content=\"768\" \/>\n\t<meta property=\"og:image:height\" content=\"520\" \/>\n\t<meta property=\"og:image:type\" content=\"image\/jpeg\" \/>\n<meta name=\"author\" content=\"Diario del Sur Digital\" \/>\n<meta name=\"twitter:card\" content=\"summary_large_image\" \/>\n<meta name=\"twitter:label1\" content=\"Escrito por\" \/>\n\t<meta name=\"twitter:data1\" content=\"Diario del Sur Digital\" \/>\n\t<meta name=\"twitter:label2\" content=\"Tiempo de lectura\" \/>\n\t<meta name=\"twitter:data2\" content=\"2 minutos\" \/>\n<script type=\"application\/ld+json\" class=\"yoast-schema-graph\">{\"@context\":\"https:\\\/\\\/schema.org\",\"@graph\":[{\"@type\":\"Article\",\"@id\":\"https:\\\/\\\/diariodelsurdigital.com.ar\\\/?p=2193#article\",\"isPartOf\":{\"@id\":\"https:\\\/\\\/diariodelsurdigital.com.ar\\\/?p=2193\"},\"author\":{\"name\":\"Diario del Sur Digital\",\"@id\":\"https:\\\/\\\/diariodelsurdigital.com.ar\\\/#\\\/schema\\\/person\\\/d794acb23337e88c6e4004a39c32be62\"},\"headline\":\"Muri\u00f3 el papa Francisco, inform\u00f3 el Vaticano\",\"datePublished\":\"2025-04-21T08:32:51+00:00\",\"dateModified\":\"2025-04-21T08:33:38+00:00\",\"mainEntityOfPage\":{\"@id\":\"https:\\\/\\\/diariodelsurdigital.com.ar\\\/?p=2193\"},\"wordCount\":382,\"commentCount\":0,\"image\":{\"@id\":\"https:\\\/\\\/diariodelsurdigital.com.ar\\\/?p=2193#primaryimage\"},\"thumbnailUrl\":\"https:\\\/\\\/diariodelsurdigital.com.ar\\\/wp-content\\\/uploads\\\/2025\\\/04\\\/AA1DiCoR.jpg\",\"articleSection\":[\"Inter\u00e9s General\",\"Nacionales\"],\"inLanguage\":\"es\",\"potentialAction\":[{\"@type\":\"CommentAction\",\"name\":\"Comment\",\"target\":[\"https:\\\/\\\/diariodelsurdigital.com.ar\\\/?p=2193#respond\"]}]},{\"@type\":\"WebPage\",\"@id\":\"https:\\\/\\\/diariodelsurdigital.com.ar\\\/?p=2193\",\"url\":\"https:\\\/\\\/diariodelsurdigital.com.ar\\\/?p=2193\",\"name\":\"Muri\u00f3 el papa Francisco, inform\u00f3 el Vaticano - Diario del Sur\",\"isPartOf\":{\"@id\":\"https:\\\/\\\/diariodelsurdigital.com.ar\\\/#website\"},\"primaryImageOfPage\":{\"@id\":\"https:\\\/\\\/diariodelsurdigital.com.ar\\\/?p=2193#primaryimage\"},\"image\":{\"@id\":\"https:\\\/\\\/diariodelsurdigital.com.ar\\\/?p=2193#primaryimage\"},\"thumbnailUrl\":\"https:\\\/\\\/diariodelsurdigital.com.ar\\\/wp-content\\\/uploads\\\/2025\\\/04\\\/AA1DiCoR.jpg\",\"datePublished\":\"2025-04-21T08:32:51+00:00\",\"dateModified\":\"2025-04-21T08:33:38+00:00\",\"author\":{\"@id\":\"https:\\\/\\\/diariodelsurdigital.com.ar\\\/#\\\/schema\\\/person\\\/d794acb23337e88c6e4004a39c32be62\"},\"breadcrumb\":{\"@id\":\"https:\\\/\\\/diariodelsurdigital.com.ar\\\/?p=2193#breadcrumb\"},\"inLanguage\":\"es\",\"potentialAction\":[{\"@type\":\"ReadAction\",\"target\":[\"https:\\\/\\\/diariodelsurdigital.com.ar\\\/?p=2193\"]}]},{\"@type\":\"ImageObject\",\"inLanguage\":\"es\",\"@id\":\"https:\\\/\\\/diariodelsurdigital.com.ar\\\/?p=2193#primaryimage\",\"url\":\"https:\\\/\\\/diariodelsurdigital.com.ar\\\/wp-content\\\/uploads\\\/2025\\\/04\\\/AA1DiCoR.jpg\",\"contentUrl\":\"https:\\\/\\\/diariodelsurdigital.com.ar\\\/wp-content\\\/uploads\\\/2025\\\/04\\\/AA1DiCoR.jpg\",\"width\":768,\"height\":520},{\"@type\":\"BreadcrumbList\",\"@id\":\"https:\\\/\\\/diariodelsurdigital.com.ar\\\/?p=2193#breadcrumb\",\"itemListElement\":[{\"@type\":\"ListItem\",\"position\":1,\"name\":\"Portada\",\"item\":\"https:\\\/\\\/diariodelsurdigital.com.ar\\\/\"},{\"@type\":\"ListItem\",\"position\":2,\"name\":\"Muri\u00f3 el papa Francisco, inform\u00f3 el Vaticano\"}]},{\"@type\":\"WebSite\",\"@id\":\"https:\\\/\\\/diariodelsurdigital.com.ar\\\/#website\",\"url\":\"https:\\\/\\\/diariodelsurdigital.com.ar\\\/\",\"name\":\"Diario del Sur\",\"description\":\"Digital\",\"potentialAction\":[{\"@type\":\"SearchAction\",\"target\":{\"@type\":\"EntryPoint\",\"urlTemplate\":\"https:\\\/\\\/diariodelsurdigital.com.ar\\\/?s={search_term_string}\"},\"query-input\":{\"@type\":\"PropertyValueSpecification\",\"valueRequired\":true,\"valueName\":\"search_term_string\"}}],\"inLanguage\":\"es\"},{\"@type\":\"Person\",\"@id\":\"https:\\\/\\\/diariodelsurdigital.com.ar\\\/#\\\/schema\\\/person\\\/d794acb23337e88c6e4004a39c32be62\",\"name\":\"Diario del Sur Digital\",\"image\":{\"@type\":\"ImageObject\",\"inLanguage\":\"es\",\"@id\":\"https:\\\/\\\/secure.gravatar.com\\\/avatar\\\/47679bcfa15734cfdefc176b6ad58adeeccac22b2e03e095ada6c622af2b463a?s=96&d=mm&r=g\",\"url\":\"https:\\\/\\\/secure.gravatar.com\\\/avatar\\\/47679bcfa15734cfdefc176b6ad58adeeccac22b2e03e095ada6c622af2b463a?s=96&d=mm&r=g\",\"contentUrl\":\"https:\\\/\\\/secure.gravatar.com\\\/avatar\\\/47679bcfa15734cfdefc176b6ad58adeeccac22b2e03e095ada6c622af2b463a?s=96&d=mm&r=g\",\"caption\":\"Diario del Sur Digital\"},\"url\":\"https:\\\/\\\/diariodelsurdigital.com.ar\\\/?author=3\"}]}<\/script>\n<!-- \/ Yoast SEO plugin. -->","yoast_head_json":{"title":"Muri\u00f3 el papa Francisco, inform\u00f3 el Vaticano - Diario del Sur","robots":{"index":"index","follow":"follow","max-snippet":"max-snippet:-1","max-image-preview":"max-image-preview:large","max-video-preview":"max-video-preview:-1"},"canonical":"https:\/\/diariodelsurdigital.com.ar\/?p=2193","og_locale":"es_ES","og_type":"article","og_title":"Muri\u00f3 el papa Francisco, inform\u00f3 el Vaticano - Diario del Sur","og_description":"El domingo el santo padre hab\u00eda vuelto a hacerse presente luego de una semana en la que debi\u00f3 delegar los principales rituales de la Semana Santa ROMA.- Provocando shock en todo el mundo, esta ma\u00f1ana&nbsp;el Vaticano anunci\u00f3 la muerte del papa Francisco, a las 7.35 de la ma\u00f1ana. \u201cQueridos hermanos y hermanas,&nbsp;con profundo dolor debo [&hellip;]","og_url":"https:\/\/diariodelsurdigital.com.ar\/?p=2193","og_site_name":"Diario del Sur","article_published_time":"2025-04-21T08:32:51+00:00","article_modified_time":"2025-04-21T08:33:38+00:00","og_image":[{"width":768,"height":520,"url":"https:\/\/diariodelsurdigital.com.ar\/wp-content\/uploads\/2025\/04\/AA1DiCoR.jpg","type":"image\/jpeg"}],"author":"Diario del Sur Digital","twitter_card":"summary_large_image","twitter_misc":{"Escrito por":"Diario del Sur Digital","Tiempo de lectura":"2 minutos"},"schema":{"@context":"https:\/\/schema.org","@graph":[{"@type":"Article","@id":"https:\/\/diariodelsurdigital.com.ar\/?p=2193#article","isPartOf":{"@id":"https:\/\/diariodelsurdigital.com.ar\/?p=2193"},"author":{"name":"Diario del Sur Digital","@id":"https:\/\/diariodelsurdigital.com.ar\/#\/schema\/person\/d794acb23337e88c6e4004a39c32be62"},"headline":"Muri\u00f3 el papa Francisco, inform\u00f3 el Vaticano","datePublished":"2025-04-21T08:32:51+00:00","dateModified":"2025-04-21T08:33:38+00:00","mainEntityOfPage":{"@id":"https:\/\/diariodelsurdigital.com.ar\/?p=2193"},"wordCount":382,"commentCount":0,"image":{"@id":"https:\/\/diariodelsurdigital.com.ar\/?p=2193#primaryimage"},"thumbnailUrl":"https:\/\/diariodelsurdigital.com.ar\/wp-content\/uploads\/2025\/04\/AA1DiCoR.jpg","articleSection":["Inter\u00e9s General","Nacionales"],"inLanguage":"es","potentialAction":[{"@type":"CommentAction","name":"Comment","target":["https:\/\/diariodelsurdigital.com.ar\/?p=2193#respond"]}]},{"@type":"WebPage","@id":"https:\/\/diariodelsurdigital.com.ar\/?p=2193","url":"https:\/\/diariodelsurdigital.com.ar\/?p=2193","name":"Muri\u00f3 el papa Francisco, inform\u00f3 el Vaticano - Diario del Sur","isPartOf":{"@id":"https:\/\/diariodelsurdigital.com.ar\/#website"},"primaryImageOfPage":{"@id":"https:\/\/diariodelsurdigital.com.ar\/?p=2193#primaryimage"},"image":{"@id":"https:\/\/diariodelsurdigital.com.ar\/?p=2193#primaryimage"},"thumbnailUrl":"https:\/\/diariodelsurdigital.com.ar\/wp-content\/uploads\/2025\/04\/AA1DiCoR.jpg","datePublished":"2025-04-21T08:32:51+00:00","dateModified":"2025-04-21T08:33:38+00:00","author":{"@id":"https:\/\/diariodelsurdigital.com.ar\/#\/schema\/person\/d794acb23337e88c6e4004a39c32be62"},"breadcrumb":{"@id":"https:\/\/diariodelsurdigital.com.ar\/?p=2193#breadcrumb"},"inLanguage":"es","potentialAction":[{"@type":"ReadAction","target":["https:\/\/diariodelsurdigital.com.ar\/?p=2193"]}]},{"@type":"ImageObject","inLanguage":"es","@id":"https:\/\/diariodelsurdigital.com.ar\/?p=2193#primaryimage","url":"https:\/\/diariodelsurdigital.com.ar\/wp-content\/uploads\/2025\/04\/AA1DiCoR.jpg","contentUrl":"https:\/\/diariodelsurdigital.com.ar\/wp-content\/uploads\/2025\/04\/AA1DiCoR.jpg","width":768,"height":520},{"@type":"BreadcrumbList","@id":"https:\/\/diariodelsurdigital.com.ar\/?p=2193#breadcrumb","itemListElement":[{"@type":"ListItem","position":1,"name":"Portada","item":"https:\/\/diariodelsurdigital.com.ar\/"},{"@type":"ListItem","position":2,"name":"Muri\u00f3 el papa Francisco, inform\u00f3 el Vaticano"}]},{"@type":"WebSite","@id":"https:\/\/diariodelsurdigital.com.ar\/#website","url":"https:\/\/diariodelsurdigital.com.ar\/","name":"Diario del Sur","description":"Digital","potentialAction":[{"@type":"SearchAction","target":{"@type":"EntryPoint","urlTemplate":"https:\/\/diariodelsurdigital.com.ar\/?s={search_term_string}"},"query-input":{"@type":"PropertyValueSpecification","valueRequired":true,"valueName":"search_term_string"}}],"inLanguage":"es"},{"@type":"Person","@id":"https:\/\/diariodelsurdigital.com.ar\/#\/schema\/person\/d794acb23337e88c6e4004a39c32be62","name":"Diario del Sur Digital","image":{"@type":"ImageObject","inLanguage":"es","@id":"https:\/\/secure.gravatar.com\/avatar\/47679bcfa15734cfdefc176b6ad58adeeccac22b2e03e095ada6c622af2b463a?s=96&d=mm&r=g","url":"https:\/\/secure.gravatar.com\/avatar\/47679bcfa15734cfdefc176b6ad58adeeccac22b2e03e095ada6c622af2b463a?s=96&d=mm&r=g","contentUrl":"https:\/\/secure.gravatar.com\/avatar\/47679bcfa15734cfdefc176b6ad58adeeccac22b2e03e095ada6c622af2b463a?s=96&d=mm&r=g","caption":"Diario del Sur Digital"},"url":"https:\/\/diariodelsurdigital.com.ar\/?author=3"}]}},"_links":{"self":[{"href":"https:\/\/diariodelsurdigital.com.ar\/index.php?rest_route=\/wp\/v2\/posts\/2193","targetHints":{"allow":["GET"]}}],"collection":[{"href":"https:\/\/diariodelsurdigital.com.ar\/index.php?rest_route=\/wp\/v2\/posts"}],"about":[{"href":"https:\/\/diariodelsurdigital.com.ar\/index.php?rest_route=\/wp\/v2\/types\/post"}],"author":[{"embeddable":true,"href":"https:\/\/diariodelsurdigital.com.ar\/index.php?rest_route=\/wp\/v2\/users\/3"}],"replies":[{"embeddable":true,"href":"https:\/\/diariodelsurdigital.com.ar\/index.php?rest_route=%2Fwp%2Fv2%2Fcomments&post=2193"}],"version-history":[{"count":2,"href":"https:\/\/diariodelsurdigital.com.ar\/index.php?rest_route=\/wp\/v2\/posts\/2193\/revisions"}],"predecessor-version":[{"id":2196,"href":"https:\/\/diariodelsurdigital.com.ar\/index.php?rest_route=\/wp\/v2\/posts\/2193\/revisions\/2196"}],"wp:featuredmedia":[{"embeddable":true,"href":"https:\/\/diariodelsurdigital.com.ar\/index.php?rest_route=\/wp\/v2\/media\/2194"}],"wp:attachment":[{"href":"https:\/\/diariodelsurdigital.com.ar\/index.php?rest_route=%2Fwp%2Fv2%2Fmedia&parent=2193"}],"wp:term":[{"taxonomy":"category","embeddable":true,"href":"https:\/\/diariodelsurdigital.com.ar\/index.php?rest_route=%2Fwp%2Fv2%2Fcategories&post=2193"},{"taxonomy":"post_tag","embeddable":true,"href":"https:\/\/diariodelsurdigital.com.ar\/index.php?rest_route=%2Fwp%2Fv2%2Ftags&post=2193"}],"curies":[{"name":"wp","href":"https:\/\/api.w.org\/{rel}","templated":true}]}}