{"id":2199,"date":"2025-04-21T08:11:49","date_gmt":"2025-04-21T11:11:49","guid":{"rendered":"https:\/\/diariodelsurdigital.com.ar\/?p=2199"},"modified":"2025-04-21T08:11:50","modified_gmt":"2025-04-21T11:11:50","slug":"afuera-viejos-azcue-declara-la-guerra-a-las-canas-y-a-los-gremios-en-su-revolucion-de-escritorio","status":"publish","type":"post","link":"https:\/\/diariodelsurdigital.com.ar\/?p=2199","title":{"rendered":"\u00a1\u00a1Afuera, viejos!! Azcu\u00e9 declara la guerra a las canas (y a los gremios) en su \u201crevoluci\u00f3n de escritorio\u201d"},"content":{"rendered":"\n<p><\/p>\n\n\n\n<p><strong>Por \u00abCorchito\u00bb Gonz\u00e1lez (Especial para Diario del SUR Digital desde los pasillos del Palacio Municipal)<\/strong><\/p>\n\n\n\n<p>En un acto de hero\u00edsmo burocr\u00e1tico sin precedentes, el intendente Azcue ha decidido que el municipio necesita un lifting generacional. \u00bfLa receta? \u00a1Jubilar a patadones a los veteranos! S\u00ed, se\u00f1ores, esos tristes seres que llevan d\u00e9cadas cobrando sueldos por\u2026 \u00bftrabajar? \u00a1Qu\u00e9 atrevimiento!<\/p>\n\n\n\n<p>Con el famos\u00edsimo Decreto oculto 201\/25 (tan secreto que hasta lo firmaron con tinta invisible), Azcu\u00e9 ha inaugurado la era del \u201ccumpliste a\u00f1os, raj\u00e1s\u201d, una pol\u00edtica de recursos humanos tan innovadora como cuestionable. \u201cAc\u00e1 el que arruga, no se queda ni para la foto\u201d, habr\u00eda dicho un trabajador municipal.<\/p>\n\n\n\n<figure class=\"wp-block-image size-full\"><img loading=\"lazy\" decoding=\"async\" width=\"490\" height=\"670\" src=\"https:\/\/diariodelsurdigital.com.ar\/wp-content\/uploads\/2025\/04\/Imagen-de-WhatsApp-2025-04-21-a-las-07.58.31_4f1283fc-1.jpg\" alt=\"\" class=\"wp-image-2203\" srcset=\"https:\/\/diariodelsurdigital.com.ar\/wp-content\/uploads\/2025\/04\/Imagen-de-WhatsApp-2025-04-21-a-las-07.58.31_4f1283fc-1.jpg 490w, https:\/\/diariodelsurdigital.com.ar\/wp-content\/uploads\/2025\/04\/Imagen-de-WhatsApp-2025-04-21-a-las-07.58.31_4f1283fc-1-219x300.jpg 219w, https:\/\/diariodelsurdigital.com.ar\/wp-content\/uploads\/2025\/04\/Imagen-de-WhatsApp-2025-04-21-a-las-07.58.31_4f1283fc-1-307x420.jpg 307w\" sizes=\"auto, (max-width: 490px) 100vw, 490px\" \/><\/figure>\n\n\n\n<p>Pero \u00a1oh, sorpresa! Entre los jubilados express hay varios peones inc\u00f3modos de los gremios, esos grupos que al intendente le caen tan bien como una multa de tr\u00e1nsito. Claro, \u00bfpara qu\u00e9 dialogar con sindicatos cuando puedes mandarlos a casa con una palmadita en la espalda y unas facturitas no tan casual pasando por Tesorer\u00eda?<\/p>\n\n\n\n<figure class=\"wp-block-image size-large\"><img loading=\"lazy\" decoding=\"async\" width=\"1024\" height=\"848\" src=\"https:\/\/diariodelsurdigital.com.ar\/wp-content\/uploads\/2025\/04\/Imagen-de-WhatsApp-2025-04-21-a-las-08.00.28_41c74b89-1024x848.jpg\" alt=\"\" class=\"wp-image-2201\" srcset=\"https:\/\/diariodelsurdigital.com.ar\/wp-content\/uploads\/2025\/04\/Imagen-de-WhatsApp-2025-04-21-a-las-08.00.28_41c74b89-1024x848.jpg 1024w, https:\/\/diariodelsurdigital.com.ar\/wp-content\/uploads\/2025\/04\/Imagen-de-WhatsApp-2025-04-21-a-las-08.00.28_41c74b89-300x248.jpg 300w, https:\/\/diariodelsurdigital.com.ar\/wp-content\/uploads\/2025\/04\/Imagen-de-WhatsApp-2025-04-21-a-las-08.00.28_41c74b89-768x636.jpg 768w, https:\/\/diariodelsurdigital.com.ar\/wp-content\/uploads\/2025\/04\/Imagen-de-WhatsApp-2025-04-21-a-las-08.00.28_41c74b89-507x420.jpg 507w, https:\/\/diariodelsurdigital.com.ar\/wp-content\/uploads\/2025\/04\/Imagen-de-WhatsApp-2025-04-21-a-las-08.00.28_41c74b89-696x576.jpg 696w, https:\/\/diariodelsurdigital.com.ar\/wp-content\/uploads\/2025\/04\/Imagen-de-WhatsApp-2025-04-21-a-las-08.00.28_41c74b89-1068x884.jpg 1068w, https:\/\/diariodelsurdigital.com.ar\/wp-content\/uploads\/2025\/04\/Imagen-de-WhatsApp-2025-04-21-a-las-08.00.28_41c74b89.jpg 1280w\" sizes=\"auto, (max-width: 1024px) 100vw, 1024px\" \/><\/figure>\n\n\n\n<figure class=\"wp-block-image size-large\"><img loading=\"lazy\" decoding=\"async\" width=\"1024\" height=\"649\" src=\"https:\/\/diariodelsurdigital.com.ar\/wp-content\/uploads\/2025\/04\/Imagen-de-WhatsApp-2025-04-21-a-las-08.00.56_89a0e95b-1024x649.jpg\" alt=\"\" class=\"wp-image-2202\" srcset=\"https:\/\/diariodelsurdigital.com.ar\/wp-content\/uploads\/2025\/04\/Imagen-de-WhatsApp-2025-04-21-a-las-08.00.56_89a0e95b-1024x649.jpg 1024w, https:\/\/diariodelsurdigital.com.ar\/wp-content\/uploads\/2025\/04\/Imagen-de-WhatsApp-2025-04-21-a-las-08.00.56_89a0e95b-300x190.jpg 300w, https:\/\/diariodelsurdigital.com.ar\/wp-content\/uploads\/2025\/04\/Imagen-de-WhatsApp-2025-04-21-a-las-08.00.56_89a0e95b-768x487.jpg 768w, https:\/\/diariodelsurdigital.com.ar\/wp-content\/uploads\/2025\/04\/Imagen-de-WhatsApp-2025-04-21-a-las-08.00.56_89a0e95b-663x420.jpg 663w, https:\/\/diariodelsurdigital.com.ar\/wp-content\/uploads\/2025\/04\/Imagen-de-WhatsApp-2025-04-21-a-las-08.00.56_89a0e95b-696x441.jpg 696w, https:\/\/diariodelsurdigital.com.ar\/wp-content\/uploads\/2025\/04\/Imagen-de-WhatsApp-2025-04-21-a-las-08.00.56_89a0e95b-1068x677.jpg 1068w, https:\/\/diariodelsurdigital.com.ar\/wp-content\/uploads\/2025\/04\/Imagen-de-WhatsApp-2025-04-21-a-las-08.00.56_89a0e95b.jpg 1280w\" sizes=\"auto, (max-width: 1024px) 100vw, 1024px\" \/><\/figure>\n\n\n\n<p>El quid de la cuesti\u00f3n est\u00e1 en el \u00e1rea de Liquidaciones, ese antro donde se cuecen los sueldos, los adicionales creativos y los convenios bajo mesa. Ese rinc\u00f3n m\u00e1gico del municipio donde los sueldos no se calculan, se alucinan, y los \u00abadicionales\u00bb son tan creativos que hasta Picasso firmar\u00eda las planillas.<\/p>\n\n\n\n<p>All\u00ed reina Marcela Laurel, la emperatriz indiscutida de las cifras. Marcela es una reliquia burocr\u00e1tica que ha visto caer intendentes como moscas en verano. \u00bfSu superpoder? Hacer que un presupuesto ajustado se estire como chicle en manos de ni\u00f1o.<\/p>\n\n\n\n<p>La pobrecita ni se imaginaba que el intendente quer\u00eda reemplazarla con un yes-man pol\u00edtico, preferiblemente uno que sepa sumar\u2026 \u00a1pero solo hasta el n\u00famero de votos necesarios! Porque, claro, \u00bfqu\u00e9 mejor que un reci\u00e9n llegado con lealtad al ejecutivo para esconder los huesitos sucios entre las hojas de Excel?<\/p>\n\n\n\n<p>Eso s\u00ed, los hermanos Avallones (due\u00f1os informales del \u00e1rea) no piensan soltar su feudo sin pelear. Y ni hablar del gremio de Massi, que ya frota sus manitas so\u00f1ando con meter a alguien de los suyos. \u00bfEl resultado? Una telenovela de poder donde todos quieren el control remoto\u2026 pero nadie sabe cambiar las pilas.<\/p>\n\n\n\n<p>Mientras tanto, Azcue amenaza con seguir limpiando (l\u00e9ase: purgando) la planta municipal. \u201cQueremos gente joven, din\u00e1mica\u2026 y que no pregunte mucho\u201d, parece ser el lema.<\/p>\n\n\n\n<p>\u00bfGanar\u00e1 el ejecutivo, los Avallones o Massi? Apostamos a que el \u00fanico perdedor ser\u00e1 el sentido com\u00fan. Y mientras tanto, el intendente sigue repartiendo jubilaciones como si fueran caramelos\u2026 \u00a1pero sin el dulce!<\/p>\n\n\n\n<p>\u00bfLa moraleja? En el municipio, la experiencia es un estorbo\u2026 hasta que hay que explicar por qu\u00e9 el agua caliente sale fr\u00eda.<\/p>\n\n\n\n<p><strong>Azcue y el arte de gobernar (o c\u00f3mo hacer magia\u2026 con la plata ajena)!!!<\/strong><\/p>\n\n\n\n<p>Para cerrar una semana tan gloriosa como un partido de f\u00fatbol con autogol, el intendente Azcue ha decidido regalarle a Concordia un acto de generosidad digno de Robin Hood\u2026 pero al rev\u00e9s. S\u00ed, se\u00f1ores, Azcue anunci\u00f3 la baja de la tasa comercial para los millonarios. \u00bfEl motivo? Seg\u00fan \u00e9l, \u00abestimular la econom\u00eda\u00bb. Claro, porque nada revitaliza un municipio como aliviarle los bolsillos a quienes ya tienen yute para tapizar el R\u00edo Uruguay. Do\u00f1a Reta de Urquiza, desde su mausoleo, debe estar sonriendo: al fin un heredero pol\u00edtico para su cruzada de \u00abbajar impuestos a los ricos\u00bb.<\/p>\n\n\n\n<p>Mientras tanto, la clase media concordiense \u2014esa que paga hasta por respirar en la vereda\u2014 sigue sin entender c\u00f3mo un \u00abimpuestazo\u00bb del 180% (s\u00ed, ley\u00f3 bien: ciento ochenta) fue la soluci\u00f3n preferida de Azcue para equilibrar las cuentas. \u00bfY qu\u00e9 mejor manera de compensar ese saqueo fiscal que castigar a los que a\u00fan no huyeron de la ciudad con aumentos estratosf\u00e9ricos? La l\u00f3gica, como el agua potable en verano, brilla por su ausencia.<\/p>\n\n\n\n<p>Pero no todo es tristeza en este circo. Los empleados municipales, recibieron en marzo un aumento \u00abhist\u00f3rico\u00bb del 12%\u2026 \u00a1tras tres meses de salarios congelados! Y eso no es todo: el presupuesto 2024 promete un espectacular 26% anual. O sea, con la inflaci\u00f3n galopante, para diciembre podr\u00e1n comprarse un sanguche de mortadela\u2026 si comparten. Mientras, las calculadoras del municipio \u2014o lo que quede de ellas\u2014 lanzan humo tratando de cuadrar n\u00fameros que solo Azcue y su s\u00e9quito de asesores m\u00edsticos parecen comprender.<\/p>\n\n\n\n<p>\u00bfY las cooperativas? Ah, ese cap\u00edtulo aparte. Azcue, en un arranque de filantrop\u00eda neoliberal, duplic\u00f3 el presupuesto para estos grupos \u2014curiosamente manejados por su t\u00edo, ese fantasma que opera entre bambalinas\u2014. \u00bfLa excusa? \u00abPrestan mejores servicios que el municipio\u00bb. \u00a1Y claro! \u00bfPara qu\u00e9 invertir en empleados p\u00fablicos si puedes pagar fortunas a cooperativas que, oh casualidad, generan empleo\u2026 pero dejan las sombras bien largas? El ajuste, eso s\u00ed, se lo comen los sueldos municipales. Prioridades, se\u00f1ores.<\/p>\n\n\n\n<p>En medio de este festival de incoherencias \u2014donde las reformas tributarias, las pol\u00edticas salariales y los servicios p\u00fablicos compiten por el t\u00edtulo de \u00abpeor gesti\u00f3n del siglo\u00bb\u2014, los empleados, hartos de que los gremios los hayan vendido como figuritas de \u00e1lbum, se organizan para reclamar. Su exigencia estrella: que Azcue \u00absuspenda el negocio de las cooperativas\u00bb. Alguien avise al t\u00edo: que esconda las facturas.<\/p>\n\n\n\n<p>En fin, Concordia vive d\u00edas de surrealismo puro, eso s\u00ed, el intendente tiene un don: logra que hasta el caos parezca parte de un plan maestro.<\/p>\n\n\n\n<p><strong>Do\u00f1a Reta De Urquiza y Azcue: el t\u00e1ndem que gasta 10 millones por concejal&#8230; mientras el pueblo come pan con aire\u00bb<\/strong><\/p>\n\n\n\n<p>En estos d\u00edas de risa y escarnio, el noble intendente Azcue, se\u00f1or de Concordia y maestro del \u201cyo no fui\u201d, ha alzado su voz cual trovador desesperado para desmentir a los mensajeros del reino (l\u00e9ase: medios nacionales). \u00a1Y vaya que lo hizo con pompa! Con la elegancia de un buf\u00f3n que tropieza sobre su propia capa, jur\u00f3 ante los cuatro vientos que las acusaciones de dilapidar el erario son \u201cmentiras tejidas por envidiosos y hechiceros de baja estofa\u201d. <strong>\u201c\u00a1Nada de 10 millones por edil!\u201d<\/strong>, asegur\u00f3 que \u201clas cifras son invenciones de quien no conoce el arte de la contabilidad\u2026 \u00a1o de la magia negra!\u201d.<\/p>\n\n\n\n<p>Do\u00f1a Ret\u00f3rica de Urquiza, secund\u00f3 el coro con un discurso de austeridad tan convincente como un drag\u00f3n vegetariano. En su serm\u00f3n de austeridad \u2014m\u00e1s cre\u00edble que un asno recitando sonetos\u2014, jura ante los cielos que \u201ctodo es calumnia de malquerientes\u201d. Mas, \u00a1oh sorpresa!, en las sombras del sal\u00f3n de m\u00e1rmol, los ediles brindan con copas de cristal tallado por el \u201cahorro ejemplar\u201d. \u201cHablamos de recortes\u2026 \u00a1pero en las mangas de la honradez!\u201d, declara, mientras el vino corre como r\u00edo y los sirvientes barren migajas de oro.<\/p>\n\n\n\n<p>El intendente AZCUE, cual h\u00e1bil prestidigitador, saca de su chistera el \u201cno fuimos nosotros\u201d y se\u00f1ala a la gesti\u00f3n pasada como culpable de todo mal. \u201c\u00a1Por el honor de mi barba!\u201d, exclama, \u201csolo llevamos un a\u00f1o en el trono\u201d \u00bfAcaso un a\u00f1o no basta para que un bosque arda? Mas hete aqu\u00ed que ENRIQUITO EL VELOZ, duque de las excusas, le responde con la agilidad de un galgo: \u201c\u00a1Francolini lo hizo!\u201d, resaltando que \u00e9l mismo presidi\u00f3 el Concejo cuando las monedas volaban como mariposas.<\/p>\n\n\n\n<p>Los n\u00fameros, ahora, son mero papelote de buf\u00f3n: el presupuesto revela que <strong>cada concejal cuesta 10 MILLONES DE PESOS <\/strong>\u2014cifra que har\u00eda ruborizar hasta a Midas-, mientras los 51 asesores siguen clavados. Un circo romano donde el sentido com\u00fan es el \u00fanico devorado por los leones.<\/p>\n\n\n\n<p>En el concejo, la productividad es mito antiguo, las ordenanzas duermen el sue\u00f1o de los justos, y las sesiones son siestas con acta. \u00bfQui\u00e9n es el villano? \u00bfAZCUE? \u00bfRETA DE URQUIZA? \u00bfENRIQUITO? \u00bfFRANCOLINI? \u00a1Todos! \u00a1Ninguno! \u00a1La culpa es del viento que roba los documentos\u2026 o de Merl\u00edn por no hechizar las cuentas!<\/p>\n\n\n\n<p>En conclusi\u00f3n<strong>:<\/strong> aqu\u00ed no hay culpables, solo t\u00edteres en un carnaval de ineptos. \u00a1Concordia, tierra donde el presupuesto crece como la hierba\u2026 y la verg\u00fcenza brilla por su ausencia!<\/p>\n\n\n\n<p>PD: \u00a1Dios salve al Concejo\u2026 (pero que nos salve de \u00e9l)!<\/p>\n\n\n\n<p>\u00a1Hasta la pr\u00f3xima Concordia! Que la risa no les falte\u2026 aunque sea para no llorar.<\/p>\n","protected":false},"excerpt":{"rendered":"<p>Por \u00abCorchito\u00bb Gonz\u00e1lez (Especial para Diario del SUR Digital desde los pasillos del Palacio Municipal) En un acto de hero\u00edsmo burocr\u00e1tico sin precedentes, el intendente Azcue ha decidido que el municipio necesita un lifting generacional. \u00bfLa receta? \u00a1Jubilar a patadones a los veteranos! S\u00ed, se\u00f1ores, esos tristes seres que llevan d\u00e9cadas cobrando sueldos por\u2026 \u00bftrabajar? [&hellip;]<\/p>\n","protected":false},"author":2,"featured_media":2200,"comment_status":"open","ping_status":"open","sticky":false,"template":"","format":"standard","meta":{"footnotes":""},"categories":[16],"tags":[],"class_list":{"0":"post-2199","1":"post","2":"type-post","3":"status-publish","4":"format-standard","5":"has-post-thumbnail","7":"category-locales"},"yoast_head":"<!-- This site is optimized with the Yoast SEO plugin v27.4 - https:\/\/yoast.com\/product\/yoast-seo-wordpress\/ -->\n<title>\u00a1\u00a1Afuera, viejos!! Azcu\u00e9 declara la guerra a las canas (y a los gremios) en su \u201crevoluci\u00f3n de escritorio\u201d - Diario del Sur<\/title>\n<meta name=\"robots\" content=\"index, follow, max-snippet:-1, max-image-preview:large, max-video-preview:-1\" \/>\n<link rel=\"canonical\" href=\"https:\/\/diariodelsurdigital.com.ar\/?p=2199\" \/>\n<meta property=\"og:locale\" content=\"es_ES\" \/>\n<meta property=\"og:type\" content=\"article\" \/>\n<meta property=\"og:title\" content=\"\u00a1\u00a1Afuera, viejos!! Azcu\u00e9 declara la guerra a las canas (y a los gremios) en su \u201crevoluci\u00f3n de escritorio\u201d - Diario del Sur\" \/>\n<meta property=\"og:description\" content=\"Por \u00abCorchito\u00bb Gonz\u00e1lez (Especial para Diario del SUR Digital desde los pasillos del Palacio Municipal) En un acto de hero\u00edsmo burocr\u00e1tico sin precedentes, el intendente Azcue ha decidido que el municipio necesita un lifting generacional. \u00bfLa receta? \u00a1Jubilar a patadones a los veteranos! S\u00ed, se\u00f1ores, esos tristes seres que llevan d\u00e9cadas cobrando sueldos por\u2026 \u00bftrabajar? [&hellip;]\" \/>\n<meta property=\"og:url\" content=\"https:\/\/diariodelsurdigital.com.ar\/?p=2199\" \/>\n<meta property=\"og:site_name\" content=\"Diario del Sur\" \/>\n<meta property=\"article:published_time\" content=\"2025-04-21T11:11:49+00:00\" \/>\n<meta property=\"article:modified_time\" content=\"2025-04-21T11:11:50+00:00\" \/>\n<meta property=\"og:image\" content=\"https:\/\/diariodelsurdigital.com.ar\/wp-content\/uploads\/2025\/04\/Imagen-de-WhatsApp-2025-04-21-a-las-07.58.31_4f1283fc.jpg\" \/>\n\t<meta property=\"og:image:width\" content=\"666\" \/>\n\t<meta property=\"og:image:height\" content=\"559\" \/>\n\t<meta property=\"og:image:type\" content=\"image\/jpeg\" \/>\n<meta name=\"author\" content=\"Diario del Sur Digital\" \/>\n<meta name=\"twitter:card\" content=\"summary_large_image\" \/>\n<meta name=\"twitter:label1\" content=\"Escrito por\" \/>\n\t<meta name=\"twitter:data1\" content=\"Diario del Sur Digital\" \/>\n\t<meta name=\"twitter:label2\" content=\"Tiempo de lectura\" \/>\n\t<meta name=\"twitter:data2\" content=\"7 minutos\" \/>\n<script type=\"application\/ld+json\" class=\"yoast-schema-graph\">{\"@context\":\"https:\\\/\\\/schema.org\",\"@graph\":[{\"@type\":\"Article\",\"@id\":\"https:\\\/\\\/diariodelsurdigital.com.ar\\\/?p=2199#article\",\"isPartOf\":{\"@id\":\"https:\\\/\\\/diariodelsurdigital.com.ar\\\/?p=2199\"},\"author\":{\"name\":\"Diario del Sur Digital\",\"@id\":\"https:\\\/\\\/diariodelsurdigital.com.ar\\\/#\\\/schema\\\/person\\\/6136a32571657f7dba980b88b04c5465\"},\"headline\":\"\u00a1\u00a1Afuera, viejos!! Azcu\u00e9 declara la guerra a las canas (y a los gremios) en su \u201crevoluci\u00f3n de escritorio\u201d\",\"datePublished\":\"2025-04-21T11:11:49+00:00\",\"dateModified\":\"2025-04-21T11:11:50+00:00\",\"mainEntityOfPage\":{\"@id\":\"https:\\\/\\\/diariodelsurdigital.com.ar\\\/?p=2199\"},\"wordCount\":1413,\"commentCount\":1,\"image\":{\"@id\":\"https:\\\/\\\/diariodelsurdigital.com.ar\\\/?p=2199#primaryimage\"},\"thumbnailUrl\":\"https:\\\/\\\/diariodelsurdigital.com.ar\\\/wp-content\\\/uploads\\\/2025\\\/04\\\/Imagen-de-WhatsApp-2025-04-21-a-las-07.58.31_4f1283fc.jpg\",\"articleSection\":[\"Locales\"],\"inLanguage\":\"es\",\"potentialAction\":[{\"@type\":\"CommentAction\",\"name\":\"Comment\",\"target\":[\"https:\\\/\\\/diariodelsurdigital.com.ar\\\/?p=2199#respond\"]}]},{\"@type\":\"WebPage\",\"@id\":\"https:\\\/\\\/diariodelsurdigital.com.ar\\\/?p=2199\",\"url\":\"https:\\\/\\\/diariodelsurdigital.com.ar\\\/?p=2199\",\"name\":\"\u00a1\u00a1Afuera, viejos!! Azcu\u00e9 declara la guerra a las canas (y a los gremios) en su \u201crevoluci\u00f3n de escritorio\u201d - Diario del Sur\",\"isPartOf\":{\"@id\":\"https:\\\/\\\/diariodelsurdigital.com.ar\\\/#website\"},\"primaryImageOfPage\":{\"@id\":\"https:\\\/\\\/diariodelsurdigital.com.ar\\\/?p=2199#primaryimage\"},\"image\":{\"@id\":\"https:\\\/\\\/diariodelsurdigital.com.ar\\\/?p=2199#primaryimage\"},\"thumbnailUrl\":\"https:\\\/\\\/diariodelsurdigital.com.ar\\\/wp-content\\\/uploads\\\/2025\\\/04\\\/Imagen-de-WhatsApp-2025-04-21-a-las-07.58.31_4f1283fc.jpg\",\"datePublished\":\"2025-04-21T11:11:49+00:00\",\"dateModified\":\"2025-04-21T11:11:50+00:00\",\"author\":{\"@id\":\"https:\\\/\\\/diariodelsurdigital.com.ar\\\/#\\\/schema\\\/person\\\/6136a32571657f7dba980b88b04c5465\"},\"breadcrumb\":{\"@id\":\"https:\\\/\\\/diariodelsurdigital.com.ar\\\/?p=2199#breadcrumb\"},\"inLanguage\":\"es\",\"potentialAction\":[{\"@type\":\"ReadAction\",\"target\":[\"https:\\\/\\\/diariodelsurdigital.com.ar\\\/?p=2199\"]}]},{\"@type\":\"ImageObject\",\"inLanguage\":\"es\",\"@id\":\"https:\\\/\\\/diariodelsurdigital.com.ar\\\/?p=2199#primaryimage\",\"url\":\"https:\\\/\\\/diariodelsurdigital.com.ar\\\/wp-content\\\/uploads\\\/2025\\\/04\\\/Imagen-de-WhatsApp-2025-04-21-a-las-07.58.31_4f1283fc.jpg\",\"contentUrl\":\"https:\\\/\\\/diariodelsurdigital.com.ar\\\/wp-content\\\/uploads\\\/2025\\\/04\\\/Imagen-de-WhatsApp-2025-04-21-a-las-07.58.31_4f1283fc.jpg\",\"width\":666,\"height\":559},{\"@type\":\"BreadcrumbList\",\"@id\":\"https:\\\/\\\/diariodelsurdigital.com.ar\\\/?p=2199#breadcrumb\",\"itemListElement\":[{\"@type\":\"ListItem\",\"position\":1,\"name\":\"Portada\",\"item\":\"https:\\\/\\\/diariodelsurdigital.com.ar\\\/\"},{\"@type\":\"ListItem\",\"position\":2,\"name\":\"\u00a1\u00a1Afuera, viejos!! Azcu\u00e9 declara la guerra a las canas (y a los gremios) en su \u201crevoluci\u00f3n de escritorio\u201d\"}]},{\"@type\":\"WebSite\",\"@id\":\"https:\\\/\\\/diariodelsurdigital.com.ar\\\/#website\",\"url\":\"https:\\\/\\\/diariodelsurdigital.com.ar\\\/\",\"name\":\"Diario del Sur\",\"description\":\"Digital\",\"potentialAction\":[{\"@type\":\"SearchAction\",\"target\":{\"@type\":\"EntryPoint\",\"urlTemplate\":\"https:\\\/\\\/diariodelsurdigital.com.ar\\\/?s={search_term_string}\"},\"query-input\":{\"@type\":\"PropertyValueSpecification\",\"valueRequired\":true,\"valueName\":\"search_term_string\"}}],\"inLanguage\":\"es\"},{\"@type\":\"Person\",\"@id\":\"https:\\\/\\\/diariodelsurdigital.com.ar\\\/#\\\/schema\\\/person\\\/6136a32571657f7dba980b88b04c5465\",\"name\":\"Diario del Sur Digital\",\"image\":{\"@type\":\"ImageObject\",\"inLanguage\":\"es\",\"@id\":\"https:\\\/\\\/secure.gravatar.com\\\/avatar\\\/4c29ceac98541dd42460b2474aaa5dd37594d6ce6cb3cf2c101d09b48ee287ba?s=96&d=mm&r=g\",\"url\":\"https:\\\/\\\/secure.gravatar.com\\\/avatar\\\/4c29ceac98541dd42460b2474aaa5dd37594d6ce6cb3cf2c101d09b48ee287ba?s=96&d=mm&r=g\",\"contentUrl\":\"https:\\\/\\\/secure.gravatar.com\\\/avatar\\\/4c29ceac98541dd42460b2474aaa5dd37594d6ce6cb3cf2c101d09b48ee287ba?s=96&d=mm&r=g\",\"caption\":\"Diario del Sur Digital\"},\"url\":\"https:\\\/\\\/diariodelsurdigital.com.ar\\\/?author=2\"}]}<\/script>\n<!-- \/ Yoast SEO plugin. -->","yoast_head_json":{"title":"\u00a1\u00a1Afuera, viejos!! Azcu\u00e9 declara la guerra a las canas (y a los gremios) en su \u201crevoluci\u00f3n de escritorio\u201d - Diario del Sur","robots":{"index":"index","follow":"follow","max-snippet":"max-snippet:-1","max-image-preview":"max-image-preview:large","max-video-preview":"max-video-preview:-1"},"canonical":"https:\/\/diariodelsurdigital.com.ar\/?p=2199","og_locale":"es_ES","og_type":"article","og_title":"\u00a1\u00a1Afuera, viejos!! Azcu\u00e9 declara la guerra a las canas (y a los gremios) en su \u201crevoluci\u00f3n de escritorio\u201d - Diario del Sur","og_description":"Por \u00abCorchito\u00bb Gonz\u00e1lez (Especial para Diario del SUR Digital desde los pasillos del Palacio Municipal) En un acto de hero\u00edsmo burocr\u00e1tico sin precedentes, el intendente Azcue ha decidido que el municipio necesita un lifting generacional. \u00bfLa receta? \u00a1Jubilar a patadones a los veteranos! S\u00ed, se\u00f1ores, esos tristes seres que llevan d\u00e9cadas cobrando sueldos por\u2026 \u00bftrabajar? [&hellip;]","og_url":"https:\/\/diariodelsurdigital.com.ar\/?p=2199","og_site_name":"Diario del Sur","article_published_time":"2025-04-21T11:11:49+00:00","article_modified_time":"2025-04-21T11:11:50+00:00","og_image":[{"width":666,"height":559,"url":"https:\/\/diariodelsurdigital.com.ar\/wp-content\/uploads\/2025\/04\/Imagen-de-WhatsApp-2025-04-21-a-las-07.58.31_4f1283fc.jpg","type":"image\/jpeg"}],"author":"Diario del Sur Digital","twitter_card":"summary_large_image","twitter_misc":{"Escrito por":"Diario del Sur Digital","Tiempo de lectura":"7 minutos"},"schema":{"@context":"https:\/\/schema.org","@graph":[{"@type":"Article","@id":"https:\/\/diariodelsurdigital.com.ar\/?p=2199#article","isPartOf":{"@id":"https:\/\/diariodelsurdigital.com.ar\/?p=2199"},"author":{"name":"Diario del Sur Digital","@id":"https:\/\/diariodelsurdigital.com.ar\/#\/schema\/person\/6136a32571657f7dba980b88b04c5465"},"headline":"\u00a1\u00a1Afuera, viejos!! Azcu\u00e9 declara la guerra a las canas (y a los gremios) en su \u201crevoluci\u00f3n de escritorio\u201d","datePublished":"2025-04-21T11:11:49+00:00","dateModified":"2025-04-21T11:11:50+00:00","mainEntityOfPage":{"@id":"https:\/\/diariodelsurdigital.com.ar\/?p=2199"},"wordCount":1413,"commentCount":1,"image":{"@id":"https:\/\/diariodelsurdigital.com.ar\/?p=2199#primaryimage"},"thumbnailUrl":"https:\/\/diariodelsurdigital.com.ar\/wp-content\/uploads\/2025\/04\/Imagen-de-WhatsApp-2025-04-21-a-las-07.58.31_4f1283fc.jpg","articleSection":["Locales"],"inLanguage":"es","potentialAction":[{"@type":"CommentAction","name":"Comment","target":["https:\/\/diariodelsurdigital.com.ar\/?p=2199#respond"]}]},{"@type":"WebPage","@id":"https:\/\/diariodelsurdigital.com.ar\/?p=2199","url":"https:\/\/diariodelsurdigital.com.ar\/?p=2199","name":"\u00a1\u00a1Afuera, viejos!! Azcu\u00e9 declara la guerra a las canas (y a los gremios) en su \u201crevoluci\u00f3n de escritorio\u201d - Diario del Sur","isPartOf":{"@id":"https:\/\/diariodelsurdigital.com.ar\/#website"},"primaryImageOfPage":{"@id":"https:\/\/diariodelsurdigital.com.ar\/?p=2199#primaryimage"},"image":{"@id":"https:\/\/diariodelsurdigital.com.ar\/?p=2199#primaryimage"},"thumbnailUrl":"https:\/\/diariodelsurdigital.com.ar\/wp-content\/uploads\/2025\/04\/Imagen-de-WhatsApp-2025-04-21-a-las-07.58.31_4f1283fc.jpg","datePublished":"2025-04-21T11:11:49+00:00","dateModified":"2025-04-21T11:11:50+00:00","author":{"@id":"https:\/\/diariodelsurdigital.com.ar\/#\/schema\/person\/6136a32571657f7dba980b88b04c5465"},"breadcrumb":{"@id":"https:\/\/diariodelsurdigital.com.ar\/?p=2199#breadcrumb"},"inLanguage":"es","potentialAction":[{"@type":"ReadAction","target":["https:\/\/diariodelsurdigital.com.ar\/?p=2199"]}]},{"@type":"ImageObject","inLanguage":"es","@id":"https:\/\/diariodelsurdigital.com.ar\/?p=2199#primaryimage","url":"https:\/\/diariodelsurdigital.com.ar\/wp-content\/uploads\/2025\/04\/Imagen-de-WhatsApp-2025-04-21-a-las-07.58.31_4f1283fc.jpg","contentUrl":"https:\/\/diariodelsurdigital.com.ar\/wp-content\/uploads\/2025\/04\/Imagen-de-WhatsApp-2025-04-21-a-las-07.58.31_4f1283fc.jpg","width":666,"height":559},{"@type":"BreadcrumbList","@id":"https:\/\/diariodelsurdigital.com.ar\/?p=2199#breadcrumb","itemListElement":[{"@type":"ListItem","position":1,"name":"Portada","item":"https:\/\/diariodelsurdigital.com.ar\/"},{"@type":"ListItem","position":2,"name":"\u00a1\u00a1Afuera, viejos!! Azcu\u00e9 declara la guerra a las canas (y a los gremios) en su \u201crevoluci\u00f3n de escritorio\u201d"}]},{"@type":"WebSite","@id":"https:\/\/diariodelsurdigital.com.ar\/#website","url":"https:\/\/diariodelsurdigital.com.ar\/","name":"Diario del Sur","description":"Digital","potentialAction":[{"@type":"SearchAction","target":{"@type":"EntryPoint","urlTemplate":"https:\/\/diariodelsurdigital.com.ar\/?s={search_term_string}"},"query-input":{"@type":"PropertyValueSpecification","valueRequired":true,"valueName":"search_term_string"}}],"inLanguage":"es"},{"@type":"Person","@id":"https:\/\/diariodelsurdigital.com.ar\/#\/schema\/person\/6136a32571657f7dba980b88b04c5465","name":"Diario del Sur Digital","image":{"@type":"ImageObject","inLanguage":"es","@id":"https:\/\/secure.gravatar.com\/avatar\/4c29ceac98541dd42460b2474aaa5dd37594d6ce6cb3cf2c101d09b48ee287ba?s=96&d=mm&r=g","url":"https:\/\/secure.gravatar.com\/avatar\/4c29ceac98541dd42460b2474aaa5dd37594d6ce6cb3cf2c101d09b48ee287ba?s=96&d=mm&r=g","contentUrl":"https:\/\/secure.gravatar.com\/avatar\/4c29ceac98541dd42460b2474aaa5dd37594d6ce6cb3cf2c101d09b48ee287ba?s=96&d=mm&r=g","caption":"Diario del Sur Digital"},"url":"https:\/\/diariodelsurdigital.com.ar\/?author=2"}]}},"_links":{"self":[{"href":"https:\/\/diariodelsurdigital.com.ar\/index.php?rest_route=\/wp\/v2\/posts\/2199","targetHints":{"allow":["GET"]}}],"collection":[{"href":"https:\/\/diariodelsurdigital.com.ar\/index.php?rest_route=\/wp\/v2\/posts"}],"about":[{"href":"https:\/\/diariodelsurdigital.com.ar\/index.php?rest_route=\/wp\/v2\/types\/post"}],"author":[{"embeddable":true,"href":"https:\/\/diariodelsurdigital.com.ar\/index.php?rest_route=\/wp\/v2\/users\/2"}],"replies":[{"embeddable":true,"href":"https:\/\/diariodelsurdigital.com.ar\/index.php?rest_route=%2Fwp%2Fv2%2Fcomments&post=2199"}],"version-history":[{"count":1,"href":"https:\/\/diariodelsurdigital.com.ar\/index.php?rest_route=\/wp\/v2\/posts\/2199\/revisions"}],"predecessor-version":[{"id":2204,"href":"https:\/\/diariodelsurdigital.com.ar\/index.php?rest_route=\/wp\/v2\/posts\/2199\/revisions\/2204"}],"wp:featuredmedia":[{"embeddable":true,"href":"https:\/\/diariodelsurdigital.com.ar\/index.php?rest_route=\/wp\/v2\/media\/2200"}],"wp:attachment":[{"href":"https:\/\/diariodelsurdigital.com.ar\/index.php?rest_route=%2Fwp%2Fv2%2Fmedia&parent=2199"}],"wp:term":[{"taxonomy":"category","embeddable":true,"href":"https:\/\/diariodelsurdigital.com.ar\/index.php?rest_route=%2Fwp%2Fv2%2Fcategories&post=2199"},{"taxonomy":"post_tag","embeddable":true,"href":"https:\/\/diariodelsurdigital.com.ar\/index.php?rest_route=%2Fwp%2Fv2%2Ftags&post=2199"}],"curies":[{"name":"wp","href":"https:\/\/api.w.org\/{rel}","templated":true}]}}