{"id":2213,"date":"2025-04-21T19:49:39","date_gmt":"2025-04-21T22:49:39","guid":{"rendered":"https:\/\/diariodelsurdigital.com.ar\/?p=2213"},"modified":"2025-04-21T19:49:41","modified_gmt":"2025-04-21T22:49:41","slug":"abrio-hoy-la-inscripcion-al-programa-vouchers-educativos-2025-quienes-pueden-acceder","status":"publish","type":"post","link":"https:\/\/diariodelsurdigital.com.ar\/?p=2213","title":{"rendered":"Abri\u00f3 hoy la inscripci\u00f3n al programa Vouchers Educativos 2025: qui\u00e9nes pueden acceder"},"content":{"rendered":"\n<p>La asistencia est\u00e1 dirigida a familias con hijos en escuelas privadas con aporte estatal y con ingresos por debajo de siete salarios m\u00ednimos.<\/p>\n\n\n\n<figure class=\"wp-block-image\"><img decoding=\"async\" src=\"https:\/\/apfdigital-s3.cdn.net.ar\/s3i233\/2024\/12\/apfdigital\/files\/01\/09\/10935\/1c325e2c26a3ddf4188dfc0df3f0bfb875db2730273cc8b1cb3829dc90c45440.webp\" alt=\"Publicidad\"\/><\/figure>\n\n\n\n<p><a href=\"https:\/\/www.apfdigital.com.ar\/nacionales\/\">Nacionales<\/a><\/p>\n\n\n\n<h1 class=\"wp-block-heading\">Abri\u00f3 hoy la inscripci\u00f3n al programa Vouchers Educativos 2025: qui\u00e9nes pueden acceder<\/h1>\n\n\n\n<p>La asistencia est\u00e1 dirigida a familias con hijos en escuelas privadas con aporte estatal y con ingresos por debajo de siete salarios m\u00ednimos.<\/p>\n\n\n\n<p>lunes 21 de abril de 2025 | 10:30hs.<\/p>\n\n\n\n<figure class=\"wp-block-image\"><img decoding=\"async\" src=\"https:\/\/apfdigital-s3.cdn.net.ar\/s3i233\/2025\/04\/apfdigital\/images\/01\/84\/88\/1848848_626dce49ebbb8aa166263f5ba2956cde5898d8095428ee310bf7fa3da1864ff7\/md.webp\" alt=\"\"\/><\/figure>\n\n\n\n<p>El Ministerio de Capital Humano abri\u00f3 este lunes la inscripci\u00f3n al Programa de Asistencia \u201cVouchers Educativos\u201d, una prestaci\u00f3n temporaria destinada a familias cuyos hijos asisten a escuelas privadas con al menos un 75% de aporte estatal. La convocatoria, oficializada mediante la Resoluci\u00f3n 498\/2025 de la Secretar\u00eda de Educaci\u00f3n, permanecer\u00e1 vigente hasta el 16 de mayo. Podr\u00e1n acceder al beneficio quienes ejerzan la responsabilidad parental de estudiantes de hasta 18 a\u00f1os y acrediten ingresos familiares que no superen los siete salarios m\u00ednimos, vitales y m\u00f3viles.<\/p>\n\n\n\n<p>La medida fue publicada en el Bolet\u00edn Oficial junto con un nuevo reglamento general que actualiza los criterios de acceso, evaluaci\u00f3n y cobro del subsidio. La liquidaci\u00f3n del beneficio estar\u00e1 a cargo de la ANSES y se entregar\u00e1 mensualmente hasta diciembre, siempre que se mantengan las condiciones estipuladas en la normativa.<\/p>\n\n\n\n<p><strong>C\u00f3mo inscribirse para obtener los vouchers educativos<\/strong><\/p>\n\n\n\n<p>La inscripci\u00f3n se realizar\u00e1 \u00fanicamente a trav\u00e9s de la plataforma oficial del programa mediante un usuario registrado en Mi Argentina. El formulario tiene car\u00e1cter de declaraci\u00f3n jurada y solo podr\u00e1 completarlo uno de los responsables parentales del estudiante. En caso de que se detecte una inscripci\u00f3n duplicada con el mismo CUIL, se dar\u00e1 de baja la posterior.<\/p>\n\n\n\n<p>El proceso se considerar\u00e1 v\u00e1lido \u00fanicamente si se realiza dentro del plazo previsto. Una vez finalizada la inscripci\u00f3n, cada postulante podr\u00e1 consultar el estado de su solicitud en la misma plataforma digital. Si la postulaci\u00f3n es rechazada, el sistema informar\u00e1 la causa y se habilitar\u00e1 un plazo de cinco d\u00edas para presentar reclamos.<\/p>\n\n\n\n<p><strong>Qui\u00e9nes pueden acceder a este beneficio<\/strong><\/p>\n\n\n\n<p>Entre las condiciones establecidas para recibir el beneficio se incluyen:<\/p>\n\n\n\n<p>. Ejercer la responsabilidad parental de estudiantes de hasta 18 a\u00f1os al momento del cierre de la convocatoria.<\/p>\n\n\n\n<p>. Acreditar que los hijos asisten a una escuela de gesti\u00f3n privada con un aporte estatal igual o superior al 75%.<\/p>\n\n\n\n<p>. Ser argentino nativo, naturalizado o extranjero con al menos dos a\u00f1os de residencia legal en el pa\u00eds, y contar con DNI vigente.<\/p>\n\n\n\n<p>. Declarar ingresos familiares que no superen los siete salarios m\u00ednimos vitales y m\u00f3viles.<\/p>\n\n\n\n<p>. Completar el formulario en l\u00ednea y responder una encuesta socioeducativa obligatoria.<\/p>\n\n\n\n<p>Los estudiantes deber\u00e1n cumplir, adem\u00e1s, con la condici\u00f3n de alumno regular en la instituci\u00f3n educativa, situaci\u00f3n que ser\u00e1 validada por las escuelas luego del cierre del per\u00edodo de inscripci\u00f3n.<\/p>\n\n\n\n<p><strong>Evaluaci\u00f3n de postulantes y forma de pago<\/strong><\/p>\n\n\n\n<p>La evaluaci\u00f3n se realizar\u00e1 en tres etapas: verificaci\u00f3n de la condici\u00f3n de alumno regular, evaluaci\u00f3n de la situaci\u00f3n socioecon\u00f3mica del grupo familiar y control de la regularidad en el pago de las cuotas escolares. La ANSES ser\u00e1 el organismo encargado de procesar los datos econ\u00f3micos de los postulantes, en funci\u00f3n de sus registros oficiales.<\/p>\n\n\n\n<p>Para determinar el ingreso familiar se considerar\u00e1n las remuneraciones brutas de los responsables parentales en relaci\u00f3n de dependencia (excluyendo horas extras, aguinaldo y otros adicionales), rentas de aut\u00f3nomos o monotributistas, haberes previsionales y montos percibidos por planes contributivos o no contributivos. La informaci\u00f3n se cruzar\u00e1 con las bases de datos oficiales al momento de la postulaci\u00f3n, public\u00f3 La Naci\u00f3n.<\/p>\n\n\n\n<p>El beneficio ser\u00e1 liquidado mensualmente y se acreditar\u00e1 por cuenta y orden de la Secretar\u00eda de Educaci\u00f3n. La titularidad del cobro depender\u00e1 de los registros existentes en la ANSES: si hay un \u00fanico responsable parental registrado, este ser\u00e1 el titular y, en el caso de haber dos, se priorizar\u00e1 al conviviente o a la madre.&nbsp;<\/p>\n","protected":false},"excerpt":{"rendered":"<p>La asistencia est\u00e1 dirigida a familias con hijos en escuelas privadas con aporte estatal y con ingresos por debajo de siete salarios m\u00ednimos. Nacionales Abri\u00f3 hoy la inscripci\u00f3n al programa Vouchers Educativos 2025: qui\u00e9nes pueden acceder La asistencia est\u00e1 dirigida a familias con hijos en escuelas privadas con aporte estatal y con ingresos por debajo [&hellip;]<\/p>\n","protected":false},"author":4,"featured_media":2214,"comment_status":"open","ping_status":"open","sticky":false,"template":"","format":"standard","meta":{"footnotes":""},"categories":[19,18],"tags":[],"class_list":{"0":"post-2213","1":"post","2":"type-post","3":"status-publish","4":"format-standard","5":"has-post-thumbnail","7":"category-interes-general","8":"category-nacionales"},"yoast_head":"<!-- This site is optimized with the Yoast SEO plugin v27.4 - https:\/\/yoast.com\/product\/yoast-seo-wordpress\/ -->\n<title>Abri\u00f3 hoy la inscripci\u00f3n al programa Vouchers Educativos 2025: qui\u00e9nes pueden acceder - Diario del Sur<\/title>\n<meta name=\"robots\" content=\"index, follow, max-snippet:-1, max-image-preview:large, max-video-preview:-1\" \/>\n<link rel=\"canonical\" href=\"https:\/\/diariodelsurdigital.com.ar\/?p=2213\" \/>\n<meta property=\"og:locale\" content=\"es_ES\" \/>\n<meta property=\"og:type\" content=\"article\" \/>\n<meta property=\"og:title\" content=\"Abri\u00f3 hoy la inscripci\u00f3n al programa Vouchers Educativos 2025: qui\u00e9nes pueden acceder - Diario del Sur\" \/>\n<meta property=\"og:description\" content=\"La asistencia est\u00e1 dirigida a familias con hijos en escuelas privadas con aporte estatal y con ingresos por debajo de siete salarios m\u00ednimos. Nacionales Abri\u00f3 hoy la inscripci\u00f3n al programa Vouchers Educativos 2025: qui\u00e9nes pueden acceder La asistencia est\u00e1 dirigida a familias con hijos en escuelas privadas con aporte estatal y con ingresos por debajo [&hellip;]\" \/>\n<meta property=\"og:url\" content=\"https:\/\/diariodelsurdigital.com.ar\/?p=2213\" \/>\n<meta property=\"og:site_name\" content=\"Diario del Sur\" \/>\n<meta property=\"article:published_time\" content=\"2025-04-21T22:49:39+00:00\" \/>\n<meta property=\"article:modified_time\" content=\"2025-04-21T22:49:41+00:00\" \/>\n<meta property=\"og:image\" content=\"https:\/\/diariodelsurdigital.com.ar\/wp-content\/uploads\/2025\/04\/md-4-1.webp\" \/>\n\t<meta property=\"og:image:width\" content=\"992\" \/>\n\t<meta property=\"og:image:height\" content=\"560\" \/>\n\t<meta property=\"og:image:type\" content=\"image\/webp\" \/>\n<meta name=\"author\" content=\"Diario del Sur Digital\" \/>\n<meta name=\"twitter:card\" content=\"summary_large_image\" \/>\n<meta name=\"twitter:label1\" content=\"Escrito por\" \/>\n\t<meta name=\"twitter:data1\" content=\"Diario del Sur Digital\" \/>\n\t<meta name=\"twitter:label2\" content=\"Tiempo de lectura\" \/>\n\t<meta name=\"twitter:data2\" content=\"4 minutos\" \/>\n<script type=\"application\/ld+json\" class=\"yoast-schema-graph\">{\"@context\":\"https:\\\/\\\/schema.org\",\"@graph\":[{\"@type\":\"Article\",\"@id\":\"https:\\\/\\\/diariodelsurdigital.com.ar\\\/?p=2213#article\",\"isPartOf\":{\"@id\":\"https:\\\/\\\/diariodelsurdigital.com.ar\\\/?p=2213\"},\"author\":{\"name\":\"Diario del Sur Digital\",\"@id\":\"https:\\\/\\\/diariodelsurdigital.com.ar\\\/#\\\/schema\\\/person\\\/1a4992532ed62965c968031b49195c81\"},\"headline\":\"Abri\u00f3 hoy la inscripci\u00f3n al programa Vouchers Educativos 2025: qui\u00e9nes pueden acceder\",\"datePublished\":\"2025-04-21T22:49:39+00:00\",\"dateModified\":\"2025-04-21T22:49:41+00:00\",\"mainEntityOfPage\":{\"@id\":\"https:\\\/\\\/diariodelsurdigital.com.ar\\\/?p=2213\"},\"wordCount\":684,\"commentCount\":0,\"image\":{\"@id\":\"https:\\\/\\\/diariodelsurdigital.com.ar\\\/?p=2213#primaryimage\"},\"thumbnailUrl\":\"https:\\\/\\\/diariodelsurdigital.com.ar\\\/wp-content\\\/uploads\\\/2025\\\/04\\\/md-4-1.webp\",\"articleSection\":[\"Inter\u00e9s General\",\"Nacionales\"],\"inLanguage\":\"es\",\"potentialAction\":[{\"@type\":\"CommentAction\",\"name\":\"Comment\",\"target\":[\"https:\\\/\\\/diariodelsurdigital.com.ar\\\/?p=2213#respond\"]}]},{\"@type\":\"WebPage\",\"@id\":\"https:\\\/\\\/diariodelsurdigital.com.ar\\\/?p=2213\",\"url\":\"https:\\\/\\\/diariodelsurdigital.com.ar\\\/?p=2213\",\"name\":\"Abri\u00f3 hoy la inscripci\u00f3n al programa Vouchers Educativos 2025: qui\u00e9nes pueden acceder - Diario del Sur\",\"isPartOf\":{\"@id\":\"https:\\\/\\\/diariodelsurdigital.com.ar\\\/#website\"},\"primaryImageOfPage\":{\"@id\":\"https:\\\/\\\/diariodelsurdigital.com.ar\\\/?p=2213#primaryimage\"},\"image\":{\"@id\":\"https:\\\/\\\/diariodelsurdigital.com.ar\\\/?p=2213#primaryimage\"},\"thumbnailUrl\":\"https:\\\/\\\/diariodelsurdigital.com.ar\\\/wp-content\\\/uploads\\\/2025\\\/04\\\/md-4-1.webp\",\"datePublished\":\"2025-04-21T22:49:39+00:00\",\"dateModified\":\"2025-04-21T22:49:41+00:00\",\"author\":{\"@id\":\"https:\\\/\\\/diariodelsurdigital.com.ar\\\/#\\\/schema\\\/person\\\/1a4992532ed62965c968031b49195c81\"},\"breadcrumb\":{\"@id\":\"https:\\\/\\\/diariodelsurdigital.com.ar\\\/?p=2213#breadcrumb\"},\"inLanguage\":\"es\",\"potentialAction\":[{\"@type\":\"ReadAction\",\"target\":[\"https:\\\/\\\/diariodelsurdigital.com.ar\\\/?p=2213\"]}]},{\"@type\":\"ImageObject\",\"inLanguage\":\"es\",\"@id\":\"https:\\\/\\\/diariodelsurdigital.com.ar\\\/?p=2213#primaryimage\",\"url\":\"https:\\\/\\\/diariodelsurdigital.com.ar\\\/wp-content\\\/uploads\\\/2025\\\/04\\\/md-4-1.webp\",\"contentUrl\":\"https:\\\/\\\/diariodelsurdigital.com.ar\\\/wp-content\\\/uploads\\\/2025\\\/04\\\/md-4-1.webp\",\"width\":992,\"height\":560},{\"@type\":\"BreadcrumbList\",\"@id\":\"https:\\\/\\\/diariodelsurdigital.com.ar\\\/?p=2213#breadcrumb\",\"itemListElement\":[{\"@type\":\"ListItem\",\"position\":1,\"name\":\"Portada\",\"item\":\"https:\\\/\\\/diariodelsurdigital.com.ar\\\/\"},{\"@type\":\"ListItem\",\"position\":2,\"name\":\"Abri\u00f3 hoy la inscripci\u00f3n al programa Vouchers Educativos 2025: qui\u00e9nes pueden acceder\"}]},{\"@type\":\"WebSite\",\"@id\":\"https:\\\/\\\/diariodelsurdigital.com.ar\\\/#website\",\"url\":\"https:\\\/\\\/diariodelsurdigital.com.ar\\\/\",\"name\":\"Diario del Sur\",\"description\":\"Digital\",\"potentialAction\":[{\"@type\":\"SearchAction\",\"target\":{\"@type\":\"EntryPoint\",\"urlTemplate\":\"https:\\\/\\\/diariodelsurdigital.com.ar\\\/?s={search_term_string}\"},\"query-input\":{\"@type\":\"PropertyValueSpecification\",\"valueRequired\":true,\"valueName\":\"search_term_string\"}}],\"inLanguage\":\"es\"},{\"@type\":\"Person\",\"@id\":\"https:\\\/\\\/diariodelsurdigital.com.ar\\\/#\\\/schema\\\/person\\\/1a4992532ed62965c968031b49195c81\",\"name\":\"Diario del Sur Digital\",\"image\":{\"@type\":\"ImageObject\",\"inLanguage\":\"es\",\"@id\":\"https:\\\/\\\/secure.gravatar.com\\\/avatar\\\/f0c7c47fc7146d19828273b9b8eda651c9c7ab583767e6338d3d3bee825adf76?s=96&d=mm&r=g\",\"url\":\"https:\\\/\\\/secure.gravatar.com\\\/avatar\\\/f0c7c47fc7146d19828273b9b8eda651c9c7ab583767e6338d3d3bee825adf76?s=96&d=mm&r=g\",\"contentUrl\":\"https:\\\/\\\/secure.gravatar.com\\\/avatar\\\/f0c7c47fc7146d19828273b9b8eda651c9c7ab583767e6338d3d3bee825adf76?s=96&d=mm&r=g\",\"caption\":\"Diario del Sur Digital\"},\"url\":\"https:\\\/\\\/diariodelsurdigital.com.ar\\\/?author=4\"}]}<\/script>\n<!-- \/ Yoast SEO plugin. -->","yoast_head_json":{"title":"Abri\u00f3 hoy la inscripci\u00f3n al programa Vouchers Educativos 2025: qui\u00e9nes pueden acceder - Diario del Sur","robots":{"index":"index","follow":"follow","max-snippet":"max-snippet:-1","max-image-preview":"max-image-preview:large","max-video-preview":"max-video-preview:-1"},"canonical":"https:\/\/diariodelsurdigital.com.ar\/?p=2213","og_locale":"es_ES","og_type":"article","og_title":"Abri\u00f3 hoy la inscripci\u00f3n al programa Vouchers Educativos 2025: qui\u00e9nes pueden acceder - Diario del Sur","og_description":"La asistencia est\u00e1 dirigida a familias con hijos en escuelas privadas con aporte estatal y con ingresos por debajo de siete salarios m\u00ednimos. Nacionales Abri\u00f3 hoy la inscripci\u00f3n al programa Vouchers Educativos 2025: qui\u00e9nes pueden acceder La asistencia est\u00e1 dirigida a familias con hijos en escuelas privadas con aporte estatal y con ingresos por debajo [&hellip;]","og_url":"https:\/\/diariodelsurdigital.com.ar\/?p=2213","og_site_name":"Diario del Sur","article_published_time":"2025-04-21T22:49:39+00:00","article_modified_time":"2025-04-21T22:49:41+00:00","og_image":[{"width":992,"height":560,"url":"https:\/\/diariodelsurdigital.com.ar\/wp-content\/uploads\/2025\/04\/md-4-1.webp","type":"image\/webp"}],"author":"Diario del Sur Digital","twitter_card":"summary_large_image","twitter_misc":{"Escrito por":"Diario del Sur Digital","Tiempo de lectura":"4 minutos"},"schema":{"@context":"https:\/\/schema.org","@graph":[{"@type":"Article","@id":"https:\/\/diariodelsurdigital.com.ar\/?p=2213#article","isPartOf":{"@id":"https:\/\/diariodelsurdigital.com.ar\/?p=2213"},"author":{"name":"Diario del Sur Digital","@id":"https:\/\/diariodelsurdigital.com.ar\/#\/schema\/person\/1a4992532ed62965c968031b49195c81"},"headline":"Abri\u00f3 hoy la inscripci\u00f3n al programa Vouchers Educativos 2025: qui\u00e9nes pueden acceder","datePublished":"2025-04-21T22:49:39+00:00","dateModified":"2025-04-21T22:49:41+00:00","mainEntityOfPage":{"@id":"https:\/\/diariodelsurdigital.com.ar\/?p=2213"},"wordCount":684,"commentCount":0,"image":{"@id":"https:\/\/diariodelsurdigital.com.ar\/?p=2213#primaryimage"},"thumbnailUrl":"https:\/\/diariodelsurdigital.com.ar\/wp-content\/uploads\/2025\/04\/md-4-1.webp","articleSection":["Inter\u00e9s General","Nacionales"],"inLanguage":"es","potentialAction":[{"@type":"CommentAction","name":"Comment","target":["https:\/\/diariodelsurdigital.com.ar\/?p=2213#respond"]}]},{"@type":"WebPage","@id":"https:\/\/diariodelsurdigital.com.ar\/?p=2213","url":"https:\/\/diariodelsurdigital.com.ar\/?p=2213","name":"Abri\u00f3 hoy la inscripci\u00f3n al programa Vouchers Educativos 2025: qui\u00e9nes pueden acceder - Diario del Sur","isPartOf":{"@id":"https:\/\/diariodelsurdigital.com.ar\/#website"},"primaryImageOfPage":{"@id":"https:\/\/diariodelsurdigital.com.ar\/?p=2213#primaryimage"},"image":{"@id":"https:\/\/diariodelsurdigital.com.ar\/?p=2213#primaryimage"},"thumbnailUrl":"https:\/\/diariodelsurdigital.com.ar\/wp-content\/uploads\/2025\/04\/md-4-1.webp","datePublished":"2025-04-21T22:49:39+00:00","dateModified":"2025-04-21T22:49:41+00:00","author":{"@id":"https:\/\/diariodelsurdigital.com.ar\/#\/schema\/person\/1a4992532ed62965c968031b49195c81"},"breadcrumb":{"@id":"https:\/\/diariodelsurdigital.com.ar\/?p=2213#breadcrumb"},"inLanguage":"es","potentialAction":[{"@type":"ReadAction","target":["https:\/\/diariodelsurdigital.com.ar\/?p=2213"]}]},{"@type":"ImageObject","inLanguage":"es","@id":"https:\/\/diariodelsurdigital.com.ar\/?p=2213#primaryimage","url":"https:\/\/diariodelsurdigital.com.ar\/wp-content\/uploads\/2025\/04\/md-4-1.webp","contentUrl":"https:\/\/diariodelsurdigital.com.ar\/wp-content\/uploads\/2025\/04\/md-4-1.webp","width":992,"height":560},{"@type":"BreadcrumbList","@id":"https:\/\/diariodelsurdigital.com.ar\/?p=2213#breadcrumb","itemListElement":[{"@type":"ListItem","position":1,"name":"Portada","item":"https:\/\/diariodelsurdigital.com.ar\/"},{"@type":"ListItem","position":2,"name":"Abri\u00f3 hoy la inscripci\u00f3n al programa Vouchers Educativos 2025: qui\u00e9nes pueden acceder"}]},{"@type":"WebSite","@id":"https:\/\/diariodelsurdigital.com.ar\/#website","url":"https:\/\/diariodelsurdigital.com.ar\/","name":"Diario del Sur","description":"Digital","potentialAction":[{"@type":"SearchAction","target":{"@type":"EntryPoint","urlTemplate":"https:\/\/diariodelsurdigital.com.ar\/?s={search_term_string}"},"query-input":{"@type":"PropertyValueSpecification","valueRequired":true,"valueName":"search_term_string"}}],"inLanguage":"es"},{"@type":"Person","@id":"https:\/\/diariodelsurdigital.com.ar\/#\/schema\/person\/1a4992532ed62965c968031b49195c81","name":"Diario del Sur Digital","image":{"@type":"ImageObject","inLanguage":"es","@id":"https:\/\/secure.gravatar.com\/avatar\/f0c7c47fc7146d19828273b9b8eda651c9c7ab583767e6338d3d3bee825adf76?s=96&d=mm&r=g","url":"https:\/\/secure.gravatar.com\/avatar\/f0c7c47fc7146d19828273b9b8eda651c9c7ab583767e6338d3d3bee825adf76?s=96&d=mm&r=g","contentUrl":"https:\/\/secure.gravatar.com\/avatar\/f0c7c47fc7146d19828273b9b8eda651c9c7ab583767e6338d3d3bee825adf76?s=96&d=mm&r=g","caption":"Diario del Sur Digital"},"url":"https:\/\/diariodelsurdigital.com.ar\/?author=4"}]}},"_links":{"self":[{"href":"https:\/\/diariodelsurdigital.com.ar\/index.php?rest_route=\/wp\/v2\/posts\/2213","targetHints":{"allow":["GET"]}}],"collection":[{"href":"https:\/\/diariodelsurdigital.com.ar\/index.php?rest_route=\/wp\/v2\/posts"}],"about":[{"href":"https:\/\/diariodelsurdigital.com.ar\/index.php?rest_route=\/wp\/v2\/types\/post"}],"author":[{"embeddable":true,"href":"https:\/\/diariodelsurdigital.com.ar\/index.php?rest_route=\/wp\/v2\/users\/4"}],"replies":[{"embeddable":true,"href":"https:\/\/diariodelsurdigital.com.ar\/index.php?rest_route=%2Fwp%2Fv2%2Fcomments&post=2213"}],"version-history":[{"count":1,"href":"https:\/\/diariodelsurdigital.com.ar\/index.php?rest_route=\/wp\/v2\/posts\/2213\/revisions"}],"predecessor-version":[{"id":2215,"href":"https:\/\/diariodelsurdigital.com.ar\/index.php?rest_route=\/wp\/v2\/posts\/2213\/revisions\/2215"}],"wp:featuredmedia":[{"embeddable":true,"href":"https:\/\/diariodelsurdigital.com.ar\/index.php?rest_route=\/wp\/v2\/media\/2214"}],"wp:attachment":[{"href":"https:\/\/diariodelsurdigital.com.ar\/index.php?rest_route=%2Fwp%2Fv2%2Fmedia&parent=2213"}],"wp:term":[{"taxonomy":"category","embeddable":true,"href":"https:\/\/diariodelsurdigital.com.ar\/index.php?rest_route=%2Fwp%2Fv2%2Fcategories&post=2213"},{"taxonomy":"post_tag","embeddable":true,"href":"https:\/\/diariodelsurdigital.com.ar\/index.php?rest_route=%2Fwp%2Fv2%2Ftags&post=2213"}],"curies":[{"name":"wp","href":"https:\/\/api.w.org\/{rel}","templated":true}]}}