{"id":2216,"date":"2025-04-21T19:54:58","date_gmt":"2025-04-21T22:54:58","guid":{"rendered":"https:\/\/diariodelsurdigital.com.ar\/?p=2216"},"modified":"2025-04-21T19:54:59","modified_gmt":"2025-04-21T22:54:59","slug":"upcn-rechaza-proyecto-sobre-voto-obligatorio-en-elecciones-sindicales","status":"publish","type":"post","link":"https:\/\/diariodelsurdigital.com.ar\/?p=2216","title":{"rendered":"UPCN rechaza proyecto sobre voto obligatorio en elecciones sindicales"},"content":{"rendered":"\n<p>\u00abNo vamos a permitir que los sindicatos se vac\u00eden para que avance el ajuste\u201d, subray\u00f3 el gremio en un documento en el que expresa su en\u00e9rgico rechazo al proyecto de ley presentado por el diputado nacional Gerardo Milman (PRO), que pretende imponer el voto obligatorio en las elecciones sindicales para todos los trabajadores, est\u00e9n o no afiliados. Advierte que \u201caunque se trata de una ley nacional, tendr\u00eda consecuencias directas para los trabajadores de nuestra provincia.<\/p>\n\n\n\n<p>Lo que se presenta como un cambio democr\u00e1tico, en realidad busca vaciar de contenido a los sindicatos y ponerlos al servicio del ajuste\u00bb, se\u00f1al\u00f3 Carina Dom\u00ednguez, secretaria adjunta de UPCN.<\/p>\n\n\n\n<p>Se\u00f1al\u00f3 que la iniciativa no busca ampliar derechos, sino debilitar la capacidad de organizaci\u00f3n de los trabajadores y facilitar una futura reforma laboral que quite conquistas hist\u00f3ricas como la estabilidad, la negociaci\u00f3n colectiva y la protecci\u00f3n gremial. \u00abQuieren hacer votar a quienes no est\u00e1n afiliados, pero no les dan ninguna herramienta para defenderse. Es una trampa\u00bb, opin\u00f3.<\/p>\n\n\n\n<p>Adem\u00e1s expuso: \u201cDesde UPCN Entre R\u00edos consideramos que esta avanzada legislativa forma parte de una estrategia m\u00e1s amplia para recortar derechos, disciplinar al movimiento obrero y silenciar a los trabajadores del Estado\u201d.<\/p>\n\n\n\n<blockquote class=\"wp-block-quote is-layout-flow wp-block-quote-is-layout-flow\">\n<p><a href=\"https:\/\/www.apfdigital.com.ar\/noticias\/2025\/04\/21\/432055-proponen-que-los-trabajadores-no-afiliados-puedan-votar-en-las-elecciones-gremiales\">Proponen que los trabajadores no afiliados puedan votar en las elecciones gremiales<\/a><\/p>\n<\/blockquote>\n\n\n\n<p>\u201cPor eso ratificamos nuestra presencia en la movilizaci\u00f3n del pr\u00f3ximo 30 de abril, en v\u00edsperas del D\u00eda del Trabajador. Vamos a ir igual, porque hay una raz\u00f3n clara: nos quieren d\u00e9biles, divididos y sin sindicatos. Y no lo vamos a permitir\u00bb, asegur\u00f3 Dom\u00ednguez.<\/p>\n\n\n\n<p>\u201cFrente a este escenario, reafirmamos nuestro compromiso con la defensa de los trabajadores estatales de Entre R\u00edos. Porque sin sindicatos libres y con poder de decisi\u00f3n, los derechos laborales no se sostienen. Y porque en este a\u00f1o electoral, tambi\u00e9n est\u00e1 en juego qu\u00e9 Congreso queremos y qu\u00e9 pa\u00eds vamos a construir\u201d, finaliz\u00f3.<\/p>\n","protected":false},"excerpt":{"rendered":"<p>\u00abNo vamos a permitir que los sindicatos se vac\u00eden para que avance el ajuste\u201d, subray\u00f3 el gremio en un documento en el que expresa su en\u00e9rgico rechazo al proyecto de ley presentado por el diputado nacional Gerardo Milman (PRO), que pretende imponer el voto obligatorio en las elecciones sindicales para todos los trabajadores, est\u00e9n o [&hellip;]<\/p>\n","protected":false},"author":4,"featured_media":2217,"comment_status":"open","ping_status":"open","sticky":false,"template":"","format":"standard","meta":{"footnotes":""},"categories":[19],"tags":[],"class_list":{"0":"post-2216","1":"post","2":"type-post","3":"status-publish","4":"format-standard","5":"has-post-thumbnail","7":"category-interes-general"},"yoast_head":"<!-- This site is optimized with the Yoast SEO plugin v27.4 - https:\/\/yoast.com\/product\/yoast-seo-wordpress\/ -->\n<title>UPCN rechaza proyecto sobre voto obligatorio en elecciones sindicales - Diario del Sur<\/title>\n<meta name=\"robots\" content=\"index, follow, max-snippet:-1, max-image-preview:large, max-video-preview:-1\" \/>\n<link rel=\"canonical\" href=\"https:\/\/diariodelsurdigital.com.ar\/?p=2216\" \/>\n<meta property=\"og:locale\" content=\"es_ES\" \/>\n<meta property=\"og:type\" content=\"article\" \/>\n<meta property=\"og:title\" content=\"UPCN rechaza proyecto sobre voto obligatorio en elecciones sindicales - Diario del Sur\" \/>\n<meta property=\"og:description\" content=\"\u00abNo vamos a permitir que los sindicatos se vac\u00eden para que avance el ajuste\u201d, subray\u00f3 el gremio en un documento en el que expresa su en\u00e9rgico rechazo al proyecto de ley presentado por el diputado nacional Gerardo Milman (PRO), que pretende imponer el voto obligatorio en las elecciones sindicales para todos los trabajadores, est\u00e9n o [&hellip;]\" \/>\n<meta property=\"og:url\" content=\"https:\/\/diariodelsurdigital.com.ar\/?p=2216\" \/>\n<meta property=\"og:site_name\" content=\"Diario del Sur\" \/>\n<meta property=\"article:published_time\" content=\"2025-04-21T22:54:58+00:00\" \/>\n<meta property=\"article:modified_time\" content=\"2025-04-21T22:54:59+00:00\" \/>\n<meta property=\"og:image\" content=\"https:\/\/diariodelsurdigital.com.ar\/wp-content\/uploads\/2025\/04\/md-5.webp\" \/>\n\t<meta property=\"og:image:width\" content=\"992\" \/>\n\t<meta property=\"og:image:height\" content=\"747\" \/>\n\t<meta property=\"og:image:type\" content=\"image\/webp\" \/>\n<meta name=\"author\" content=\"Diario del Sur Digital\" \/>\n<meta name=\"twitter:card\" content=\"summary_large_image\" \/>\n<meta name=\"twitter:label1\" content=\"Escrito por\" \/>\n\t<meta name=\"twitter:data1\" content=\"Diario del Sur Digital\" \/>\n\t<meta name=\"twitter:label2\" content=\"Tiempo de lectura\" \/>\n\t<meta name=\"twitter:data2\" content=\"2 minutos\" \/>\n<script type=\"application\/ld+json\" class=\"yoast-schema-graph\">{\"@context\":\"https:\\\/\\\/schema.org\",\"@graph\":[{\"@type\":\"Article\",\"@id\":\"https:\\\/\\\/diariodelsurdigital.com.ar\\\/?p=2216#article\",\"isPartOf\":{\"@id\":\"https:\\\/\\\/diariodelsurdigital.com.ar\\\/?p=2216\"},\"author\":{\"name\":\"Diario del Sur Digital\",\"@id\":\"https:\\\/\\\/diariodelsurdigital.com.ar\\\/#\\\/schema\\\/person\\\/1a4992532ed62965c968031b49195c81\"},\"headline\":\"UPCN rechaza proyecto sobre voto obligatorio en elecciones sindicales\",\"datePublished\":\"2025-04-21T22:54:58+00:00\",\"dateModified\":\"2025-04-21T22:54:59+00:00\",\"mainEntityOfPage\":{\"@id\":\"https:\\\/\\\/diariodelsurdigital.com.ar\\\/?p=2216\"},\"wordCount\":337,\"commentCount\":0,\"image\":{\"@id\":\"https:\\\/\\\/diariodelsurdigital.com.ar\\\/?p=2216#primaryimage\"},\"thumbnailUrl\":\"https:\\\/\\\/diariodelsurdigital.com.ar\\\/wp-content\\\/uploads\\\/2025\\\/04\\\/md-5.webp\",\"articleSection\":[\"Inter\u00e9s General\"],\"inLanguage\":\"es\",\"potentialAction\":[{\"@type\":\"CommentAction\",\"name\":\"Comment\",\"target\":[\"https:\\\/\\\/diariodelsurdigital.com.ar\\\/?p=2216#respond\"]}]},{\"@type\":\"WebPage\",\"@id\":\"https:\\\/\\\/diariodelsurdigital.com.ar\\\/?p=2216\",\"url\":\"https:\\\/\\\/diariodelsurdigital.com.ar\\\/?p=2216\",\"name\":\"UPCN rechaza proyecto sobre voto obligatorio en elecciones sindicales - Diario del Sur\",\"isPartOf\":{\"@id\":\"https:\\\/\\\/diariodelsurdigital.com.ar\\\/#website\"},\"primaryImageOfPage\":{\"@id\":\"https:\\\/\\\/diariodelsurdigital.com.ar\\\/?p=2216#primaryimage\"},\"image\":{\"@id\":\"https:\\\/\\\/diariodelsurdigital.com.ar\\\/?p=2216#primaryimage\"},\"thumbnailUrl\":\"https:\\\/\\\/diariodelsurdigital.com.ar\\\/wp-content\\\/uploads\\\/2025\\\/04\\\/md-5.webp\",\"datePublished\":\"2025-04-21T22:54:58+00:00\",\"dateModified\":\"2025-04-21T22:54:59+00:00\",\"author\":{\"@id\":\"https:\\\/\\\/diariodelsurdigital.com.ar\\\/#\\\/schema\\\/person\\\/1a4992532ed62965c968031b49195c81\"},\"breadcrumb\":{\"@id\":\"https:\\\/\\\/diariodelsurdigital.com.ar\\\/?p=2216#breadcrumb\"},\"inLanguage\":\"es\",\"potentialAction\":[{\"@type\":\"ReadAction\",\"target\":[\"https:\\\/\\\/diariodelsurdigital.com.ar\\\/?p=2216\"]}]},{\"@type\":\"ImageObject\",\"inLanguage\":\"es\",\"@id\":\"https:\\\/\\\/diariodelsurdigital.com.ar\\\/?p=2216#primaryimage\",\"url\":\"https:\\\/\\\/diariodelsurdigital.com.ar\\\/wp-content\\\/uploads\\\/2025\\\/04\\\/md-5.webp\",\"contentUrl\":\"https:\\\/\\\/diariodelsurdigital.com.ar\\\/wp-content\\\/uploads\\\/2025\\\/04\\\/md-5.webp\",\"width\":992,\"height\":747},{\"@type\":\"BreadcrumbList\",\"@id\":\"https:\\\/\\\/diariodelsurdigital.com.ar\\\/?p=2216#breadcrumb\",\"itemListElement\":[{\"@type\":\"ListItem\",\"position\":1,\"name\":\"Portada\",\"item\":\"https:\\\/\\\/diariodelsurdigital.com.ar\\\/\"},{\"@type\":\"ListItem\",\"position\":2,\"name\":\"UPCN rechaza proyecto sobre voto obligatorio en elecciones sindicales\"}]},{\"@type\":\"WebSite\",\"@id\":\"https:\\\/\\\/diariodelsurdigital.com.ar\\\/#website\",\"url\":\"https:\\\/\\\/diariodelsurdigital.com.ar\\\/\",\"name\":\"Diario del Sur\",\"description\":\"Digital\",\"potentialAction\":[{\"@type\":\"SearchAction\",\"target\":{\"@type\":\"EntryPoint\",\"urlTemplate\":\"https:\\\/\\\/diariodelsurdigital.com.ar\\\/?s={search_term_string}\"},\"query-input\":{\"@type\":\"PropertyValueSpecification\",\"valueRequired\":true,\"valueName\":\"search_term_string\"}}],\"inLanguage\":\"es\"},{\"@type\":\"Person\",\"@id\":\"https:\\\/\\\/diariodelsurdigital.com.ar\\\/#\\\/schema\\\/person\\\/1a4992532ed62965c968031b49195c81\",\"name\":\"Diario del Sur Digital\",\"image\":{\"@type\":\"ImageObject\",\"inLanguage\":\"es\",\"@id\":\"https:\\\/\\\/secure.gravatar.com\\\/avatar\\\/f0c7c47fc7146d19828273b9b8eda651c9c7ab583767e6338d3d3bee825adf76?s=96&d=mm&r=g\",\"url\":\"https:\\\/\\\/secure.gravatar.com\\\/avatar\\\/f0c7c47fc7146d19828273b9b8eda651c9c7ab583767e6338d3d3bee825adf76?s=96&d=mm&r=g\",\"contentUrl\":\"https:\\\/\\\/secure.gravatar.com\\\/avatar\\\/f0c7c47fc7146d19828273b9b8eda651c9c7ab583767e6338d3d3bee825adf76?s=96&d=mm&r=g\",\"caption\":\"Diario del Sur Digital\"},\"url\":\"https:\\\/\\\/diariodelsurdigital.com.ar\\\/?author=4\"}]}<\/script>\n<!-- \/ Yoast SEO plugin. -->","yoast_head_json":{"title":"UPCN rechaza proyecto sobre voto obligatorio en elecciones sindicales - Diario del Sur","robots":{"index":"index","follow":"follow","max-snippet":"max-snippet:-1","max-image-preview":"max-image-preview:large","max-video-preview":"max-video-preview:-1"},"canonical":"https:\/\/diariodelsurdigital.com.ar\/?p=2216","og_locale":"es_ES","og_type":"article","og_title":"UPCN rechaza proyecto sobre voto obligatorio en elecciones sindicales - Diario del Sur","og_description":"\u00abNo vamos a permitir que los sindicatos se vac\u00eden para que avance el ajuste\u201d, subray\u00f3 el gremio en un documento en el que expresa su en\u00e9rgico rechazo al proyecto de ley presentado por el diputado nacional Gerardo Milman (PRO), que pretende imponer el voto obligatorio en las elecciones sindicales para todos los trabajadores, est\u00e9n o [&hellip;]","og_url":"https:\/\/diariodelsurdigital.com.ar\/?p=2216","og_site_name":"Diario del Sur","article_published_time":"2025-04-21T22:54:58+00:00","article_modified_time":"2025-04-21T22:54:59+00:00","og_image":[{"width":992,"height":747,"url":"https:\/\/diariodelsurdigital.com.ar\/wp-content\/uploads\/2025\/04\/md-5.webp","type":"image\/webp"}],"author":"Diario del Sur Digital","twitter_card":"summary_large_image","twitter_misc":{"Escrito por":"Diario del Sur Digital","Tiempo de lectura":"2 minutos"},"schema":{"@context":"https:\/\/schema.org","@graph":[{"@type":"Article","@id":"https:\/\/diariodelsurdigital.com.ar\/?p=2216#article","isPartOf":{"@id":"https:\/\/diariodelsurdigital.com.ar\/?p=2216"},"author":{"name":"Diario del Sur Digital","@id":"https:\/\/diariodelsurdigital.com.ar\/#\/schema\/person\/1a4992532ed62965c968031b49195c81"},"headline":"UPCN rechaza proyecto sobre voto obligatorio en elecciones sindicales","datePublished":"2025-04-21T22:54:58+00:00","dateModified":"2025-04-21T22:54:59+00:00","mainEntityOfPage":{"@id":"https:\/\/diariodelsurdigital.com.ar\/?p=2216"},"wordCount":337,"commentCount":0,"image":{"@id":"https:\/\/diariodelsurdigital.com.ar\/?p=2216#primaryimage"},"thumbnailUrl":"https:\/\/diariodelsurdigital.com.ar\/wp-content\/uploads\/2025\/04\/md-5.webp","articleSection":["Inter\u00e9s General"],"inLanguage":"es","potentialAction":[{"@type":"CommentAction","name":"Comment","target":["https:\/\/diariodelsurdigital.com.ar\/?p=2216#respond"]}]},{"@type":"WebPage","@id":"https:\/\/diariodelsurdigital.com.ar\/?p=2216","url":"https:\/\/diariodelsurdigital.com.ar\/?p=2216","name":"UPCN rechaza proyecto sobre voto obligatorio en elecciones sindicales - Diario del Sur","isPartOf":{"@id":"https:\/\/diariodelsurdigital.com.ar\/#website"},"primaryImageOfPage":{"@id":"https:\/\/diariodelsurdigital.com.ar\/?p=2216#primaryimage"},"image":{"@id":"https:\/\/diariodelsurdigital.com.ar\/?p=2216#primaryimage"},"thumbnailUrl":"https:\/\/diariodelsurdigital.com.ar\/wp-content\/uploads\/2025\/04\/md-5.webp","datePublished":"2025-04-21T22:54:58+00:00","dateModified":"2025-04-21T22:54:59+00:00","author":{"@id":"https:\/\/diariodelsurdigital.com.ar\/#\/schema\/person\/1a4992532ed62965c968031b49195c81"},"breadcrumb":{"@id":"https:\/\/diariodelsurdigital.com.ar\/?p=2216#breadcrumb"},"inLanguage":"es","potentialAction":[{"@type":"ReadAction","target":["https:\/\/diariodelsurdigital.com.ar\/?p=2216"]}]},{"@type":"ImageObject","inLanguage":"es","@id":"https:\/\/diariodelsurdigital.com.ar\/?p=2216#primaryimage","url":"https:\/\/diariodelsurdigital.com.ar\/wp-content\/uploads\/2025\/04\/md-5.webp","contentUrl":"https:\/\/diariodelsurdigital.com.ar\/wp-content\/uploads\/2025\/04\/md-5.webp","width":992,"height":747},{"@type":"BreadcrumbList","@id":"https:\/\/diariodelsurdigital.com.ar\/?p=2216#breadcrumb","itemListElement":[{"@type":"ListItem","position":1,"name":"Portada","item":"https:\/\/diariodelsurdigital.com.ar\/"},{"@type":"ListItem","position":2,"name":"UPCN rechaza proyecto sobre voto obligatorio en elecciones sindicales"}]},{"@type":"WebSite","@id":"https:\/\/diariodelsurdigital.com.ar\/#website","url":"https:\/\/diariodelsurdigital.com.ar\/","name":"Diario del Sur","description":"Digital","potentialAction":[{"@type":"SearchAction","target":{"@type":"EntryPoint","urlTemplate":"https:\/\/diariodelsurdigital.com.ar\/?s={search_term_string}"},"query-input":{"@type":"PropertyValueSpecification","valueRequired":true,"valueName":"search_term_string"}}],"inLanguage":"es"},{"@type":"Person","@id":"https:\/\/diariodelsurdigital.com.ar\/#\/schema\/person\/1a4992532ed62965c968031b49195c81","name":"Diario del Sur Digital","image":{"@type":"ImageObject","inLanguage":"es","@id":"https:\/\/secure.gravatar.com\/avatar\/f0c7c47fc7146d19828273b9b8eda651c9c7ab583767e6338d3d3bee825adf76?s=96&d=mm&r=g","url":"https:\/\/secure.gravatar.com\/avatar\/f0c7c47fc7146d19828273b9b8eda651c9c7ab583767e6338d3d3bee825adf76?s=96&d=mm&r=g","contentUrl":"https:\/\/secure.gravatar.com\/avatar\/f0c7c47fc7146d19828273b9b8eda651c9c7ab583767e6338d3d3bee825adf76?s=96&d=mm&r=g","caption":"Diario del Sur Digital"},"url":"https:\/\/diariodelsurdigital.com.ar\/?author=4"}]}},"_links":{"self":[{"href":"https:\/\/diariodelsurdigital.com.ar\/index.php?rest_route=\/wp\/v2\/posts\/2216","targetHints":{"allow":["GET"]}}],"collection":[{"href":"https:\/\/diariodelsurdigital.com.ar\/index.php?rest_route=\/wp\/v2\/posts"}],"about":[{"href":"https:\/\/diariodelsurdigital.com.ar\/index.php?rest_route=\/wp\/v2\/types\/post"}],"author":[{"embeddable":true,"href":"https:\/\/diariodelsurdigital.com.ar\/index.php?rest_route=\/wp\/v2\/users\/4"}],"replies":[{"embeddable":true,"href":"https:\/\/diariodelsurdigital.com.ar\/index.php?rest_route=%2Fwp%2Fv2%2Fcomments&post=2216"}],"version-history":[{"count":1,"href":"https:\/\/diariodelsurdigital.com.ar\/index.php?rest_route=\/wp\/v2\/posts\/2216\/revisions"}],"predecessor-version":[{"id":2218,"href":"https:\/\/diariodelsurdigital.com.ar\/index.php?rest_route=\/wp\/v2\/posts\/2216\/revisions\/2218"}],"wp:featuredmedia":[{"embeddable":true,"href":"https:\/\/diariodelsurdigital.com.ar\/index.php?rest_route=\/wp\/v2\/media\/2217"}],"wp:attachment":[{"href":"https:\/\/diariodelsurdigital.com.ar\/index.php?rest_route=%2Fwp%2Fv2%2Fmedia&parent=2216"}],"wp:term":[{"taxonomy":"category","embeddable":true,"href":"https:\/\/diariodelsurdigital.com.ar\/index.php?rest_route=%2Fwp%2Fv2%2Fcategories&post=2216"},{"taxonomy":"post_tag","embeddable":true,"href":"https:\/\/diariodelsurdigital.com.ar\/index.php?rest_route=%2Fwp%2Fv2%2Ftags&post=2216"}],"curies":[{"name":"wp","href":"https:\/\/api.w.org\/{rel}","templated":true}]}}