{"id":2219,"date":"2025-04-21T19:58:52","date_gmt":"2025-04-21T22:58:52","guid":{"rendered":"https:\/\/diariodelsurdigital.com.ar\/?p=2219"},"modified":"2025-04-21T19:58:53","modified_gmt":"2025-04-21T22:58:53","slug":"milei-viajara-a-roma-para-el-funeral-del-papa-francisco","status":"publish","type":"post","link":"https:\/\/diariodelsurdigital.com.ar\/?p=2219","title":{"rendered":"Milei viajar\u00e1 a Roma para el funeral del papa Francisco"},"content":{"rendered":"\n<p>El Presidente expres\u00f3 sus condolencias en las redes sociales por el fallecimiento. El Gobierno decretar\u00e1 siete d\u00edas de duelo.<\/p>\n\n\n\n<p>Milei viajar\u00e1 a Roma para asistir al funeral del papa Francisco en el Vaticano. As\u00ed lo confirmaron fuentes oficiales a \u00c1mbito, las cuales se\u00f1alaron adem\u00e1s que el Ejecutivo est\u00e1 la espera indicaciones para concretar la partida del mandatario.<\/p>\n\n\n\n<p>Seg\u00fan pidi\u00f3 el propio Papa, sus restos ser\u00e1n enterrados en Santa Maria Maggiore, en un ata\u00fad simple de madera y cinc, sin b\u00e1culo papal.<\/p>\n\n\n\n<p>El papa Francisco falleci\u00f3 este lunes a los 88 a\u00f1os, seg\u00fan anunci\u00f3 el Vaticano. La noticia de su muerte llena de conmoci\u00f3n a la Iglesia cat\u00f3lica, la cual lider\u00f3 durante m\u00e1s de una d\u00e9cada en la que encar\u00f3 un rol reformista, con cambios de apertura y modernizaci\u00f3n, y su lucha contra la pederastia. La muerte del argentino Jorge Bergoglio se produjo solo un d\u00eda despu\u00e9s de su reaparici\u00f3n p\u00fablica para participar de la misa de Pascuas.<\/p>\n\n\n\n<p><strong>El Gobierno decretar\u00e1 siete d\u00edas de duelo nacional por la muerte del papa Francisco<\/strong><\/p>\n\n\n\n<p>El presidente Javier Milei decretar\u00e1 siete d\u00edas de duelo nacional por la muerte del papa Francisco, Jorge Bergoglio, ocurrida este lunes en Roma. El vocero presidencial Manuel Adorni fue el encargado de anunciar la medida a trav\u00e9s de su cuenta de X (ex Twitter):<\/p>\n\n\n\n<p>\u201cFalleci\u00f3 el Papa Francisco, Jorge Bergoglio. L\u00edder espiritual y gu\u00eda de millones de hombres y mujeres. El Presidente de la Naci\u00f3n decretar\u00e1 siete d\u00edas de duelo por el fallecimiento del Santo Padre. Q.E.P.D.\u201d.<\/p>\n\n\n\n<p>La decisi\u00f3n oficial ser\u00e1 publicada en las pr\u00f3ximas horas en el Bolet\u00edn Oficial. Se espera tambi\u00e9n una declaraci\u00f3n institucional del presidente Milei, quien hab\u00eda mantenido una relaci\u00f3n distante con el pont\u00edfice, aunque en los \u00faltimos meses se hab\u00edan producido se\u00f1ales de acercamiento.<\/p>\n\n\n\n<p>Durante el duelo, las banderas permanecer\u00e1n izadas a media asta en todos los edificios p\u00fablicos del pa\u00eds, en se\u00f1al de respeto y conmemoraci\u00f3n.<\/p>\n\n\n\n<p>La expectativa ahora gira en torno a si el presidente Javier Milei declarar\u00e1 una jornada no laborable, especialmente el d\u00eda del funeral, que se celebrar\u00e1 esta semana en la Bas\u00edlica de San Pedro del Vaticano. En 2005, con el fallecimiento de Juan Pablo II, Argentina no declar\u00f3 feriado, pero en este caso se trata de un papa de origen argentino, lo que podr\u00eda motivar una medida excepcional, public\u00f3 \u00c1mbito.<\/p>\n","protected":false},"excerpt":{"rendered":"<p>El Presidente expres\u00f3 sus condolencias en las redes sociales por el fallecimiento. El Gobierno decretar\u00e1 siete d\u00edas de duelo. Milei viajar\u00e1 a Roma para asistir al funeral del papa Francisco en el Vaticano. As\u00ed lo confirmaron fuentes oficiales a \u00c1mbito, las cuales se\u00f1alaron adem\u00e1s que el Ejecutivo est\u00e1 la espera indicaciones para concretar la partida [&hellip;]<\/p>\n","protected":false},"author":4,"featured_media":1246,"comment_status":"open","ping_status":"open","sticky":false,"template":"","format":"standard","meta":{"footnotes":""},"categories":[18],"tags":[],"class_list":{"0":"post-2219","1":"post","2":"type-post","3":"status-publish","4":"format-standard","5":"has-post-thumbnail","7":"category-nacionales"},"yoast_head":"<!-- This site is optimized with the Yoast SEO plugin v27.4 - https:\/\/yoast.com\/product\/yoast-seo-wordpress\/ -->\n<title>Milei viajar\u00e1 a Roma para el funeral del papa Francisco - Diario del Sur<\/title>\n<meta name=\"robots\" content=\"index, follow, max-snippet:-1, max-image-preview:large, max-video-preview:-1\" \/>\n<link rel=\"canonical\" href=\"https:\/\/diariodelsurdigital.com.ar\/?p=2219\" \/>\n<meta property=\"og:locale\" content=\"es_ES\" \/>\n<meta property=\"og:type\" content=\"article\" \/>\n<meta property=\"og:title\" content=\"Milei viajar\u00e1 a Roma para el funeral del papa Francisco - Diario del Sur\" \/>\n<meta property=\"og:description\" content=\"El Presidente expres\u00f3 sus condolencias en las redes sociales por el fallecimiento. El Gobierno decretar\u00e1 siete d\u00edas de duelo. Milei viajar\u00e1 a Roma para asistir al funeral del papa Francisco en el Vaticano. As\u00ed lo confirmaron fuentes oficiales a \u00c1mbito, las cuales se\u00f1alaron adem\u00e1s que el Ejecutivo est\u00e1 la espera indicaciones para concretar la partida [&hellip;]\" \/>\n<meta property=\"og:url\" content=\"https:\/\/diariodelsurdigital.com.ar\/?p=2219\" \/>\n<meta property=\"og:site_name\" content=\"Diario del Sur\" \/>\n<meta property=\"article:published_time\" content=\"2025-04-21T22:58:52+00:00\" \/>\n<meta property=\"article:modified_time\" content=\"2025-04-21T22:58:53+00:00\" \/>\n<meta property=\"og:image\" content=\"https:\/\/diariodelsurdigital.com.ar\/wp-content\/uploads\/2025\/02\/md-18.webp\" \/>\n\t<meta property=\"og:image:width\" content=\"992\" \/>\n\t<meta property=\"og:image:height\" content=\"552\" \/>\n\t<meta property=\"og:image:type\" content=\"image\/webp\" \/>\n<meta name=\"author\" content=\"Diario del Sur Digital\" \/>\n<meta name=\"twitter:card\" content=\"summary_large_image\" \/>\n<meta name=\"twitter:label1\" content=\"Escrito por\" \/>\n\t<meta name=\"twitter:data1\" content=\"Diario del Sur Digital\" \/>\n\t<meta name=\"twitter:label2\" content=\"Tiempo de lectura\" \/>\n\t<meta name=\"twitter:data2\" content=\"2 minutos\" \/>\n<script type=\"application\/ld+json\" class=\"yoast-schema-graph\">{\"@context\":\"https:\\\/\\\/schema.org\",\"@graph\":[{\"@type\":\"Article\",\"@id\":\"https:\\\/\\\/diariodelsurdigital.com.ar\\\/?p=2219#article\",\"isPartOf\":{\"@id\":\"https:\\\/\\\/diariodelsurdigital.com.ar\\\/?p=2219\"},\"author\":{\"name\":\"Diario del Sur Digital\",\"@id\":\"https:\\\/\\\/diariodelsurdigital.com.ar\\\/#\\\/schema\\\/person\\\/1a4992532ed62965c968031b49195c81\"},\"headline\":\"Milei viajar\u00e1 a Roma para el funeral del papa Francisco\",\"datePublished\":\"2025-04-21T22:58:52+00:00\",\"dateModified\":\"2025-04-21T22:58:53+00:00\",\"mainEntityOfPage\":{\"@id\":\"https:\\\/\\\/diariodelsurdigital.com.ar\\\/?p=2219\"},\"wordCount\":436,\"commentCount\":0,\"image\":{\"@id\":\"https:\\\/\\\/diariodelsurdigital.com.ar\\\/?p=2219#primaryimage\"},\"thumbnailUrl\":\"https:\\\/\\\/diariodelsurdigital.com.ar\\\/wp-content\\\/uploads\\\/2025\\\/02\\\/md-18.webp\",\"articleSection\":[\"Nacionales\"],\"inLanguage\":\"es\",\"potentialAction\":[{\"@type\":\"CommentAction\",\"name\":\"Comment\",\"target\":[\"https:\\\/\\\/diariodelsurdigital.com.ar\\\/?p=2219#respond\"]}]},{\"@type\":\"WebPage\",\"@id\":\"https:\\\/\\\/diariodelsurdigital.com.ar\\\/?p=2219\",\"url\":\"https:\\\/\\\/diariodelsurdigital.com.ar\\\/?p=2219\",\"name\":\"Milei viajar\u00e1 a Roma para el funeral del papa Francisco - Diario del Sur\",\"isPartOf\":{\"@id\":\"https:\\\/\\\/diariodelsurdigital.com.ar\\\/#website\"},\"primaryImageOfPage\":{\"@id\":\"https:\\\/\\\/diariodelsurdigital.com.ar\\\/?p=2219#primaryimage\"},\"image\":{\"@id\":\"https:\\\/\\\/diariodelsurdigital.com.ar\\\/?p=2219#primaryimage\"},\"thumbnailUrl\":\"https:\\\/\\\/diariodelsurdigital.com.ar\\\/wp-content\\\/uploads\\\/2025\\\/02\\\/md-18.webp\",\"datePublished\":\"2025-04-21T22:58:52+00:00\",\"dateModified\":\"2025-04-21T22:58:53+00:00\",\"author\":{\"@id\":\"https:\\\/\\\/diariodelsurdigital.com.ar\\\/#\\\/schema\\\/person\\\/1a4992532ed62965c968031b49195c81\"},\"breadcrumb\":{\"@id\":\"https:\\\/\\\/diariodelsurdigital.com.ar\\\/?p=2219#breadcrumb\"},\"inLanguage\":\"es\",\"potentialAction\":[{\"@type\":\"ReadAction\",\"target\":[\"https:\\\/\\\/diariodelsurdigital.com.ar\\\/?p=2219\"]}]},{\"@type\":\"ImageObject\",\"inLanguage\":\"es\",\"@id\":\"https:\\\/\\\/diariodelsurdigital.com.ar\\\/?p=2219#primaryimage\",\"url\":\"https:\\\/\\\/diariodelsurdigital.com.ar\\\/wp-content\\\/uploads\\\/2025\\\/02\\\/md-18.webp\",\"contentUrl\":\"https:\\\/\\\/diariodelsurdigital.com.ar\\\/wp-content\\\/uploads\\\/2025\\\/02\\\/md-18.webp\",\"width\":992,\"height\":552},{\"@type\":\"BreadcrumbList\",\"@id\":\"https:\\\/\\\/diariodelsurdigital.com.ar\\\/?p=2219#breadcrumb\",\"itemListElement\":[{\"@type\":\"ListItem\",\"position\":1,\"name\":\"Portada\",\"item\":\"https:\\\/\\\/diariodelsurdigital.com.ar\\\/\"},{\"@type\":\"ListItem\",\"position\":2,\"name\":\"Milei viajar\u00e1 a Roma para el funeral del papa Francisco\"}]},{\"@type\":\"WebSite\",\"@id\":\"https:\\\/\\\/diariodelsurdigital.com.ar\\\/#website\",\"url\":\"https:\\\/\\\/diariodelsurdigital.com.ar\\\/\",\"name\":\"Diario del Sur\",\"description\":\"Digital\",\"potentialAction\":[{\"@type\":\"SearchAction\",\"target\":{\"@type\":\"EntryPoint\",\"urlTemplate\":\"https:\\\/\\\/diariodelsurdigital.com.ar\\\/?s={search_term_string}\"},\"query-input\":{\"@type\":\"PropertyValueSpecification\",\"valueRequired\":true,\"valueName\":\"search_term_string\"}}],\"inLanguage\":\"es\"},{\"@type\":\"Person\",\"@id\":\"https:\\\/\\\/diariodelsurdigital.com.ar\\\/#\\\/schema\\\/person\\\/1a4992532ed62965c968031b49195c81\",\"name\":\"Diario del Sur Digital\",\"image\":{\"@type\":\"ImageObject\",\"inLanguage\":\"es\",\"@id\":\"https:\\\/\\\/secure.gravatar.com\\\/avatar\\\/f0c7c47fc7146d19828273b9b8eda651c9c7ab583767e6338d3d3bee825adf76?s=96&d=mm&r=g\",\"url\":\"https:\\\/\\\/secure.gravatar.com\\\/avatar\\\/f0c7c47fc7146d19828273b9b8eda651c9c7ab583767e6338d3d3bee825adf76?s=96&d=mm&r=g\",\"contentUrl\":\"https:\\\/\\\/secure.gravatar.com\\\/avatar\\\/f0c7c47fc7146d19828273b9b8eda651c9c7ab583767e6338d3d3bee825adf76?s=96&d=mm&r=g\",\"caption\":\"Diario del Sur Digital\"},\"url\":\"https:\\\/\\\/diariodelsurdigital.com.ar\\\/?author=4\"}]}<\/script>\n<!-- \/ Yoast SEO plugin. -->","yoast_head_json":{"title":"Milei viajar\u00e1 a Roma para el funeral del papa Francisco - Diario del Sur","robots":{"index":"index","follow":"follow","max-snippet":"max-snippet:-1","max-image-preview":"max-image-preview:large","max-video-preview":"max-video-preview:-1"},"canonical":"https:\/\/diariodelsurdigital.com.ar\/?p=2219","og_locale":"es_ES","og_type":"article","og_title":"Milei viajar\u00e1 a Roma para el funeral del papa Francisco - Diario del Sur","og_description":"El Presidente expres\u00f3 sus condolencias en las redes sociales por el fallecimiento. El Gobierno decretar\u00e1 siete d\u00edas de duelo. Milei viajar\u00e1 a Roma para asistir al funeral del papa Francisco en el Vaticano. As\u00ed lo confirmaron fuentes oficiales a \u00c1mbito, las cuales se\u00f1alaron adem\u00e1s que el Ejecutivo est\u00e1 la espera indicaciones para concretar la partida [&hellip;]","og_url":"https:\/\/diariodelsurdigital.com.ar\/?p=2219","og_site_name":"Diario del Sur","article_published_time":"2025-04-21T22:58:52+00:00","article_modified_time":"2025-04-21T22:58:53+00:00","og_image":[{"width":992,"height":552,"url":"https:\/\/diariodelsurdigital.com.ar\/wp-content\/uploads\/2025\/02\/md-18.webp","type":"image\/webp"}],"author":"Diario del Sur Digital","twitter_card":"summary_large_image","twitter_misc":{"Escrito por":"Diario del Sur Digital","Tiempo de lectura":"2 minutos"},"schema":{"@context":"https:\/\/schema.org","@graph":[{"@type":"Article","@id":"https:\/\/diariodelsurdigital.com.ar\/?p=2219#article","isPartOf":{"@id":"https:\/\/diariodelsurdigital.com.ar\/?p=2219"},"author":{"name":"Diario del Sur Digital","@id":"https:\/\/diariodelsurdigital.com.ar\/#\/schema\/person\/1a4992532ed62965c968031b49195c81"},"headline":"Milei viajar\u00e1 a Roma para el funeral del papa Francisco","datePublished":"2025-04-21T22:58:52+00:00","dateModified":"2025-04-21T22:58:53+00:00","mainEntityOfPage":{"@id":"https:\/\/diariodelsurdigital.com.ar\/?p=2219"},"wordCount":436,"commentCount":0,"image":{"@id":"https:\/\/diariodelsurdigital.com.ar\/?p=2219#primaryimage"},"thumbnailUrl":"https:\/\/diariodelsurdigital.com.ar\/wp-content\/uploads\/2025\/02\/md-18.webp","articleSection":["Nacionales"],"inLanguage":"es","potentialAction":[{"@type":"CommentAction","name":"Comment","target":["https:\/\/diariodelsurdigital.com.ar\/?p=2219#respond"]}]},{"@type":"WebPage","@id":"https:\/\/diariodelsurdigital.com.ar\/?p=2219","url":"https:\/\/diariodelsurdigital.com.ar\/?p=2219","name":"Milei viajar\u00e1 a Roma para el funeral del papa Francisco - Diario del Sur","isPartOf":{"@id":"https:\/\/diariodelsurdigital.com.ar\/#website"},"primaryImageOfPage":{"@id":"https:\/\/diariodelsurdigital.com.ar\/?p=2219#primaryimage"},"image":{"@id":"https:\/\/diariodelsurdigital.com.ar\/?p=2219#primaryimage"},"thumbnailUrl":"https:\/\/diariodelsurdigital.com.ar\/wp-content\/uploads\/2025\/02\/md-18.webp","datePublished":"2025-04-21T22:58:52+00:00","dateModified":"2025-04-21T22:58:53+00:00","author":{"@id":"https:\/\/diariodelsurdigital.com.ar\/#\/schema\/person\/1a4992532ed62965c968031b49195c81"},"breadcrumb":{"@id":"https:\/\/diariodelsurdigital.com.ar\/?p=2219#breadcrumb"},"inLanguage":"es","potentialAction":[{"@type":"ReadAction","target":["https:\/\/diariodelsurdigital.com.ar\/?p=2219"]}]},{"@type":"ImageObject","inLanguage":"es","@id":"https:\/\/diariodelsurdigital.com.ar\/?p=2219#primaryimage","url":"https:\/\/diariodelsurdigital.com.ar\/wp-content\/uploads\/2025\/02\/md-18.webp","contentUrl":"https:\/\/diariodelsurdigital.com.ar\/wp-content\/uploads\/2025\/02\/md-18.webp","width":992,"height":552},{"@type":"BreadcrumbList","@id":"https:\/\/diariodelsurdigital.com.ar\/?p=2219#breadcrumb","itemListElement":[{"@type":"ListItem","position":1,"name":"Portada","item":"https:\/\/diariodelsurdigital.com.ar\/"},{"@type":"ListItem","position":2,"name":"Milei viajar\u00e1 a Roma para el funeral del papa Francisco"}]},{"@type":"WebSite","@id":"https:\/\/diariodelsurdigital.com.ar\/#website","url":"https:\/\/diariodelsurdigital.com.ar\/","name":"Diario del Sur","description":"Digital","potentialAction":[{"@type":"SearchAction","target":{"@type":"EntryPoint","urlTemplate":"https:\/\/diariodelsurdigital.com.ar\/?s={search_term_string}"},"query-input":{"@type":"PropertyValueSpecification","valueRequired":true,"valueName":"search_term_string"}}],"inLanguage":"es"},{"@type":"Person","@id":"https:\/\/diariodelsurdigital.com.ar\/#\/schema\/person\/1a4992532ed62965c968031b49195c81","name":"Diario del Sur Digital","image":{"@type":"ImageObject","inLanguage":"es","@id":"https:\/\/secure.gravatar.com\/avatar\/f0c7c47fc7146d19828273b9b8eda651c9c7ab583767e6338d3d3bee825adf76?s=96&d=mm&r=g","url":"https:\/\/secure.gravatar.com\/avatar\/f0c7c47fc7146d19828273b9b8eda651c9c7ab583767e6338d3d3bee825adf76?s=96&d=mm&r=g","contentUrl":"https:\/\/secure.gravatar.com\/avatar\/f0c7c47fc7146d19828273b9b8eda651c9c7ab583767e6338d3d3bee825adf76?s=96&d=mm&r=g","caption":"Diario del Sur Digital"},"url":"https:\/\/diariodelsurdigital.com.ar\/?author=4"}]}},"_links":{"self":[{"href":"https:\/\/diariodelsurdigital.com.ar\/index.php?rest_route=\/wp\/v2\/posts\/2219","targetHints":{"allow":["GET"]}}],"collection":[{"href":"https:\/\/diariodelsurdigital.com.ar\/index.php?rest_route=\/wp\/v2\/posts"}],"about":[{"href":"https:\/\/diariodelsurdigital.com.ar\/index.php?rest_route=\/wp\/v2\/types\/post"}],"author":[{"embeddable":true,"href":"https:\/\/diariodelsurdigital.com.ar\/index.php?rest_route=\/wp\/v2\/users\/4"}],"replies":[{"embeddable":true,"href":"https:\/\/diariodelsurdigital.com.ar\/index.php?rest_route=%2Fwp%2Fv2%2Fcomments&post=2219"}],"version-history":[{"count":1,"href":"https:\/\/diariodelsurdigital.com.ar\/index.php?rest_route=\/wp\/v2\/posts\/2219\/revisions"}],"predecessor-version":[{"id":2220,"href":"https:\/\/diariodelsurdigital.com.ar\/index.php?rest_route=\/wp\/v2\/posts\/2219\/revisions\/2220"}],"wp:featuredmedia":[{"embeddable":true,"href":"https:\/\/diariodelsurdigital.com.ar\/index.php?rest_route=\/wp\/v2\/media\/1246"}],"wp:attachment":[{"href":"https:\/\/diariodelsurdigital.com.ar\/index.php?rest_route=%2Fwp%2Fv2%2Fmedia&parent=2219"}],"wp:term":[{"taxonomy":"category","embeddable":true,"href":"https:\/\/diariodelsurdigital.com.ar\/index.php?rest_route=%2Fwp%2Fv2%2Fcategories&post=2219"},{"taxonomy":"post_tag","embeddable":true,"href":"https:\/\/diariodelsurdigital.com.ar\/index.php?rest_route=%2Fwp%2Fv2%2Ftags&post=2219"}],"curies":[{"name":"wp","href":"https:\/\/api.w.org\/{rel}","templated":true}]}}