{"id":2221,"date":"2025-04-21T20:01:51","date_gmt":"2025-04-21T23:01:51","guid":{"rendered":"https:\/\/diariodelsurdigital.com.ar\/?p=2221"},"modified":"2025-04-21T20:01:52","modified_gmt":"2025-04-21T23:01:52","slug":"quienes-son-los-candidatos-para-suceder-al-papa-francisco","status":"publish","type":"post","link":"https:\/\/diariodelsurdigital.com.ar\/?p=2221","title":{"rendered":"Qui\u00e9nes son los candidatos para suceder al papa Francisco"},"content":{"rendered":"\n<p>Con el fallecimiento de Jorge Bergoglio, se abre un per\u00edodo de liturgia funeraria, pero tambi\u00e9n de lucha por el poder de una de las instituciones m\u00e1s antiguas y vigentes de la Tierra.<\/p>\n\n\n\n<figure class=\"wp-block-image\"><img decoding=\"async\" src=\"https:\/\/apfdigital-s3.cdn.net.ar\/s3i233\/2024\/07\/apfdigital\/files\/70\/7024\/7ac5136d55d269ddda40c5676c08639eba3dc4452b8d63f59dec92bdd676a3c9.jpg\" alt=\"Publicidad\"\/><\/figure>\n\n\n\n<p><a href=\"https:\/\/www.apfdigital.com.ar\/internacionales\/\">Internacionales<\/a><\/p>\n\n\n\n<h1 class=\"wp-block-heading\">Qui\u00e9nes son los candidatos para suceder al papa Francisco<\/h1>\n\n\n\n<p>Con el fallecimiento de Jorge Bergoglio, se abre un per\u00edodo de liturgia funeraria, pero tambi\u00e9n de lucha por el poder de una de las instituciones m\u00e1s antiguas y vigentes de la Tierra.<\/p>\n\n\n\n<p>lunes 21 de abril de 2025 | 12:00hs.<\/p>\n\n\n\n<figure class=\"wp-block-image\"><img decoding=\"async\" src=\"https:\/\/apfdigital-s3.cdn.net.ar\/s3i233\/2025\/04\/apfdigital\/images\/01\/84\/90\/1849084_c73d7574054c984b5e78fb9a8a9318616c76b077da2c70369698bfef9bfb5be7\/md.webp\" alt=\"\"\/><\/figure>\n\n\n\n<p>La muerte del papa Francisco encendi\u00f3 la carrera por la sucesi\u00f3n del trono de San Pedro y revivi\u00f3 una frase muy recordada durante las disputas por la conducci\u00f3n de la Iglesia cat\u00f3lica: \u00abEl que entra al c\u00f3nclave como papa, sale como cardenal\u00bb.<\/p>\n\n\n\n<p>Con el fallecimiento de Jorge Bergoglio, se abre un per\u00edodo de liturgia funeraria, pero tambi\u00e9n de lucha por el poder de una de las instituciones m\u00e1s antiguas y vigentes de la Tierra.<\/p>\n\n\n\n<p>En primer lugar, el Vaticano activ\u00f3 de forma autom\u00e1tica el protocolo conocido como \u00abSede Vacante\u00bb, que inicia el proceso de transici\u00f3n hasta la elecci\u00f3n de un nuevo Pont\u00edfice.<\/p>\n\n\n\n<p>Mientras tanto, la Iglesia queda bajo custodia del camarlengo, una figura cuyo gobierno \u00abde transici\u00f3n\u00bb es encarado por el cardenal irland\u00e9s Kevin Farrell. Cuando un Papa fallece o renuncia, el gobierno provisional de la Iglesia cat\u00f3lica pasa a manos del cardenal camarlengo, que debe administrar los bienes de la Santa Sede, ayudado por tres purpurados asistentes. Como definici\u00f3n, el camarlengo es el cardenal que preside la C\u00e1mara Apost\u00f3lica.<\/p>\n\n\n\n<p><strong>C\u00f3nclave: c\u00f3mo es el procedimiento para elegir al nuevo Papa<\/strong><\/p>\n\n\n\n<p>La Iglesia Cat\u00f3lica utiliza un m\u00e9todo que ha permanecido pr\u00e1cticamente inalterado durante los \u00faltimos 800 a\u00f1os en la misi\u00f3n de elegir a su l\u00edder. Dicho sistema es conocido como C\u00f3nclave papal y volver\u00e1 a ser utilizado tras la muerte de Francisco.<\/p>\n\n\n\n<p>La elecci\u00f3n ocurre de forma democr\u00e1tica y se hace especial hincapi\u00e9 en la necesidad de realizar varias rondas de votaci\u00f3n hasta que surja un consenso claro. Seg\u00fan las normas actuales, s\u00f3lo los cardenales menores de 80 a\u00f1os pueden emitir su voto.<\/p>\n\n\n\n<p><strong>Cu\u00e1l es el requisito para ser elegido Papa<\/strong><\/p>\n\n\n\n<p>En cuanto a los requisitos, oficialmente los candidatos deben ser varones y cat\u00f3licos, aunque en realidad, desde hace siglos, los pont\u00edfices s\u00f3lo han sido elegidos entre las filas de los cardenales.<\/p>\n\n\n\n<p>Asimismo, no hay un l\u00edmite de edad para qui\u00e9n puede convertirse en Papa, pero Francisco ten\u00eda 76 a\u00f1os cuando asumi\u00f3 el cargo, el cual dej\u00f3 a sus 88. Su antecesor, Benedicto XVI, fue elegido a sus 78 a\u00f1os y se retir\u00f3 a los 85.<\/p>\n\n\n\n<p><strong>C\u00f3nclave papal: c\u00f3mo es el paso a paso<\/strong><\/p>\n\n\n\n<p>Para comenzar el proceso, hay una misa especial por la ma\u00f1ana, despu\u00e9s de la cual los 138 cardenales en edad de votar se reunir\u00e1n dentro de la exquisitamente decorada Capilla Sixtina, sede de todos los c\u00f3nclaves papales desde 1858.<\/p>\n\n\n\n<p>Posteriormente, se escuchar\u00e1 el grito de \u00abextra omnes\u00bb (todos afuera) y los cardenales, que han prestado juramento de secreto, ser\u00e1n encerrados en el C\u00f3nclave hasta que puedan elegir un sucesor.<\/p>\n\n\n\n<p>Cabe destacar, que no hay garant\u00eda de que la primera ronda de votaci\u00f3n se revele el mismo d\u00eda. Mediante una combinaci\u00f3n de discursos, oraci\u00f3n, reflexi\u00f3n y un intenso forcejeo pol\u00edtico, los cardenales van seleccionando candidatos en sucesivas rondas de votaci\u00f3n.<\/p>\n\n\n\n<p>Los cardenales permanecen sentados a ambos lados de la Capilla Sixtina, y se eligen al azar los nombres de nueve cardenales para oficiar y organizar la votaci\u00f3n, de los cuales tres se convierten en escrutadores, cuya tarea es supervisar la votaci\u00f3n. Por su parte, tres m\u00e1s recogen los votos y otros tres los revisan.<\/p>\n\n\n\n<p><strong>C\u00f3mo se vota a los Papas<\/strong><\/p>\n\n\n\n<p>En cuanto a la elecci\u00f3n, s\u00f3lo ocurre cuando un candidato \u00fanico obtiene una mayor\u00eda de dos tercios. A veces, los Papas son elegidos r\u00e1pidamente cuando surge un candidato fuerte. Sin embargo, a partir de la 34\u00b0 votaci\u00f3n, el C\u00f3nclave s\u00f3lo vota entre los dos candidatos que m\u00e1s votos obtuvieron en la ronda anterior.<\/p>\n\n\n\n<p>Cabe destacar que, a finales del siglo XIII se dio el c\u00f3nclave papal m\u00e1s extenso, el cual dur\u00f3 casi tres a\u00f1os gracias a luchas pol\u00edticas masivas. En medio de la incertidumbre, tres cardenales murieron.<\/p>\n\n\n\n<p>El voto en s\u00ed es secreto y fue introducido en 1621 por Gregorio XV para intentar evitar la politiquer\u00eda abierta, pero el C\u00f3nclave es inevitablemente un semillero de facciones rivales que desean ver a su candidato triunfar. Durante cada votaci\u00f3n, los cardenales escriben el nombre de su elecci\u00f3n, idealmente con una letra distorsionada para ocultar su identidad.<\/p>\n\n\n\n<p>Las papeletas electorales se queman en una peque\u00f1a hoguera dentro de la Capilla Sixtina. El humo negro que se produce por el fuego indica a la multitud que espera afuera que todav\u00eda no se ha elegido un nuevo Papa.<\/p>\n\n\n\n<p><strong>Cu\u00e1ntos cardenales votan<\/strong><\/p>\n\n\n\n<p>Hoy, el Colegio Cardenalicio est\u00e1 compuesto por 252 miembros, de los cuales 138 son electores con derecho a voto en el pr\u00f3ximo c\u00f3nclave. Su composici\u00f3n refleja la diversidad geogr\u00e1fica y cultural de la Iglesia, con una notable presencia de cardenales creados por el propio Francisco, quien en vida nombr\u00f3 a 149, marcando una diferencia significativa con sus predecesores Benedicto XVI (62) y Juan Pablo II (41).<\/p>\n\n\n\n<p><strong>Papables: \u00bfcu\u00e1les son los candidatos a papa?<\/strong><\/p>\n\n\n\n<p>Con divisiones teol\u00f3gicas profundas y una Iglesia cat\u00f3lica cada vez m\u00e1s global, el pr\u00f3ximo c\u00f3nclave podr\u00eda marcar el cambio de poder m\u00e1s dram\u00e1tico en la historia moderna de la Iglesia.<\/p>\n\n\n\n<p>Tal como indica la frase \u00abel que entra al C\u00f3nclave como papa, sale como cardenal\u00bb, ofrecer un listado de candidatos al trono de San Pedro es m\u00e1s un juego de azar, que de posibilidades ciertas de elecci\u00f3n.<\/p>\n\n\n\n<p>Sin embargo, en los \u00faltimos a\u00f1os tres corrientes internas de la Iglesia fueron perfilando l\u00edderes, posibles sucesores del papa Francisco.<\/p>\n\n\n\n<p>. El establishment: son candidatos profundamente arraigados en la Curia, redes romanas y con habilidad para mantener la estabilidad. En este lo te los que m\u00e1s posibilidades tienen son los italianos Pitro Parolin y Matteo Zuppi, dos cardenales con verdedor poder en la Iglesia, aunque tambi\u00e9n aparecen P\u00e9ter Erd\u00f6 y Mario Grech.<\/p>\n\n\n\n<p>. Los reformadores: son cardenales progresistas con visi\u00f3n franciscana. Est\u00e1n alineados con las reformas de Francisco: descentralizaci\u00f3n, justicia social y cercan\u00eda pastoral. En este grupo figuran Luis Antonio Tagle, Jean-Marc Aveline, Wilton D. Gregory y Fridolin Ambongo, public\u00f3 \u00c1mbito.<\/p>\n\n\n\n<p>. Los tradicionalistas: son cardenales anti-Francisco y conservadores. Son los bendecidos por Benedicto XVI, enemigos del progresismo, ultraconservadores y defensores de la \u00abIglesia antigua\u00bb. Aqu\u00ed aparecen Roberto Sarah, Raymond Leo Burke, Willem Jacobus Eijk, Carlo Maria Polvani.&nbsp;<\/p>\n","protected":false},"excerpt":{"rendered":"<p>Con el fallecimiento de Jorge Bergoglio, se abre un per\u00edodo de liturgia funeraria, pero tambi\u00e9n de lucha por el poder de una de las instituciones m\u00e1s antiguas y vigentes de la Tierra. Internacionales Qui\u00e9nes son los candidatos para suceder al papa Francisco Con el fallecimiento de Jorge Bergoglio, se abre un per\u00edodo de liturgia funeraria, [&hellip;]<\/p>\n","protected":false},"author":4,"featured_media":2222,"comment_status":"open","ping_status":"open","sticky":false,"template":"","format":"standard","meta":{"footnotes":""},"categories":[19,20],"tags":[],"class_list":{"0":"post-2221","1":"post","2":"type-post","3":"status-publish","4":"format-standard","5":"has-post-thumbnail","7":"category-interes-general","8":"category-internacionales"},"yoast_head":"<!-- This site is optimized with the Yoast SEO plugin v27.4 - https:\/\/yoast.com\/product\/yoast-seo-wordpress\/ -->\n<title>Qui\u00e9nes son los candidatos para suceder al papa Francisco - Diario del Sur<\/title>\n<meta name=\"robots\" content=\"index, follow, max-snippet:-1, max-image-preview:large, max-video-preview:-1\" \/>\n<link rel=\"canonical\" href=\"https:\/\/diariodelsurdigital.com.ar\/?p=2221\" \/>\n<meta property=\"og:locale\" content=\"es_ES\" \/>\n<meta property=\"og:type\" content=\"article\" \/>\n<meta property=\"og:title\" content=\"Qui\u00e9nes son los candidatos para suceder al papa Francisco - Diario del Sur\" \/>\n<meta property=\"og:description\" content=\"Con el fallecimiento de Jorge Bergoglio, se abre un per\u00edodo de liturgia funeraria, pero tambi\u00e9n de lucha por el poder de una de las instituciones m\u00e1s antiguas y vigentes de la Tierra. Internacionales Qui\u00e9nes son los candidatos para suceder al papa Francisco Con el fallecimiento de Jorge Bergoglio, se abre un per\u00edodo de liturgia funeraria, [&hellip;]\" \/>\n<meta property=\"og:url\" content=\"https:\/\/diariodelsurdigital.com.ar\/?p=2221\" \/>\n<meta property=\"og:site_name\" content=\"Diario del Sur\" \/>\n<meta property=\"article:published_time\" content=\"2025-04-21T23:01:51+00:00\" \/>\n<meta property=\"article:modified_time\" content=\"2025-04-21T23:01:52+00:00\" \/>\n<meta property=\"og:image\" content=\"https:\/\/diariodelsurdigital.com.ar\/wp-content\/uploads\/2025\/04\/md-7.webp\" \/>\n\t<meta property=\"og:image:width\" content=\"992\" \/>\n\t<meta property=\"og:image:height\" content=\"557\" \/>\n\t<meta property=\"og:image:type\" content=\"image\/webp\" \/>\n<meta name=\"author\" content=\"Diario del Sur Digital\" \/>\n<meta name=\"twitter:card\" content=\"summary_large_image\" \/>\n<meta name=\"twitter:label1\" content=\"Escrito por\" \/>\n\t<meta name=\"twitter:data1\" content=\"Diario del Sur Digital\" \/>\n\t<meta name=\"twitter:label2\" content=\"Tiempo de lectura\" \/>\n\t<meta name=\"twitter:data2\" content=\"6 minutos\" \/>\n<script type=\"application\/ld+json\" class=\"yoast-schema-graph\">{\"@context\":\"https:\\\/\\\/schema.org\",\"@graph\":[{\"@type\":\"Article\",\"@id\":\"https:\\\/\\\/diariodelsurdigital.com.ar\\\/?p=2221#article\",\"isPartOf\":{\"@id\":\"https:\\\/\\\/diariodelsurdigital.com.ar\\\/?p=2221\"},\"author\":{\"name\":\"Diario del Sur Digital\",\"@id\":\"https:\\\/\\\/diariodelsurdigital.com.ar\\\/#\\\/schema\\\/person\\\/1a4992532ed62965c968031b49195c81\"},\"headline\":\"Qui\u00e9nes son los candidatos para suceder al papa Francisco\",\"datePublished\":\"2025-04-21T23:01:51+00:00\",\"dateModified\":\"2025-04-21T23:01:52+00:00\",\"mainEntityOfPage\":{\"@id\":\"https:\\\/\\\/diariodelsurdigital.com.ar\\\/?p=2221\"},\"wordCount\":1180,\"commentCount\":0,\"image\":{\"@id\":\"https:\\\/\\\/diariodelsurdigital.com.ar\\\/?p=2221#primaryimage\"},\"thumbnailUrl\":\"https:\\\/\\\/diariodelsurdigital.com.ar\\\/wp-content\\\/uploads\\\/2025\\\/04\\\/md-7.webp\",\"articleSection\":[\"Inter\u00e9s General\",\"Internacionales\"],\"inLanguage\":\"es\",\"potentialAction\":[{\"@type\":\"CommentAction\",\"name\":\"Comment\",\"target\":[\"https:\\\/\\\/diariodelsurdigital.com.ar\\\/?p=2221#respond\"]}]},{\"@type\":\"WebPage\",\"@id\":\"https:\\\/\\\/diariodelsurdigital.com.ar\\\/?p=2221\",\"url\":\"https:\\\/\\\/diariodelsurdigital.com.ar\\\/?p=2221\",\"name\":\"Qui\u00e9nes son los candidatos para suceder al papa Francisco - Diario del Sur\",\"isPartOf\":{\"@id\":\"https:\\\/\\\/diariodelsurdigital.com.ar\\\/#website\"},\"primaryImageOfPage\":{\"@id\":\"https:\\\/\\\/diariodelsurdigital.com.ar\\\/?p=2221#primaryimage\"},\"image\":{\"@id\":\"https:\\\/\\\/diariodelsurdigital.com.ar\\\/?p=2221#primaryimage\"},\"thumbnailUrl\":\"https:\\\/\\\/diariodelsurdigital.com.ar\\\/wp-content\\\/uploads\\\/2025\\\/04\\\/md-7.webp\",\"datePublished\":\"2025-04-21T23:01:51+00:00\",\"dateModified\":\"2025-04-21T23:01:52+00:00\",\"author\":{\"@id\":\"https:\\\/\\\/diariodelsurdigital.com.ar\\\/#\\\/schema\\\/person\\\/1a4992532ed62965c968031b49195c81\"},\"breadcrumb\":{\"@id\":\"https:\\\/\\\/diariodelsurdigital.com.ar\\\/?p=2221#breadcrumb\"},\"inLanguage\":\"es\",\"potentialAction\":[{\"@type\":\"ReadAction\",\"target\":[\"https:\\\/\\\/diariodelsurdigital.com.ar\\\/?p=2221\"]}]},{\"@type\":\"ImageObject\",\"inLanguage\":\"es\",\"@id\":\"https:\\\/\\\/diariodelsurdigital.com.ar\\\/?p=2221#primaryimage\",\"url\":\"https:\\\/\\\/diariodelsurdigital.com.ar\\\/wp-content\\\/uploads\\\/2025\\\/04\\\/md-7.webp\",\"contentUrl\":\"https:\\\/\\\/diariodelsurdigital.com.ar\\\/wp-content\\\/uploads\\\/2025\\\/04\\\/md-7.webp\",\"width\":992,\"height\":557},{\"@type\":\"BreadcrumbList\",\"@id\":\"https:\\\/\\\/diariodelsurdigital.com.ar\\\/?p=2221#breadcrumb\",\"itemListElement\":[{\"@type\":\"ListItem\",\"position\":1,\"name\":\"Portada\",\"item\":\"https:\\\/\\\/diariodelsurdigital.com.ar\\\/\"},{\"@type\":\"ListItem\",\"position\":2,\"name\":\"Qui\u00e9nes son los candidatos para suceder al papa Francisco\"}]},{\"@type\":\"WebSite\",\"@id\":\"https:\\\/\\\/diariodelsurdigital.com.ar\\\/#website\",\"url\":\"https:\\\/\\\/diariodelsurdigital.com.ar\\\/\",\"name\":\"Diario del Sur\",\"description\":\"Digital\",\"potentialAction\":[{\"@type\":\"SearchAction\",\"target\":{\"@type\":\"EntryPoint\",\"urlTemplate\":\"https:\\\/\\\/diariodelsurdigital.com.ar\\\/?s={search_term_string}\"},\"query-input\":{\"@type\":\"PropertyValueSpecification\",\"valueRequired\":true,\"valueName\":\"search_term_string\"}}],\"inLanguage\":\"es\"},{\"@type\":\"Person\",\"@id\":\"https:\\\/\\\/diariodelsurdigital.com.ar\\\/#\\\/schema\\\/person\\\/1a4992532ed62965c968031b49195c81\",\"name\":\"Diario del Sur Digital\",\"image\":{\"@type\":\"ImageObject\",\"inLanguage\":\"es\",\"@id\":\"https:\\\/\\\/secure.gravatar.com\\\/avatar\\\/f0c7c47fc7146d19828273b9b8eda651c9c7ab583767e6338d3d3bee825adf76?s=96&d=mm&r=g\",\"url\":\"https:\\\/\\\/secure.gravatar.com\\\/avatar\\\/f0c7c47fc7146d19828273b9b8eda651c9c7ab583767e6338d3d3bee825adf76?s=96&d=mm&r=g\",\"contentUrl\":\"https:\\\/\\\/secure.gravatar.com\\\/avatar\\\/f0c7c47fc7146d19828273b9b8eda651c9c7ab583767e6338d3d3bee825adf76?s=96&d=mm&r=g\",\"caption\":\"Diario del Sur Digital\"},\"url\":\"https:\\\/\\\/diariodelsurdigital.com.ar\\\/?author=4\"}]}<\/script>\n<!-- \/ Yoast SEO plugin. -->","yoast_head_json":{"title":"Qui\u00e9nes son los candidatos para suceder al papa Francisco - Diario del Sur","robots":{"index":"index","follow":"follow","max-snippet":"max-snippet:-1","max-image-preview":"max-image-preview:large","max-video-preview":"max-video-preview:-1"},"canonical":"https:\/\/diariodelsurdigital.com.ar\/?p=2221","og_locale":"es_ES","og_type":"article","og_title":"Qui\u00e9nes son los candidatos para suceder al papa Francisco - Diario del Sur","og_description":"Con el fallecimiento de Jorge Bergoglio, se abre un per\u00edodo de liturgia funeraria, pero tambi\u00e9n de lucha por el poder de una de las instituciones m\u00e1s antiguas y vigentes de la Tierra. Internacionales Qui\u00e9nes son los candidatos para suceder al papa Francisco Con el fallecimiento de Jorge Bergoglio, se abre un per\u00edodo de liturgia funeraria, [&hellip;]","og_url":"https:\/\/diariodelsurdigital.com.ar\/?p=2221","og_site_name":"Diario del Sur","article_published_time":"2025-04-21T23:01:51+00:00","article_modified_time":"2025-04-21T23:01:52+00:00","og_image":[{"width":992,"height":557,"url":"https:\/\/diariodelsurdigital.com.ar\/wp-content\/uploads\/2025\/04\/md-7.webp","type":"image\/webp"}],"author":"Diario del Sur Digital","twitter_card":"summary_large_image","twitter_misc":{"Escrito por":"Diario del Sur Digital","Tiempo de lectura":"6 minutos"},"schema":{"@context":"https:\/\/schema.org","@graph":[{"@type":"Article","@id":"https:\/\/diariodelsurdigital.com.ar\/?p=2221#article","isPartOf":{"@id":"https:\/\/diariodelsurdigital.com.ar\/?p=2221"},"author":{"name":"Diario del Sur Digital","@id":"https:\/\/diariodelsurdigital.com.ar\/#\/schema\/person\/1a4992532ed62965c968031b49195c81"},"headline":"Qui\u00e9nes son los candidatos para suceder al papa Francisco","datePublished":"2025-04-21T23:01:51+00:00","dateModified":"2025-04-21T23:01:52+00:00","mainEntityOfPage":{"@id":"https:\/\/diariodelsurdigital.com.ar\/?p=2221"},"wordCount":1180,"commentCount":0,"image":{"@id":"https:\/\/diariodelsurdigital.com.ar\/?p=2221#primaryimage"},"thumbnailUrl":"https:\/\/diariodelsurdigital.com.ar\/wp-content\/uploads\/2025\/04\/md-7.webp","articleSection":["Inter\u00e9s General","Internacionales"],"inLanguage":"es","potentialAction":[{"@type":"CommentAction","name":"Comment","target":["https:\/\/diariodelsurdigital.com.ar\/?p=2221#respond"]}]},{"@type":"WebPage","@id":"https:\/\/diariodelsurdigital.com.ar\/?p=2221","url":"https:\/\/diariodelsurdigital.com.ar\/?p=2221","name":"Qui\u00e9nes son los candidatos para suceder al papa Francisco - Diario del Sur","isPartOf":{"@id":"https:\/\/diariodelsurdigital.com.ar\/#website"},"primaryImageOfPage":{"@id":"https:\/\/diariodelsurdigital.com.ar\/?p=2221#primaryimage"},"image":{"@id":"https:\/\/diariodelsurdigital.com.ar\/?p=2221#primaryimage"},"thumbnailUrl":"https:\/\/diariodelsurdigital.com.ar\/wp-content\/uploads\/2025\/04\/md-7.webp","datePublished":"2025-04-21T23:01:51+00:00","dateModified":"2025-04-21T23:01:52+00:00","author":{"@id":"https:\/\/diariodelsurdigital.com.ar\/#\/schema\/person\/1a4992532ed62965c968031b49195c81"},"breadcrumb":{"@id":"https:\/\/diariodelsurdigital.com.ar\/?p=2221#breadcrumb"},"inLanguage":"es","potentialAction":[{"@type":"ReadAction","target":["https:\/\/diariodelsurdigital.com.ar\/?p=2221"]}]},{"@type":"ImageObject","inLanguage":"es","@id":"https:\/\/diariodelsurdigital.com.ar\/?p=2221#primaryimage","url":"https:\/\/diariodelsurdigital.com.ar\/wp-content\/uploads\/2025\/04\/md-7.webp","contentUrl":"https:\/\/diariodelsurdigital.com.ar\/wp-content\/uploads\/2025\/04\/md-7.webp","width":992,"height":557},{"@type":"BreadcrumbList","@id":"https:\/\/diariodelsurdigital.com.ar\/?p=2221#breadcrumb","itemListElement":[{"@type":"ListItem","position":1,"name":"Portada","item":"https:\/\/diariodelsurdigital.com.ar\/"},{"@type":"ListItem","position":2,"name":"Qui\u00e9nes son los candidatos para suceder al papa Francisco"}]},{"@type":"WebSite","@id":"https:\/\/diariodelsurdigital.com.ar\/#website","url":"https:\/\/diariodelsurdigital.com.ar\/","name":"Diario del Sur","description":"Digital","potentialAction":[{"@type":"SearchAction","target":{"@type":"EntryPoint","urlTemplate":"https:\/\/diariodelsurdigital.com.ar\/?s={search_term_string}"},"query-input":{"@type":"PropertyValueSpecification","valueRequired":true,"valueName":"search_term_string"}}],"inLanguage":"es"},{"@type":"Person","@id":"https:\/\/diariodelsurdigital.com.ar\/#\/schema\/person\/1a4992532ed62965c968031b49195c81","name":"Diario del Sur Digital","image":{"@type":"ImageObject","inLanguage":"es","@id":"https:\/\/secure.gravatar.com\/avatar\/f0c7c47fc7146d19828273b9b8eda651c9c7ab583767e6338d3d3bee825adf76?s=96&d=mm&r=g","url":"https:\/\/secure.gravatar.com\/avatar\/f0c7c47fc7146d19828273b9b8eda651c9c7ab583767e6338d3d3bee825adf76?s=96&d=mm&r=g","contentUrl":"https:\/\/secure.gravatar.com\/avatar\/f0c7c47fc7146d19828273b9b8eda651c9c7ab583767e6338d3d3bee825adf76?s=96&d=mm&r=g","caption":"Diario del Sur Digital"},"url":"https:\/\/diariodelsurdigital.com.ar\/?author=4"}]}},"_links":{"self":[{"href":"https:\/\/diariodelsurdigital.com.ar\/index.php?rest_route=\/wp\/v2\/posts\/2221","targetHints":{"allow":["GET"]}}],"collection":[{"href":"https:\/\/diariodelsurdigital.com.ar\/index.php?rest_route=\/wp\/v2\/posts"}],"about":[{"href":"https:\/\/diariodelsurdigital.com.ar\/index.php?rest_route=\/wp\/v2\/types\/post"}],"author":[{"embeddable":true,"href":"https:\/\/diariodelsurdigital.com.ar\/index.php?rest_route=\/wp\/v2\/users\/4"}],"replies":[{"embeddable":true,"href":"https:\/\/diariodelsurdigital.com.ar\/index.php?rest_route=%2Fwp%2Fv2%2Fcomments&post=2221"}],"version-history":[{"count":1,"href":"https:\/\/diariodelsurdigital.com.ar\/index.php?rest_route=\/wp\/v2\/posts\/2221\/revisions"}],"predecessor-version":[{"id":2223,"href":"https:\/\/diariodelsurdigital.com.ar\/index.php?rest_route=\/wp\/v2\/posts\/2221\/revisions\/2223"}],"wp:featuredmedia":[{"embeddable":true,"href":"https:\/\/diariodelsurdigital.com.ar\/index.php?rest_route=\/wp\/v2\/media\/2222"}],"wp:attachment":[{"href":"https:\/\/diariodelsurdigital.com.ar\/index.php?rest_route=%2Fwp%2Fv2%2Fmedia&parent=2221"}],"wp:term":[{"taxonomy":"category","embeddable":true,"href":"https:\/\/diariodelsurdigital.com.ar\/index.php?rest_route=%2Fwp%2Fv2%2Fcategories&post=2221"},{"taxonomy":"post_tag","embeddable":true,"href":"https:\/\/diariodelsurdigital.com.ar\/index.php?rest_route=%2Fwp%2Fv2%2Ftags&post=2221"}],"curies":[{"name":"wp","href":"https:\/\/api.w.org\/{rel}","templated":true}]}}