{"id":2226,"date":"2025-04-22T11:52:19","date_gmt":"2025-04-22T14:52:19","guid":{"rendered":"https:\/\/diariodelsurdigital.com.ar\/?p=2226"},"modified":"2025-04-22T11:52:20","modified_gmt":"2025-04-22T14:52:20","slug":"acuerdo-con-el-fmi-cuales-son-los-impuestos-que-deberian-recortarse-y-cuales-subir","status":"publish","type":"post","link":"https:\/\/diariodelsurdigital.com.ar\/?p=2226","title":{"rendered":"Acuerdo con el FMI: cu\u00e1les son los impuestos que deber\u00edan recortarse y cu\u00e1les subir"},"content":{"rendered":"\n<p>Un estudio privado indica que una eventual reforma tributaria proyectada por el Gobierno tiene que tener en cuenta que el 30% de los recursos entre Naci\u00f3n, provincias y comunas se recaudan con impuestos distorsivos.<\/p>\n\n\n\n<figure class=\"wp-block-image\"><img decoding=\"async\" src=\"https:\/\/apfdigital-s3.cdn.net.ar\/s3i233\/2024\/07\/apfdigital\/files\/70\/7024\/7ac5136d55d269ddda40c5676c08639eba3dc4452b8d63f59dec92bdd676a3c9.jpg\" alt=\"Publicidad\"\/><\/figure>\n\n\n\n<p><a href=\"https:\/\/www.apfdigital.com.ar\/nacionales\/\">Nacionales<\/a><\/p>\n\n\n\n<h1 class=\"wp-block-heading\">Acuerdo con el FMI: cu\u00e1les son los impuestos que deber\u00edan recortarse y cu\u00e1les subir<\/h1>\n\n\n\n<p>Un estudio privado indica que una eventual reforma tributaria proyectada por el Gobierno tiene que tener en cuenta que el 30% de los recursos entre Naci\u00f3n, provincias y comunas se recaudan con impuestos distorsivos.<\/p>\n\n\n\n<p>martes 22 de abril de 2025 | 7:23hs.<\/p>\n\n\n\n<figure class=\"wp-block-image\"><img decoding=\"async\" src=\"https:\/\/apfdigital-s3.cdn.net.ar\/s3i233\/2025\/04\/apfdigital\/images\/01\/83\/30\/1833063_5f0033d951f55ac09ba8a25f7f0cc93eb8a8fe8d922482fd4dfedf226811c995\/md.webp\" alt=\"\"\/><\/figure>\n\n\n\n<p>Los resultados fiscales que la Argentina tiene que obtener en los pr\u00f3ximos a\u00f1os en el marco del acuerdo alcanzado con el Fondo Monetario Internacional (FMI) dejan escaso margen para que el Gobierno de Javier Milei pueda cumplir una de sus principales promesas de campa\u00f1a: reducir impuestos.<\/p>\n\n\n\n<p>Si se suman algunos datos de consultoras privadas, es inimaginable que en un plazo m\u00e1s o menos corto, se pueda reducir el Impuesto al Valor Agregado (IVA), por ejemplo, de 21% al 10,5%, sin que suba otro tributo.<\/p>\n\n\n\n<p>En ese sentido, un estudio del Instituto para el Desarrollo Social Argentino (IDESA) plantea que el 30% de la recaudaci\u00f3n consolidada entre la Naci\u00f3n, las provincias y los municipios se explica por impuestos que elevan los costos de la producci\u00f3n, es decir, distorsivos, que son los que m\u00e1s urge reducir si se quiere tener un tipo de cambio barato.<\/p>\n\n\n\n<p>IDESA se focaliza en el impuesto al cheque y las retenciones a las exportaciones, de nivel nacional; Ingresos Brutos, a nivel provincial y la tasa de industria y comercio, que es municipal.<\/p>\n\n\n\n<p>\u201cEl impuesto al cheque recaud\u00f3 1,6% del PBI y los derechos de exportaci\u00f3n un 1% del PBI. A nivel provincial, el impuesto a los Ingresos Brutos recaud\u00f3 4,2% del PBI y el impuesto a los sellos 0,4%. A nivel municipal, la tasa de industria y comercio recaud\u00f3 0,8% del PBI\u201d, se\u00f1ala el estudio, que cita \u00c1mbito.<\/p>\n\n\n\n<p>\u201cEstos datos muestran que los principales impuestos distorsivos generan ingresos por el equivalente al 8% del PBI\u201d, sostiene IDESA. El reporte indica que \u201cesto implica casi un 30% del total de los recursos con que cuenta el sector p\u00fablico nacional, provincial y municipal\u201d.<\/p>\n\n\n\n<p>\u201cSe confirma as\u00ed que no hay posibilidades de eliminar o reducir estos impuestos distorsivos sin volver a caer en d\u00e9ficit fiscal\u201d, considera el estudio.<\/p>\n\n\n\n<p>El reporte considera que el IVA es un impuesto neutral que no afecta al precio final y por eso recomienda reemplazar por \u00e9ste a los grav\u00e1menes distorsivos. Sobre todo, lo que se denomina \u201csuper IVA\u201d, que podr\u00eda englobar a la mayor\u00eda de los grav\u00e1menes provinciales.<\/p>\n\n\n\n<h2 class=\"wp-block-heading\">Tipo de cambio barato y baja de presi\u00f3n tributaria<\/h2>\n\n\n\n<p>La reducci\u00f3n de impuestos est\u00e1 en el eje del discurso del Gobierno, pero a su vez es contradictoria con el objetivo de reducir el tipo de cambio a niveles por debajo de los $1.000, una vez abandonado el esquema de cambio fijo con devaluaci\u00f3n al 1%.<\/p>\n\n\n\n<p>\u201cDesde el punto de vista de la producci\u00f3n nacional a este nivel de tipo de cambio se intensifican los problemas de competitividad. Es decir, las dificultades que se enfrentan para exportar y competir con los productos importados persisten\u201d, se\u00f1ala el informe de IDESA.<\/p>\n\n\n\n<p>El estudio considera que \u201ceste conflicto de objetivos deriva en un conflicto de pol\u00edticas p\u00fablicas\u201d. \u201cPor un lado, las entidades empresarias piden bajar la presi\u00f3n impositiva para mejorar la competitividad. Por el otro, el Gobierno plantea que el espacio para bajar impuestos sin comprometer el equilibrio fiscal es muy acotado\u201d, dice el estudio.<\/p>\n\n\n\n<h2 class=\"wp-block-heading\">Qu\u00e9 dice el acuerdo con el FMI sobre los impuestos<\/h2>\n\n\n\n<p>La consultora Vectorial traza un comparativo entre el acuerdo alcanzado por el ministro Luis Caputo, y su antecesor Mart\u00edn Guzm\u00e1n en 2022 en relaci\u00f3n al tema del sistema tributario.<\/p>\n\n\n\n<p>\u201cEn el apartado fiscal el acuerdo alcanzado con el FMI profundiza la orientaci\u00f3n actual del Gobierno en dicha materia. As\u00ed, pasa de proyectar para 2025 un super\u00e1vit primario del 1,3% del PBI al 2,2% en 2026 y 2,5% para el trienio 2027-2029\u201d, dice la consultora.<\/p>\n\n\n\n<p>Vectorial agrega que es \u201cuna meta ambiciosa y exigente considerando que el acuerdo de 2022 buscaba que el d\u00e9ficit primario pase de -3% del PBI al -2,5% en 2022, -1,9% en 2023 y -0,9% en 2024\u201d.<\/p>\n\n\n\n<p>\u201cRespecto a las reformas requeridas para apuntalar los exigentes resultados pretendidos, en materia de ingresos no se observan diferencias sustanciales respecto al acuerdo alcanzado en 2022, en donde se se\u00f1ala la necesidad de crear un sistema tributario con mayor eficiencia y progresividad y menores niveles de distorsi\u00f3n\u201d, dice la consultora.&nbsp;<\/p>\n","protected":false},"excerpt":{"rendered":"<p>Un estudio privado indica que una eventual reforma tributaria proyectada por el Gobierno tiene que tener en cuenta que el 30% de los recursos entre Naci\u00f3n, provincias y comunas se recaudan con impuestos distorsivos. Nacionales Acuerdo con el FMI: cu\u00e1les son los impuestos que deber\u00edan recortarse y cu\u00e1les subir Un estudio privado indica que una [&hellip;]<\/p>\n","protected":false},"author":4,"featured_media":2227,"comment_status":"open","ping_status":"open","sticky":false,"template":"","format":"standard","meta":{"footnotes":""},"categories":[19,18],"tags":[],"class_list":{"0":"post-2226","1":"post","2":"type-post","3":"status-publish","4":"format-standard","5":"has-post-thumbnail","7":"category-interes-general","8":"category-nacionales"},"yoast_head":"<!-- This site is optimized with the Yoast SEO plugin v27.4 - https:\/\/yoast.com\/product\/yoast-seo-wordpress\/ -->\n<title>Acuerdo con el FMI: cu\u00e1les son los impuestos que deber\u00edan recortarse y cu\u00e1les subir - Diario del Sur<\/title>\n<meta name=\"robots\" content=\"index, follow, max-snippet:-1, max-image-preview:large, max-video-preview:-1\" \/>\n<link rel=\"canonical\" href=\"https:\/\/diariodelsurdigital.com.ar\/?p=2226\" \/>\n<meta property=\"og:locale\" content=\"es_ES\" \/>\n<meta property=\"og:type\" content=\"article\" \/>\n<meta property=\"og:title\" content=\"Acuerdo con el FMI: cu\u00e1les son los impuestos que deber\u00edan recortarse y cu\u00e1les subir - Diario del Sur\" \/>\n<meta property=\"og:description\" content=\"Un estudio privado indica que una eventual reforma tributaria proyectada por el Gobierno tiene que tener en cuenta que el 30% de los recursos entre Naci\u00f3n, provincias y comunas se recaudan con impuestos distorsivos. Nacionales Acuerdo con el FMI: cu\u00e1les son los impuestos que deber\u00edan recortarse y cu\u00e1les subir Un estudio privado indica que una [&hellip;]\" \/>\n<meta property=\"og:url\" content=\"https:\/\/diariodelsurdigital.com.ar\/?p=2226\" \/>\n<meta property=\"og:site_name\" content=\"Diario del Sur\" \/>\n<meta property=\"article:published_time\" content=\"2025-04-22T14:52:19+00:00\" \/>\n<meta property=\"article:modified_time\" content=\"2025-04-22T14:52:20+00:00\" \/>\n<meta property=\"og:image\" content=\"https:\/\/diariodelsurdigital.com.ar\/wp-content\/uploads\/2025\/04\/md-8.webp\" \/>\n\t<meta property=\"og:image:width\" content=\"992\" \/>\n\t<meta property=\"og:image:height\" content=\"557\" \/>\n\t<meta property=\"og:image:type\" content=\"image\/webp\" \/>\n<meta name=\"author\" content=\"Diario del Sur Digital\" \/>\n<meta name=\"twitter:card\" content=\"summary_large_image\" \/>\n<meta name=\"twitter:label1\" content=\"Escrito por\" \/>\n\t<meta name=\"twitter:data1\" content=\"Diario del Sur Digital\" \/>\n\t<meta name=\"twitter:label2\" content=\"Tiempo de lectura\" \/>\n\t<meta name=\"twitter:data2\" content=\"5 minutos\" \/>\n<script type=\"application\/ld+json\" class=\"yoast-schema-graph\">{\"@context\":\"https:\\\/\\\/schema.org\",\"@graph\":[{\"@type\":\"Article\",\"@id\":\"https:\\\/\\\/diariodelsurdigital.com.ar\\\/?p=2226#article\",\"isPartOf\":{\"@id\":\"https:\\\/\\\/diariodelsurdigital.com.ar\\\/?p=2226\"},\"author\":{\"name\":\"Diario del Sur Digital\",\"@id\":\"https:\\\/\\\/diariodelsurdigital.com.ar\\\/#\\\/schema\\\/person\\\/1a4992532ed62965c968031b49195c81\"},\"headline\":\"Acuerdo con el FMI: cu\u00e1les son los impuestos que deber\u00edan recortarse y cu\u00e1les subir\",\"datePublished\":\"2025-04-22T14:52:19+00:00\",\"dateModified\":\"2025-04-22T14:52:20+00:00\",\"mainEntityOfPage\":{\"@id\":\"https:\\\/\\\/diariodelsurdigital.com.ar\\\/?p=2226\"},\"wordCount\":782,\"commentCount\":0,\"image\":{\"@id\":\"https:\\\/\\\/diariodelsurdigital.com.ar\\\/?p=2226#primaryimage\"},\"thumbnailUrl\":\"https:\\\/\\\/diariodelsurdigital.com.ar\\\/wp-content\\\/uploads\\\/2025\\\/04\\\/md-8.webp\",\"articleSection\":[\"Inter\u00e9s General\",\"Nacionales\"],\"inLanguage\":\"es\",\"potentialAction\":[{\"@type\":\"CommentAction\",\"name\":\"Comment\",\"target\":[\"https:\\\/\\\/diariodelsurdigital.com.ar\\\/?p=2226#respond\"]}]},{\"@type\":\"WebPage\",\"@id\":\"https:\\\/\\\/diariodelsurdigital.com.ar\\\/?p=2226\",\"url\":\"https:\\\/\\\/diariodelsurdigital.com.ar\\\/?p=2226\",\"name\":\"Acuerdo con el FMI: cu\u00e1les son los impuestos que deber\u00edan recortarse y cu\u00e1les subir - Diario del Sur\",\"isPartOf\":{\"@id\":\"https:\\\/\\\/diariodelsurdigital.com.ar\\\/#website\"},\"primaryImageOfPage\":{\"@id\":\"https:\\\/\\\/diariodelsurdigital.com.ar\\\/?p=2226#primaryimage\"},\"image\":{\"@id\":\"https:\\\/\\\/diariodelsurdigital.com.ar\\\/?p=2226#primaryimage\"},\"thumbnailUrl\":\"https:\\\/\\\/diariodelsurdigital.com.ar\\\/wp-content\\\/uploads\\\/2025\\\/04\\\/md-8.webp\",\"datePublished\":\"2025-04-22T14:52:19+00:00\",\"dateModified\":\"2025-04-22T14:52:20+00:00\",\"author\":{\"@id\":\"https:\\\/\\\/diariodelsurdigital.com.ar\\\/#\\\/schema\\\/person\\\/1a4992532ed62965c968031b49195c81\"},\"breadcrumb\":{\"@id\":\"https:\\\/\\\/diariodelsurdigital.com.ar\\\/?p=2226#breadcrumb\"},\"inLanguage\":\"es\",\"potentialAction\":[{\"@type\":\"ReadAction\",\"target\":[\"https:\\\/\\\/diariodelsurdigital.com.ar\\\/?p=2226\"]}]},{\"@type\":\"ImageObject\",\"inLanguage\":\"es\",\"@id\":\"https:\\\/\\\/diariodelsurdigital.com.ar\\\/?p=2226#primaryimage\",\"url\":\"https:\\\/\\\/diariodelsurdigital.com.ar\\\/wp-content\\\/uploads\\\/2025\\\/04\\\/md-8.webp\",\"contentUrl\":\"https:\\\/\\\/diariodelsurdigital.com.ar\\\/wp-content\\\/uploads\\\/2025\\\/04\\\/md-8.webp\",\"width\":992,\"height\":557},{\"@type\":\"BreadcrumbList\",\"@id\":\"https:\\\/\\\/diariodelsurdigital.com.ar\\\/?p=2226#breadcrumb\",\"itemListElement\":[{\"@type\":\"ListItem\",\"position\":1,\"name\":\"Portada\",\"item\":\"https:\\\/\\\/diariodelsurdigital.com.ar\\\/\"},{\"@type\":\"ListItem\",\"position\":2,\"name\":\"Acuerdo con el FMI: cu\u00e1les son los impuestos que deber\u00edan recortarse y cu\u00e1les subir\"}]},{\"@type\":\"WebSite\",\"@id\":\"https:\\\/\\\/diariodelsurdigital.com.ar\\\/#website\",\"url\":\"https:\\\/\\\/diariodelsurdigital.com.ar\\\/\",\"name\":\"Diario del Sur\",\"description\":\"Digital\",\"potentialAction\":[{\"@type\":\"SearchAction\",\"target\":{\"@type\":\"EntryPoint\",\"urlTemplate\":\"https:\\\/\\\/diariodelsurdigital.com.ar\\\/?s={search_term_string}\"},\"query-input\":{\"@type\":\"PropertyValueSpecification\",\"valueRequired\":true,\"valueName\":\"search_term_string\"}}],\"inLanguage\":\"es\"},{\"@type\":\"Person\",\"@id\":\"https:\\\/\\\/diariodelsurdigital.com.ar\\\/#\\\/schema\\\/person\\\/1a4992532ed62965c968031b49195c81\",\"name\":\"Diario del Sur Digital\",\"image\":{\"@type\":\"ImageObject\",\"inLanguage\":\"es\",\"@id\":\"https:\\\/\\\/secure.gravatar.com\\\/avatar\\\/f0c7c47fc7146d19828273b9b8eda651c9c7ab583767e6338d3d3bee825adf76?s=96&d=mm&r=g\",\"url\":\"https:\\\/\\\/secure.gravatar.com\\\/avatar\\\/f0c7c47fc7146d19828273b9b8eda651c9c7ab583767e6338d3d3bee825adf76?s=96&d=mm&r=g\",\"contentUrl\":\"https:\\\/\\\/secure.gravatar.com\\\/avatar\\\/f0c7c47fc7146d19828273b9b8eda651c9c7ab583767e6338d3d3bee825adf76?s=96&d=mm&r=g\",\"caption\":\"Diario del Sur Digital\"},\"url\":\"https:\\\/\\\/diariodelsurdigital.com.ar\\\/?author=4\"}]}<\/script>\n<!-- \/ Yoast SEO plugin. -->","yoast_head_json":{"title":"Acuerdo con el FMI: cu\u00e1les son los impuestos que deber\u00edan recortarse y cu\u00e1les subir - Diario del Sur","robots":{"index":"index","follow":"follow","max-snippet":"max-snippet:-1","max-image-preview":"max-image-preview:large","max-video-preview":"max-video-preview:-1"},"canonical":"https:\/\/diariodelsurdigital.com.ar\/?p=2226","og_locale":"es_ES","og_type":"article","og_title":"Acuerdo con el FMI: cu\u00e1les son los impuestos que deber\u00edan recortarse y cu\u00e1les subir - Diario del Sur","og_description":"Un estudio privado indica que una eventual reforma tributaria proyectada por el Gobierno tiene que tener en cuenta que el 30% de los recursos entre Naci\u00f3n, provincias y comunas se recaudan con impuestos distorsivos. Nacionales Acuerdo con el FMI: cu\u00e1les son los impuestos que deber\u00edan recortarse y cu\u00e1les subir Un estudio privado indica que una [&hellip;]","og_url":"https:\/\/diariodelsurdigital.com.ar\/?p=2226","og_site_name":"Diario del Sur","article_published_time":"2025-04-22T14:52:19+00:00","article_modified_time":"2025-04-22T14:52:20+00:00","og_image":[{"width":992,"height":557,"url":"https:\/\/diariodelsurdigital.com.ar\/wp-content\/uploads\/2025\/04\/md-8.webp","type":"image\/webp"}],"author":"Diario del Sur Digital","twitter_card":"summary_large_image","twitter_misc":{"Escrito por":"Diario del Sur Digital","Tiempo de lectura":"5 minutos"},"schema":{"@context":"https:\/\/schema.org","@graph":[{"@type":"Article","@id":"https:\/\/diariodelsurdigital.com.ar\/?p=2226#article","isPartOf":{"@id":"https:\/\/diariodelsurdigital.com.ar\/?p=2226"},"author":{"name":"Diario del Sur Digital","@id":"https:\/\/diariodelsurdigital.com.ar\/#\/schema\/person\/1a4992532ed62965c968031b49195c81"},"headline":"Acuerdo con el FMI: cu\u00e1les son los impuestos que deber\u00edan recortarse y cu\u00e1les subir","datePublished":"2025-04-22T14:52:19+00:00","dateModified":"2025-04-22T14:52:20+00:00","mainEntityOfPage":{"@id":"https:\/\/diariodelsurdigital.com.ar\/?p=2226"},"wordCount":782,"commentCount":0,"image":{"@id":"https:\/\/diariodelsurdigital.com.ar\/?p=2226#primaryimage"},"thumbnailUrl":"https:\/\/diariodelsurdigital.com.ar\/wp-content\/uploads\/2025\/04\/md-8.webp","articleSection":["Inter\u00e9s General","Nacionales"],"inLanguage":"es","potentialAction":[{"@type":"CommentAction","name":"Comment","target":["https:\/\/diariodelsurdigital.com.ar\/?p=2226#respond"]}]},{"@type":"WebPage","@id":"https:\/\/diariodelsurdigital.com.ar\/?p=2226","url":"https:\/\/diariodelsurdigital.com.ar\/?p=2226","name":"Acuerdo con el FMI: cu\u00e1les son los impuestos que deber\u00edan recortarse y cu\u00e1les subir - Diario del Sur","isPartOf":{"@id":"https:\/\/diariodelsurdigital.com.ar\/#website"},"primaryImageOfPage":{"@id":"https:\/\/diariodelsurdigital.com.ar\/?p=2226#primaryimage"},"image":{"@id":"https:\/\/diariodelsurdigital.com.ar\/?p=2226#primaryimage"},"thumbnailUrl":"https:\/\/diariodelsurdigital.com.ar\/wp-content\/uploads\/2025\/04\/md-8.webp","datePublished":"2025-04-22T14:52:19+00:00","dateModified":"2025-04-22T14:52:20+00:00","author":{"@id":"https:\/\/diariodelsurdigital.com.ar\/#\/schema\/person\/1a4992532ed62965c968031b49195c81"},"breadcrumb":{"@id":"https:\/\/diariodelsurdigital.com.ar\/?p=2226#breadcrumb"},"inLanguage":"es","potentialAction":[{"@type":"ReadAction","target":["https:\/\/diariodelsurdigital.com.ar\/?p=2226"]}]},{"@type":"ImageObject","inLanguage":"es","@id":"https:\/\/diariodelsurdigital.com.ar\/?p=2226#primaryimage","url":"https:\/\/diariodelsurdigital.com.ar\/wp-content\/uploads\/2025\/04\/md-8.webp","contentUrl":"https:\/\/diariodelsurdigital.com.ar\/wp-content\/uploads\/2025\/04\/md-8.webp","width":992,"height":557},{"@type":"BreadcrumbList","@id":"https:\/\/diariodelsurdigital.com.ar\/?p=2226#breadcrumb","itemListElement":[{"@type":"ListItem","position":1,"name":"Portada","item":"https:\/\/diariodelsurdigital.com.ar\/"},{"@type":"ListItem","position":2,"name":"Acuerdo con el FMI: cu\u00e1les son los impuestos que deber\u00edan recortarse y cu\u00e1les subir"}]},{"@type":"WebSite","@id":"https:\/\/diariodelsurdigital.com.ar\/#website","url":"https:\/\/diariodelsurdigital.com.ar\/","name":"Diario del Sur","description":"Digital","potentialAction":[{"@type":"SearchAction","target":{"@type":"EntryPoint","urlTemplate":"https:\/\/diariodelsurdigital.com.ar\/?s={search_term_string}"},"query-input":{"@type":"PropertyValueSpecification","valueRequired":true,"valueName":"search_term_string"}}],"inLanguage":"es"},{"@type":"Person","@id":"https:\/\/diariodelsurdigital.com.ar\/#\/schema\/person\/1a4992532ed62965c968031b49195c81","name":"Diario del Sur Digital","image":{"@type":"ImageObject","inLanguage":"es","@id":"https:\/\/secure.gravatar.com\/avatar\/f0c7c47fc7146d19828273b9b8eda651c9c7ab583767e6338d3d3bee825adf76?s=96&d=mm&r=g","url":"https:\/\/secure.gravatar.com\/avatar\/f0c7c47fc7146d19828273b9b8eda651c9c7ab583767e6338d3d3bee825adf76?s=96&d=mm&r=g","contentUrl":"https:\/\/secure.gravatar.com\/avatar\/f0c7c47fc7146d19828273b9b8eda651c9c7ab583767e6338d3d3bee825adf76?s=96&d=mm&r=g","caption":"Diario del Sur Digital"},"url":"https:\/\/diariodelsurdigital.com.ar\/?author=4"}]}},"_links":{"self":[{"href":"https:\/\/diariodelsurdigital.com.ar\/index.php?rest_route=\/wp\/v2\/posts\/2226","targetHints":{"allow":["GET"]}}],"collection":[{"href":"https:\/\/diariodelsurdigital.com.ar\/index.php?rest_route=\/wp\/v2\/posts"}],"about":[{"href":"https:\/\/diariodelsurdigital.com.ar\/index.php?rest_route=\/wp\/v2\/types\/post"}],"author":[{"embeddable":true,"href":"https:\/\/diariodelsurdigital.com.ar\/index.php?rest_route=\/wp\/v2\/users\/4"}],"replies":[{"embeddable":true,"href":"https:\/\/diariodelsurdigital.com.ar\/index.php?rest_route=%2Fwp%2Fv2%2Fcomments&post=2226"}],"version-history":[{"count":1,"href":"https:\/\/diariodelsurdigital.com.ar\/index.php?rest_route=\/wp\/v2\/posts\/2226\/revisions"}],"predecessor-version":[{"id":2228,"href":"https:\/\/diariodelsurdigital.com.ar\/index.php?rest_route=\/wp\/v2\/posts\/2226\/revisions\/2228"}],"wp:featuredmedia":[{"embeddable":true,"href":"https:\/\/diariodelsurdigital.com.ar\/index.php?rest_route=\/wp\/v2\/media\/2227"}],"wp:attachment":[{"href":"https:\/\/diariodelsurdigital.com.ar\/index.php?rest_route=%2Fwp%2Fv2%2Fmedia&parent=2226"}],"wp:term":[{"taxonomy":"category","embeddable":true,"href":"https:\/\/diariodelsurdigital.com.ar\/index.php?rest_route=%2Fwp%2Fv2%2Fcategories&post=2226"},{"taxonomy":"post_tag","embeddable":true,"href":"https:\/\/diariodelsurdigital.com.ar\/index.php?rest_route=%2Fwp%2Fv2%2Ftags&post=2226"}],"curies":[{"name":"wp","href":"https:\/\/api.w.org\/{rel}","templated":true}]}}