{"id":2229,"date":"2025-04-22T11:55:51","date_gmt":"2025-04-22T14:55:51","guid":{"rendered":"https:\/\/diariodelsurdigital.com.ar\/?p=2229"},"modified":"2025-04-22T11:55:52","modified_gmt":"2025-04-22T14:55:52","slug":"el-festival-nacional-del-chamame-de-federal-genero-un-superavit-de-casi-100-millones-de-pesos","status":"publish","type":"post","link":"https:\/\/diariodelsurdigital.com.ar\/?p=2229","title":{"rendered":"El Festival Nacional del Chamam\u00e9 de Federal gener\u00f3 un super\u00e1vit de casi 100 millones de pesos"},"content":{"rendered":"\n<p>La tradicional fiesta se organiz\u00f3 mediante reuniones abiertas con los vecinos y, seg\u00fan cont\u00f3 la intendenta, hasta ella misma pag\u00f3 su entrada. \u201cNo hay magia, es trabajo y organizaci\u00f3n\u201d, afirm\u00f3 Alicia Oviedo, presidenta municipal de Federal.<\/p>\n\n\n\n<p>\u201cCon enorme alegr\u00eda les comparto que el Festival Nacional del Chamam\u00e9 \u2013Edici\u00f3n Dorada\u2013 cerr\u00f3 con un saldo positivo de $98.678.516,27\u201d, anunci\u00f3 Oviedo la semana pasada, una vez finalizado el balance.<\/p>\n\n\n\n<p>La 50\u00aa edici\u00f3n del emblem\u00e1tico evento se llev\u00f3 a cabo del s\u00e1bado 1\u00b0 al domingo 9 de febrero de 2025.<\/p>\n\n\n\n<p>\u201cSoy netamente chamamecera, tengo 61 a\u00f1os y conozco el festival desde su primera edici\u00f3n. Comenc\u00e9 a colaborar en 1992, de manera voluntaria\u201d, expres\u00f3 Oviedo en di\u00e1logo con El Entre R\u00edos. Las \u00faltimas dos ediciones la encontraron presidiendo la comisi\u00f3n organizadora. \u201cEn 2024 tuvimos un super\u00e1vit de 5 millones de pesos. Asumimos en el municipio el 11 de diciembre de 2023 y tuvimos solo un mes y medio para organizarlo\u201d.<\/p>\n\n\n\n<p>\u201cEl Festival Nacional del Chamam\u00e9 de Federal fue popular, pero tambi\u00e9n de muy buena calidad, tanto en lo art\u00edstico como en los servicios que se prestaron\u201d, sostuvo.<\/p>\n\n\n\n<p>Al repasar los or\u00edgenes de la fiesta, cont\u00f3 que \u201ceran tres noches de artistas chamameceros que se realizaban en distintos lugares, hasta que en la 7\u00aa edici\u00f3n se estableci\u00f3 en el anfiteatro Francisco Ram\u00edrez\u201d.<\/p>\n\n\n\n<p>Durante la 3\u00aa edici\u00f3n, algunos m\u00fasicos sol\u00edan almorzar en un quincho abierto mientras tocaban sus temas. La gente comenz\u00f3 a reunirse a su alrededor y as\u00ed nacieron las bailantas, otro de los momentos tradicionales del festival. \u201cActualmente se realizan los s\u00e1bados y domingos previos por la noche, y durante el fin de semana principal del festival (de viernes a domingo), por la tarde. Como el festival, al principio no ten\u00edan un lugar fijo, pero luego el municipio adquiri\u00f3 un predio que hoy tambi\u00e9n funciona como cancha de f\u00fatbol\u201d.<\/p>\n\n\n\n<p>En 2016 se incorporaron las pe\u00f1as nocturnas, que se celebran de lunes a mi\u00e9rcoles. El jueves se llev\u00f3 a cabo la final del certamen \u201cNuevos valores\u201d, donde cada a\u00f1o se consagra a un nuevo artista.<\/p>\n\n\n\n<p>Nueve d\u00edas de fiesta<br>\u201cEn las bailantas y pe\u00f1as participaron artistas que se ofrecieron a tocar, algunos emergentes y otros ya consagrados, tanto locales como de otras provincias\u201d, explic\u00f3 Oviedo.<\/p>\n\n\n\n<p>El \u00fanico evento pago fue el del festival mayor, que se desarroll\u00f3 en el escenario \u201cErnesto Montiel\u201d, donde este a\u00f1o actuaron tres artistas locales por noche y diez invitados de otras localidades, todos de excelente nivel.<\/p>\n\n\n\n<p>La final de \u201cNuevos valores\u201d se realiz\u00f3 tambi\u00e9n en el escenario mayor, con entrada de $3.000, ya que se sumaron espect\u00e1culos adicionales.<\/p>\n\n\n\n<p>Para los residentes del departamento Federal se ofreci\u00f3 un bono con entradas m\u00e1s econ\u00f3micas. Entre octubre de 2024 y el 7 de enero de este a\u00f1o, se vendieron 2.000 bonos a $18.000, con posibilidad de pagarlos en tres cuotas. Inclu\u00edan la entrada del jueves y una noche a elecci\u00f3n entre viernes, s\u00e1bado o domingo. Adem\u00e1s, el jueves 6 fue gratuito para jubilados, pensionados y menores de hasta 15 a\u00f1os.<\/p>\n\n\n\n<p>Tambi\u00e9n se vendieron 1.500 entradas anticipadas a $10.000, mientras que en puerta costaban $15.000 ($10.000 para jubilados), para las noches del viernes 7, s\u00e1bado 8 y domingo 9.<\/p>\n","protected":false},"excerpt":{"rendered":"<p>La tradicional fiesta se organiz\u00f3 mediante reuniones abiertas con los vecinos y, seg\u00fan cont\u00f3 la intendenta, hasta ella misma pag\u00f3 su entrada. \u201cNo hay magia, es trabajo y organizaci\u00f3n\u201d, afirm\u00f3 Alicia Oviedo, presidenta municipal de Federal. \u201cCon enorme alegr\u00eda les comparto que el Festival Nacional del Chamam\u00e9 \u2013Edici\u00f3n Dorada\u2013 cerr\u00f3 con un saldo positivo de [&hellip;]<\/p>\n","protected":false},"author":4,"featured_media":2230,"comment_status":"open","ping_status":"open","sticky":false,"template":"","format":"standard","meta":{"footnotes":""},"categories":[17],"tags":[],"class_list":{"0":"post-2229","1":"post","2":"type-post","3":"status-publish","4":"format-standard","5":"has-post-thumbnail","7":"category-provinciales"},"yoast_head":"<!-- This site is optimized with the Yoast SEO plugin v27.4 - https:\/\/yoast.com\/product\/yoast-seo-wordpress\/ -->\n<title>El Festival Nacional del Chamam\u00e9 de Federal gener\u00f3 un super\u00e1vit de casi 100 millones de pesos - Diario del Sur<\/title>\n<meta name=\"robots\" content=\"index, follow, max-snippet:-1, max-image-preview:large, max-video-preview:-1\" \/>\n<link rel=\"canonical\" href=\"https:\/\/diariodelsurdigital.com.ar\/?p=2229\" \/>\n<meta property=\"og:locale\" content=\"es_ES\" \/>\n<meta property=\"og:type\" content=\"article\" \/>\n<meta property=\"og:title\" content=\"El Festival Nacional del Chamam\u00e9 de Federal gener\u00f3 un super\u00e1vit de casi 100 millones de pesos - Diario del Sur\" \/>\n<meta property=\"og:description\" content=\"La tradicional fiesta se organiz\u00f3 mediante reuniones abiertas con los vecinos y, seg\u00fan cont\u00f3 la intendenta, hasta ella misma pag\u00f3 su entrada. \u201cNo hay magia, es trabajo y organizaci\u00f3n\u201d, afirm\u00f3 Alicia Oviedo, presidenta municipal de Federal. \u201cCon enorme alegr\u00eda les comparto que el Festival Nacional del Chamam\u00e9 \u2013Edici\u00f3n Dorada\u2013 cerr\u00f3 con un saldo positivo de [&hellip;]\" \/>\n<meta property=\"og:url\" content=\"https:\/\/diariodelsurdigital.com.ar\/?p=2229\" \/>\n<meta property=\"og:site_name\" content=\"Diario del Sur\" \/>\n<meta property=\"article:published_time\" content=\"2025-04-22T14:55:51+00:00\" \/>\n<meta property=\"article:modified_time\" content=\"2025-04-22T14:55:52+00:00\" \/>\n<meta property=\"og:image\" content=\"https:\/\/diariodelsurdigital.com.ar\/wp-content\/uploads\/2025\/04\/md-9.webp\" \/>\n\t<meta property=\"og:image:width\" content=\"992\" \/>\n\t<meta property=\"og:image:height\" content=\"661\" \/>\n\t<meta property=\"og:image:type\" content=\"image\/webp\" \/>\n<meta name=\"author\" content=\"Diario del Sur Digital\" \/>\n<meta name=\"twitter:card\" content=\"summary_large_image\" \/>\n<meta name=\"twitter:label1\" content=\"Escrito por\" \/>\n\t<meta name=\"twitter:data1\" content=\"Diario del Sur Digital\" \/>\n\t<meta name=\"twitter:label2\" content=\"Tiempo de lectura\" \/>\n\t<meta name=\"twitter:data2\" content=\"3 minutos\" \/>\n<script type=\"application\/ld+json\" class=\"yoast-schema-graph\">{\"@context\":\"https:\\\/\\\/schema.org\",\"@graph\":[{\"@type\":\"Article\",\"@id\":\"https:\\\/\\\/diariodelsurdigital.com.ar\\\/?p=2229#article\",\"isPartOf\":{\"@id\":\"https:\\\/\\\/diariodelsurdigital.com.ar\\\/?p=2229\"},\"author\":{\"name\":\"Diario del Sur Digital\",\"@id\":\"https:\\\/\\\/diariodelsurdigital.com.ar\\\/#\\\/schema\\\/person\\\/1a4992532ed62965c968031b49195c81\"},\"headline\":\"El Festival Nacional del Chamam\u00e9 de Federal gener\u00f3 un super\u00e1vit de casi 100 millones de pesos\",\"datePublished\":\"2025-04-22T14:55:51+00:00\",\"dateModified\":\"2025-04-22T14:55:52+00:00\",\"mainEntityOfPage\":{\"@id\":\"https:\\\/\\\/diariodelsurdigital.com.ar\\\/?p=2229\"},\"wordCount\":555,\"commentCount\":0,\"image\":{\"@id\":\"https:\\\/\\\/diariodelsurdigital.com.ar\\\/?p=2229#primaryimage\"},\"thumbnailUrl\":\"https:\\\/\\\/diariodelsurdigital.com.ar\\\/wp-content\\\/uploads\\\/2025\\\/04\\\/md-9.webp\",\"articleSection\":[\"Provinciales\"],\"inLanguage\":\"es\",\"potentialAction\":[{\"@type\":\"CommentAction\",\"name\":\"Comment\",\"target\":[\"https:\\\/\\\/diariodelsurdigital.com.ar\\\/?p=2229#respond\"]}]},{\"@type\":\"WebPage\",\"@id\":\"https:\\\/\\\/diariodelsurdigital.com.ar\\\/?p=2229\",\"url\":\"https:\\\/\\\/diariodelsurdigital.com.ar\\\/?p=2229\",\"name\":\"El Festival Nacional del Chamam\u00e9 de Federal gener\u00f3 un super\u00e1vit de casi 100 millones de pesos - Diario del Sur\",\"isPartOf\":{\"@id\":\"https:\\\/\\\/diariodelsurdigital.com.ar\\\/#website\"},\"primaryImageOfPage\":{\"@id\":\"https:\\\/\\\/diariodelsurdigital.com.ar\\\/?p=2229#primaryimage\"},\"image\":{\"@id\":\"https:\\\/\\\/diariodelsurdigital.com.ar\\\/?p=2229#primaryimage\"},\"thumbnailUrl\":\"https:\\\/\\\/diariodelsurdigital.com.ar\\\/wp-content\\\/uploads\\\/2025\\\/04\\\/md-9.webp\",\"datePublished\":\"2025-04-22T14:55:51+00:00\",\"dateModified\":\"2025-04-22T14:55:52+00:00\",\"author\":{\"@id\":\"https:\\\/\\\/diariodelsurdigital.com.ar\\\/#\\\/schema\\\/person\\\/1a4992532ed62965c968031b49195c81\"},\"breadcrumb\":{\"@id\":\"https:\\\/\\\/diariodelsurdigital.com.ar\\\/?p=2229#breadcrumb\"},\"inLanguage\":\"es\",\"potentialAction\":[{\"@type\":\"ReadAction\",\"target\":[\"https:\\\/\\\/diariodelsurdigital.com.ar\\\/?p=2229\"]}]},{\"@type\":\"ImageObject\",\"inLanguage\":\"es\",\"@id\":\"https:\\\/\\\/diariodelsurdigital.com.ar\\\/?p=2229#primaryimage\",\"url\":\"https:\\\/\\\/diariodelsurdigital.com.ar\\\/wp-content\\\/uploads\\\/2025\\\/04\\\/md-9.webp\",\"contentUrl\":\"https:\\\/\\\/diariodelsurdigital.com.ar\\\/wp-content\\\/uploads\\\/2025\\\/04\\\/md-9.webp\",\"width\":992,\"height\":661},{\"@type\":\"BreadcrumbList\",\"@id\":\"https:\\\/\\\/diariodelsurdigital.com.ar\\\/?p=2229#breadcrumb\",\"itemListElement\":[{\"@type\":\"ListItem\",\"position\":1,\"name\":\"Portada\",\"item\":\"https:\\\/\\\/diariodelsurdigital.com.ar\\\/\"},{\"@type\":\"ListItem\",\"position\":2,\"name\":\"El Festival Nacional del Chamam\u00e9 de Federal gener\u00f3 un super\u00e1vit de casi 100 millones de pesos\"}]},{\"@type\":\"WebSite\",\"@id\":\"https:\\\/\\\/diariodelsurdigital.com.ar\\\/#website\",\"url\":\"https:\\\/\\\/diariodelsurdigital.com.ar\\\/\",\"name\":\"Diario del Sur\",\"description\":\"Digital\",\"potentialAction\":[{\"@type\":\"SearchAction\",\"target\":{\"@type\":\"EntryPoint\",\"urlTemplate\":\"https:\\\/\\\/diariodelsurdigital.com.ar\\\/?s={search_term_string}\"},\"query-input\":{\"@type\":\"PropertyValueSpecification\",\"valueRequired\":true,\"valueName\":\"search_term_string\"}}],\"inLanguage\":\"es\"},{\"@type\":\"Person\",\"@id\":\"https:\\\/\\\/diariodelsurdigital.com.ar\\\/#\\\/schema\\\/person\\\/1a4992532ed62965c968031b49195c81\",\"name\":\"Diario del Sur Digital\",\"image\":{\"@type\":\"ImageObject\",\"inLanguage\":\"es\",\"@id\":\"https:\\\/\\\/secure.gravatar.com\\\/avatar\\\/f0c7c47fc7146d19828273b9b8eda651c9c7ab583767e6338d3d3bee825adf76?s=96&d=mm&r=g\",\"url\":\"https:\\\/\\\/secure.gravatar.com\\\/avatar\\\/f0c7c47fc7146d19828273b9b8eda651c9c7ab583767e6338d3d3bee825adf76?s=96&d=mm&r=g\",\"contentUrl\":\"https:\\\/\\\/secure.gravatar.com\\\/avatar\\\/f0c7c47fc7146d19828273b9b8eda651c9c7ab583767e6338d3d3bee825adf76?s=96&d=mm&r=g\",\"caption\":\"Diario del Sur Digital\"},\"url\":\"https:\\\/\\\/diariodelsurdigital.com.ar\\\/?author=4\"}]}<\/script>\n<!-- \/ Yoast SEO plugin. -->","yoast_head_json":{"title":"El Festival Nacional del Chamam\u00e9 de Federal gener\u00f3 un super\u00e1vit de casi 100 millones de pesos - Diario del Sur","robots":{"index":"index","follow":"follow","max-snippet":"max-snippet:-1","max-image-preview":"max-image-preview:large","max-video-preview":"max-video-preview:-1"},"canonical":"https:\/\/diariodelsurdigital.com.ar\/?p=2229","og_locale":"es_ES","og_type":"article","og_title":"El Festival Nacional del Chamam\u00e9 de Federal gener\u00f3 un super\u00e1vit de casi 100 millones de pesos - Diario del Sur","og_description":"La tradicional fiesta se organiz\u00f3 mediante reuniones abiertas con los vecinos y, seg\u00fan cont\u00f3 la intendenta, hasta ella misma pag\u00f3 su entrada. \u201cNo hay magia, es trabajo y organizaci\u00f3n\u201d, afirm\u00f3 Alicia Oviedo, presidenta municipal de Federal. \u201cCon enorme alegr\u00eda les comparto que el Festival Nacional del Chamam\u00e9 \u2013Edici\u00f3n Dorada\u2013 cerr\u00f3 con un saldo positivo de [&hellip;]","og_url":"https:\/\/diariodelsurdigital.com.ar\/?p=2229","og_site_name":"Diario del Sur","article_published_time":"2025-04-22T14:55:51+00:00","article_modified_time":"2025-04-22T14:55:52+00:00","og_image":[{"width":992,"height":661,"url":"https:\/\/diariodelsurdigital.com.ar\/wp-content\/uploads\/2025\/04\/md-9.webp","type":"image\/webp"}],"author":"Diario del Sur Digital","twitter_card":"summary_large_image","twitter_misc":{"Escrito por":"Diario del Sur Digital","Tiempo de lectura":"3 minutos"},"schema":{"@context":"https:\/\/schema.org","@graph":[{"@type":"Article","@id":"https:\/\/diariodelsurdigital.com.ar\/?p=2229#article","isPartOf":{"@id":"https:\/\/diariodelsurdigital.com.ar\/?p=2229"},"author":{"name":"Diario del Sur Digital","@id":"https:\/\/diariodelsurdigital.com.ar\/#\/schema\/person\/1a4992532ed62965c968031b49195c81"},"headline":"El Festival Nacional del Chamam\u00e9 de Federal gener\u00f3 un super\u00e1vit de casi 100 millones de pesos","datePublished":"2025-04-22T14:55:51+00:00","dateModified":"2025-04-22T14:55:52+00:00","mainEntityOfPage":{"@id":"https:\/\/diariodelsurdigital.com.ar\/?p=2229"},"wordCount":555,"commentCount":0,"image":{"@id":"https:\/\/diariodelsurdigital.com.ar\/?p=2229#primaryimage"},"thumbnailUrl":"https:\/\/diariodelsurdigital.com.ar\/wp-content\/uploads\/2025\/04\/md-9.webp","articleSection":["Provinciales"],"inLanguage":"es","potentialAction":[{"@type":"CommentAction","name":"Comment","target":["https:\/\/diariodelsurdigital.com.ar\/?p=2229#respond"]}]},{"@type":"WebPage","@id":"https:\/\/diariodelsurdigital.com.ar\/?p=2229","url":"https:\/\/diariodelsurdigital.com.ar\/?p=2229","name":"El Festival Nacional del Chamam\u00e9 de Federal gener\u00f3 un super\u00e1vit de casi 100 millones de pesos - Diario del Sur","isPartOf":{"@id":"https:\/\/diariodelsurdigital.com.ar\/#website"},"primaryImageOfPage":{"@id":"https:\/\/diariodelsurdigital.com.ar\/?p=2229#primaryimage"},"image":{"@id":"https:\/\/diariodelsurdigital.com.ar\/?p=2229#primaryimage"},"thumbnailUrl":"https:\/\/diariodelsurdigital.com.ar\/wp-content\/uploads\/2025\/04\/md-9.webp","datePublished":"2025-04-22T14:55:51+00:00","dateModified":"2025-04-22T14:55:52+00:00","author":{"@id":"https:\/\/diariodelsurdigital.com.ar\/#\/schema\/person\/1a4992532ed62965c968031b49195c81"},"breadcrumb":{"@id":"https:\/\/diariodelsurdigital.com.ar\/?p=2229#breadcrumb"},"inLanguage":"es","potentialAction":[{"@type":"ReadAction","target":["https:\/\/diariodelsurdigital.com.ar\/?p=2229"]}]},{"@type":"ImageObject","inLanguage":"es","@id":"https:\/\/diariodelsurdigital.com.ar\/?p=2229#primaryimage","url":"https:\/\/diariodelsurdigital.com.ar\/wp-content\/uploads\/2025\/04\/md-9.webp","contentUrl":"https:\/\/diariodelsurdigital.com.ar\/wp-content\/uploads\/2025\/04\/md-9.webp","width":992,"height":661},{"@type":"BreadcrumbList","@id":"https:\/\/diariodelsurdigital.com.ar\/?p=2229#breadcrumb","itemListElement":[{"@type":"ListItem","position":1,"name":"Portada","item":"https:\/\/diariodelsurdigital.com.ar\/"},{"@type":"ListItem","position":2,"name":"El Festival Nacional del Chamam\u00e9 de Federal gener\u00f3 un super\u00e1vit de casi 100 millones de pesos"}]},{"@type":"WebSite","@id":"https:\/\/diariodelsurdigital.com.ar\/#website","url":"https:\/\/diariodelsurdigital.com.ar\/","name":"Diario del Sur","description":"Digital","potentialAction":[{"@type":"SearchAction","target":{"@type":"EntryPoint","urlTemplate":"https:\/\/diariodelsurdigital.com.ar\/?s={search_term_string}"},"query-input":{"@type":"PropertyValueSpecification","valueRequired":true,"valueName":"search_term_string"}}],"inLanguage":"es"},{"@type":"Person","@id":"https:\/\/diariodelsurdigital.com.ar\/#\/schema\/person\/1a4992532ed62965c968031b49195c81","name":"Diario del Sur Digital","image":{"@type":"ImageObject","inLanguage":"es","@id":"https:\/\/secure.gravatar.com\/avatar\/f0c7c47fc7146d19828273b9b8eda651c9c7ab583767e6338d3d3bee825adf76?s=96&d=mm&r=g","url":"https:\/\/secure.gravatar.com\/avatar\/f0c7c47fc7146d19828273b9b8eda651c9c7ab583767e6338d3d3bee825adf76?s=96&d=mm&r=g","contentUrl":"https:\/\/secure.gravatar.com\/avatar\/f0c7c47fc7146d19828273b9b8eda651c9c7ab583767e6338d3d3bee825adf76?s=96&d=mm&r=g","caption":"Diario del Sur Digital"},"url":"https:\/\/diariodelsurdigital.com.ar\/?author=4"}]}},"_links":{"self":[{"href":"https:\/\/diariodelsurdigital.com.ar\/index.php?rest_route=\/wp\/v2\/posts\/2229","targetHints":{"allow":["GET"]}}],"collection":[{"href":"https:\/\/diariodelsurdigital.com.ar\/index.php?rest_route=\/wp\/v2\/posts"}],"about":[{"href":"https:\/\/diariodelsurdigital.com.ar\/index.php?rest_route=\/wp\/v2\/types\/post"}],"author":[{"embeddable":true,"href":"https:\/\/diariodelsurdigital.com.ar\/index.php?rest_route=\/wp\/v2\/users\/4"}],"replies":[{"embeddable":true,"href":"https:\/\/diariodelsurdigital.com.ar\/index.php?rest_route=%2Fwp%2Fv2%2Fcomments&post=2229"}],"version-history":[{"count":1,"href":"https:\/\/diariodelsurdigital.com.ar\/index.php?rest_route=\/wp\/v2\/posts\/2229\/revisions"}],"predecessor-version":[{"id":2231,"href":"https:\/\/diariodelsurdigital.com.ar\/index.php?rest_route=\/wp\/v2\/posts\/2229\/revisions\/2231"}],"wp:featuredmedia":[{"embeddable":true,"href":"https:\/\/diariodelsurdigital.com.ar\/index.php?rest_route=\/wp\/v2\/media\/2230"}],"wp:attachment":[{"href":"https:\/\/diariodelsurdigital.com.ar\/index.php?rest_route=%2Fwp%2Fv2%2Fmedia&parent=2229"}],"wp:term":[{"taxonomy":"category","embeddable":true,"href":"https:\/\/diariodelsurdigital.com.ar\/index.php?rest_route=%2Fwp%2Fv2%2Fcategories&post=2229"},{"taxonomy":"post_tag","embeddable":true,"href":"https:\/\/diariodelsurdigital.com.ar\/index.php?rest_route=%2Fwp%2Fv2%2Ftags&post=2229"}],"curies":[{"name":"wp","href":"https:\/\/api.w.org\/{rel}","templated":true}]}}