{"id":2235,"date":"2025-04-22T12:00:27","date_gmt":"2025-04-22T15:00:27","guid":{"rendered":"https:\/\/diariodelsurdigital.com.ar\/?p=2235"},"modified":"2025-04-22T12:00:28","modified_gmt":"2025-04-22T15:00:28","slug":"destacan-el-avance-de-la-obra-de-pavimentacion-de-la-ruta-23-entre-colon-y-uruguay","status":"publish","type":"post","link":"https:\/\/diariodelsurdigital.com.ar\/?p=2235","title":{"rendered":"Destacan el avance de la obra de pavimentaci\u00f3n de la ruta 23 entre Col\u00f3n y Uruguay"},"content":{"rendered":"\n<p>La obra emblem\u00e1tica para el desarrollo productivo de los departamentos Col\u00f3n y Uruguay tiene m\u00e1s de 25 km de extensi\u00f3n. Consolida la comunicaci\u00f3n entre las localidades de Pronunciamiento &#8211; 1\u00ba de Mayo y Villa Elisa. Tambi\u00e9n beneficia a la comunidad educativa de la Escuela N\u00b0 14 Tres de Febrero, y el Frigor\u00edfico Fadel donde trabajan m\u00e1s de 450 obreros.<\/p>\n\n\n\n<p>Tal cual lo anunciara el gobernador, Rogelio Frigerio, la provincia viene realizando un gran esfuerzo para llevar adelante el plan de recuperaci\u00f3n y mantenimiento vial en Entre R\u00edos. En esta oportunidad la ruta provincial N\u00b0 23 que conecta Pronunciamiento, 1 \u00ba de Mayo y Villa Elisa presenta un 22 por ciento de avance.<\/p>\n\n\n\n<p>La Direcci\u00f3n Provincial de Vialidad (DPV), a cargo de Exequiel Donda, inform\u00f3 sobre los \u00faltimos trabajos en la ruta provincial N\u00ba 23, entre las localidades de Pronunciamiento, 1 \u00ba de Mayo y Villa Elisa, comprendiendo a los departamentos Uruguay y Col\u00f3n. Actualmente se trabaja en el Tramo 1 que se extienden desde Pronunciamiento a 1\u00ba de Mayo y el Tramo 2 desde 1\u00ba de Mayo hacia Villa Elisa. Adem\u00e1s sobre el desvi\u00f3 del tr\u00e1nsito pesado a Pronunciamiento.<\/p>\n\n\n\n<p>Al respecto, el intendente de Pronunciamiento, Ricardo Sandoval, manifest\u00f3 su conformidad con el avance de los trabajos de pavimentaci\u00f3n de la ruta provincial N\u00ba 23, y en particular del tr\u00e1nsito pesado a su localidad al se\u00f1alar que es muy importante para mejorar la urbanizaci\u00f3n.<\/p>\n\n\n\n<p>El intendente expreso: \u00abEstamos muy contentos y agradecidos al gobernador Rogelio Frigerio por entender la urgencia y la necesidad de reiniciar la obra\u00bb, y agreg\u00f3 que \u00abla pavimentaci\u00f3n de la ruta provincial N\u00ba 23 es muy importante para el desarrollo econ\u00f3mico de la regi\u00f3n donde se encuentra camino a 1\u00ba de Mayo el frigor\u00edfico Fadel donde trabajan 450 empleados. Ahora la pavimentaci\u00f3n nos mantendr\u00e1 comunicados a Caseros &#8211; Pronunciamiento &#8211; 1\u00ba de Mayo y Villa Elisa\u00bb.<\/p>\n\n\n\n<p>En tanto desde el ente vial se inform\u00f3 respecto del desv\u00edo del tr\u00e1nsito pesado a Pronunciamiento que se finaliza el pavimento de hormig\u00f3n de este sector, en la esquina de Calles Urquiza e Irma Surno.<\/p>\n\n\n\n<p>Adem\u00e1s, se agreg\u00f3 que en el tramo I de Pronunciamiento a 1\u00ba de Mayo se realiza la base asf\u00e1ltica entre las progresivas 100 a 1650, finalizando la presente semana la mano izquierda de este tramo, e iniciando la carpeta asf\u00e1ltica.<\/p>\n\n\n\n<p>Asimismo, se realiza base calc\u00e1rea entre las progresivas 2000 a 3000, colocando riego asfaltico cuando la misma se encuentra finalizada. Se finalizaran las alcantarillas transversales de progresivas 7244 y 7254, en su lado izquierdo.<\/p>\n\n\n\n<p>En tanto, en el II tramo desde 1\u00ba de Mayo a Villa Elisa se finaliza la alcantarilla transversal en progresiva 4589, adem\u00e1s se ejecutaran los muros en la alcantarilla transversal en progresiva 5800 y se continua con el terrapl\u00e9n en la progresiva 8500, para habilitar el acceso a la alcantarilla aporticada. Se retira y colocan nuevo alambrado entre las progresivas 6000 y 7000, lado izquierdo.<\/p>\n","protected":false},"excerpt":{"rendered":"<p>La obra emblem\u00e1tica para el desarrollo productivo de los departamentos Col\u00f3n y Uruguay tiene m\u00e1s de 25 km de extensi\u00f3n. Consolida la comunicaci\u00f3n entre las localidades de Pronunciamiento &#8211; 1\u00ba de Mayo y Villa Elisa. Tambi\u00e9n beneficia a la comunidad educativa de la Escuela N\u00b0 14 Tres de Febrero, y el Frigor\u00edfico Fadel donde trabajan [&hellip;]<\/p>\n","protected":false},"author":4,"featured_media":2236,"comment_status":"open","ping_status":"open","sticky":false,"template":"","format":"standard","meta":{"footnotes":""},"categories":[17],"tags":[],"class_list":{"0":"post-2235","1":"post","2":"type-post","3":"status-publish","4":"format-standard","5":"has-post-thumbnail","7":"category-provinciales"},"yoast_head":"<!-- This site is optimized with the Yoast SEO plugin v27.4 - https:\/\/yoast.com\/product\/yoast-seo-wordpress\/ -->\n<title>Destacan el avance de la obra de pavimentaci\u00f3n de la ruta 23 entre Col\u00f3n y Uruguay - Diario del Sur<\/title>\n<meta name=\"robots\" content=\"index, follow, max-snippet:-1, max-image-preview:large, max-video-preview:-1\" \/>\n<link rel=\"canonical\" href=\"https:\/\/diariodelsurdigital.com.ar\/?p=2235\" \/>\n<meta property=\"og:locale\" content=\"es_ES\" \/>\n<meta property=\"og:type\" content=\"article\" \/>\n<meta property=\"og:title\" content=\"Destacan el avance de la obra de pavimentaci\u00f3n de la ruta 23 entre Col\u00f3n y Uruguay - Diario del Sur\" \/>\n<meta property=\"og:description\" content=\"La obra emblem\u00e1tica para el desarrollo productivo de los departamentos Col\u00f3n y Uruguay tiene m\u00e1s de 25 km de extensi\u00f3n. Consolida la comunicaci\u00f3n entre las localidades de Pronunciamiento &#8211; 1\u00ba de Mayo y Villa Elisa. Tambi\u00e9n beneficia a la comunidad educativa de la Escuela N\u00b0 14 Tres de Febrero, y el Frigor\u00edfico Fadel donde trabajan [&hellip;]\" \/>\n<meta property=\"og:url\" content=\"https:\/\/diariodelsurdigital.com.ar\/?p=2235\" \/>\n<meta property=\"og:site_name\" content=\"Diario del Sur\" \/>\n<meta property=\"article:published_time\" content=\"2025-04-22T15:00:27+00:00\" \/>\n<meta property=\"article:modified_time\" content=\"2025-04-22T15:00:28+00:00\" \/>\n<meta property=\"og:image\" content=\"https:\/\/diariodelsurdigital.com.ar\/wp-content\/uploads\/2025\/04\/md-11.webp\" \/>\n\t<meta property=\"og:image:width\" content=\"992\" \/>\n\t<meta property=\"og:image:height\" content=\"659\" \/>\n\t<meta property=\"og:image:type\" content=\"image\/webp\" \/>\n<meta name=\"author\" content=\"Diario del Sur Digital\" \/>\n<meta name=\"twitter:card\" content=\"summary_large_image\" \/>\n<meta name=\"twitter:label1\" content=\"Escrito por\" \/>\n\t<meta name=\"twitter:data1\" content=\"Diario del Sur Digital\" \/>\n\t<meta name=\"twitter:label2\" content=\"Tiempo de lectura\" \/>\n\t<meta name=\"twitter:data2\" content=\"3 minutos\" \/>\n<script type=\"application\/ld+json\" class=\"yoast-schema-graph\">{\"@context\":\"https:\\\/\\\/schema.org\",\"@graph\":[{\"@type\":\"Article\",\"@id\":\"https:\\\/\\\/diariodelsurdigital.com.ar\\\/?p=2235#article\",\"isPartOf\":{\"@id\":\"https:\\\/\\\/diariodelsurdigital.com.ar\\\/?p=2235\"},\"author\":{\"name\":\"Diario del Sur Digital\",\"@id\":\"https:\\\/\\\/diariodelsurdigital.com.ar\\\/#\\\/schema\\\/person\\\/1a4992532ed62965c968031b49195c81\"},\"headline\":\"Destacan el avance de la obra de pavimentaci\u00f3n de la ruta 23 entre Col\u00f3n y Uruguay\",\"datePublished\":\"2025-04-22T15:00:27+00:00\",\"dateModified\":\"2025-04-22T15:00:28+00:00\",\"mainEntityOfPage\":{\"@id\":\"https:\\\/\\\/diariodelsurdigital.com.ar\\\/?p=2235\"},\"wordCount\":499,\"commentCount\":0,\"image\":{\"@id\":\"https:\\\/\\\/diariodelsurdigital.com.ar\\\/?p=2235#primaryimage\"},\"thumbnailUrl\":\"https:\\\/\\\/diariodelsurdigital.com.ar\\\/wp-content\\\/uploads\\\/2025\\\/04\\\/md-11.webp\",\"articleSection\":[\"Provinciales\"],\"inLanguage\":\"es\",\"potentialAction\":[{\"@type\":\"CommentAction\",\"name\":\"Comment\",\"target\":[\"https:\\\/\\\/diariodelsurdigital.com.ar\\\/?p=2235#respond\"]}]},{\"@type\":\"WebPage\",\"@id\":\"https:\\\/\\\/diariodelsurdigital.com.ar\\\/?p=2235\",\"url\":\"https:\\\/\\\/diariodelsurdigital.com.ar\\\/?p=2235\",\"name\":\"Destacan el avance de la obra de pavimentaci\u00f3n de la ruta 23 entre Col\u00f3n y Uruguay - Diario del Sur\",\"isPartOf\":{\"@id\":\"https:\\\/\\\/diariodelsurdigital.com.ar\\\/#website\"},\"primaryImageOfPage\":{\"@id\":\"https:\\\/\\\/diariodelsurdigital.com.ar\\\/?p=2235#primaryimage\"},\"image\":{\"@id\":\"https:\\\/\\\/diariodelsurdigital.com.ar\\\/?p=2235#primaryimage\"},\"thumbnailUrl\":\"https:\\\/\\\/diariodelsurdigital.com.ar\\\/wp-content\\\/uploads\\\/2025\\\/04\\\/md-11.webp\",\"datePublished\":\"2025-04-22T15:00:27+00:00\",\"dateModified\":\"2025-04-22T15:00:28+00:00\",\"author\":{\"@id\":\"https:\\\/\\\/diariodelsurdigital.com.ar\\\/#\\\/schema\\\/person\\\/1a4992532ed62965c968031b49195c81\"},\"breadcrumb\":{\"@id\":\"https:\\\/\\\/diariodelsurdigital.com.ar\\\/?p=2235#breadcrumb\"},\"inLanguage\":\"es\",\"potentialAction\":[{\"@type\":\"ReadAction\",\"target\":[\"https:\\\/\\\/diariodelsurdigital.com.ar\\\/?p=2235\"]}]},{\"@type\":\"ImageObject\",\"inLanguage\":\"es\",\"@id\":\"https:\\\/\\\/diariodelsurdigital.com.ar\\\/?p=2235#primaryimage\",\"url\":\"https:\\\/\\\/diariodelsurdigital.com.ar\\\/wp-content\\\/uploads\\\/2025\\\/04\\\/md-11.webp\",\"contentUrl\":\"https:\\\/\\\/diariodelsurdigital.com.ar\\\/wp-content\\\/uploads\\\/2025\\\/04\\\/md-11.webp\",\"width\":992,\"height\":659},{\"@type\":\"BreadcrumbList\",\"@id\":\"https:\\\/\\\/diariodelsurdigital.com.ar\\\/?p=2235#breadcrumb\",\"itemListElement\":[{\"@type\":\"ListItem\",\"position\":1,\"name\":\"Portada\",\"item\":\"https:\\\/\\\/diariodelsurdigital.com.ar\\\/\"},{\"@type\":\"ListItem\",\"position\":2,\"name\":\"Destacan el avance de la obra de pavimentaci\u00f3n de la ruta 23 entre Col\u00f3n y Uruguay\"}]},{\"@type\":\"WebSite\",\"@id\":\"https:\\\/\\\/diariodelsurdigital.com.ar\\\/#website\",\"url\":\"https:\\\/\\\/diariodelsurdigital.com.ar\\\/\",\"name\":\"Diario del Sur\",\"description\":\"Digital\",\"potentialAction\":[{\"@type\":\"SearchAction\",\"target\":{\"@type\":\"EntryPoint\",\"urlTemplate\":\"https:\\\/\\\/diariodelsurdigital.com.ar\\\/?s={search_term_string}\"},\"query-input\":{\"@type\":\"PropertyValueSpecification\",\"valueRequired\":true,\"valueName\":\"search_term_string\"}}],\"inLanguage\":\"es\"},{\"@type\":\"Person\",\"@id\":\"https:\\\/\\\/diariodelsurdigital.com.ar\\\/#\\\/schema\\\/person\\\/1a4992532ed62965c968031b49195c81\",\"name\":\"Diario del Sur Digital\",\"image\":{\"@type\":\"ImageObject\",\"inLanguage\":\"es\",\"@id\":\"https:\\\/\\\/secure.gravatar.com\\\/avatar\\\/f0c7c47fc7146d19828273b9b8eda651c9c7ab583767e6338d3d3bee825adf76?s=96&d=mm&r=g\",\"url\":\"https:\\\/\\\/secure.gravatar.com\\\/avatar\\\/f0c7c47fc7146d19828273b9b8eda651c9c7ab583767e6338d3d3bee825adf76?s=96&d=mm&r=g\",\"contentUrl\":\"https:\\\/\\\/secure.gravatar.com\\\/avatar\\\/f0c7c47fc7146d19828273b9b8eda651c9c7ab583767e6338d3d3bee825adf76?s=96&d=mm&r=g\",\"caption\":\"Diario del Sur Digital\"},\"url\":\"https:\\\/\\\/diariodelsurdigital.com.ar\\\/?author=4\"}]}<\/script>\n<!-- \/ Yoast SEO plugin. -->","yoast_head_json":{"title":"Destacan el avance de la obra de pavimentaci\u00f3n de la ruta 23 entre Col\u00f3n y Uruguay - Diario del Sur","robots":{"index":"index","follow":"follow","max-snippet":"max-snippet:-1","max-image-preview":"max-image-preview:large","max-video-preview":"max-video-preview:-1"},"canonical":"https:\/\/diariodelsurdigital.com.ar\/?p=2235","og_locale":"es_ES","og_type":"article","og_title":"Destacan el avance de la obra de pavimentaci\u00f3n de la ruta 23 entre Col\u00f3n y Uruguay - Diario del Sur","og_description":"La obra emblem\u00e1tica para el desarrollo productivo de los departamentos Col\u00f3n y Uruguay tiene m\u00e1s de 25 km de extensi\u00f3n. Consolida la comunicaci\u00f3n entre las localidades de Pronunciamiento &#8211; 1\u00ba de Mayo y Villa Elisa. Tambi\u00e9n beneficia a la comunidad educativa de la Escuela N\u00b0 14 Tres de Febrero, y el Frigor\u00edfico Fadel donde trabajan [&hellip;]","og_url":"https:\/\/diariodelsurdigital.com.ar\/?p=2235","og_site_name":"Diario del Sur","article_published_time":"2025-04-22T15:00:27+00:00","article_modified_time":"2025-04-22T15:00:28+00:00","og_image":[{"width":992,"height":659,"url":"https:\/\/diariodelsurdigital.com.ar\/wp-content\/uploads\/2025\/04\/md-11.webp","type":"image\/webp"}],"author":"Diario del Sur Digital","twitter_card":"summary_large_image","twitter_misc":{"Escrito por":"Diario del Sur Digital","Tiempo de lectura":"3 minutos"},"schema":{"@context":"https:\/\/schema.org","@graph":[{"@type":"Article","@id":"https:\/\/diariodelsurdigital.com.ar\/?p=2235#article","isPartOf":{"@id":"https:\/\/diariodelsurdigital.com.ar\/?p=2235"},"author":{"name":"Diario del Sur Digital","@id":"https:\/\/diariodelsurdigital.com.ar\/#\/schema\/person\/1a4992532ed62965c968031b49195c81"},"headline":"Destacan el avance de la obra de pavimentaci\u00f3n de la ruta 23 entre Col\u00f3n y Uruguay","datePublished":"2025-04-22T15:00:27+00:00","dateModified":"2025-04-22T15:00:28+00:00","mainEntityOfPage":{"@id":"https:\/\/diariodelsurdigital.com.ar\/?p=2235"},"wordCount":499,"commentCount":0,"image":{"@id":"https:\/\/diariodelsurdigital.com.ar\/?p=2235#primaryimage"},"thumbnailUrl":"https:\/\/diariodelsurdigital.com.ar\/wp-content\/uploads\/2025\/04\/md-11.webp","articleSection":["Provinciales"],"inLanguage":"es","potentialAction":[{"@type":"CommentAction","name":"Comment","target":["https:\/\/diariodelsurdigital.com.ar\/?p=2235#respond"]}]},{"@type":"WebPage","@id":"https:\/\/diariodelsurdigital.com.ar\/?p=2235","url":"https:\/\/diariodelsurdigital.com.ar\/?p=2235","name":"Destacan el avance de la obra de pavimentaci\u00f3n de la ruta 23 entre Col\u00f3n y Uruguay - Diario del Sur","isPartOf":{"@id":"https:\/\/diariodelsurdigital.com.ar\/#website"},"primaryImageOfPage":{"@id":"https:\/\/diariodelsurdigital.com.ar\/?p=2235#primaryimage"},"image":{"@id":"https:\/\/diariodelsurdigital.com.ar\/?p=2235#primaryimage"},"thumbnailUrl":"https:\/\/diariodelsurdigital.com.ar\/wp-content\/uploads\/2025\/04\/md-11.webp","datePublished":"2025-04-22T15:00:27+00:00","dateModified":"2025-04-22T15:00:28+00:00","author":{"@id":"https:\/\/diariodelsurdigital.com.ar\/#\/schema\/person\/1a4992532ed62965c968031b49195c81"},"breadcrumb":{"@id":"https:\/\/diariodelsurdigital.com.ar\/?p=2235#breadcrumb"},"inLanguage":"es","potentialAction":[{"@type":"ReadAction","target":["https:\/\/diariodelsurdigital.com.ar\/?p=2235"]}]},{"@type":"ImageObject","inLanguage":"es","@id":"https:\/\/diariodelsurdigital.com.ar\/?p=2235#primaryimage","url":"https:\/\/diariodelsurdigital.com.ar\/wp-content\/uploads\/2025\/04\/md-11.webp","contentUrl":"https:\/\/diariodelsurdigital.com.ar\/wp-content\/uploads\/2025\/04\/md-11.webp","width":992,"height":659},{"@type":"BreadcrumbList","@id":"https:\/\/diariodelsurdigital.com.ar\/?p=2235#breadcrumb","itemListElement":[{"@type":"ListItem","position":1,"name":"Portada","item":"https:\/\/diariodelsurdigital.com.ar\/"},{"@type":"ListItem","position":2,"name":"Destacan el avance de la obra de pavimentaci\u00f3n de la ruta 23 entre Col\u00f3n y Uruguay"}]},{"@type":"WebSite","@id":"https:\/\/diariodelsurdigital.com.ar\/#website","url":"https:\/\/diariodelsurdigital.com.ar\/","name":"Diario del Sur","description":"Digital","potentialAction":[{"@type":"SearchAction","target":{"@type":"EntryPoint","urlTemplate":"https:\/\/diariodelsurdigital.com.ar\/?s={search_term_string}"},"query-input":{"@type":"PropertyValueSpecification","valueRequired":true,"valueName":"search_term_string"}}],"inLanguage":"es"},{"@type":"Person","@id":"https:\/\/diariodelsurdigital.com.ar\/#\/schema\/person\/1a4992532ed62965c968031b49195c81","name":"Diario del Sur Digital","image":{"@type":"ImageObject","inLanguage":"es","@id":"https:\/\/secure.gravatar.com\/avatar\/f0c7c47fc7146d19828273b9b8eda651c9c7ab583767e6338d3d3bee825adf76?s=96&d=mm&r=g","url":"https:\/\/secure.gravatar.com\/avatar\/f0c7c47fc7146d19828273b9b8eda651c9c7ab583767e6338d3d3bee825adf76?s=96&d=mm&r=g","contentUrl":"https:\/\/secure.gravatar.com\/avatar\/f0c7c47fc7146d19828273b9b8eda651c9c7ab583767e6338d3d3bee825adf76?s=96&d=mm&r=g","caption":"Diario del Sur Digital"},"url":"https:\/\/diariodelsurdigital.com.ar\/?author=4"}]}},"_links":{"self":[{"href":"https:\/\/diariodelsurdigital.com.ar\/index.php?rest_route=\/wp\/v2\/posts\/2235","targetHints":{"allow":["GET"]}}],"collection":[{"href":"https:\/\/diariodelsurdigital.com.ar\/index.php?rest_route=\/wp\/v2\/posts"}],"about":[{"href":"https:\/\/diariodelsurdigital.com.ar\/index.php?rest_route=\/wp\/v2\/types\/post"}],"author":[{"embeddable":true,"href":"https:\/\/diariodelsurdigital.com.ar\/index.php?rest_route=\/wp\/v2\/users\/4"}],"replies":[{"embeddable":true,"href":"https:\/\/diariodelsurdigital.com.ar\/index.php?rest_route=%2Fwp%2Fv2%2Fcomments&post=2235"}],"version-history":[{"count":1,"href":"https:\/\/diariodelsurdigital.com.ar\/index.php?rest_route=\/wp\/v2\/posts\/2235\/revisions"}],"predecessor-version":[{"id":2237,"href":"https:\/\/diariodelsurdigital.com.ar\/index.php?rest_route=\/wp\/v2\/posts\/2235\/revisions\/2237"}],"wp:featuredmedia":[{"embeddable":true,"href":"https:\/\/diariodelsurdigital.com.ar\/index.php?rest_route=\/wp\/v2\/media\/2236"}],"wp:attachment":[{"href":"https:\/\/diariodelsurdigital.com.ar\/index.php?rest_route=%2Fwp%2Fv2%2Fmedia&parent=2235"}],"wp:term":[{"taxonomy":"category","embeddable":true,"href":"https:\/\/diariodelsurdigital.com.ar\/index.php?rest_route=%2Fwp%2Fv2%2Fcategories&post=2235"},{"taxonomy":"post_tag","embeddable":true,"href":"https:\/\/diariodelsurdigital.com.ar\/index.php?rest_route=%2Fwp%2Fv2%2Ftags&post=2235"}],"curies":[{"name":"wp","href":"https:\/\/api.w.org\/{rel}","templated":true}]}}