{"id":2245,"date":"2025-04-23T11:09:12","date_gmt":"2025-04-23T14:09:12","guid":{"rendered":"https:\/\/diariodelsurdigital.com.ar\/?p=2245"},"modified":"2025-04-23T11:09:14","modified_gmt":"2025-04-23T14:09:14","slug":"el-feretro-del-papa-francisco-ya-se-encuentra-en-la-basilica-vaticana","status":"publish","type":"post","link":"https:\/\/diariodelsurdigital.com.ar\/?p=2245","title":{"rendered":"El f\u00e9retro del Papa Francisco ya se encuentra en la Bas\u00edlica vaticana"},"content":{"rendered":"\n<p>Los restos mortales del Papa Francisco han sido trasladados de la Casa Santa Marta a la Bas\u00edlica de San Pedro, donde su cuerpo reposar\u00e1 para que los fieles puedan rendirle un \u00faltimo tributo antes de la misa de exequias que tendr\u00e1 lugar el s\u00e1bado 26 de abril de 2025.<\/p>\n\n\n\n<p>El rito de traslaci\u00f3n del f\u00e9retro del Papa Francisco tuvo lugar en el Vaticano el mi\u00e9rcoles 23 de abril de 2025 por la ma\u00f1ana y fue dirigido por el Colegio Cardenalicio reunido en Roma tras su fallecimiento.<\/p>\n\n\n\n<p>El cardenal Kevin Farrell, Camarlengo de la Santa Romana Iglesia, inici\u00f3 la liturgia en la capilla de la Casa Santa Marta con una breve oraci\u00f3n por el alma del Papa Francisco.En la oraci\u00f3n, el purpurado dio gracias a Dios por los 12 a\u00f1os de ministerio del difunto Papa.\u00bbAl dejar ahora este hogar, demos gracias al Se\u00f1or por los innumerables dones que concedi\u00f3 al pueblo cristiano a trav\u00e9s de su siervo, el Papa Francisco\u00bb, rez\u00f3. \u00abPid\u00e1mosle, en su misericordia y bondad, que conceda al difunto Papa un hogar eterno en el reino de los cielos, y que conforte con la esperanza celestial a la familia papal, a la Iglesia en Roma y a los fieles de todo el mundo\u00bb.<\/p>\n\n\n\n<p>A continuaci\u00f3n, el Colegio Cardenalicio encabez\u00f3 la procesi\u00f3n del f\u00e9retro por la Plaza de Santa Marta del Vaticano, bajo el Arco de las Campanas, hasta la Plaza de San Pedro.M\u00e1s de 20.000 personas se hab\u00edan congregado en la plaza para presentar sus respetos al extinto Pont\u00edfice, y prorrumpieron en un aplauso moderado pero sostenido mientras el f\u00e9retro sub\u00eda la escalinata y entraba en la Bas\u00edlica de San Pedro.<\/p>\n\n\n\n<p>El f\u00e9retro del difunto Papa fue colocado ante el Altar de la Confesi\u00f3n, y el coro enton\u00f3 las Letan\u00edas de los Santos en lat\u00edn por el descanso de su alma.Enseguida, el purpurado dirigi\u00f3 una breve Liturgia de la Palabra, que incluy\u00f3 una lectura del Evangelio de Juan (17:24-26) de la oraci\u00f3n sacerdotal de Jes\u00fas proclamando el amor de Dios por \u00c9l y por sus disc\u00edpulos.El rito concluy\u00f3 con el canto de la Salve Regina, un himno mariano que comienza \u00abSalve Regina, Madre de Misericordia\u00bb.<\/p>\n\n\n\n<p>Despu\u00e9s, los miembros del Colegio Cardenalicio presentaron sus respetos al difunto Papa Francisco, seguidos de los fieles congregados en la Bas\u00edlica de San Pedro.La Bas\u00edlica permanecer\u00e1 abierta hasta la medianoche del mi\u00e9rcoles, de 7.00 a 24.00 horas el jueves y de 7.00 a 19.00 horas el viernes. <\/p>\n","protected":false},"excerpt":{"rendered":"<p>Los restos mortales del Papa Francisco han sido trasladados de la Casa Santa Marta a la Bas\u00edlica de San Pedro, donde su cuerpo reposar\u00e1 para que los fieles puedan rendirle un \u00faltimo tributo antes de la misa de exequias que tendr\u00e1 lugar el s\u00e1bado 26 de abril de 2025. El rito de traslaci\u00f3n del f\u00e9retro [&hellip;]<\/p>\n","protected":false},"author":4,"featured_media":2246,"comment_status":"open","ping_status":"open","sticky":false,"template":"","format":"standard","meta":{"footnotes":""},"categories":[20],"tags":[],"class_list":{"0":"post-2245","1":"post","2":"type-post","3":"status-publish","4":"format-standard","5":"has-post-thumbnail","7":"category-internacionales"},"yoast_head":"<!-- This site is optimized with the Yoast SEO plugin v27.4 - https:\/\/yoast.com\/product\/yoast-seo-wordpress\/ -->\n<title>El f\u00e9retro del Papa Francisco ya se encuentra en la Bas\u00edlica vaticana - Diario del Sur<\/title>\n<meta name=\"robots\" content=\"index, follow, max-snippet:-1, max-image-preview:large, max-video-preview:-1\" \/>\n<link rel=\"canonical\" href=\"https:\/\/diariodelsurdigital.com.ar\/?p=2245\" \/>\n<meta property=\"og:locale\" content=\"es_ES\" \/>\n<meta property=\"og:type\" content=\"article\" \/>\n<meta property=\"og:title\" content=\"El f\u00e9retro del Papa Francisco ya se encuentra en la Bas\u00edlica vaticana - Diario del Sur\" \/>\n<meta property=\"og:description\" content=\"Los restos mortales del Papa Francisco han sido trasladados de la Casa Santa Marta a la Bas\u00edlica de San Pedro, donde su cuerpo reposar\u00e1 para que los fieles puedan rendirle un \u00faltimo tributo antes de la misa de exequias que tendr\u00e1 lugar el s\u00e1bado 26 de abril de 2025. El rito de traslaci\u00f3n del f\u00e9retro [&hellip;]\" \/>\n<meta property=\"og:url\" content=\"https:\/\/diariodelsurdigital.com.ar\/?p=2245\" \/>\n<meta property=\"og:site_name\" content=\"Diario del Sur\" \/>\n<meta property=\"article:published_time\" content=\"2025-04-23T14:09:12+00:00\" \/>\n<meta property=\"article:modified_time\" content=\"2025-04-23T14:09:14+00:00\" \/>\n<meta property=\"og:image\" content=\"https:\/\/diariodelsurdigital.com.ar\/wp-content\/uploads\/2025\/04\/md-13.webp\" \/>\n\t<meta property=\"og:image:width\" content=\"992\" \/>\n\t<meta property=\"og:image:height\" content=\"558\" \/>\n\t<meta property=\"og:image:type\" content=\"image\/webp\" \/>\n<meta name=\"author\" content=\"Diario del Sur Digital\" \/>\n<meta name=\"twitter:card\" content=\"summary_large_image\" \/>\n<meta name=\"twitter:label1\" content=\"Escrito por\" \/>\n\t<meta name=\"twitter:data1\" content=\"Diario del Sur Digital\" \/>\n\t<meta name=\"twitter:label2\" content=\"Tiempo de lectura\" \/>\n\t<meta name=\"twitter:data2\" content=\"3 minutos\" \/>\n<script type=\"application\/ld+json\" class=\"yoast-schema-graph\">{\"@context\":\"https:\\\/\\\/schema.org\",\"@graph\":[{\"@type\":\"Article\",\"@id\":\"https:\\\/\\\/diariodelsurdigital.com.ar\\\/?p=2245#article\",\"isPartOf\":{\"@id\":\"https:\\\/\\\/diariodelsurdigital.com.ar\\\/?p=2245\"},\"author\":{\"name\":\"Diario del Sur Digital\",\"@id\":\"https:\\\/\\\/diariodelsurdigital.com.ar\\\/#\\\/schema\\\/person\\\/1a4992532ed62965c968031b49195c81\"},\"headline\":\"El f\u00e9retro del Papa Francisco ya se encuentra en la Bas\u00edlica vaticana\",\"datePublished\":\"2025-04-23T14:09:12+00:00\",\"dateModified\":\"2025-04-23T14:09:14+00:00\",\"mainEntityOfPage\":{\"@id\":\"https:\\\/\\\/diariodelsurdigital.com.ar\\\/?p=2245\"},\"wordCount\":445,\"commentCount\":0,\"image\":{\"@id\":\"https:\\\/\\\/diariodelsurdigital.com.ar\\\/?p=2245#primaryimage\"},\"thumbnailUrl\":\"https:\\\/\\\/diariodelsurdigital.com.ar\\\/wp-content\\\/uploads\\\/2025\\\/04\\\/md-13.webp\",\"articleSection\":[\"Internacionales\"],\"inLanguage\":\"es\",\"potentialAction\":[{\"@type\":\"CommentAction\",\"name\":\"Comment\",\"target\":[\"https:\\\/\\\/diariodelsurdigital.com.ar\\\/?p=2245#respond\"]}]},{\"@type\":\"WebPage\",\"@id\":\"https:\\\/\\\/diariodelsurdigital.com.ar\\\/?p=2245\",\"url\":\"https:\\\/\\\/diariodelsurdigital.com.ar\\\/?p=2245\",\"name\":\"El f\u00e9retro del Papa Francisco ya se encuentra en la Bas\u00edlica vaticana - Diario del Sur\",\"isPartOf\":{\"@id\":\"https:\\\/\\\/diariodelsurdigital.com.ar\\\/#website\"},\"primaryImageOfPage\":{\"@id\":\"https:\\\/\\\/diariodelsurdigital.com.ar\\\/?p=2245#primaryimage\"},\"image\":{\"@id\":\"https:\\\/\\\/diariodelsurdigital.com.ar\\\/?p=2245#primaryimage\"},\"thumbnailUrl\":\"https:\\\/\\\/diariodelsurdigital.com.ar\\\/wp-content\\\/uploads\\\/2025\\\/04\\\/md-13.webp\",\"datePublished\":\"2025-04-23T14:09:12+00:00\",\"dateModified\":\"2025-04-23T14:09:14+00:00\",\"author\":{\"@id\":\"https:\\\/\\\/diariodelsurdigital.com.ar\\\/#\\\/schema\\\/person\\\/1a4992532ed62965c968031b49195c81\"},\"breadcrumb\":{\"@id\":\"https:\\\/\\\/diariodelsurdigital.com.ar\\\/?p=2245#breadcrumb\"},\"inLanguage\":\"es\",\"potentialAction\":[{\"@type\":\"ReadAction\",\"target\":[\"https:\\\/\\\/diariodelsurdigital.com.ar\\\/?p=2245\"]}]},{\"@type\":\"ImageObject\",\"inLanguage\":\"es\",\"@id\":\"https:\\\/\\\/diariodelsurdigital.com.ar\\\/?p=2245#primaryimage\",\"url\":\"https:\\\/\\\/diariodelsurdigital.com.ar\\\/wp-content\\\/uploads\\\/2025\\\/04\\\/md-13.webp\",\"contentUrl\":\"https:\\\/\\\/diariodelsurdigital.com.ar\\\/wp-content\\\/uploads\\\/2025\\\/04\\\/md-13.webp\",\"width\":992,\"height\":558},{\"@type\":\"BreadcrumbList\",\"@id\":\"https:\\\/\\\/diariodelsurdigital.com.ar\\\/?p=2245#breadcrumb\",\"itemListElement\":[{\"@type\":\"ListItem\",\"position\":1,\"name\":\"Portada\",\"item\":\"https:\\\/\\\/diariodelsurdigital.com.ar\\\/\"},{\"@type\":\"ListItem\",\"position\":2,\"name\":\"El f\u00e9retro del Papa Francisco ya se encuentra en la Bas\u00edlica vaticana\"}]},{\"@type\":\"WebSite\",\"@id\":\"https:\\\/\\\/diariodelsurdigital.com.ar\\\/#website\",\"url\":\"https:\\\/\\\/diariodelsurdigital.com.ar\\\/\",\"name\":\"Diario del Sur\",\"description\":\"Digital\",\"potentialAction\":[{\"@type\":\"SearchAction\",\"target\":{\"@type\":\"EntryPoint\",\"urlTemplate\":\"https:\\\/\\\/diariodelsurdigital.com.ar\\\/?s={search_term_string}\"},\"query-input\":{\"@type\":\"PropertyValueSpecification\",\"valueRequired\":true,\"valueName\":\"search_term_string\"}}],\"inLanguage\":\"es\"},{\"@type\":\"Person\",\"@id\":\"https:\\\/\\\/diariodelsurdigital.com.ar\\\/#\\\/schema\\\/person\\\/1a4992532ed62965c968031b49195c81\",\"name\":\"Diario del Sur Digital\",\"image\":{\"@type\":\"ImageObject\",\"inLanguage\":\"es\",\"@id\":\"https:\\\/\\\/secure.gravatar.com\\\/avatar\\\/f0c7c47fc7146d19828273b9b8eda651c9c7ab583767e6338d3d3bee825adf76?s=96&d=mm&r=g\",\"url\":\"https:\\\/\\\/secure.gravatar.com\\\/avatar\\\/f0c7c47fc7146d19828273b9b8eda651c9c7ab583767e6338d3d3bee825adf76?s=96&d=mm&r=g\",\"contentUrl\":\"https:\\\/\\\/secure.gravatar.com\\\/avatar\\\/f0c7c47fc7146d19828273b9b8eda651c9c7ab583767e6338d3d3bee825adf76?s=96&d=mm&r=g\",\"caption\":\"Diario del Sur Digital\"},\"url\":\"https:\\\/\\\/diariodelsurdigital.com.ar\\\/?author=4\"}]}<\/script>\n<!-- \/ Yoast SEO plugin. -->","yoast_head_json":{"title":"El f\u00e9retro del Papa Francisco ya se encuentra en la Bas\u00edlica vaticana - Diario del Sur","robots":{"index":"index","follow":"follow","max-snippet":"max-snippet:-1","max-image-preview":"max-image-preview:large","max-video-preview":"max-video-preview:-1"},"canonical":"https:\/\/diariodelsurdigital.com.ar\/?p=2245","og_locale":"es_ES","og_type":"article","og_title":"El f\u00e9retro del Papa Francisco ya se encuentra en la Bas\u00edlica vaticana - Diario del Sur","og_description":"Los restos mortales del Papa Francisco han sido trasladados de la Casa Santa Marta a la Bas\u00edlica de San Pedro, donde su cuerpo reposar\u00e1 para que los fieles puedan rendirle un \u00faltimo tributo antes de la misa de exequias que tendr\u00e1 lugar el s\u00e1bado 26 de abril de 2025. El rito de traslaci\u00f3n del f\u00e9retro [&hellip;]","og_url":"https:\/\/diariodelsurdigital.com.ar\/?p=2245","og_site_name":"Diario del Sur","article_published_time":"2025-04-23T14:09:12+00:00","article_modified_time":"2025-04-23T14:09:14+00:00","og_image":[{"width":992,"height":558,"url":"https:\/\/diariodelsurdigital.com.ar\/wp-content\/uploads\/2025\/04\/md-13.webp","type":"image\/webp"}],"author":"Diario del Sur Digital","twitter_card":"summary_large_image","twitter_misc":{"Escrito por":"Diario del Sur Digital","Tiempo de lectura":"3 minutos"},"schema":{"@context":"https:\/\/schema.org","@graph":[{"@type":"Article","@id":"https:\/\/diariodelsurdigital.com.ar\/?p=2245#article","isPartOf":{"@id":"https:\/\/diariodelsurdigital.com.ar\/?p=2245"},"author":{"name":"Diario del Sur Digital","@id":"https:\/\/diariodelsurdigital.com.ar\/#\/schema\/person\/1a4992532ed62965c968031b49195c81"},"headline":"El f\u00e9retro del Papa Francisco ya se encuentra en la Bas\u00edlica vaticana","datePublished":"2025-04-23T14:09:12+00:00","dateModified":"2025-04-23T14:09:14+00:00","mainEntityOfPage":{"@id":"https:\/\/diariodelsurdigital.com.ar\/?p=2245"},"wordCount":445,"commentCount":0,"image":{"@id":"https:\/\/diariodelsurdigital.com.ar\/?p=2245#primaryimage"},"thumbnailUrl":"https:\/\/diariodelsurdigital.com.ar\/wp-content\/uploads\/2025\/04\/md-13.webp","articleSection":["Internacionales"],"inLanguage":"es","potentialAction":[{"@type":"CommentAction","name":"Comment","target":["https:\/\/diariodelsurdigital.com.ar\/?p=2245#respond"]}]},{"@type":"WebPage","@id":"https:\/\/diariodelsurdigital.com.ar\/?p=2245","url":"https:\/\/diariodelsurdigital.com.ar\/?p=2245","name":"El f\u00e9retro del Papa Francisco ya se encuentra en la Bas\u00edlica vaticana - Diario del Sur","isPartOf":{"@id":"https:\/\/diariodelsurdigital.com.ar\/#website"},"primaryImageOfPage":{"@id":"https:\/\/diariodelsurdigital.com.ar\/?p=2245#primaryimage"},"image":{"@id":"https:\/\/diariodelsurdigital.com.ar\/?p=2245#primaryimage"},"thumbnailUrl":"https:\/\/diariodelsurdigital.com.ar\/wp-content\/uploads\/2025\/04\/md-13.webp","datePublished":"2025-04-23T14:09:12+00:00","dateModified":"2025-04-23T14:09:14+00:00","author":{"@id":"https:\/\/diariodelsurdigital.com.ar\/#\/schema\/person\/1a4992532ed62965c968031b49195c81"},"breadcrumb":{"@id":"https:\/\/diariodelsurdigital.com.ar\/?p=2245#breadcrumb"},"inLanguage":"es","potentialAction":[{"@type":"ReadAction","target":["https:\/\/diariodelsurdigital.com.ar\/?p=2245"]}]},{"@type":"ImageObject","inLanguage":"es","@id":"https:\/\/diariodelsurdigital.com.ar\/?p=2245#primaryimage","url":"https:\/\/diariodelsurdigital.com.ar\/wp-content\/uploads\/2025\/04\/md-13.webp","contentUrl":"https:\/\/diariodelsurdigital.com.ar\/wp-content\/uploads\/2025\/04\/md-13.webp","width":992,"height":558},{"@type":"BreadcrumbList","@id":"https:\/\/diariodelsurdigital.com.ar\/?p=2245#breadcrumb","itemListElement":[{"@type":"ListItem","position":1,"name":"Portada","item":"https:\/\/diariodelsurdigital.com.ar\/"},{"@type":"ListItem","position":2,"name":"El f\u00e9retro del Papa Francisco ya se encuentra en la Bas\u00edlica vaticana"}]},{"@type":"WebSite","@id":"https:\/\/diariodelsurdigital.com.ar\/#website","url":"https:\/\/diariodelsurdigital.com.ar\/","name":"Diario del Sur","description":"Digital","potentialAction":[{"@type":"SearchAction","target":{"@type":"EntryPoint","urlTemplate":"https:\/\/diariodelsurdigital.com.ar\/?s={search_term_string}"},"query-input":{"@type":"PropertyValueSpecification","valueRequired":true,"valueName":"search_term_string"}}],"inLanguage":"es"},{"@type":"Person","@id":"https:\/\/diariodelsurdigital.com.ar\/#\/schema\/person\/1a4992532ed62965c968031b49195c81","name":"Diario del Sur Digital","image":{"@type":"ImageObject","inLanguage":"es","@id":"https:\/\/secure.gravatar.com\/avatar\/f0c7c47fc7146d19828273b9b8eda651c9c7ab583767e6338d3d3bee825adf76?s=96&d=mm&r=g","url":"https:\/\/secure.gravatar.com\/avatar\/f0c7c47fc7146d19828273b9b8eda651c9c7ab583767e6338d3d3bee825adf76?s=96&d=mm&r=g","contentUrl":"https:\/\/secure.gravatar.com\/avatar\/f0c7c47fc7146d19828273b9b8eda651c9c7ab583767e6338d3d3bee825adf76?s=96&d=mm&r=g","caption":"Diario del Sur Digital"},"url":"https:\/\/diariodelsurdigital.com.ar\/?author=4"}]}},"_links":{"self":[{"href":"https:\/\/diariodelsurdigital.com.ar\/index.php?rest_route=\/wp\/v2\/posts\/2245","targetHints":{"allow":["GET"]}}],"collection":[{"href":"https:\/\/diariodelsurdigital.com.ar\/index.php?rest_route=\/wp\/v2\/posts"}],"about":[{"href":"https:\/\/diariodelsurdigital.com.ar\/index.php?rest_route=\/wp\/v2\/types\/post"}],"author":[{"embeddable":true,"href":"https:\/\/diariodelsurdigital.com.ar\/index.php?rest_route=\/wp\/v2\/users\/4"}],"replies":[{"embeddable":true,"href":"https:\/\/diariodelsurdigital.com.ar\/index.php?rest_route=%2Fwp%2Fv2%2Fcomments&post=2245"}],"version-history":[{"count":1,"href":"https:\/\/diariodelsurdigital.com.ar\/index.php?rest_route=\/wp\/v2\/posts\/2245\/revisions"}],"predecessor-version":[{"id":2247,"href":"https:\/\/diariodelsurdigital.com.ar\/index.php?rest_route=\/wp\/v2\/posts\/2245\/revisions\/2247"}],"wp:featuredmedia":[{"embeddable":true,"href":"https:\/\/diariodelsurdigital.com.ar\/index.php?rest_route=\/wp\/v2\/media\/2246"}],"wp:attachment":[{"href":"https:\/\/diariodelsurdigital.com.ar\/index.php?rest_route=%2Fwp%2Fv2%2Fmedia&parent=2245"}],"wp:term":[{"taxonomy":"category","embeddable":true,"href":"https:\/\/diariodelsurdigital.com.ar\/index.php?rest_route=%2Fwp%2Fv2%2Fcategories&post=2245"},{"taxonomy":"post_tag","embeddable":true,"href":"https:\/\/diariodelsurdigital.com.ar\/index.php?rest_route=%2Fwp%2Fv2%2Ftags&post=2245"}],"curies":[{"name":"wp","href":"https:\/\/api.w.org\/{rel}","templated":true}]}}