{"id":2248,"date":"2025-04-23T11:12:23","date_gmt":"2025-04-23T14:12:23","guid":{"rendered":"https:\/\/diariodelsurdigital.com.ar\/?p=2248"},"modified":"2025-04-23T11:12:26","modified_gmt":"2025-04-23T14:12:26","slug":"cayo-un-ascensor-con-dos-personas-desde-un-quinto-piso-en-parana","status":"publish","type":"post","link":"https:\/\/diariodelsurdigital.com.ar\/?p=2248","title":{"rendered":"Cay\u00f3 un ascensor con dos personas desde un quinto piso en Paran\u00e1"},"content":{"rendered":"\n<p>El hecho ocurri\u00f3 en una de las torres ubicadas en calle Cura \u00c1lvarez y 25 de mayo. El ascensor se desplom\u00f3 desde el quinto piso con un hombre y su hija de 12 a\u00f1os a bordo: ambos fueron hospitalizados.<\/p>\n\n\n\n<p>Un grave incidente se produjo este mi\u00e9rcoles en el edificio \u201cConsorcio Paran\u00e1 I\u201d, ubicado en calle Cura \u00c1lvarez 90, en la ciudad de Paran\u00e1.<\/p>\n\n\n\n<p>Un ascensor del Block 1 de las torres de vivienda se desplom\u00f3 desde el quinto piso mientras era utilizado por un hombre y su hija de 12 a\u00f1os. Ambos fueron trasladados al hospital para ser asistidos.<\/p>\n\n\n\n<p>La menor habr\u00eda sufrido una fractura como consecuencia del fuerte impacto, mientras que su padre tambi\u00e9n fue atendido por personal m\u00e9dico y se est\u00e1n evaluando las lesiones.<\/p>\n\n\n\n<p>El hecho sorprendi\u00f3 a los vecinos del edificio, ya que no hab\u00eda reportes previos de fallas en el sistema del ascensor. \u201cNo tenemos informe de alguna falla, estamos para tratar de ver qu\u00e9 pas\u00f3 y procurar que la gente est\u00e9 bien\u201d, indicaron a Elonce desde la administraci\u00f3n del edificio.<\/p>\n\n\n\n<p>En el lugar trabaja personal policial, que ingres\u00f3 a la sala de m\u00e1quinas, junto con t\u00e9cnicos del servicio de mantenimiento del ascensor. Seg\u00fan explicaron, estaban verificando que el equipo estuviera en condiciones y funcionando correctamente antes del accidente.<\/p>\n\n\n\n<p>\u201cEs algo in\u00e9dito. Es muy poco probable que los ascensores caigan\u201d, remarc\u00f3 y se\u00f1al\u00f3 que el caso ser\u00e1 analizado detalladamente para determinar el origen del desperfecto que provoc\u00f3 la ca\u00edda. <\/p>\n","protected":false},"excerpt":{"rendered":"<p>El hecho ocurri\u00f3 en una de las torres ubicadas en calle Cura \u00c1lvarez y 25 de mayo. El ascensor se desplom\u00f3 desde el quinto piso con un hombre y su hija de 12 a\u00f1os a bordo: ambos fueron hospitalizados. Un grave incidente se produjo este mi\u00e9rcoles en el edificio \u201cConsorcio Paran\u00e1 I\u201d, ubicado en calle [&hellip;]<\/p>\n","protected":false},"author":4,"featured_media":2249,"comment_status":"open","ping_status":"open","sticky":false,"template":"","format":"standard","meta":{"footnotes":""},"categories":[17],"tags":[],"class_list":{"0":"post-2248","1":"post","2":"type-post","3":"status-publish","4":"format-standard","5":"has-post-thumbnail","7":"category-provinciales"},"yoast_head":"<!-- This site is optimized with the Yoast SEO plugin v27.4 - https:\/\/yoast.com\/product\/yoast-seo-wordpress\/ -->\n<title>Cay\u00f3 un ascensor con dos personas desde un quinto piso en Paran\u00e1 - Diario del Sur<\/title>\n<meta name=\"robots\" content=\"index, follow, max-snippet:-1, max-image-preview:large, max-video-preview:-1\" \/>\n<link rel=\"canonical\" href=\"https:\/\/diariodelsurdigital.com.ar\/?p=2248\" \/>\n<meta property=\"og:locale\" content=\"es_ES\" \/>\n<meta property=\"og:type\" content=\"article\" \/>\n<meta property=\"og:title\" content=\"Cay\u00f3 un ascensor con dos personas desde un quinto piso en Paran\u00e1 - Diario del Sur\" \/>\n<meta property=\"og:description\" content=\"El hecho ocurri\u00f3 en una de las torres ubicadas en calle Cura \u00c1lvarez y 25 de mayo. El ascensor se desplom\u00f3 desde el quinto piso con un hombre y su hija de 12 a\u00f1os a bordo: ambos fueron hospitalizados. Un grave incidente se produjo este mi\u00e9rcoles en el edificio \u201cConsorcio Paran\u00e1 I\u201d, ubicado en calle [&hellip;]\" \/>\n<meta property=\"og:url\" content=\"https:\/\/diariodelsurdigital.com.ar\/?p=2248\" \/>\n<meta property=\"og:site_name\" content=\"Diario del Sur\" \/>\n<meta property=\"article:published_time\" content=\"2025-04-23T14:12:23+00:00\" \/>\n<meta property=\"article:modified_time\" content=\"2025-04-23T14:12:26+00:00\" \/>\n<meta property=\"og:image\" content=\"https:\/\/diariodelsurdigital.com.ar\/wp-content\/uploads\/2025\/04\/md-14.webp\" \/>\n\t<meta property=\"og:image:width\" content=\"992\" \/>\n\t<meta property=\"og:image:height\" content=\"558\" \/>\n\t<meta property=\"og:image:type\" content=\"image\/webp\" \/>\n<meta name=\"author\" content=\"Diario del Sur Digital\" \/>\n<meta name=\"twitter:card\" content=\"summary_large_image\" \/>\n<meta name=\"twitter:label1\" content=\"Escrito por\" \/>\n\t<meta name=\"twitter:data1\" content=\"Diario del Sur Digital\" \/>\n\t<meta name=\"twitter:label2\" content=\"Tiempo de lectura\" \/>\n\t<meta name=\"twitter:data2\" content=\"2 minutos\" \/>\n<script type=\"application\/ld+json\" class=\"yoast-schema-graph\">{\"@context\":\"https:\\\/\\\/schema.org\",\"@graph\":[{\"@type\":\"Article\",\"@id\":\"https:\\\/\\\/diariodelsurdigital.com.ar\\\/?p=2248#article\",\"isPartOf\":{\"@id\":\"https:\\\/\\\/diariodelsurdigital.com.ar\\\/?p=2248\"},\"author\":{\"name\":\"Diario del Sur Digital\",\"@id\":\"https:\\\/\\\/diariodelsurdigital.com.ar\\\/#\\\/schema\\\/person\\\/1a4992532ed62965c968031b49195c81\"},\"headline\":\"Cay\u00f3 un ascensor con dos personas desde un quinto piso en Paran\u00e1\",\"datePublished\":\"2025-04-23T14:12:23+00:00\",\"dateModified\":\"2025-04-23T14:12:26+00:00\",\"mainEntityOfPage\":{\"@id\":\"https:\\\/\\\/diariodelsurdigital.com.ar\\\/?p=2248\"},\"wordCount\":265,\"commentCount\":0,\"image\":{\"@id\":\"https:\\\/\\\/diariodelsurdigital.com.ar\\\/?p=2248#primaryimage\"},\"thumbnailUrl\":\"https:\\\/\\\/diariodelsurdigital.com.ar\\\/wp-content\\\/uploads\\\/2025\\\/04\\\/md-14.webp\",\"articleSection\":[\"Provinciales\"],\"inLanguage\":\"es\",\"potentialAction\":[{\"@type\":\"CommentAction\",\"name\":\"Comment\",\"target\":[\"https:\\\/\\\/diariodelsurdigital.com.ar\\\/?p=2248#respond\"]}]},{\"@type\":\"WebPage\",\"@id\":\"https:\\\/\\\/diariodelsurdigital.com.ar\\\/?p=2248\",\"url\":\"https:\\\/\\\/diariodelsurdigital.com.ar\\\/?p=2248\",\"name\":\"Cay\u00f3 un ascensor con dos personas desde un quinto piso en Paran\u00e1 - Diario del Sur\",\"isPartOf\":{\"@id\":\"https:\\\/\\\/diariodelsurdigital.com.ar\\\/#website\"},\"primaryImageOfPage\":{\"@id\":\"https:\\\/\\\/diariodelsurdigital.com.ar\\\/?p=2248#primaryimage\"},\"image\":{\"@id\":\"https:\\\/\\\/diariodelsurdigital.com.ar\\\/?p=2248#primaryimage\"},\"thumbnailUrl\":\"https:\\\/\\\/diariodelsurdigital.com.ar\\\/wp-content\\\/uploads\\\/2025\\\/04\\\/md-14.webp\",\"datePublished\":\"2025-04-23T14:12:23+00:00\",\"dateModified\":\"2025-04-23T14:12:26+00:00\",\"author\":{\"@id\":\"https:\\\/\\\/diariodelsurdigital.com.ar\\\/#\\\/schema\\\/person\\\/1a4992532ed62965c968031b49195c81\"},\"breadcrumb\":{\"@id\":\"https:\\\/\\\/diariodelsurdigital.com.ar\\\/?p=2248#breadcrumb\"},\"inLanguage\":\"es\",\"potentialAction\":[{\"@type\":\"ReadAction\",\"target\":[\"https:\\\/\\\/diariodelsurdigital.com.ar\\\/?p=2248\"]}]},{\"@type\":\"ImageObject\",\"inLanguage\":\"es\",\"@id\":\"https:\\\/\\\/diariodelsurdigital.com.ar\\\/?p=2248#primaryimage\",\"url\":\"https:\\\/\\\/diariodelsurdigital.com.ar\\\/wp-content\\\/uploads\\\/2025\\\/04\\\/md-14.webp\",\"contentUrl\":\"https:\\\/\\\/diariodelsurdigital.com.ar\\\/wp-content\\\/uploads\\\/2025\\\/04\\\/md-14.webp\",\"width\":992,\"height\":558},{\"@type\":\"BreadcrumbList\",\"@id\":\"https:\\\/\\\/diariodelsurdigital.com.ar\\\/?p=2248#breadcrumb\",\"itemListElement\":[{\"@type\":\"ListItem\",\"position\":1,\"name\":\"Portada\",\"item\":\"https:\\\/\\\/diariodelsurdigital.com.ar\\\/\"},{\"@type\":\"ListItem\",\"position\":2,\"name\":\"Cay\u00f3 un ascensor con dos personas desde un quinto piso en Paran\u00e1\"}]},{\"@type\":\"WebSite\",\"@id\":\"https:\\\/\\\/diariodelsurdigital.com.ar\\\/#website\",\"url\":\"https:\\\/\\\/diariodelsurdigital.com.ar\\\/\",\"name\":\"Diario del Sur\",\"description\":\"Digital\",\"potentialAction\":[{\"@type\":\"SearchAction\",\"target\":{\"@type\":\"EntryPoint\",\"urlTemplate\":\"https:\\\/\\\/diariodelsurdigital.com.ar\\\/?s={search_term_string}\"},\"query-input\":{\"@type\":\"PropertyValueSpecification\",\"valueRequired\":true,\"valueName\":\"search_term_string\"}}],\"inLanguage\":\"es\"},{\"@type\":\"Person\",\"@id\":\"https:\\\/\\\/diariodelsurdigital.com.ar\\\/#\\\/schema\\\/person\\\/1a4992532ed62965c968031b49195c81\",\"name\":\"Diario del Sur Digital\",\"image\":{\"@type\":\"ImageObject\",\"inLanguage\":\"es\",\"@id\":\"https:\\\/\\\/secure.gravatar.com\\\/avatar\\\/f0c7c47fc7146d19828273b9b8eda651c9c7ab583767e6338d3d3bee825adf76?s=96&d=mm&r=g\",\"url\":\"https:\\\/\\\/secure.gravatar.com\\\/avatar\\\/f0c7c47fc7146d19828273b9b8eda651c9c7ab583767e6338d3d3bee825adf76?s=96&d=mm&r=g\",\"contentUrl\":\"https:\\\/\\\/secure.gravatar.com\\\/avatar\\\/f0c7c47fc7146d19828273b9b8eda651c9c7ab583767e6338d3d3bee825adf76?s=96&d=mm&r=g\",\"caption\":\"Diario del Sur Digital\"},\"url\":\"https:\\\/\\\/diariodelsurdigital.com.ar\\\/?author=4\"}]}<\/script>\n<!-- \/ Yoast SEO plugin. -->","yoast_head_json":{"title":"Cay\u00f3 un ascensor con dos personas desde un quinto piso en Paran\u00e1 - Diario del Sur","robots":{"index":"index","follow":"follow","max-snippet":"max-snippet:-1","max-image-preview":"max-image-preview:large","max-video-preview":"max-video-preview:-1"},"canonical":"https:\/\/diariodelsurdigital.com.ar\/?p=2248","og_locale":"es_ES","og_type":"article","og_title":"Cay\u00f3 un ascensor con dos personas desde un quinto piso en Paran\u00e1 - Diario del Sur","og_description":"El hecho ocurri\u00f3 en una de las torres ubicadas en calle Cura \u00c1lvarez y 25 de mayo. El ascensor se desplom\u00f3 desde el quinto piso con un hombre y su hija de 12 a\u00f1os a bordo: ambos fueron hospitalizados. Un grave incidente se produjo este mi\u00e9rcoles en el edificio \u201cConsorcio Paran\u00e1 I\u201d, ubicado en calle [&hellip;]","og_url":"https:\/\/diariodelsurdigital.com.ar\/?p=2248","og_site_name":"Diario del Sur","article_published_time":"2025-04-23T14:12:23+00:00","article_modified_time":"2025-04-23T14:12:26+00:00","og_image":[{"width":992,"height":558,"url":"https:\/\/diariodelsurdigital.com.ar\/wp-content\/uploads\/2025\/04\/md-14.webp","type":"image\/webp"}],"author":"Diario del Sur Digital","twitter_card":"summary_large_image","twitter_misc":{"Escrito por":"Diario del Sur Digital","Tiempo de lectura":"2 minutos"},"schema":{"@context":"https:\/\/schema.org","@graph":[{"@type":"Article","@id":"https:\/\/diariodelsurdigital.com.ar\/?p=2248#article","isPartOf":{"@id":"https:\/\/diariodelsurdigital.com.ar\/?p=2248"},"author":{"name":"Diario del Sur Digital","@id":"https:\/\/diariodelsurdigital.com.ar\/#\/schema\/person\/1a4992532ed62965c968031b49195c81"},"headline":"Cay\u00f3 un ascensor con dos personas desde un quinto piso en Paran\u00e1","datePublished":"2025-04-23T14:12:23+00:00","dateModified":"2025-04-23T14:12:26+00:00","mainEntityOfPage":{"@id":"https:\/\/diariodelsurdigital.com.ar\/?p=2248"},"wordCount":265,"commentCount":0,"image":{"@id":"https:\/\/diariodelsurdigital.com.ar\/?p=2248#primaryimage"},"thumbnailUrl":"https:\/\/diariodelsurdigital.com.ar\/wp-content\/uploads\/2025\/04\/md-14.webp","articleSection":["Provinciales"],"inLanguage":"es","potentialAction":[{"@type":"CommentAction","name":"Comment","target":["https:\/\/diariodelsurdigital.com.ar\/?p=2248#respond"]}]},{"@type":"WebPage","@id":"https:\/\/diariodelsurdigital.com.ar\/?p=2248","url":"https:\/\/diariodelsurdigital.com.ar\/?p=2248","name":"Cay\u00f3 un ascensor con dos personas desde un quinto piso en Paran\u00e1 - Diario del Sur","isPartOf":{"@id":"https:\/\/diariodelsurdigital.com.ar\/#website"},"primaryImageOfPage":{"@id":"https:\/\/diariodelsurdigital.com.ar\/?p=2248#primaryimage"},"image":{"@id":"https:\/\/diariodelsurdigital.com.ar\/?p=2248#primaryimage"},"thumbnailUrl":"https:\/\/diariodelsurdigital.com.ar\/wp-content\/uploads\/2025\/04\/md-14.webp","datePublished":"2025-04-23T14:12:23+00:00","dateModified":"2025-04-23T14:12:26+00:00","author":{"@id":"https:\/\/diariodelsurdigital.com.ar\/#\/schema\/person\/1a4992532ed62965c968031b49195c81"},"breadcrumb":{"@id":"https:\/\/diariodelsurdigital.com.ar\/?p=2248#breadcrumb"},"inLanguage":"es","potentialAction":[{"@type":"ReadAction","target":["https:\/\/diariodelsurdigital.com.ar\/?p=2248"]}]},{"@type":"ImageObject","inLanguage":"es","@id":"https:\/\/diariodelsurdigital.com.ar\/?p=2248#primaryimage","url":"https:\/\/diariodelsurdigital.com.ar\/wp-content\/uploads\/2025\/04\/md-14.webp","contentUrl":"https:\/\/diariodelsurdigital.com.ar\/wp-content\/uploads\/2025\/04\/md-14.webp","width":992,"height":558},{"@type":"BreadcrumbList","@id":"https:\/\/diariodelsurdigital.com.ar\/?p=2248#breadcrumb","itemListElement":[{"@type":"ListItem","position":1,"name":"Portada","item":"https:\/\/diariodelsurdigital.com.ar\/"},{"@type":"ListItem","position":2,"name":"Cay\u00f3 un ascensor con dos personas desde un quinto piso en Paran\u00e1"}]},{"@type":"WebSite","@id":"https:\/\/diariodelsurdigital.com.ar\/#website","url":"https:\/\/diariodelsurdigital.com.ar\/","name":"Diario del Sur","description":"Digital","potentialAction":[{"@type":"SearchAction","target":{"@type":"EntryPoint","urlTemplate":"https:\/\/diariodelsurdigital.com.ar\/?s={search_term_string}"},"query-input":{"@type":"PropertyValueSpecification","valueRequired":true,"valueName":"search_term_string"}}],"inLanguage":"es"},{"@type":"Person","@id":"https:\/\/diariodelsurdigital.com.ar\/#\/schema\/person\/1a4992532ed62965c968031b49195c81","name":"Diario del Sur Digital","image":{"@type":"ImageObject","inLanguage":"es","@id":"https:\/\/secure.gravatar.com\/avatar\/f0c7c47fc7146d19828273b9b8eda651c9c7ab583767e6338d3d3bee825adf76?s=96&d=mm&r=g","url":"https:\/\/secure.gravatar.com\/avatar\/f0c7c47fc7146d19828273b9b8eda651c9c7ab583767e6338d3d3bee825adf76?s=96&d=mm&r=g","contentUrl":"https:\/\/secure.gravatar.com\/avatar\/f0c7c47fc7146d19828273b9b8eda651c9c7ab583767e6338d3d3bee825adf76?s=96&d=mm&r=g","caption":"Diario del Sur Digital"},"url":"https:\/\/diariodelsurdigital.com.ar\/?author=4"}]}},"_links":{"self":[{"href":"https:\/\/diariodelsurdigital.com.ar\/index.php?rest_route=\/wp\/v2\/posts\/2248","targetHints":{"allow":["GET"]}}],"collection":[{"href":"https:\/\/diariodelsurdigital.com.ar\/index.php?rest_route=\/wp\/v2\/posts"}],"about":[{"href":"https:\/\/diariodelsurdigital.com.ar\/index.php?rest_route=\/wp\/v2\/types\/post"}],"author":[{"embeddable":true,"href":"https:\/\/diariodelsurdigital.com.ar\/index.php?rest_route=\/wp\/v2\/users\/4"}],"replies":[{"embeddable":true,"href":"https:\/\/diariodelsurdigital.com.ar\/index.php?rest_route=%2Fwp%2Fv2%2Fcomments&post=2248"}],"version-history":[{"count":1,"href":"https:\/\/diariodelsurdigital.com.ar\/index.php?rest_route=\/wp\/v2\/posts\/2248\/revisions"}],"predecessor-version":[{"id":2250,"href":"https:\/\/diariodelsurdigital.com.ar\/index.php?rest_route=\/wp\/v2\/posts\/2248\/revisions\/2250"}],"wp:featuredmedia":[{"embeddable":true,"href":"https:\/\/diariodelsurdigital.com.ar\/index.php?rest_route=\/wp\/v2\/media\/2249"}],"wp:attachment":[{"href":"https:\/\/diariodelsurdigital.com.ar\/index.php?rest_route=%2Fwp%2Fv2%2Fmedia&parent=2248"}],"wp:term":[{"taxonomy":"category","embeddable":true,"href":"https:\/\/diariodelsurdigital.com.ar\/index.php?rest_route=%2Fwp%2Fv2%2Fcategories&post=2248"},{"taxonomy":"post_tag","embeddable":true,"href":"https:\/\/diariodelsurdigital.com.ar\/index.php?rest_route=%2Fwp%2Fv2%2Ftags&post=2248"}],"curies":[{"name":"wp","href":"https:\/\/api.w.org\/{rel}","templated":true}]}}