{"id":2259,"date":"2025-04-23T20:01:02","date_gmt":"2025-04-23T23:01:02","guid":{"rendered":"https:\/\/diariodelsurdigital.com.ar\/?p=2259"},"modified":"2025-04-23T20:01:03","modified_gmt":"2025-04-23T23:01:03","slug":"familiares-exigen-justicia-por-la-muerte-de-martin-giorgio-tras-brutal-golpiza","status":"publish","type":"post","link":"https:\/\/diariodelsurdigital.com.ar\/?p=2259","title":{"rendered":"Familiares exigen justicia por la muerte de Mart\u00edn Giorgio tras brutal golpiza"},"content":{"rendered":"\n<h1 class=\"wp-block-heading\"> <\/h1>\n\n\n\n<p>Mart\u00edn Esteban Giorgio, un joven de 32 a\u00f1os, falleci\u00f3 tras permanecer m\u00e1s de una semana en la Unidad de Terapia Intensiva (UTI) del hospital Delicia Concepci\u00f3n Masvernat. Seg\u00fan sus familiares, Mart\u00edn fue v\u00edctima de una violenta golpiza, y cuestionan la veracidad del informe oficial sobre lo sucedido.<\/p>\n\n\n\n<p><\/p>\n\n\n\n<h4 class=\"wp-block-heading\">En di\u00e1logo con cronistas de <em>El Sol-Tele5<\/em>, Victoria Giorgio, hermana de Mart\u00edn, relat\u00f3: \u201cEl 14 de febrero, mi hermano sufri\u00f3 una brutal golpiza en el barrio Nebel. Un vecino conocido como Ram\u00f3n Garc\u00eda, alias &#8216;Danigar&#8217;, junto a otros, lo atacaron con fierros, palos y patadas, caus\u00e1ndole graves lesiones, incluyendo el estallido de sus ri\u00f1ones\u201d. Victoria agreg\u00f3 que, tras el ataque, \u201cla comisar\u00eda D\u00e9cima lleg\u00f3 al lugar, y una ambulancia traslad\u00f3 a Mart\u00edn al hospital Felipe Heras. Posteriormente, fue derivado al hospital Masvernat, donde falleci\u00f3 el 3 de marzo como consecuencia de la golpiza\u201d.<\/h4>\n\n\n\n<h4 class=\"wp-block-heading\">\u201cLa polic\u00eda no quiso tomar la denuncia\u201d<br>\u00a0<br>Victoria tambi\u00e9n denunci\u00f3 la inacci\u00f3n policial: \u201cSeg\u00fan vecinos del barrio N\u00e9bel, la polic\u00eda estaba presente durante la agresi\u00f3n y no hizo nada para detenerla. M\u00e1s tarde, cuando mi hermana intent\u00f3 radicar la denuncia en la comisar\u00eda D\u00e9cima, los oficiales se negaron, argumentando que el informe del hospital indicaba que la muerte no fue causada por la golpiza\u201d.<br>Indignada, Victoria expres\u00f3: \u201cEs incre\u00edble el abandono del Estado hacia la gente pobre. Queremos que esto se conozca y que se haga justicia por mi hermano Mart\u00edn. \u00c9l era un buen muchacho, trabajador, le encantaba cantar y era muy querido\u201d.<\/h4>\n\n\n\n<p><\/p>\n","protected":false},"excerpt":{"rendered":"<p>Mart\u00edn Esteban Giorgio, un joven de 32 a\u00f1os, falleci\u00f3 tras permanecer m\u00e1s de una semana en la Unidad de Terapia Intensiva (UTI) del hospital Delicia Concepci\u00f3n Masvernat. Seg\u00fan sus familiares, Mart\u00edn fue v\u00edctima de una violenta golpiza, y cuestionan la veracidad del informe oficial sobre lo sucedido. En di\u00e1logo con cronistas de El Sol-Tele5, Victoria [&hellip;]<\/p>\n","protected":false},"author":2,"featured_media":2260,"comment_status":"open","ping_status":"open","sticky":false,"template":"","format":"standard","meta":{"footnotes":""},"categories":[16],"tags":[],"class_list":{"0":"post-2259","1":"post","2":"type-post","3":"status-publish","4":"format-standard","5":"has-post-thumbnail","7":"category-locales"},"yoast_head":"<!-- This site is optimized with the Yoast SEO plugin v27.4 - https:\/\/yoast.com\/product\/yoast-seo-wordpress\/ -->\n<title>Familiares exigen justicia por la muerte de Mart\u00edn Giorgio tras brutal golpiza - Diario del Sur<\/title>\n<meta name=\"robots\" content=\"index, follow, max-snippet:-1, max-image-preview:large, max-video-preview:-1\" \/>\n<link rel=\"canonical\" href=\"https:\/\/diariodelsurdigital.com.ar\/?p=2259\" \/>\n<meta property=\"og:locale\" content=\"es_ES\" \/>\n<meta property=\"og:type\" content=\"article\" \/>\n<meta property=\"og:title\" content=\"Familiares exigen justicia por la muerte de Mart\u00edn Giorgio tras brutal golpiza - Diario del Sur\" \/>\n<meta property=\"og:description\" content=\"Mart\u00edn Esteban Giorgio, un joven de 32 a\u00f1os, falleci\u00f3 tras permanecer m\u00e1s de una semana en la Unidad de Terapia Intensiva (UTI) del hospital Delicia Concepci\u00f3n Masvernat. Seg\u00fan sus familiares, Mart\u00edn fue v\u00edctima de una violenta golpiza, y cuestionan la veracidad del informe oficial sobre lo sucedido. En di\u00e1logo con cronistas de El Sol-Tele5, Victoria [&hellip;]\" \/>\n<meta property=\"og:url\" content=\"https:\/\/diariodelsurdigital.com.ar\/?p=2259\" \/>\n<meta property=\"og:site_name\" content=\"Diario del Sur\" \/>\n<meta property=\"article:published_time\" content=\"2025-04-23T23:01:02+00:00\" \/>\n<meta property=\"article:modified_time\" content=\"2025-04-23T23:01:03+00:00\" \/>\n<meta property=\"og:image\" content=\"https:\/\/diariodelsurdigital.com.ar\/wp-content\/uploads\/2025\/04\/multimedia.normal.8c16283899b89965.bm9ybWFsLndlYnA.png\" \/>\n\t<meta property=\"og:image:width\" content=\"443\" \/>\n\t<meta property=\"og:image:height\" content=\"288\" \/>\n\t<meta property=\"og:image:type\" content=\"image\/png\" \/>\n<meta name=\"author\" content=\"Diario del Sur Digital\" \/>\n<meta name=\"twitter:card\" content=\"summary_large_image\" \/>\n<meta name=\"twitter:label1\" content=\"Escrito por\" \/>\n\t<meta name=\"twitter:data1\" content=\"Diario del Sur Digital\" \/>\n\t<meta name=\"twitter:label2\" content=\"Tiempo de lectura\" \/>\n\t<meta name=\"twitter:data2\" content=\"2 minutos\" \/>\n<script type=\"application\/ld+json\" class=\"yoast-schema-graph\">{\"@context\":\"https:\\\/\\\/schema.org\",\"@graph\":[{\"@type\":\"Article\",\"@id\":\"https:\\\/\\\/diariodelsurdigital.com.ar\\\/?p=2259#article\",\"isPartOf\":{\"@id\":\"https:\\\/\\\/diariodelsurdigital.com.ar\\\/?p=2259\"},\"author\":{\"name\":\"Diario del Sur Digital\",\"@id\":\"https:\\\/\\\/diariodelsurdigital.com.ar\\\/#\\\/schema\\\/person\\\/6136a32571657f7dba980b88b04c5465\"},\"headline\":\"Familiares exigen justicia por la muerte de Mart\u00edn Giorgio tras brutal golpiza\",\"datePublished\":\"2025-04-23T23:01:02+00:00\",\"dateModified\":\"2025-04-23T23:01:03+00:00\",\"mainEntityOfPage\":{\"@id\":\"https:\\\/\\\/diariodelsurdigital.com.ar\\\/?p=2259\"},\"wordCount\":282,\"commentCount\":0,\"image\":{\"@id\":\"https:\\\/\\\/diariodelsurdigital.com.ar\\\/?p=2259#primaryimage\"},\"thumbnailUrl\":\"https:\\\/\\\/diariodelsurdigital.com.ar\\\/wp-content\\\/uploads\\\/2025\\\/04\\\/multimedia.normal.8c16283899b89965.bm9ybWFsLndlYnA.png\",\"articleSection\":[\"Locales\"],\"inLanguage\":\"es\",\"potentialAction\":[{\"@type\":\"CommentAction\",\"name\":\"Comment\",\"target\":[\"https:\\\/\\\/diariodelsurdigital.com.ar\\\/?p=2259#respond\"]}]},{\"@type\":\"WebPage\",\"@id\":\"https:\\\/\\\/diariodelsurdigital.com.ar\\\/?p=2259\",\"url\":\"https:\\\/\\\/diariodelsurdigital.com.ar\\\/?p=2259\",\"name\":\"Familiares exigen justicia por la muerte de Mart\u00edn Giorgio tras brutal golpiza - Diario del Sur\",\"isPartOf\":{\"@id\":\"https:\\\/\\\/diariodelsurdigital.com.ar\\\/#website\"},\"primaryImageOfPage\":{\"@id\":\"https:\\\/\\\/diariodelsurdigital.com.ar\\\/?p=2259#primaryimage\"},\"image\":{\"@id\":\"https:\\\/\\\/diariodelsurdigital.com.ar\\\/?p=2259#primaryimage\"},\"thumbnailUrl\":\"https:\\\/\\\/diariodelsurdigital.com.ar\\\/wp-content\\\/uploads\\\/2025\\\/04\\\/multimedia.normal.8c16283899b89965.bm9ybWFsLndlYnA.png\",\"datePublished\":\"2025-04-23T23:01:02+00:00\",\"dateModified\":\"2025-04-23T23:01:03+00:00\",\"author\":{\"@id\":\"https:\\\/\\\/diariodelsurdigital.com.ar\\\/#\\\/schema\\\/person\\\/6136a32571657f7dba980b88b04c5465\"},\"breadcrumb\":{\"@id\":\"https:\\\/\\\/diariodelsurdigital.com.ar\\\/?p=2259#breadcrumb\"},\"inLanguage\":\"es\",\"potentialAction\":[{\"@type\":\"ReadAction\",\"target\":[\"https:\\\/\\\/diariodelsurdigital.com.ar\\\/?p=2259\"]}]},{\"@type\":\"ImageObject\",\"inLanguage\":\"es\",\"@id\":\"https:\\\/\\\/diariodelsurdigital.com.ar\\\/?p=2259#primaryimage\",\"url\":\"https:\\\/\\\/diariodelsurdigital.com.ar\\\/wp-content\\\/uploads\\\/2025\\\/04\\\/multimedia.normal.8c16283899b89965.bm9ybWFsLndlYnA.png\",\"contentUrl\":\"https:\\\/\\\/diariodelsurdigital.com.ar\\\/wp-content\\\/uploads\\\/2025\\\/04\\\/multimedia.normal.8c16283899b89965.bm9ybWFsLndlYnA.png\",\"width\":443,\"height\":288},{\"@type\":\"BreadcrumbList\",\"@id\":\"https:\\\/\\\/diariodelsurdigital.com.ar\\\/?p=2259#breadcrumb\",\"itemListElement\":[{\"@type\":\"ListItem\",\"position\":1,\"name\":\"Portada\",\"item\":\"https:\\\/\\\/diariodelsurdigital.com.ar\\\/\"},{\"@type\":\"ListItem\",\"position\":2,\"name\":\"Familiares exigen justicia por la muerte de Mart\u00edn Giorgio tras brutal golpiza\"}]},{\"@type\":\"WebSite\",\"@id\":\"https:\\\/\\\/diariodelsurdigital.com.ar\\\/#website\",\"url\":\"https:\\\/\\\/diariodelsurdigital.com.ar\\\/\",\"name\":\"Diario del Sur\",\"description\":\"Digital\",\"potentialAction\":[{\"@type\":\"SearchAction\",\"target\":{\"@type\":\"EntryPoint\",\"urlTemplate\":\"https:\\\/\\\/diariodelsurdigital.com.ar\\\/?s={search_term_string}\"},\"query-input\":{\"@type\":\"PropertyValueSpecification\",\"valueRequired\":true,\"valueName\":\"search_term_string\"}}],\"inLanguage\":\"es\"},{\"@type\":\"Person\",\"@id\":\"https:\\\/\\\/diariodelsurdigital.com.ar\\\/#\\\/schema\\\/person\\\/6136a32571657f7dba980b88b04c5465\",\"name\":\"Diario del Sur Digital\",\"image\":{\"@type\":\"ImageObject\",\"inLanguage\":\"es\",\"@id\":\"https:\\\/\\\/secure.gravatar.com\\\/avatar\\\/4c29ceac98541dd42460b2474aaa5dd37594d6ce6cb3cf2c101d09b48ee287ba?s=96&d=mm&r=g\",\"url\":\"https:\\\/\\\/secure.gravatar.com\\\/avatar\\\/4c29ceac98541dd42460b2474aaa5dd37594d6ce6cb3cf2c101d09b48ee287ba?s=96&d=mm&r=g\",\"contentUrl\":\"https:\\\/\\\/secure.gravatar.com\\\/avatar\\\/4c29ceac98541dd42460b2474aaa5dd37594d6ce6cb3cf2c101d09b48ee287ba?s=96&d=mm&r=g\",\"caption\":\"Diario del Sur Digital\"},\"url\":\"https:\\\/\\\/diariodelsurdigital.com.ar\\\/?author=2\"}]}<\/script>\n<!-- \/ Yoast SEO plugin. -->","yoast_head_json":{"title":"Familiares exigen justicia por la muerte de Mart\u00edn Giorgio tras brutal golpiza - Diario del Sur","robots":{"index":"index","follow":"follow","max-snippet":"max-snippet:-1","max-image-preview":"max-image-preview:large","max-video-preview":"max-video-preview:-1"},"canonical":"https:\/\/diariodelsurdigital.com.ar\/?p=2259","og_locale":"es_ES","og_type":"article","og_title":"Familiares exigen justicia por la muerte de Mart\u00edn Giorgio tras brutal golpiza - Diario del Sur","og_description":"Mart\u00edn Esteban Giorgio, un joven de 32 a\u00f1os, falleci\u00f3 tras permanecer m\u00e1s de una semana en la Unidad de Terapia Intensiva (UTI) del hospital Delicia Concepci\u00f3n Masvernat. Seg\u00fan sus familiares, Mart\u00edn fue v\u00edctima de una violenta golpiza, y cuestionan la veracidad del informe oficial sobre lo sucedido. En di\u00e1logo con cronistas de El Sol-Tele5, Victoria [&hellip;]","og_url":"https:\/\/diariodelsurdigital.com.ar\/?p=2259","og_site_name":"Diario del Sur","article_published_time":"2025-04-23T23:01:02+00:00","article_modified_time":"2025-04-23T23:01:03+00:00","og_image":[{"width":443,"height":288,"url":"https:\/\/diariodelsurdigital.com.ar\/wp-content\/uploads\/2025\/04\/multimedia.normal.8c16283899b89965.bm9ybWFsLndlYnA.png","type":"image\/png"}],"author":"Diario del Sur Digital","twitter_card":"summary_large_image","twitter_misc":{"Escrito por":"Diario del Sur Digital","Tiempo de lectura":"2 minutos"},"schema":{"@context":"https:\/\/schema.org","@graph":[{"@type":"Article","@id":"https:\/\/diariodelsurdigital.com.ar\/?p=2259#article","isPartOf":{"@id":"https:\/\/diariodelsurdigital.com.ar\/?p=2259"},"author":{"name":"Diario del Sur Digital","@id":"https:\/\/diariodelsurdigital.com.ar\/#\/schema\/person\/6136a32571657f7dba980b88b04c5465"},"headline":"Familiares exigen justicia por la muerte de Mart\u00edn Giorgio tras brutal golpiza","datePublished":"2025-04-23T23:01:02+00:00","dateModified":"2025-04-23T23:01:03+00:00","mainEntityOfPage":{"@id":"https:\/\/diariodelsurdigital.com.ar\/?p=2259"},"wordCount":282,"commentCount":0,"image":{"@id":"https:\/\/diariodelsurdigital.com.ar\/?p=2259#primaryimage"},"thumbnailUrl":"https:\/\/diariodelsurdigital.com.ar\/wp-content\/uploads\/2025\/04\/multimedia.normal.8c16283899b89965.bm9ybWFsLndlYnA.png","articleSection":["Locales"],"inLanguage":"es","potentialAction":[{"@type":"CommentAction","name":"Comment","target":["https:\/\/diariodelsurdigital.com.ar\/?p=2259#respond"]}]},{"@type":"WebPage","@id":"https:\/\/diariodelsurdigital.com.ar\/?p=2259","url":"https:\/\/diariodelsurdigital.com.ar\/?p=2259","name":"Familiares exigen justicia por la muerte de Mart\u00edn Giorgio tras brutal golpiza - Diario del Sur","isPartOf":{"@id":"https:\/\/diariodelsurdigital.com.ar\/#website"},"primaryImageOfPage":{"@id":"https:\/\/diariodelsurdigital.com.ar\/?p=2259#primaryimage"},"image":{"@id":"https:\/\/diariodelsurdigital.com.ar\/?p=2259#primaryimage"},"thumbnailUrl":"https:\/\/diariodelsurdigital.com.ar\/wp-content\/uploads\/2025\/04\/multimedia.normal.8c16283899b89965.bm9ybWFsLndlYnA.png","datePublished":"2025-04-23T23:01:02+00:00","dateModified":"2025-04-23T23:01:03+00:00","author":{"@id":"https:\/\/diariodelsurdigital.com.ar\/#\/schema\/person\/6136a32571657f7dba980b88b04c5465"},"breadcrumb":{"@id":"https:\/\/diariodelsurdigital.com.ar\/?p=2259#breadcrumb"},"inLanguage":"es","potentialAction":[{"@type":"ReadAction","target":["https:\/\/diariodelsurdigital.com.ar\/?p=2259"]}]},{"@type":"ImageObject","inLanguage":"es","@id":"https:\/\/diariodelsurdigital.com.ar\/?p=2259#primaryimage","url":"https:\/\/diariodelsurdigital.com.ar\/wp-content\/uploads\/2025\/04\/multimedia.normal.8c16283899b89965.bm9ybWFsLndlYnA.png","contentUrl":"https:\/\/diariodelsurdigital.com.ar\/wp-content\/uploads\/2025\/04\/multimedia.normal.8c16283899b89965.bm9ybWFsLndlYnA.png","width":443,"height":288},{"@type":"BreadcrumbList","@id":"https:\/\/diariodelsurdigital.com.ar\/?p=2259#breadcrumb","itemListElement":[{"@type":"ListItem","position":1,"name":"Portada","item":"https:\/\/diariodelsurdigital.com.ar\/"},{"@type":"ListItem","position":2,"name":"Familiares exigen justicia por la muerte de Mart\u00edn Giorgio tras brutal golpiza"}]},{"@type":"WebSite","@id":"https:\/\/diariodelsurdigital.com.ar\/#website","url":"https:\/\/diariodelsurdigital.com.ar\/","name":"Diario del Sur","description":"Digital","potentialAction":[{"@type":"SearchAction","target":{"@type":"EntryPoint","urlTemplate":"https:\/\/diariodelsurdigital.com.ar\/?s={search_term_string}"},"query-input":{"@type":"PropertyValueSpecification","valueRequired":true,"valueName":"search_term_string"}}],"inLanguage":"es"},{"@type":"Person","@id":"https:\/\/diariodelsurdigital.com.ar\/#\/schema\/person\/6136a32571657f7dba980b88b04c5465","name":"Diario del Sur Digital","image":{"@type":"ImageObject","inLanguage":"es","@id":"https:\/\/secure.gravatar.com\/avatar\/4c29ceac98541dd42460b2474aaa5dd37594d6ce6cb3cf2c101d09b48ee287ba?s=96&d=mm&r=g","url":"https:\/\/secure.gravatar.com\/avatar\/4c29ceac98541dd42460b2474aaa5dd37594d6ce6cb3cf2c101d09b48ee287ba?s=96&d=mm&r=g","contentUrl":"https:\/\/secure.gravatar.com\/avatar\/4c29ceac98541dd42460b2474aaa5dd37594d6ce6cb3cf2c101d09b48ee287ba?s=96&d=mm&r=g","caption":"Diario del Sur Digital"},"url":"https:\/\/diariodelsurdigital.com.ar\/?author=2"}]}},"_links":{"self":[{"href":"https:\/\/diariodelsurdigital.com.ar\/index.php?rest_route=\/wp\/v2\/posts\/2259","targetHints":{"allow":["GET"]}}],"collection":[{"href":"https:\/\/diariodelsurdigital.com.ar\/index.php?rest_route=\/wp\/v2\/posts"}],"about":[{"href":"https:\/\/diariodelsurdigital.com.ar\/index.php?rest_route=\/wp\/v2\/types\/post"}],"author":[{"embeddable":true,"href":"https:\/\/diariodelsurdigital.com.ar\/index.php?rest_route=\/wp\/v2\/users\/2"}],"replies":[{"embeddable":true,"href":"https:\/\/diariodelsurdigital.com.ar\/index.php?rest_route=%2Fwp%2Fv2%2Fcomments&post=2259"}],"version-history":[{"count":1,"href":"https:\/\/diariodelsurdigital.com.ar\/index.php?rest_route=\/wp\/v2\/posts\/2259\/revisions"}],"predecessor-version":[{"id":2261,"href":"https:\/\/diariodelsurdigital.com.ar\/index.php?rest_route=\/wp\/v2\/posts\/2259\/revisions\/2261"}],"wp:featuredmedia":[{"embeddable":true,"href":"https:\/\/diariodelsurdigital.com.ar\/index.php?rest_route=\/wp\/v2\/media\/2260"}],"wp:attachment":[{"href":"https:\/\/diariodelsurdigital.com.ar\/index.php?rest_route=%2Fwp%2Fv2%2Fmedia&parent=2259"}],"wp:term":[{"taxonomy":"category","embeddable":true,"href":"https:\/\/diariodelsurdigital.com.ar\/index.php?rest_route=%2Fwp%2Fv2%2Fcategories&post=2259"},{"taxonomy":"post_tag","embeddable":true,"href":"https:\/\/diariodelsurdigital.com.ar\/index.php?rest_route=%2Fwp%2Fv2%2Ftags&post=2259"}],"curies":[{"name":"wp","href":"https:\/\/api.w.org\/{rel}","templated":true}]}}