{"id":2262,"date":"2025-04-24T12:17:21","date_gmt":"2025-04-24T15:17:21","guid":{"rendered":"https:\/\/diariodelsurdigital.com.ar\/?p=2262"},"modified":"2025-04-24T12:17:22","modified_gmt":"2025-04-24T15:17:22","slug":"en-la-primera-jornada-del-velatorio-20-mil-personas-de-todo-el-mundo-despidieron-al-papa-francisco","status":"publish","type":"post","link":"https:\/\/diariodelsurdigital.com.ar\/?p=2262","title":{"rendered":"En la primera jornada del velatorio, 20 mil personas de todo el mundo despidieron al papa Francisco"},"content":{"rendered":"\n<p>M\u00e1s de 20.000 fieles se acercaron este mi\u00e9rcoles a la bas\u00edlica de San Pedro para darle un \u00faltimo adi\u00f3s al papa Francisco, luego de que su cuerpo fuera trasladado all\u00ed esta ma\u00f1ana desde la capilla de Santa Marta en una ceremonia que dio comienzo a los homenajes de despedida.<\/p>\n\n\n\n<p>Los \u00absediarios\u00bb pontificios llevaron en sus hombres al ata\u00fad abierto mientras avanzaban escoltados por la Guardia Suiza. Una vez que el caj\u00f3n lleg\u00f3 a la Bas\u00edlica, fue colocado en el Altar de la Confesi\u00f3n donde todos aquellos que se acercaron tuvieron unos instantes para ver al papa argentino por \u00faltima vez.<\/p>\n\n\n\n<p>En la Plaza San Pedro, muchos de los fieles tuvieron que esperar entre cuatro y cinco horas para ingresar a la bas\u00edlica. Cerca de la medianoche, antes de que finalizara la primera jornada del velatorio p\u00fablico que se extender\u00e1 tambi\u00e9n jueves y el viernes, hubo corridas y las filas se desarmaron ante el temor de no poder ingresar a ver al Santo Padre tras horas de espera. Por la gran cantidad de gente, se extendi\u00f3 el horario y los fieles siguieron ingresando a la bas\u00edlica pasadas las 12 de la noche.<\/p>\n\n\n\n<p>La primera ministra de Italia, Giorgia Meloni, fue una de las presencias destacadas esta tarde en la bas\u00edlica de San Pedro. Asisti\u00f3 vestida de negro, rez\u00f3 y se mostr\u00f3 conmocionada por la muerte del papa Francisco, quien falleci\u00f3 este lunes a sus 88 a\u00f1os.<\/p>\n\n\n\n<p>Este jueves y el viernes continuar\u00e1 el velorio durante todo el d\u00eda y se espera que se sigan acercando miles de personas, public\u00f3 \u00c1mbito. (APFDigital)<\/p>\n","protected":false},"excerpt":{"rendered":"<p>M\u00e1s de 20.000 fieles se acercaron este mi\u00e9rcoles a la bas\u00edlica de San Pedro para darle un \u00faltimo adi\u00f3s al papa Francisco, luego de que su cuerpo fuera trasladado all\u00ed esta ma\u00f1ana desde la capilla de Santa Marta en una ceremonia que dio comienzo a los homenajes de despedida. Los \u00absediarios\u00bb pontificios llevaron en sus [&hellip;]<\/p>\n","protected":false},"author":4,"featured_media":2263,"comment_status":"open","ping_status":"open","sticky":false,"template":"","format":"standard","meta":{"footnotes":""},"categories":[1],"tags":[],"class_list":{"0":"post-2262","1":"post","2":"type-post","3":"status-publish","4":"format-standard","5":"has-post-thumbnail","7":"category-uncategorized"},"yoast_head":"<!-- This site is optimized with the Yoast SEO plugin v27.4 - https:\/\/yoast.com\/product\/yoast-seo-wordpress\/ -->\n<title>En la primera jornada del velatorio, 20 mil personas de todo el mundo despidieron al papa Francisco - Diario del Sur<\/title>\n<meta name=\"robots\" content=\"index, follow, max-snippet:-1, max-image-preview:large, max-video-preview:-1\" \/>\n<link rel=\"canonical\" href=\"https:\/\/diariodelsurdigital.com.ar\/?p=2262\" \/>\n<meta property=\"og:locale\" content=\"es_ES\" \/>\n<meta property=\"og:type\" content=\"article\" \/>\n<meta property=\"og:title\" content=\"En la primera jornada del velatorio, 20 mil personas de todo el mundo despidieron al papa Francisco - Diario del Sur\" \/>\n<meta property=\"og:description\" content=\"M\u00e1s de 20.000 fieles se acercaron este mi\u00e9rcoles a la bas\u00edlica de San Pedro para darle un \u00faltimo adi\u00f3s al papa Francisco, luego de que su cuerpo fuera trasladado all\u00ed esta ma\u00f1ana desde la capilla de Santa Marta en una ceremonia que dio comienzo a los homenajes de despedida. Los \u00absediarios\u00bb pontificios llevaron en sus [&hellip;]\" \/>\n<meta property=\"og:url\" content=\"https:\/\/diariodelsurdigital.com.ar\/?p=2262\" \/>\n<meta property=\"og:site_name\" content=\"Diario del Sur\" \/>\n<meta property=\"article:published_time\" content=\"2025-04-24T15:17:21+00:00\" \/>\n<meta property=\"article:modified_time\" content=\"2025-04-24T15:17:22+00:00\" \/>\n<meta property=\"og:image\" content=\"https:\/\/diariodelsurdigital.com.ar\/wp-content\/uploads\/2025\/04\/md-16.webp\" \/>\n\t<meta property=\"og:image:width\" content=\"992\" \/>\n\t<meta property=\"og:image:height\" content=\"559\" \/>\n\t<meta property=\"og:image:type\" content=\"image\/webp\" \/>\n<meta name=\"author\" content=\"Diario del Sur Digital\" \/>\n<meta name=\"twitter:card\" content=\"summary_large_image\" \/>\n<meta name=\"twitter:label1\" content=\"Escrito por\" \/>\n\t<meta name=\"twitter:data1\" content=\"Diario del Sur Digital\" \/>\n\t<meta name=\"twitter:label2\" content=\"Tiempo de lectura\" \/>\n\t<meta name=\"twitter:data2\" content=\"2 minutos\" \/>\n<script type=\"application\/ld+json\" class=\"yoast-schema-graph\">{\"@context\":\"https:\\\/\\\/schema.org\",\"@graph\":[{\"@type\":\"Article\",\"@id\":\"https:\\\/\\\/diariodelsurdigital.com.ar\\\/?p=2262#article\",\"isPartOf\":{\"@id\":\"https:\\\/\\\/diariodelsurdigital.com.ar\\\/?p=2262\"},\"author\":{\"name\":\"Diario del Sur Digital\",\"@id\":\"https:\\\/\\\/diariodelsurdigital.com.ar\\\/#\\\/schema\\\/person\\\/1a4992532ed62965c968031b49195c81\"},\"headline\":\"En la primera jornada del velatorio, 20 mil personas de todo el mundo despidieron al papa Francisco\",\"datePublished\":\"2025-04-24T15:17:21+00:00\",\"dateModified\":\"2025-04-24T15:17:22+00:00\",\"mainEntityOfPage\":{\"@id\":\"https:\\\/\\\/diariodelsurdigital.com.ar\\\/?p=2262\"},\"wordCount\":289,\"commentCount\":0,\"image\":{\"@id\":\"https:\\\/\\\/diariodelsurdigital.com.ar\\\/?p=2262#primaryimage\"},\"thumbnailUrl\":\"https:\\\/\\\/diariodelsurdigital.com.ar\\\/wp-content\\\/uploads\\\/2025\\\/04\\\/md-16.webp\",\"articleSection\":[\"Uncategorized\"],\"inLanguage\":\"es\",\"potentialAction\":[{\"@type\":\"CommentAction\",\"name\":\"Comment\",\"target\":[\"https:\\\/\\\/diariodelsurdigital.com.ar\\\/?p=2262#respond\"]}]},{\"@type\":\"WebPage\",\"@id\":\"https:\\\/\\\/diariodelsurdigital.com.ar\\\/?p=2262\",\"url\":\"https:\\\/\\\/diariodelsurdigital.com.ar\\\/?p=2262\",\"name\":\"En la primera jornada del velatorio, 20 mil personas de todo el mundo despidieron al papa Francisco - Diario del Sur\",\"isPartOf\":{\"@id\":\"https:\\\/\\\/diariodelsurdigital.com.ar\\\/#website\"},\"primaryImageOfPage\":{\"@id\":\"https:\\\/\\\/diariodelsurdigital.com.ar\\\/?p=2262#primaryimage\"},\"image\":{\"@id\":\"https:\\\/\\\/diariodelsurdigital.com.ar\\\/?p=2262#primaryimage\"},\"thumbnailUrl\":\"https:\\\/\\\/diariodelsurdigital.com.ar\\\/wp-content\\\/uploads\\\/2025\\\/04\\\/md-16.webp\",\"datePublished\":\"2025-04-24T15:17:21+00:00\",\"dateModified\":\"2025-04-24T15:17:22+00:00\",\"author\":{\"@id\":\"https:\\\/\\\/diariodelsurdigital.com.ar\\\/#\\\/schema\\\/person\\\/1a4992532ed62965c968031b49195c81\"},\"breadcrumb\":{\"@id\":\"https:\\\/\\\/diariodelsurdigital.com.ar\\\/?p=2262#breadcrumb\"},\"inLanguage\":\"es\",\"potentialAction\":[{\"@type\":\"ReadAction\",\"target\":[\"https:\\\/\\\/diariodelsurdigital.com.ar\\\/?p=2262\"]}]},{\"@type\":\"ImageObject\",\"inLanguage\":\"es\",\"@id\":\"https:\\\/\\\/diariodelsurdigital.com.ar\\\/?p=2262#primaryimage\",\"url\":\"https:\\\/\\\/diariodelsurdigital.com.ar\\\/wp-content\\\/uploads\\\/2025\\\/04\\\/md-16.webp\",\"contentUrl\":\"https:\\\/\\\/diariodelsurdigital.com.ar\\\/wp-content\\\/uploads\\\/2025\\\/04\\\/md-16.webp\",\"width\":992,\"height\":559},{\"@type\":\"BreadcrumbList\",\"@id\":\"https:\\\/\\\/diariodelsurdigital.com.ar\\\/?p=2262#breadcrumb\",\"itemListElement\":[{\"@type\":\"ListItem\",\"position\":1,\"name\":\"Portada\",\"item\":\"https:\\\/\\\/diariodelsurdigital.com.ar\\\/\"},{\"@type\":\"ListItem\",\"position\":2,\"name\":\"En la primera jornada del velatorio, 20 mil personas de todo el mundo despidieron al papa Francisco\"}]},{\"@type\":\"WebSite\",\"@id\":\"https:\\\/\\\/diariodelsurdigital.com.ar\\\/#website\",\"url\":\"https:\\\/\\\/diariodelsurdigital.com.ar\\\/\",\"name\":\"Diario del Sur\",\"description\":\"Digital\",\"potentialAction\":[{\"@type\":\"SearchAction\",\"target\":{\"@type\":\"EntryPoint\",\"urlTemplate\":\"https:\\\/\\\/diariodelsurdigital.com.ar\\\/?s={search_term_string}\"},\"query-input\":{\"@type\":\"PropertyValueSpecification\",\"valueRequired\":true,\"valueName\":\"search_term_string\"}}],\"inLanguage\":\"es\"},{\"@type\":\"Person\",\"@id\":\"https:\\\/\\\/diariodelsurdigital.com.ar\\\/#\\\/schema\\\/person\\\/1a4992532ed62965c968031b49195c81\",\"name\":\"Diario del Sur Digital\",\"image\":{\"@type\":\"ImageObject\",\"inLanguage\":\"es\",\"@id\":\"https:\\\/\\\/secure.gravatar.com\\\/avatar\\\/f0c7c47fc7146d19828273b9b8eda651c9c7ab583767e6338d3d3bee825adf76?s=96&d=mm&r=g\",\"url\":\"https:\\\/\\\/secure.gravatar.com\\\/avatar\\\/f0c7c47fc7146d19828273b9b8eda651c9c7ab583767e6338d3d3bee825adf76?s=96&d=mm&r=g\",\"contentUrl\":\"https:\\\/\\\/secure.gravatar.com\\\/avatar\\\/f0c7c47fc7146d19828273b9b8eda651c9c7ab583767e6338d3d3bee825adf76?s=96&d=mm&r=g\",\"caption\":\"Diario del Sur Digital\"},\"url\":\"https:\\\/\\\/diariodelsurdigital.com.ar\\\/?author=4\"}]}<\/script>\n<!-- \/ Yoast SEO plugin. -->","yoast_head_json":{"title":"En la primera jornada del velatorio, 20 mil personas de todo el mundo despidieron al papa Francisco - Diario del Sur","robots":{"index":"index","follow":"follow","max-snippet":"max-snippet:-1","max-image-preview":"max-image-preview:large","max-video-preview":"max-video-preview:-1"},"canonical":"https:\/\/diariodelsurdigital.com.ar\/?p=2262","og_locale":"es_ES","og_type":"article","og_title":"En la primera jornada del velatorio, 20 mil personas de todo el mundo despidieron al papa Francisco - Diario del Sur","og_description":"M\u00e1s de 20.000 fieles se acercaron este mi\u00e9rcoles a la bas\u00edlica de San Pedro para darle un \u00faltimo adi\u00f3s al papa Francisco, luego de que su cuerpo fuera trasladado all\u00ed esta ma\u00f1ana desde la capilla de Santa Marta en una ceremonia que dio comienzo a los homenajes de despedida. Los \u00absediarios\u00bb pontificios llevaron en sus [&hellip;]","og_url":"https:\/\/diariodelsurdigital.com.ar\/?p=2262","og_site_name":"Diario del Sur","article_published_time":"2025-04-24T15:17:21+00:00","article_modified_time":"2025-04-24T15:17:22+00:00","og_image":[{"width":992,"height":559,"url":"https:\/\/diariodelsurdigital.com.ar\/wp-content\/uploads\/2025\/04\/md-16.webp","type":"image\/webp"}],"author":"Diario del Sur Digital","twitter_card":"summary_large_image","twitter_misc":{"Escrito por":"Diario del Sur Digital","Tiempo de lectura":"2 minutos"},"schema":{"@context":"https:\/\/schema.org","@graph":[{"@type":"Article","@id":"https:\/\/diariodelsurdigital.com.ar\/?p=2262#article","isPartOf":{"@id":"https:\/\/diariodelsurdigital.com.ar\/?p=2262"},"author":{"name":"Diario del Sur Digital","@id":"https:\/\/diariodelsurdigital.com.ar\/#\/schema\/person\/1a4992532ed62965c968031b49195c81"},"headline":"En la primera jornada del velatorio, 20 mil personas de todo el mundo despidieron al papa Francisco","datePublished":"2025-04-24T15:17:21+00:00","dateModified":"2025-04-24T15:17:22+00:00","mainEntityOfPage":{"@id":"https:\/\/diariodelsurdigital.com.ar\/?p=2262"},"wordCount":289,"commentCount":0,"image":{"@id":"https:\/\/diariodelsurdigital.com.ar\/?p=2262#primaryimage"},"thumbnailUrl":"https:\/\/diariodelsurdigital.com.ar\/wp-content\/uploads\/2025\/04\/md-16.webp","articleSection":["Uncategorized"],"inLanguage":"es","potentialAction":[{"@type":"CommentAction","name":"Comment","target":["https:\/\/diariodelsurdigital.com.ar\/?p=2262#respond"]}]},{"@type":"WebPage","@id":"https:\/\/diariodelsurdigital.com.ar\/?p=2262","url":"https:\/\/diariodelsurdigital.com.ar\/?p=2262","name":"En la primera jornada del velatorio, 20 mil personas de todo el mundo despidieron al papa Francisco - Diario del Sur","isPartOf":{"@id":"https:\/\/diariodelsurdigital.com.ar\/#website"},"primaryImageOfPage":{"@id":"https:\/\/diariodelsurdigital.com.ar\/?p=2262#primaryimage"},"image":{"@id":"https:\/\/diariodelsurdigital.com.ar\/?p=2262#primaryimage"},"thumbnailUrl":"https:\/\/diariodelsurdigital.com.ar\/wp-content\/uploads\/2025\/04\/md-16.webp","datePublished":"2025-04-24T15:17:21+00:00","dateModified":"2025-04-24T15:17:22+00:00","author":{"@id":"https:\/\/diariodelsurdigital.com.ar\/#\/schema\/person\/1a4992532ed62965c968031b49195c81"},"breadcrumb":{"@id":"https:\/\/diariodelsurdigital.com.ar\/?p=2262#breadcrumb"},"inLanguage":"es","potentialAction":[{"@type":"ReadAction","target":["https:\/\/diariodelsurdigital.com.ar\/?p=2262"]}]},{"@type":"ImageObject","inLanguage":"es","@id":"https:\/\/diariodelsurdigital.com.ar\/?p=2262#primaryimage","url":"https:\/\/diariodelsurdigital.com.ar\/wp-content\/uploads\/2025\/04\/md-16.webp","contentUrl":"https:\/\/diariodelsurdigital.com.ar\/wp-content\/uploads\/2025\/04\/md-16.webp","width":992,"height":559},{"@type":"BreadcrumbList","@id":"https:\/\/diariodelsurdigital.com.ar\/?p=2262#breadcrumb","itemListElement":[{"@type":"ListItem","position":1,"name":"Portada","item":"https:\/\/diariodelsurdigital.com.ar\/"},{"@type":"ListItem","position":2,"name":"En la primera jornada del velatorio, 20 mil personas de todo el mundo despidieron al papa Francisco"}]},{"@type":"WebSite","@id":"https:\/\/diariodelsurdigital.com.ar\/#website","url":"https:\/\/diariodelsurdigital.com.ar\/","name":"Diario del Sur","description":"Digital","potentialAction":[{"@type":"SearchAction","target":{"@type":"EntryPoint","urlTemplate":"https:\/\/diariodelsurdigital.com.ar\/?s={search_term_string}"},"query-input":{"@type":"PropertyValueSpecification","valueRequired":true,"valueName":"search_term_string"}}],"inLanguage":"es"},{"@type":"Person","@id":"https:\/\/diariodelsurdigital.com.ar\/#\/schema\/person\/1a4992532ed62965c968031b49195c81","name":"Diario del Sur Digital","image":{"@type":"ImageObject","inLanguage":"es","@id":"https:\/\/secure.gravatar.com\/avatar\/f0c7c47fc7146d19828273b9b8eda651c9c7ab583767e6338d3d3bee825adf76?s=96&d=mm&r=g","url":"https:\/\/secure.gravatar.com\/avatar\/f0c7c47fc7146d19828273b9b8eda651c9c7ab583767e6338d3d3bee825adf76?s=96&d=mm&r=g","contentUrl":"https:\/\/secure.gravatar.com\/avatar\/f0c7c47fc7146d19828273b9b8eda651c9c7ab583767e6338d3d3bee825adf76?s=96&d=mm&r=g","caption":"Diario del Sur Digital"},"url":"https:\/\/diariodelsurdigital.com.ar\/?author=4"}]}},"_links":{"self":[{"href":"https:\/\/diariodelsurdigital.com.ar\/index.php?rest_route=\/wp\/v2\/posts\/2262","targetHints":{"allow":["GET"]}}],"collection":[{"href":"https:\/\/diariodelsurdigital.com.ar\/index.php?rest_route=\/wp\/v2\/posts"}],"about":[{"href":"https:\/\/diariodelsurdigital.com.ar\/index.php?rest_route=\/wp\/v2\/types\/post"}],"author":[{"embeddable":true,"href":"https:\/\/diariodelsurdigital.com.ar\/index.php?rest_route=\/wp\/v2\/users\/4"}],"replies":[{"embeddable":true,"href":"https:\/\/diariodelsurdigital.com.ar\/index.php?rest_route=%2Fwp%2Fv2%2Fcomments&post=2262"}],"version-history":[{"count":1,"href":"https:\/\/diariodelsurdigital.com.ar\/index.php?rest_route=\/wp\/v2\/posts\/2262\/revisions"}],"predecessor-version":[{"id":2264,"href":"https:\/\/diariodelsurdigital.com.ar\/index.php?rest_route=\/wp\/v2\/posts\/2262\/revisions\/2264"}],"wp:featuredmedia":[{"embeddable":true,"href":"https:\/\/diariodelsurdigital.com.ar\/index.php?rest_route=\/wp\/v2\/media\/2263"}],"wp:attachment":[{"href":"https:\/\/diariodelsurdigital.com.ar\/index.php?rest_route=%2Fwp%2Fv2%2Fmedia&parent=2262"}],"wp:term":[{"taxonomy":"category","embeddable":true,"href":"https:\/\/diariodelsurdigital.com.ar\/index.php?rest_route=%2Fwp%2Fv2%2Fcategories&post=2262"},{"taxonomy":"post_tag","embeddable":true,"href":"https:\/\/diariodelsurdigital.com.ar\/index.php?rest_route=%2Fwp%2Fv2%2Ftags&post=2262"}],"curies":[{"name":"wp","href":"https:\/\/api.w.org\/{rel}","templated":true}]}}