{"id":2265,"date":"2025-04-24T12:44:21","date_gmt":"2025-04-24T15:44:21","guid":{"rendered":"https:\/\/diariodelsurdigital.com.ar\/?p=2265"},"modified":"2025-04-24T12:44:22","modified_gmt":"2025-04-24T15:44:22","slug":"gobierno-convoco-al-consejo-del-salario-para-fijar-el-nuevo-minimo-vital-y-movil","status":"publish","type":"post","link":"https:\/\/diariodelsurdigital.com.ar\/?p=2265","title":{"rendered":"Gobierno convoc\u00f3 al Consejo del Salario para fijar el nuevo m\u00ednimo, vital y m\u00f3vil"},"content":{"rendered":"\n<p>El piso salarial volver\u00e1 a ser debatido luego de la \u00faltima actualizaci\u00f3n realizada en diciembre de 2024. En caso de no volver a existir un acuerdo entre las partes, el monto recaer\u00e1 en manos del Poder Ejecutivo. En marzo, el valor era de $296.832.<\/p>\n\n\n\n<p>El Gobierno nacional oficializ\u00f3 la convocatoria al Consejo Nacional del Empleo, la Productividad y el Salario M\u00ednimo, Vital y M\u00f3vil para el pr\u00f3ximo martes 29 de abril, con el objetivo de determinar cu\u00e1l ser\u00e1 el nuevo piso salarial que afectar\u00e1 a todos los trabajadores registrados del pa\u00eds. Entre los temas de discusi\u00f3n, tambi\u00e9n se tratar\u00e1n las prestaciones por desempleo.<\/p>\n\n\n\n<p>Por medio de la publicaci\u00f3n de la Resoluci\u00f3n 1\/2025 en el Bolet\u00edn Oficial, la ministra de Capital Humano, Sandra Pettovello, comunic\u00f3 que la reuni\u00f3n ser\u00e1 realizada a las 12:30 horas por medio de una plataforma virtual. Asimismo, se\u00f1al\u00f3 que habr\u00e1 una segunda sesi\u00f3n a partir de las 14:00 horas.<\/p>\n\n\n\n<p>De esta manera, la titular de la cartera fij\u00f3 que los temas de la orden del d\u00eda corresponder\u00e1n al tratamiento del Salario M\u00ednimo, Vital y M\u00f3vil (SMVM) y el establecimiento de los montos m\u00ednimos y m\u00e1ximos otorgados en el marco de la prestaci\u00f3n por desempleo, seg\u00fan lo dispuesto por el art\u00edculo 135, inciso a) de la Ley N\u00b0 24.023.<\/p>\n\n\n\n<p>Con el objetivo de cumplir con los requerimientos para llevar a cabo la conferencia, las autoridades solicitaron que se designen a dos consejeros de cada sector y que se tengan en consideraci\u00f3n los temas elevados al plenario por la Comisi\u00f3n del Salario M\u00ednimo, Vital y M\u00f3vil y Prestaciones por desempleo, public\u00f3 Infobae.<\/p>\n\n\n\n<p>\u201cConv\u00f3case a los integrantes de la Comisi\u00f3n aludida en el art\u00edculo anterior a reunirse en sesi\u00f3n el d\u00eda 29 de abril de 2025, a las 10:00 horas, mediante plataforma virtual\u201d, manifestaron en el art\u00edculo 3\u00b0 del documento.<\/p>\n\n\n\n<p>La \u00faltima actualizaci\u00f3n del SMVM fue definida por el Gobierno en diciembre de 2024, luego de que el sector empresarial y los sindicatos no llegaran a un acuerdo. Fue as\u00ed como el Poder Ejecutivo fij\u00f3 por decreto que desde el 1\u00b0 de diciembre el monto a percibir por los trabajadores mensualizados que cumplen la jornada legal completa de trabajo ser\u00eda de $279.718.<\/p>\n\n\n\n<p>En l\u00ednea con esto, tambi\u00e9n se determinaron el resto de los pisos salariales que estar\u00edan vigentes en los meses siguientes. En el caso de enero de 2025, la cifra fue de $286.711; en febrero de 2025, el monto subi\u00f3 a $292.446; mientras que en marzo creci\u00f3 hasta los $296.832.<\/p>\n\n\n\n<p>Para los trabajadores jornalizados, se determin\u00f3 que en diciembre recibir\u00edan un incremento de $1.399 por hora. Asimismo, a partir de enero, el valor por hora fue de $1.434, en febrero alcanz\u00f3 lo $1.462, y en marzo subi\u00f3 a $1.484 por hora.<\/p>\n","protected":false},"excerpt":{"rendered":"<p>El piso salarial volver\u00e1 a ser debatido luego de la \u00faltima actualizaci\u00f3n realizada en diciembre de 2024. En caso de no volver a existir un acuerdo entre las partes, el monto recaer\u00e1 en manos del Poder Ejecutivo. En marzo, el valor era de $296.832. El Gobierno nacional oficializ\u00f3 la convocatoria al Consejo Nacional del Empleo, [&hellip;]<\/p>\n","protected":false},"author":4,"featured_media":2266,"comment_status":"open","ping_status":"open","sticky":false,"template":"","format":"standard","meta":{"footnotes":""},"categories":[19,18],"tags":[],"class_list":{"0":"post-2265","1":"post","2":"type-post","3":"status-publish","4":"format-standard","5":"has-post-thumbnail","7":"category-interes-general","8":"category-nacionales"},"yoast_head":"<!-- This site is optimized with the Yoast SEO plugin v27.4 - https:\/\/yoast.com\/product\/yoast-seo-wordpress\/ -->\n<title>Gobierno convoc\u00f3 al Consejo del Salario para fijar el nuevo m\u00ednimo, vital y m\u00f3vil - Diario del Sur<\/title>\n<meta name=\"robots\" content=\"index, follow, max-snippet:-1, max-image-preview:large, max-video-preview:-1\" \/>\n<link rel=\"canonical\" href=\"https:\/\/diariodelsurdigital.com.ar\/?p=2265\" \/>\n<meta property=\"og:locale\" content=\"es_ES\" \/>\n<meta property=\"og:type\" content=\"article\" \/>\n<meta property=\"og:title\" content=\"Gobierno convoc\u00f3 al Consejo del Salario para fijar el nuevo m\u00ednimo, vital y m\u00f3vil - Diario del Sur\" \/>\n<meta property=\"og:description\" content=\"El piso salarial volver\u00e1 a ser debatido luego de la \u00faltima actualizaci\u00f3n realizada en diciembre de 2024. En caso de no volver a existir un acuerdo entre las partes, el monto recaer\u00e1 en manos del Poder Ejecutivo. En marzo, el valor era de $296.832. El Gobierno nacional oficializ\u00f3 la convocatoria al Consejo Nacional del Empleo, [&hellip;]\" \/>\n<meta property=\"og:url\" content=\"https:\/\/diariodelsurdigital.com.ar\/?p=2265\" \/>\n<meta property=\"og:site_name\" content=\"Diario del Sur\" \/>\n<meta property=\"article:published_time\" content=\"2025-04-24T15:44:21+00:00\" \/>\n<meta property=\"article:modified_time\" content=\"2025-04-24T15:44:22+00:00\" \/>\n<meta property=\"og:image\" content=\"https:\/\/diariodelsurdigital.com.ar\/wp-content\/uploads\/2025\/04\/md-17.webp\" \/>\n\t<meta property=\"og:image:width\" content=\"992\" \/>\n\t<meta property=\"og:image:height\" content=\"557\" \/>\n\t<meta property=\"og:image:type\" content=\"image\/webp\" \/>\n<meta name=\"author\" content=\"Diario del Sur Digital\" \/>\n<meta name=\"twitter:card\" content=\"summary_large_image\" \/>\n<meta name=\"twitter:label1\" content=\"Escrito por\" \/>\n\t<meta name=\"twitter:data1\" content=\"Diario del Sur Digital\" \/>\n\t<meta name=\"twitter:label2\" content=\"Tiempo de lectura\" \/>\n\t<meta name=\"twitter:data2\" content=\"3 minutos\" \/>\n<script type=\"application\/ld+json\" class=\"yoast-schema-graph\">{\"@context\":\"https:\\\/\\\/schema.org\",\"@graph\":[{\"@type\":\"Article\",\"@id\":\"https:\\\/\\\/diariodelsurdigital.com.ar\\\/?p=2265#article\",\"isPartOf\":{\"@id\":\"https:\\\/\\\/diariodelsurdigital.com.ar\\\/?p=2265\"},\"author\":{\"name\":\"Diario del Sur Digital\",\"@id\":\"https:\\\/\\\/diariodelsurdigital.com.ar\\\/#\\\/schema\\\/person\\\/1a4992532ed62965c968031b49195c81\"},\"headline\":\"Gobierno convoc\u00f3 al Consejo del Salario para fijar el nuevo m\u00ednimo, vital y m\u00f3vil\",\"datePublished\":\"2025-04-24T15:44:21+00:00\",\"dateModified\":\"2025-04-24T15:44:22+00:00\",\"mainEntityOfPage\":{\"@id\":\"https:\\\/\\\/diariodelsurdigital.com.ar\\\/?p=2265\"},\"wordCount\":484,\"commentCount\":0,\"image\":{\"@id\":\"https:\\\/\\\/diariodelsurdigital.com.ar\\\/?p=2265#primaryimage\"},\"thumbnailUrl\":\"https:\\\/\\\/diariodelsurdigital.com.ar\\\/wp-content\\\/uploads\\\/2025\\\/04\\\/md-17.webp\",\"articleSection\":[\"Inter\u00e9s General\",\"Nacionales\"],\"inLanguage\":\"es\",\"potentialAction\":[{\"@type\":\"CommentAction\",\"name\":\"Comment\",\"target\":[\"https:\\\/\\\/diariodelsurdigital.com.ar\\\/?p=2265#respond\"]}]},{\"@type\":\"WebPage\",\"@id\":\"https:\\\/\\\/diariodelsurdigital.com.ar\\\/?p=2265\",\"url\":\"https:\\\/\\\/diariodelsurdigital.com.ar\\\/?p=2265\",\"name\":\"Gobierno convoc\u00f3 al Consejo del Salario para fijar el nuevo m\u00ednimo, vital y m\u00f3vil - Diario del Sur\",\"isPartOf\":{\"@id\":\"https:\\\/\\\/diariodelsurdigital.com.ar\\\/#website\"},\"primaryImageOfPage\":{\"@id\":\"https:\\\/\\\/diariodelsurdigital.com.ar\\\/?p=2265#primaryimage\"},\"image\":{\"@id\":\"https:\\\/\\\/diariodelsurdigital.com.ar\\\/?p=2265#primaryimage\"},\"thumbnailUrl\":\"https:\\\/\\\/diariodelsurdigital.com.ar\\\/wp-content\\\/uploads\\\/2025\\\/04\\\/md-17.webp\",\"datePublished\":\"2025-04-24T15:44:21+00:00\",\"dateModified\":\"2025-04-24T15:44:22+00:00\",\"author\":{\"@id\":\"https:\\\/\\\/diariodelsurdigital.com.ar\\\/#\\\/schema\\\/person\\\/1a4992532ed62965c968031b49195c81\"},\"breadcrumb\":{\"@id\":\"https:\\\/\\\/diariodelsurdigital.com.ar\\\/?p=2265#breadcrumb\"},\"inLanguage\":\"es\",\"potentialAction\":[{\"@type\":\"ReadAction\",\"target\":[\"https:\\\/\\\/diariodelsurdigital.com.ar\\\/?p=2265\"]}]},{\"@type\":\"ImageObject\",\"inLanguage\":\"es\",\"@id\":\"https:\\\/\\\/diariodelsurdigital.com.ar\\\/?p=2265#primaryimage\",\"url\":\"https:\\\/\\\/diariodelsurdigital.com.ar\\\/wp-content\\\/uploads\\\/2025\\\/04\\\/md-17.webp\",\"contentUrl\":\"https:\\\/\\\/diariodelsurdigital.com.ar\\\/wp-content\\\/uploads\\\/2025\\\/04\\\/md-17.webp\",\"width\":992,\"height\":557},{\"@type\":\"BreadcrumbList\",\"@id\":\"https:\\\/\\\/diariodelsurdigital.com.ar\\\/?p=2265#breadcrumb\",\"itemListElement\":[{\"@type\":\"ListItem\",\"position\":1,\"name\":\"Portada\",\"item\":\"https:\\\/\\\/diariodelsurdigital.com.ar\\\/\"},{\"@type\":\"ListItem\",\"position\":2,\"name\":\"Gobierno convoc\u00f3 al Consejo del Salario para fijar el nuevo m\u00ednimo, vital y m\u00f3vil\"}]},{\"@type\":\"WebSite\",\"@id\":\"https:\\\/\\\/diariodelsurdigital.com.ar\\\/#website\",\"url\":\"https:\\\/\\\/diariodelsurdigital.com.ar\\\/\",\"name\":\"Diario del Sur\",\"description\":\"Digital\",\"potentialAction\":[{\"@type\":\"SearchAction\",\"target\":{\"@type\":\"EntryPoint\",\"urlTemplate\":\"https:\\\/\\\/diariodelsurdigital.com.ar\\\/?s={search_term_string}\"},\"query-input\":{\"@type\":\"PropertyValueSpecification\",\"valueRequired\":true,\"valueName\":\"search_term_string\"}}],\"inLanguage\":\"es\"},{\"@type\":\"Person\",\"@id\":\"https:\\\/\\\/diariodelsurdigital.com.ar\\\/#\\\/schema\\\/person\\\/1a4992532ed62965c968031b49195c81\",\"name\":\"Diario del Sur Digital\",\"image\":{\"@type\":\"ImageObject\",\"inLanguage\":\"es\",\"@id\":\"https:\\\/\\\/secure.gravatar.com\\\/avatar\\\/f0c7c47fc7146d19828273b9b8eda651c9c7ab583767e6338d3d3bee825adf76?s=96&d=mm&r=g\",\"url\":\"https:\\\/\\\/secure.gravatar.com\\\/avatar\\\/f0c7c47fc7146d19828273b9b8eda651c9c7ab583767e6338d3d3bee825adf76?s=96&d=mm&r=g\",\"contentUrl\":\"https:\\\/\\\/secure.gravatar.com\\\/avatar\\\/f0c7c47fc7146d19828273b9b8eda651c9c7ab583767e6338d3d3bee825adf76?s=96&d=mm&r=g\",\"caption\":\"Diario del Sur Digital\"},\"url\":\"https:\\\/\\\/diariodelsurdigital.com.ar\\\/?author=4\"}]}<\/script>\n<!-- \/ Yoast SEO plugin. -->","yoast_head_json":{"title":"Gobierno convoc\u00f3 al Consejo del Salario para fijar el nuevo m\u00ednimo, vital y m\u00f3vil - Diario del Sur","robots":{"index":"index","follow":"follow","max-snippet":"max-snippet:-1","max-image-preview":"max-image-preview:large","max-video-preview":"max-video-preview:-1"},"canonical":"https:\/\/diariodelsurdigital.com.ar\/?p=2265","og_locale":"es_ES","og_type":"article","og_title":"Gobierno convoc\u00f3 al Consejo del Salario para fijar el nuevo m\u00ednimo, vital y m\u00f3vil - Diario del Sur","og_description":"El piso salarial volver\u00e1 a ser debatido luego de la \u00faltima actualizaci\u00f3n realizada en diciembre de 2024. En caso de no volver a existir un acuerdo entre las partes, el monto recaer\u00e1 en manos del Poder Ejecutivo. En marzo, el valor era de $296.832. El Gobierno nacional oficializ\u00f3 la convocatoria al Consejo Nacional del Empleo, [&hellip;]","og_url":"https:\/\/diariodelsurdigital.com.ar\/?p=2265","og_site_name":"Diario del Sur","article_published_time":"2025-04-24T15:44:21+00:00","article_modified_time":"2025-04-24T15:44:22+00:00","og_image":[{"width":992,"height":557,"url":"https:\/\/diariodelsurdigital.com.ar\/wp-content\/uploads\/2025\/04\/md-17.webp","type":"image\/webp"}],"author":"Diario del Sur Digital","twitter_card":"summary_large_image","twitter_misc":{"Escrito por":"Diario del Sur Digital","Tiempo de lectura":"3 minutos"},"schema":{"@context":"https:\/\/schema.org","@graph":[{"@type":"Article","@id":"https:\/\/diariodelsurdigital.com.ar\/?p=2265#article","isPartOf":{"@id":"https:\/\/diariodelsurdigital.com.ar\/?p=2265"},"author":{"name":"Diario del Sur Digital","@id":"https:\/\/diariodelsurdigital.com.ar\/#\/schema\/person\/1a4992532ed62965c968031b49195c81"},"headline":"Gobierno convoc\u00f3 al Consejo del Salario para fijar el nuevo m\u00ednimo, vital y m\u00f3vil","datePublished":"2025-04-24T15:44:21+00:00","dateModified":"2025-04-24T15:44:22+00:00","mainEntityOfPage":{"@id":"https:\/\/diariodelsurdigital.com.ar\/?p=2265"},"wordCount":484,"commentCount":0,"image":{"@id":"https:\/\/diariodelsurdigital.com.ar\/?p=2265#primaryimage"},"thumbnailUrl":"https:\/\/diariodelsurdigital.com.ar\/wp-content\/uploads\/2025\/04\/md-17.webp","articleSection":["Inter\u00e9s General","Nacionales"],"inLanguage":"es","potentialAction":[{"@type":"CommentAction","name":"Comment","target":["https:\/\/diariodelsurdigital.com.ar\/?p=2265#respond"]}]},{"@type":"WebPage","@id":"https:\/\/diariodelsurdigital.com.ar\/?p=2265","url":"https:\/\/diariodelsurdigital.com.ar\/?p=2265","name":"Gobierno convoc\u00f3 al Consejo del Salario para fijar el nuevo m\u00ednimo, vital y m\u00f3vil - Diario del Sur","isPartOf":{"@id":"https:\/\/diariodelsurdigital.com.ar\/#website"},"primaryImageOfPage":{"@id":"https:\/\/diariodelsurdigital.com.ar\/?p=2265#primaryimage"},"image":{"@id":"https:\/\/diariodelsurdigital.com.ar\/?p=2265#primaryimage"},"thumbnailUrl":"https:\/\/diariodelsurdigital.com.ar\/wp-content\/uploads\/2025\/04\/md-17.webp","datePublished":"2025-04-24T15:44:21+00:00","dateModified":"2025-04-24T15:44:22+00:00","author":{"@id":"https:\/\/diariodelsurdigital.com.ar\/#\/schema\/person\/1a4992532ed62965c968031b49195c81"},"breadcrumb":{"@id":"https:\/\/diariodelsurdigital.com.ar\/?p=2265#breadcrumb"},"inLanguage":"es","potentialAction":[{"@type":"ReadAction","target":["https:\/\/diariodelsurdigital.com.ar\/?p=2265"]}]},{"@type":"ImageObject","inLanguage":"es","@id":"https:\/\/diariodelsurdigital.com.ar\/?p=2265#primaryimage","url":"https:\/\/diariodelsurdigital.com.ar\/wp-content\/uploads\/2025\/04\/md-17.webp","contentUrl":"https:\/\/diariodelsurdigital.com.ar\/wp-content\/uploads\/2025\/04\/md-17.webp","width":992,"height":557},{"@type":"BreadcrumbList","@id":"https:\/\/diariodelsurdigital.com.ar\/?p=2265#breadcrumb","itemListElement":[{"@type":"ListItem","position":1,"name":"Portada","item":"https:\/\/diariodelsurdigital.com.ar\/"},{"@type":"ListItem","position":2,"name":"Gobierno convoc\u00f3 al Consejo del Salario para fijar el nuevo m\u00ednimo, vital y m\u00f3vil"}]},{"@type":"WebSite","@id":"https:\/\/diariodelsurdigital.com.ar\/#website","url":"https:\/\/diariodelsurdigital.com.ar\/","name":"Diario del Sur","description":"Digital","potentialAction":[{"@type":"SearchAction","target":{"@type":"EntryPoint","urlTemplate":"https:\/\/diariodelsurdigital.com.ar\/?s={search_term_string}"},"query-input":{"@type":"PropertyValueSpecification","valueRequired":true,"valueName":"search_term_string"}}],"inLanguage":"es"},{"@type":"Person","@id":"https:\/\/diariodelsurdigital.com.ar\/#\/schema\/person\/1a4992532ed62965c968031b49195c81","name":"Diario del Sur Digital","image":{"@type":"ImageObject","inLanguage":"es","@id":"https:\/\/secure.gravatar.com\/avatar\/f0c7c47fc7146d19828273b9b8eda651c9c7ab583767e6338d3d3bee825adf76?s=96&d=mm&r=g","url":"https:\/\/secure.gravatar.com\/avatar\/f0c7c47fc7146d19828273b9b8eda651c9c7ab583767e6338d3d3bee825adf76?s=96&d=mm&r=g","contentUrl":"https:\/\/secure.gravatar.com\/avatar\/f0c7c47fc7146d19828273b9b8eda651c9c7ab583767e6338d3d3bee825adf76?s=96&d=mm&r=g","caption":"Diario del Sur Digital"},"url":"https:\/\/diariodelsurdigital.com.ar\/?author=4"}]}},"_links":{"self":[{"href":"https:\/\/diariodelsurdigital.com.ar\/index.php?rest_route=\/wp\/v2\/posts\/2265","targetHints":{"allow":["GET"]}}],"collection":[{"href":"https:\/\/diariodelsurdigital.com.ar\/index.php?rest_route=\/wp\/v2\/posts"}],"about":[{"href":"https:\/\/diariodelsurdigital.com.ar\/index.php?rest_route=\/wp\/v2\/types\/post"}],"author":[{"embeddable":true,"href":"https:\/\/diariodelsurdigital.com.ar\/index.php?rest_route=\/wp\/v2\/users\/4"}],"replies":[{"embeddable":true,"href":"https:\/\/diariodelsurdigital.com.ar\/index.php?rest_route=%2Fwp%2Fv2%2Fcomments&post=2265"}],"version-history":[{"count":1,"href":"https:\/\/diariodelsurdigital.com.ar\/index.php?rest_route=\/wp\/v2\/posts\/2265\/revisions"}],"predecessor-version":[{"id":2267,"href":"https:\/\/diariodelsurdigital.com.ar\/index.php?rest_route=\/wp\/v2\/posts\/2265\/revisions\/2267"}],"wp:featuredmedia":[{"embeddable":true,"href":"https:\/\/diariodelsurdigital.com.ar\/index.php?rest_route=\/wp\/v2\/media\/2266"}],"wp:attachment":[{"href":"https:\/\/diariodelsurdigital.com.ar\/index.php?rest_route=%2Fwp%2Fv2%2Fmedia&parent=2265"}],"wp:term":[{"taxonomy":"category","embeddable":true,"href":"https:\/\/diariodelsurdigital.com.ar\/index.php?rest_route=%2Fwp%2Fv2%2Fcategories&post=2265"},{"taxonomy":"post_tag","embeddable":true,"href":"https:\/\/diariodelsurdigital.com.ar\/index.php?rest_route=%2Fwp%2Fv2%2Ftags&post=2265"}],"curies":[{"name":"wp","href":"https:\/\/api.w.org\/{rel}","templated":true}]}}