{"id":2268,"date":"2025-04-24T12:48:00","date_gmt":"2025-04-24T15:48:00","guid":{"rendered":"https:\/\/diariodelsurdigital.com.ar\/?p=2268"},"modified":"2025-04-24T12:48:01","modified_gmt":"2025-04-24T15:48:01","slug":"municipios-entrerrianos-se-unen-para-reclamar-al-gobernador-por-salto-grande","status":"publish","type":"post","link":"https:\/\/diariodelsurdigital.com.ar\/?p=2268","title":{"rendered":"Municipios entrerrianos se unen para reclamar al gobernador por Salto Grande"},"content":{"rendered":"\n<p>El intendente de Federaci\u00f3n, Ricardo Bravo, recorre municipios del Departamento para sumar apoyos al petitorio dirigido al gobernador Rogelio Frigerio. El reclamo busca una audiencia formal para exigir el reconocimiento y resarcimiento por los impactos sociales y territoriales que dej\u00f3 la construcci\u00f3n de la represa de Salto Grande. Intendentes de Chajar\u00ed, Villa del Rosario y Santa Ana ya han respaldado la iniciativa.<\/p>\n\n\n\n<p>El Presidente Municipal de la ciudad de Federaci\u00f3n Ricardo Bravo, contin\u00faa llevando adelante el reclamo hist\u00f3rico por la reparaci\u00f3n de los da\u00f1os causados por la represa de Salto Grande, y en esta oportunidad, recorri\u00f3 ciudades del departamento Federaci\u00f3n<\/p>\n\n\n\n<p>Estuvo en Chajar\u00ed, donde se reuni\u00f3 con el Intendente Marcelo Borghesan, en Villa del Rosario donde hizo lo propio con la Intendenta Vanina Perini y en Santa Ana, localidad en la que se reuni\u00f3 con el Intendente Rogelio Zanandrea, con el fin de que firmen el petitorio para solicitar una audiencia con el Gobernador Rogelio Frigerio para que acompa\u00f1e esta lucha por la reparaci\u00f3n Hist\u00f3rica y el resarcimiento hist\u00f3rico para las ciudades ribere\u00f1as que han sufrido por la construcci\u00f3n de la Represa de Salto Grande.<\/p>\n\n\n\n<p>Cabe recordar que el Intendente Bravo viene realizando numerosas reuniones y ha logrado que Intendentes de Federaci\u00f3n y de Concordia, y legisladores nacionales y provinciales de diferentes espacios pol\u00edticos pongan su firma en el documento.<\/p>\n\n\n\n<p>\u201cEstamos ac\u00e1 en la ciudad de Chajar\u00ed y tambi\u00e9n hemos llevado el pedido de audiencia a la ciudad de Villa del Rosario, Santa Ana para que firmen este petitorio y poder pedirle al Gobernador de la Provincia que nos acompa\u00f1e en esta lucha que es la reparaci\u00f3n Hist\u00f3rica y el resarcimiento hist\u00f3rico que debemos tener Federaci\u00f3n y algunas ciudades del Departamento, que han sido afectadas por la Represa de Salto Grande\u00bb.<\/p>\n","protected":false},"excerpt":{"rendered":"<p>El intendente de Federaci\u00f3n, Ricardo Bravo, recorre municipios del Departamento para sumar apoyos al petitorio dirigido al gobernador Rogelio Frigerio. El reclamo busca una audiencia formal para exigir el reconocimiento y resarcimiento por los impactos sociales y territoriales que dej\u00f3 la construcci\u00f3n de la represa de Salto Grande. Intendentes de Chajar\u00ed, Villa del Rosario y [&hellip;]<\/p>\n","protected":false},"author":4,"featured_media":2269,"comment_status":"open","ping_status":"open","sticky":false,"template":"","format":"standard","meta":{"footnotes":""},"categories":[17],"tags":[],"class_list":{"0":"post-2268","1":"post","2":"type-post","3":"status-publish","4":"format-standard","5":"has-post-thumbnail","7":"category-provinciales"},"yoast_head":"<!-- This site is optimized with the Yoast SEO plugin v27.4 - https:\/\/yoast.com\/product\/yoast-seo-wordpress\/ -->\n<title>Municipios entrerrianos se unen para reclamar al gobernador por Salto Grande - Diario del Sur<\/title>\n<meta name=\"robots\" content=\"index, follow, max-snippet:-1, max-image-preview:large, max-video-preview:-1\" \/>\n<link rel=\"canonical\" href=\"https:\/\/diariodelsurdigital.com.ar\/?p=2268\" \/>\n<meta property=\"og:locale\" content=\"es_ES\" \/>\n<meta property=\"og:type\" content=\"article\" \/>\n<meta property=\"og:title\" content=\"Municipios entrerrianos se unen para reclamar al gobernador por Salto Grande - Diario del Sur\" \/>\n<meta property=\"og:description\" content=\"El intendente de Federaci\u00f3n, Ricardo Bravo, recorre municipios del Departamento para sumar apoyos al petitorio dirigido al gobernador Rogelio Frigerio. El reclamo busca una audiencia formal para exigir el reconocimiento y resarcimiento por los impactos sociales y territoriales que dej\u00f3 la construcci\u00f3n de la represa de Salto Grande. Intendentes de Chajar\u00ed, Villa del Rosario y [&hellip;]\" \/>\n<meta property=\"og:url\" content=\"https:\/\/diariodelsurdigital.com.ar\/?p=2268\" \/>\n<meta property=\"og:site_name\" content=\"Diario del Sur\" \/>\n<meta property=\"article:published_time\" content=\"2025-04-24T15:48:00+00:00\" \/>\n<meta property=\"article:modified_time\" content=\"2025-04-24T15:48:01+00:00\" \/>\n<meta property=\"og:image\" content=\"https:\/\/diariodelsurdigital.com.ar\/wp-content\/uploads\/2025\/04\/md-18.webp\" \/>\n\t<meta property=\"og:image:width\" content=\"992\" \/>\n\t<meta property=\"og:image:height\" content=\"744\" \/>\n\t<meta property=\"og:image:type\" content=\"image\/webp\" \/>\n<meta name=\"author\" content=\"Diario del Sur Digital\" \/>\n<meta name=\"twitter:card\" content=\"summary_large_image\" \/>\n<meta name=\"twitter:label1\" content=\"Escrito por\" \/>\n\t<meta name=\"twitter:data1\" content=\"Diario del Sur Digital\" \/>\n\t<meta name=\"twitter:label2\" content=\"Tiempo de lectura\" \/>\n\t<meta name=\"twitter:data2\" content=\"2 minutos\" \/>\n<script type=\"application\/ld+json\" class=\"yoast-schema-graph\">{\"@context\":\"https:\\\/\\\/schema.org\",\"@graph\":[{\"@type\":\"Article\",\"@id\":\"https:\\\/\\\/diariodelsurdigital.com.ar\\\/?p=2268#article\",\"isPartOf\":{\"@id\":\"https:\\\/\\\/diariodelsurdigital.com.ar\\\/?p=2268\"},\"author\":{\"name\":\"Diario del Sur Digital\",\"@id\":\"https:\\\/\\\/diariodelsurdigital.com.ar\\\/#\\\/schema\\\/person\\\/1a4992532ed62965c968031b49195c81\"},\"headline\":\"Municipios entrerrianos se unen para reclamar al gobernador por Salto Grande\",\"datePublished\":\"2025-04-24T15:48:00+00:00\",\"dateModified\":\"2025-04-24T15:48:01+00:00\",\"mainEntityOfPage\":{\"@id\":\"https:\\\/\\\/diariodelsurdigital.com.ar\\\/?p=2268\"},\"wordCount\":324,\"commentCount\":0,\"image\":{\"@id\":\"https:\\\/\\\/diariodelsurdigital.com.ar\\\/?p=2268#primaryimage\"},\"thumbnailUrl\":\"https:\\\/\\\/diariodelsurdigital.com.ar\\\/wp-content\\\/uploads\\\/2025\\\/04\\\/md-18.webp\",\"articleSection\":[\"Provinciales\"],\"inLanguage\":\"es\",\"potentialAction\":[{\"@type\":\"CommentAction\",\"name\":\"Comment\",\"target\":[\"https:\\\/\\\/diariodelsurdigital.com.ar\\\/?p=2268#respond\"]}]},{\"@type\":\"WebPage\",\"@id\":\"https:\\\/\\\/diariodelsurdigital.com.ar\\\/?p=2268\",\"url\":\"https:\\\/\\\/diariodelsurdigital.com.ar\\\/?p=2268\",\"name\":\"Municipios entrerrianos se unen para reclamar al gobernador por Salto Grande - Diario del Sur\",\"isPartOf\":{\"@id\":\"https:\\\/\\\/diariodelsurdigital.com.ar\\\/#website\"},\"primaryImageOfPage\":{\"@id\":\"https:\\\/\\\/diariodelsurdigital.com.ar\\\/?p=2268#primaryimage\"},\"image\":{\"@id\":\"https:\\\/\\\/diariodelsurdigital.com.ar\\\/?p=2268#primaryimage\"},\"thumbnailUrl\":\"https:\\\/\\\/diariodelsurdigital.com.ar\\\/wp-content\\\/uploads\\\/2025\\\/04\\\/md-18.webp\",\"datePublished\":\"2025-04-24T15:48:00+00:00\",\"dateModified\":\"2025-04-24T15:48:01+00:00\",\"author\":{\"@id\":\"https:\\\/\\\/diariodelsurdigital.com.ar\\\/#\\\/schema\\\/person\\\/1a4992532ed62965c968031b49195c81\"},\"breadcrumb\":{\"@id\":\"https:\\\/\\\/diariodelsurdigital.com.ar\\\/?p=2268#breadcrumb\"},\"inLanguage\":\"es\",\"potentialAction\":[{\"@type\":\"ReadAction\",\"target\":[\"https:\\\/\\\/diariodelsurdigital.com.ar\\\/?p=2268\"]}]},{\"@type\":\"ImageObject\",\"inLanguage\":\"es\",\"@id\":\"https:\\\/\\\/diariodelsurdigital.com.ar\\\/?p=2268#primaryimage\",\"url\":\"https:\\\/\\\/diariodelsurdigital.com.ar\\\/wp-content\\\/uploads\\\/2025\\\/04\\\/md-18.webp\",\"contentUrl\":\"https:\\\/\\\/diariodelsurdigital.com.ar\\\/wp-content\\\/uploads\\\/2025\\\/04\\\/md-18.webp\",\"width\":992,\"height\":744},{\"@type\":\"BreadcrumbList\",\"@id\":\"https:\\\/\\\/diariodelsurdigital.com.ar\\\/?p=2268#breadcrumb\",\"itemListElement\":[{\"@type\":\"ListItem\",\"position\":1,\"name\":\"Portada\",\"item\":\"https:\\\/\\\/diariodelsurdigital.com.ar\\\/\"},{\"@type\":\"ListItem\",\"position\":2,\"name\":\"Municipios entrerrianos se unen para reclamar al gobernador por Salto Grande\"}]},{\"@type\":\"WebSite\",\"@id\":\"https:\\\/\\\/diariodelsurdigital.com.ar\\\/#website\",\"url\":\"https:\\\/\\\/diariodelsurdigital.com.ar\\\/\",\"name\":\"Diario del Sur\",\"description\":\"Digital\",\"potentialAction\":[{\"@type\":\"SearchAction\",\"target\":{\"@type\":\"EntryPoint\",\"urlTemplate\":\"https:\\\/\\\/diariodelsurdigital.com.ar\\\/?s={search_term_string}\"},\"query-input\":{\"@type\":\"PropertyValueSpecification\",\"valueRequired\":true,\"valueName\":\"search_term_string\"}}],\"inLanguage\":\"es\"},{\"@type\":\"Person\",\"@id\":\"https:\\\/\\\/diariodelsurdigital.com.ar\\\/#\\\/schema\\\/person\\\/1a4992532ed62965c968031b49195c81\",\"name\":\"Diario del Sur Digital\",\"image\":{\"@type\":\"ImageObject\",\"inLanguage\":\"es\",\"@id\":\"https:\\\/\\\/secure.gravatar.com\\\/avatar\\\/f0c7c47fc7146d19828273b9b8eda651c9c7ab583767e6338d3d3bee825adf76?s=96&d=mm&r=g\",\"url\":\"https:\\\/\\\/secure.gravatar.com\\\/avatar\\\/f0c7c47fc7146d19828273b9b8eda651c9c7ab583767e6338d3d3bee825adf76?s=96&d=mm&r=g\",\"contentUrl\":\"https:\\\/\\\/secure.gravatar.com\\\/avatar\\\/f0c7c47fc7146d19828273b9b8eda651c9c7ab583767e6338d3d3bee825adf76?s=96&d=mm&r=g\",\"caption\":\"Diario del Sur Digital\"},\"url\":\"https:\\\/\\\/diariodelsurdigital.com.ar\\\/?author=4\"}]}<\/script>\n<!-- \/ Yoast SEO plugin. -->","yoast_head_json":{"title":"Municipios entrerrianos se unen para reclamar al gobernador por Salto Grande - Diario del Sur","robots":{"index":"index","follow":"follow","max-snippet":"max-snippet:-1","max-image-preview":"max-image-preview:large","max-video-preview":"max-video-preview:-1"},"canonical":"https:\/\/diariodelsurdigital.com.ar\/?p=2268","og_locale":"es_ES","og_type":"article","og_title":"Municipios entrerrianos se unen para reclamar al gobernador por Salto Grande - Diario del Sur","og_description":"El intendente de Federaci\u00f3n, Ricardo Bravo, recorre municipios del Departamento para sumar apoyos al petitorio dirigido al gobernador Rogelio Frigerio. El reclamo busca una audiencia formal para exigir el reconocimiento y resarcimiento por los impactos sociales y territoriales que dej\u00f3 la construcci\u00f3n de la represa de Salto Grande. Intendentes de Chajar\u00ed, Villa del Rosario y [&hellip;]","og_url":"https:\/\/diariodelsurdigital.com.ar\/?p=2268","og_site_name":"Diario del Sur","article_published_time":"2025-04-24T15:48:00+00:00","article_modified_time":"2025-04-24T15:48:01+00:00","og_image":[{"width":992,"height":744,"url":"https:\/\/diariodelsurdigital.com.ar\/wp-content\/uploads\/2025\/04\/md-18.webp","type":"image\/webp"}],"author":"Diario del Sur Digital","twitter_card":"summary_large_image","twitter_misc":{"Escrito por":"Diario del Sur Digital","Tiempo de lectura":"2 minutos"},"schema":{"@context":"https:\/\/schema.org","@graph":[{"@type":"Article","@id":"https:\/\/diariodelsurdigital.com.ar\/?p=2268#article","isPartOf":{"@id":"https:\/\/diariodelsurdigital.com.ar\/?p=2268"},"author":{"name":"Diario del Sur Digital","@id":"https:\/\/diariodelsurdigital.com.ar\/#\/schema\/person\/1a4992532ed62965c968031b49195c81"},"headline":"Municipios entrerrianos se unen para reclamar al gobernador por Salto Grande","datePublished":"2025-04-24T15:48:00+00:00","dateModified":"2025-04-24T15:48:01+00:00","mainEntityOfPage":{"@id":"https:\/\/diariodelsurdigital.com.ar\/?p=2268"},"wordCount":324,"commentCount":0,"image":{"@id":"https:\/\/diariodelsurdigital.com.ar\/?p=2268#primaryimage"},"thumbnailUrl":"https:\/\/diariodelsurdigital.com.ar\/wp-content\/uploads\/2025\/04\/md-18.webp","articleSection":["Provinciales"],"inLanguage":"es","potentialAction":[{"@type":"CommentAction","name":"Comment","target":["https:\/\/diariodelsurdigital.com.ar\/?p=2268#respond"]}]},{"@type":"WebPage","@id":"https:\/\/diariodelsurdigital.com.ar\/?p=2268","url":"https:\/\/diariodelsurdigital.com.ar\/?p=2268","name":"Municipios entrerrianos se unen para reclamar al gobernador por Salto Grande - Diario del Sur","isPartOf":{"@id":"https:\/\/diariodelsurdigital.com.ar\/#website"},"primaryImageOfPage":{"@id":"https:\/\/diariodelsurdigital.com.ar\/?p=2268#primaryimage"},"image":{"@id":"https:\/\/diariodelsurdigital.com.ar\/?p=2268#primaryimage"},"thumbnailUrl":"https:\/\/diariodelsurdigital.com.ar\/wp-content\/uploads\/2025\/04\/md-18.webp","datePublished":"2025-04-24T15:48:00+00:00","dateModified":"2025-04-24T15:48:01+00:00","author":{"@id":"https:\/\/diariodelsurdigital.com.ar\/#\/schema\/person\/1a4992532ed62965c968031b49195c81"},"breadcrumb":{"@id":"https:\/\/diariodelsurdigital.com.ar\/?p=2268#breadcrumb"},"inLanguage":"es","potentialAction":[{"@type":"ReadAction","target":["https:\/\/diariodelsurdigital.com.ar\/?p=2268"]}]},{"@type":"ImageObject","inLanguage":"es","@id":"https:\/\/diariodelsurdigital.com.ar\/?p=2268#primaryimage","url":"https:\/\/diariodelsurdigital.com.ar\/wp-content\/uploads\/2025\/04\/md-18.webp","contentUrl":"https:\/\/diariodelsurdigital.com.ar\/wp-content\/uploads\/2025\/04\/md-18.webp","width":992,"height":744},{"@type":"BreadcrumbList","@id":"https:\/\/diariodelsurdigital.com.ar\/?p=2268#breadcrumb","itemListElement":[{"@type":"ListItem","position":1,"name":"Portada","item":"https:\/\/diariodelsurdigital.com.ar\/"},{"@type":"ListItem","position":2,"name":"Municipios entrerrianos se unen para reclamar al gobernador por Salto Grande"}]},{"@type":"WebSite","@id":"https:\/\/diariodelsurdigital.com.ar\/#website","url":"https:\/\/diariodelsurdigital.com.ar\/","name":"Diario del Sur","description":"Digital","potentialAction":[{"@type":"SearchAction","target":{"@type":"EntryPoint","urlTemplate":"https:\/\/diariodelsurdigital.com.ar\/?s={search_term_string}"},"query-input":{"@type":"PropertyValueSpecification","valueRequired":true,"valueName":"search_term_string"}}],"inLanguage":"es"},{"@type":"Person","@id":"https:\/\/diariodelsurdigital.com.ar\/#\/schema\/person\/1a4992532ed62965c968031b49195c81","name":"Diario del Sur Digital","image":{"@type":"ImageObject","inLanguage":"es","@id":"https:\/\/secure.gravatar.com\/avatar\/f0c7c47fc7146d19828273b9b8eda651c9c7ab583767e6338d3d3bee825adf76?s=96&d=mm&r=g","url":"https:\/\/secure.gravatar.com\/avatar\/f0c7c47fc7146d19828273b9b8eda651c9c7ab583767e6338d3d3bee825adf76?s=96&d=mm&r=g","contentUrl":"https:\/\/secure.gravatar.com\/avatar\/f0c7c47fc7146d19828273b9b8eda651c9c7ab583767e6338d3d3bee825adf76?s=96&d=mm&r=g","caption":"Diario del Sur Digital"},"url":"https:\/\/diariodelsurdigital.com.ar\/?author=4"}]}},"_links":{"self":[{"href":"https:\/\/diariodelsurdigital.com.ar\/index.php?rest_route=\/wp\/v2\/posts\/2268","targetHints":{"allow":["GET"]}}],"collection":[{"href":"https:\/\/diariodelsurdigital.com.ar\/index.php?rest_route=\/wp\/v2\/posts"}],"about":[{"href":"https:\/\/diariodelsurdigital.com.ar\/index.php?rest_route=\/wp\/v2\/types\/post"}],"author":[{"embeddable":true,"href":"https:\/\/diariodelsurdigital.com.ar\/index.php?rest_route=\/wp\/v2\/users\/4"}],"replies":[{"embeddable":true,"href":"https:\/\/diariodelsurdigital.com.ar\/index.php?rest_route=%2Fwp%2Fv2%2Fcomments&post=2268"}],"version-history":[{"count":1,"href":"https:\/\/diariodelsurdigital.com.ar\/index.php?rest_route=\/wp\/v2\/posts\/2268\/revisions"}],"predecessor-version":[{"id":2270,"href":"https:\/\/diariodelsurdigital.com.ar\/index.php?rest_route=\/wp\/v2\/posts\/2268\/revisions\/2270"}],"wp:featuredmedia":[{"embeddable":true,"href":"https:\/\/diariodelsurdigital.com.ar\/index.php?rest_route=\/wp\/v2\/media\/2269"}],"wp:attachment":[{"href":"https:\/\/diariodelsurdigital.com.ar\/index.php?rest_route=%2Fwp%2Fv2%2Fmedia&parent=2268"}],"wp:term":[{"taxonomy":"category","embeddable":true,"href":"https:\/\/diariodelsurdigital.com.ar\/index.php?rest_route=%2Fwp%2Fv2%2Fcategories&post=2268"},{"taxonomy":"post_tag","embeddable":true,"href":"https:\/\/diariodelsurdigital.com.ar\/index.php?rest_route=%2Fwp%2Fv2%2Ftags&post=2268"}],"curies":[{"name":"wp","href":"https:\/\/api.w.org\/{rel}","templated":true}]}}