{"id":2271,"date":"2025-04-24T12:50:52","date_gmt":"2025-04-24T15:50:52","guid":{"rendered":"https:\/\/diariodelsurdigital.com.ar\/?p=2271"},"modified":"2025-04-24T12:50:53","modified_gmt":"2025-04-24T15:50:53","slug":"500-dias-de-milei-inflacion-record-deuda-creciente-y-una-argentina-cada-vez-mas-desigual","status":"publish","type":"post","link":"https:\/\/diariodelsurdigital.com.ar\/?p=2271","title":{"rendered":"500 d\u00edas de Milei: inflaci\u00f3n r\u00e9cord, deuda creciente y una Argentina cada vez m\u00e1s desigual"},"content":{"rendered":"\n<p>Ca\u00edda del poder adquisitivo y recortes en jubilaciones y salarios marcan una etapa cr\u00edtica para las familias argentinas.<\/p>\n\n\n\n<p>Un informe del Centro Estrat\u00e9gico Latinoamericano de Geopol\u00edtica (CELAG) revela el balance econ\u00f3mico y social de la gesti\u00f3n de Javier Milei. La inflaci\u00f3n acumulada del 196%, la devaluaci\u00f3n acelerada y la p\u00e9rdida de poder adquisitivo marcan un per\u00edodo de fuerte deterioro para los hogares argentinos.<\/p>\n\n\n\n<p>El gobierno de Javier Milei cumple 500 d\u00edas en el poder y los n\u00fameros cuentan una historia inc\u00f3moda para la Casa Rosada.<\/p>\n\n\n\n<p>Lejos de la motosierra prometida para eliminar privilegios de la \u00abcasta pol\u00edtica\u00bb, los recortes recayeron sobre los salarios, las jubilaciones y el consumo popular. As\u00ed lo confirma un reciente informe del CELAG, que traz\u00f3 un balance econ\u00f3mico y social de este a\u00f1o y medio de administraci\u00f3n libertaria.<\/p>\n\n\n\n<p>Inflaci\u00f3n y devaluaci\u00f3n: los precios no dieron tregua<\/p>\n\n\n\n<p>Desde diciembre de 2023, la inflaci\u00f3n acumulada alcanz\u00f3 el 196,6%. En ese mismo per\u00edodo, el d\u00f3lar oficial salt\u00f3 de 391 a 1.114 pesos. El impacto no tard\u00f3 en sentirse en la mesa familiar: el consumo de carne cay\u00f3 de 53,3 a 44,8 kilos per c\u00e1pita anuales y el de leche baj\u00f3 de 192 a 171 litros, seg\u00fan datos oficiales.<\/p>\n\n\n\n<p>El costo de la nafta en YPF se multiplic\u00f3 casi por cuatro en la Ciudad de Buenos Aires y la crianza de un chico de entre 6 y 12 a\u00f1os cuesta hoy un 145% m\u00e1s que hace 500 d\u00edas. Para los jubilados, la situaci\u00f3n se agrav\u00f3: la jubilaci\u00f3n m\u00ednima, que antes cubr\u00eda 1,24 canastas b\u00e1sicas, ahora apenas alcanza para 0,98. Los precios subieron y los ingresos quedaron atr\u00e1s.<\/p>\n\n\n\n<p>Econom\u00eda en ca\u00edda: menos producci\u00f3n, menos empleo, menos consumo<\/p>\n\n\n\n<p>El Producto Bruto Interno se redujo de 714.464 a 702.181 millones de pesos, mientras que la actividad industrial cay\u00f3 un 14%. La inversi\u00f3n, medida como porcentaje del PBI, pas\u00f3 de 18,6% a 15,8%. La construcci\u00f3n perdi\u00f3 un 20% de su volumen, y la producci\u00f3n de autos se desplom\u00f3 en m\u00e1s de 100 mil unidades.<\/p>\n\n\n\n<p>En el mercado laboral, se destruyeron m\u00e1s de 100 mil empleos privados registrados y la cantidad de empresas con trabajadores en blanco cay\u00f3 de 512.357 a 499.371. Las ventas minoristas de pymes retrocedieron un 4,7% y el turismo de verano, que hist\u00f3ricamente oxigena a muchas localidades, se contrajo un 17%.<\/p>\n\n\n\n<p>Deuda en alza y ajuste sin castigo a \u00abla casta\u00bb<\/p>\n\n\n\n<p>En estos 500 d\u00edas, la deuda p\u00fablica bruta creci\u00f3 de 370.664 a 473.557 millones de d\u00f3lares. Adem\u00e1s, el Gobierno acord\u00f3 un nuevo pr\u00e9stamo con el FMI por 20.000 millones. Mientras tanto, las tarifas de servicios p\u00fablicos pasaron de representar el 5,9% al 10,3% del salario promedio, y los medicamentos para adultos mayores aumentaron un 158%.<\/p>\n\n\n\n<p>El discurso de la libertad convive con una econom\u00eda m\u00e1s desigual y un ajuste que no toc\u00f3 a los sectores privilegiados. Milei llega a los 500 d\u00edas con un pa\u00eds m\u00e1s endeudado, con menos derechos y una crisis social que empieza a sentirse en cada barrio, public\u00f3 P\u00e1gina 12.<\/p>\n","protected":false},"excerpt":{"rendered":"<p>Ca\u00edda del poder adquisitivo y recortes en jubilaciones y salarios marcan una etapa cr\u00edtica para las familias argentinas. Un informe del Centro Estrat\u00e9gico Latinoamericano de Geopol\u00edtica (CELAG) revela el balance econ\u00f3mico y social de la gesti\u00f3n de Javier Milei. La inflaci\u00f3n acumulada del 196%, la devaluaci\u00f3n acelerada y la p\u00e9rdida de poder adquisitivo marcan un [&hellip;]<\/p>\n","protected":false},"author":4,"featured_media":2272,"comment_status":"open","ping_status":"open","sticky":false,"template":"","format":"standard","meta":{"footnotes":""},"categories":[18,22],"tags":[],"class_list":{"0":"post-2271","1":"post","2":"type-post","3":"status-publish","4":"format-standard","5":"has-post-thumbnail","7":"category-nacionales","8":"category-politica"},"yoast_head":"<!-- This site is optimized with the Yoast SEO plugin v27.4 - https:\/\/yoast.com\/product\/yoast-seo-wordpress\/ -->\n<title>500 d\u00edas de Milei: inflaci\u00f3n r\u00e9cord, deuda creciente y una Argentina cada vez m\u00e1s desigual - Diario del Sur<\/title>\n<meta name=\"robots\" content=\"index, follow, max-snippet:-1, max-image-preview:large, max-video-preview:-1\" \/>\n<link rel=\"canonical\" href=\"https:\/\/diariodelsurdigital.com.ar\/?p=2271\" \/>\n<meta property=\"og:locale\" content=\"es_ES\" \/>\n<meta property=\"og:type\" content=\"article\" \/>\n<meta property=\"og:title\" content=\"500 d\u00edas de Milei: inflaci\u00f3n r\u00e9cord, deuda creciente y una Argentina cada vez m\u00e1s desigual - Diario del Sur\" \/>\n<meta property=\"og:description\" content=\"Ca\u00edda del poder adquisitivo y recortes en jubilaciones y salarios marcan una etapa cr\u00edtica para las familias argentinas. Un informe del Centro Estrat\u00e9gico Latinoamericano de Geopol\u00edtica (CELAG) revela el balance econ\u00f3mico y social de la gesti\u00f3n de Javier Milei. La inflaci\u00f3n acumulada del 196%, la devaluaci\u00f3n acelerada y la p\u00e9rdida de poder adquisitivo marcan un [&hellip;]\" \/>\n<meta property=\"og:url\" content=\"https:\/\/diariodelsurdigital.com.ar\/?p=2271\" \/>\n<meta property=\"og:site_name\" content=\"Diario del Sur\" \/>\n<meta property=\"article:published_time\" content=\"2025-04-24T15:50:52+00:00\" \/>\n<meta property=\"article:modified_time\" content=\"2025-04-24T15:50:53+00:00\" \/>\n<meta property=\"og:image\" content=\"https:\/\/diariodelsurdigital.com.ar\/wp-content\/uploads\/2025\/04\/md-19.webp\" \/>\n\t<meta property=\"og:image:width\" content=\"992\" \/>\n\t<meta property=\"og:image:height\" content=\"661\" \/>\n\t<meta property=\"og:image:type\" content=\"image\/webp\" \/>\n<meta name=\"author\" content=\"Diario del Sur Digital\" \/>\n<meta name=\"twitter:card\" content=\"summary_large_image\" \/>\n<meta name=\"twitter:label1\" content=\"Escrito por\" \/>\n\t<meta name=\"twitter:data1\" content=\"Diario del Sur Digital\" \/>\n\t<meta name=\"twitter:label2\" content=\"Tiempo de lectura\" \/>\n\t<meta name=\"twitter:data2\" content=\"3 minutos\" \/>\n<script type=\"application\/ld+json\" class=\"yoast-schema-graph\">{\"@context\":\"https:\\\/\\\/schema.org\",\"@graph\":[{\"@type\":\"Article\",\"@id\":\"https:\\\/\\\/diariodelsurdigital.com.ar\\\/?p=2271#article\",\"isPartOf\":{\"@id\":\"https:\\\/\\\/diariodelsurdigital.com.ar\\\/?p=2271\"},\"author\":{\"name\":\"Diario del Sur Digital\",\"@id\":\"https:\\\/\\\/diariodelsurdigital.com.ar\\\/#\\\/schema\\\/person\\\/1a4992532ed62965c968031b49195c81\"},\"headline\":\"500 d\u00edas de Milei: inflaci\u00f3n r\u00e9cord, deuda creciente y una Argentina cada vez m\u00e1s desigual\",\"datePublished\":\"2025-04-24T15:50:52+00:00\",\"dateModified\":\"2025-04-24T15:50:53+00:00\",\"mainEntityOfPage\":{\"@id\":\"https:\\\/\\\/diariodelsurdigital.com.ar\\\/?p=2271\"},\"wordCount\":529,\"commentCount\":0,\"image\":{\"@id\":\"https:\\\/\\\/diariodelsurdigital.com.ar\\\/?p=2271#primaryimage\"},\"thumbnailUrl\":\"https:\\\/\\\/diariodelsurdigital.com.ar\\\/wp-content\\\/uploads\\\/2025\\\/04\\\/md-19.webp\",\"articleSection\":[\"Nacionales\",\"Pol\u00edtica\"],\"inLanguage\":\"es\",\"potentialAction\":[{\"@type\":\"CommentAction\",\"name\":\"Comment\",\"target\":[\"https:\\\/\\\/diariodelsurdigital.com.ar\\\/?p=2271#respond\"]}]},{\"@type\":\"WebPage\",\"@id\":\"https:\\\/\\\/diariodelsurdigital.com.ar\\\/?p=2271\",\"url\":\"https:\\\/\\\/diariodelsurdigital.com.ar\\\/?p=2271\",\"name\":\"500 d\u00edas de Milei: inflaci\u00f3n r\u00e9cord, deuda creciente y una Argentina cada vez m\u00e1s desigual - Diario del Sur\",\"isPartOf\":{\"@id\":\"https:\\\/\\\/diariodelsurdigital.com.ar\\\/#website\"},\"primaryImageOfPage\":{\"@id\":\"https:\\\/\\\/diariodelsurdigital.com.ar\\\/?p=2271#primaryimage\"},\"image\":{\"@id\":\"https:\\\/\\\/diariodelsurdigital.com.ar\\\/?p=2271#primaryimage\"},\"thumbnailUrl\":\"https:\\\/\\\/diariodelsurdigital.com.ar\\\/wp-content\\\/uploads\\\/2025\\\/04\\\/md-19.webp\",\"datePublished\":\"2025-04-24T15:50:52+00:00\",\"dateModified\":\"2025-04-24T15:50:53+00:00\",\"author\":{\"@id\":\"https:\\\/\\\/diariodelsurdigital.com.ar\\\/#\\\/schema\\\/person\\\/1a4992532ed62965c968031b49195c81\"},\"breadcrumb\":{\"@id\":\"https:\\\/\\\/diariodelsurdigital.com.ar\\\/?p=2271#breadcrumb\"},\"inLanguage\":\"es\",\"potentialAction\":[{\"@type\":\"ReadAction\",\"target\":[\"https:\\\/\\\/diariodelsurdigital.com.ar\\\/?p=2271\"]}]},{\"@type\":\"ImageObject\",\"inLanguage\":\"es\",\"@id\":\"https:\\\/\\\/diariodelsurdigital.com.ar\\\/?p=2271#primaryimage\",\"url\":\"https:\\\/\\\/diariodelsurdigital.com.ar\\\/wp-content\\\/uploads\\\/2025\\\/04\\\/md-19.webp\",\"contentUrl\":\"https:\\\/\\\/diariodelsurdigital.com.ar\\\/wp-content\\\/uploads\\\/2025\\\/04\\\/md-19.webp\",\"width\":992,\"height\":661},{\"@type\":\"BreadcrumbList\",\"@id\":\"https:\\\/\\\/diariodelsurdigital.com.ar\\\/?p=2271#breadcrumb\",\"itemListElement\":[{\"@type\":\"ListItem\",\"position\":1,\"name\":\"Portada\",\"item\":\"https:\\\/\\\/diariodelsurdigital.com.ar\\\/\"},{\"@type\":\"ListItem\",\"position\":2,\"name\":\"500 d\u00edas de Milei: inflaci\u00f3n r\u00e9cord, deuda creciente y una Argentina cada vez m\u00e1s desigual\"}]},{\"@type\":\"WebSite\",\"@id\":\"https:\\\/\\\/diariodelsurdigital.com.ar\\\/#website\",\"url\":\"https:\\\/\\\/diariodelsurdigital.com.ar\\\/\",\"name\":\"Diario del Sur\",\"description\":\"Digital\",\"potentialAction\":[{\"@type\":\"SearchAction\",\"target\":{\"@type\":\"EntryPoint\",\"urlTemplate\":\"https:\\\/\\\/diariodelsurdigital.com.ar\\\/?s={search_term_string}\"},\"query-input\":{\"@type\":\"PropertyValueSpecification\",\"valueRequired\":true,\"valueName\":\"search_term_string\"}}],\"inLanguage\":\"es\"},{\"@type\":\"Person\",\"@id\":\"https:\\\/\\\/diariodelsurdigital.com.ar\\\/#\\\/schema\\\/person\\\/1a4992532ed62965c968031b49195c81\",\"name\":\"Diario del Sur Digital\",\"image\":{\"@type\":\"ImageObject\",\"inLanguage\":\"es\",\"@id\":\"https:\\\/\\\/secure.gravatar.com\\\/avatar\\\/f0c7c47fc7146d19828273b9b8eda651c9c7ab583767e6338d3d3bee825adf76?s=96&d=mm&r=g\",\"url\":\"https:\\\/\\\/secure.gravatar.com\\\/avatar\\\/f0c7c47fc7146d19828273b9b8eda651c9c7ab583767e6338d3d3bee825adf76?s=96&d=mm&r=g\",\"contentUrl\":\"https:\\\/\\\/secure.gravatar.com\\\/avatar\\\/f0c7c47fc7146d19828273b9b8eda651c9c7ab583767e6338d3d3bee825adf76?s=96&d=mm&r=g\",\"caption\":\"Diario del Sur Digital\"},\"url\":\"https:\\\/\\\/diariodelsurdigital.com.ar\\\/?author=4\"}]}<\/script>\n<!-- \/ Yoast SEO plugin. -->","yoast_head_json":{"title":"500 d\u00edas de Milei: inflaci\u00f3n r\u00e9cord, deuda creciente y una Argentina cada vez m\u00e1s desigual - Diario del Sur","robots":{"index":"index","follow":"follow","max-snippet":"max-snippet:-1","max-image-preview":"max-image-preview:large","max-video-preview":"max-video-preview:-1"},"canonical":"https:\/\/diariodelsurdigital.com.ar\/?p=2271","og_locale":"es_ES","og_type":"article","og_title":"500 d\u00edas de Milei: inflaci\u00f3n r\u00e9cord, deuda creciente y una Argentina cada vez m\u00e1s desigual - Diario del Sur","og_description":"Ca\u00edda del poder adquisitivo y recortes en jubilaciones y salarios marcan una etapa cr\u00edtica para las familias argentinas. Un informe del Centro Estrat\u00e9gico Latinoamericano de Geopol\u00edtica (CELAG) revela el balance econ\u00f3mico y social de la gesti\u00f3n de Javier Milei. La inflaci\u00f3n acumulada del 196%, la devaluaci\u00f3n acelerada y la p\u00e9rdida de poder adquisitivo marcan un [&hellip;]","og_url":"https:\/\/diariodelsurdigital.com.ar\/?p=2271","og_site_name":"Diario del Sur","article_published_time":"2025-04-24T15:50:52+00:00","article_modified_time":"2025-04-24T15:50:53+00:00","og_image":[{"width":992,"height":661,"url":"https:\/\/diariodelsurdigital.com.ar\/wp-content\/uploads\/2025\/04\/md-19.webp","type":"image\/webp"}],"author":"Diario del Sur Digital","twitter_card":"summary_large_image","twitter_misc":{"Escrito por":"Diario del Sur Digital","Tiempo de lectura":"3 minutos"},"schema":{"@context":"https:\/\/schema.org","@graph":[{"@type":"Article","@id":"https:\/\/diariodelsurdigital.com.ar\/?p=2271#article","isPartOf":{"@id":"https:\/\/diariodelsurdigital.com.ar\/?p=2271"},"author":{"name":"Diario del Sur Digital","@id":"https:\/\/diariodelsurdigital.com.ar\/#\/schema\/person\/1a4992532ed62965c968031b49195c81"},"headline":"500 d\u00edas de Milei: inflaci\u00f3n r\u00e9cord, deuda creciente y una Argentina cada vez m\u00e1s desigual","datePublished":"2025-04-24T15:50:52+00:00","dateModified":"2025-04-24T15:50:53+00:00","mainEntityOfPage":{"@id":"https:\/\/diariodelsurdigital.com.ar\/?p=2271"},"wordCount":529,"commentCount":0,"image":{"@id":"https:\/\/diariodelsurdigital.com.ar\/?p=2271#primaryimage"},"thumbnailUrl":"https:\/\/diariodelsurdigital.com.ar\/wp-content\/uploads\/2025\/04\/md-19.webp","articleSection":["Nacionales","Pol\u00edtica"],"inLanguage":"es","potentialAction":[{"@type":"CommentAction","name":"Comment","target":["https:\/\/diariodelsurdigital.com.ar\/?p=2271#respond"]}]},{"@type":"WebPage","@id":"https:\/\/diariodelsurdigital.com.ar\/?p=2271","url":"https:\/\/diariodelsurdigital.com.ar\/?p=2271","name":"500 d\u00edas de Milei: inflaci\u00f3n r\u00e9cord, deuda creciente y una Argentina cada vez m\u00e1s desigual - Diario del Sur","isPartOf":{"@id":"https:\/\/diariodelsurdigital.com.ar\/#website"},"primaryImageOfPage":{"@id":"https:\/\/diariodelsurdigital.com.ar\/?p=2271#primaryimage"},"image":{"@id":"https:\/\/diariodelsurdigital.com.ar\/?p=2271#primaryimage"},"thumbnailUrl":"https:\/\/diariodelsurdigital.com.ar\/wp-content\/uploads\/2025\/04\/md-19.webp","datePublished":"2025-04-24T15:50:52+00:00","dateModified":"2025-04-24T15:50:53+00:00","author":{"@id":"https:\/\/diariodelsurdigital.com.ar\/#\/schema\/person\/1a4992532ed62965c968031b49195c81"},"breadcrumb":{"@id":"https:\/\/diariodelsurdigital.com.ar\/?p=2271#breadcrumb"},"inLanguage":"es","potentialAction":[{"@type":"ReadAction","target":["https:\/\/diariodelsurdigital.com.ar\/?p=2271"]}]},{"@type":"ImageObject","inLanguage":"es","@id":"https:\/\/diariodelsurdigital.com.ar\/?p=2271#primaryimage","url":"https:\/\/diariodelsurdigital.com.ar\/wp-content\/uploads\/2025\/04\/md-19.webp","contentUrl":"https:\/\/diariodelsurdigital.com.ar\/wp-content\/uploads\/2025\/04\/md-19.webp","width":992,"height":661},{"@type":"BreadcrumbList","@id":"https:\/\/diariodelsurdigital.com.ar\/?p=2271#breadcrumb","itemListElement":[{"@type":"ListItem","position":1,"name":"Portada","item":"https:\/\/diariodelsurdigital.com.ar\/"},{"@type":"ListItem","position":2,"name":"500 d\u00edas de Milei: inflaci\u00f3n r\u00e9cord, deuda creciente y una Argentina cada vez m\u00e1s desigual"}]},{"@type":"WebSite","@id":"https:\/\/diariodelsurdigital.com.ar\/#website","url":"https:\/\/diariodelsurdigital.com.ar\/","name":"Diario del Sur","description":"Digital","potentialAction":[{"@type":"SearchAction","target":{"@type":"EntryPoint","urlTemplate":"https:\/\/diariodelsurdigital.com.ar\/?s={search_term_string}"},"query-input":{"@type":"PropertyValueSpecification","valueRequired":true,"valueName":"search_term_string"}}],"inLanguage":"es"},{"@type":"Person","@id":"https:\/\/diariodelsurdigital.com.ar\/#\/schema\/person\/1a4992532ed62965c968031b49195c81","name":"Diario del Sur Digital","image":{"@type":"ImageObject","inLanguage":"es","@id":"https:\/\/secure.gravatar.com\/avatar\/f0c7c47fc7146d19828273b9b8eda651c9c7ab583767e6338d3d3bee825adf76?s=96&d=mm&r=g","url":"https:\/\/secure.gravatar.com\/avatar\/f0c7c47fc7146d19828273b9b8eda651c9c7ab583767e6338d3d3bee825adf76?s=96&d=mm&r=g","contentUrl":"https:\/\/secure.gravatar.com\/avatar\/f0c7c47fc7146d19828273b9b8eda651c9c7ab583767e6338d3d3bee825adf76?s=96&d=mm&r=g","caption":"Diario del Sur Digital"},"url":"https:\/\/diariodelsurdigital.com.ar\/?author=4"}]}},"_links":{"self":[{"href":"https:\/\/diariodelsurdigital.com.ar\/index.php?rest_route=\/wp\/v2\/posts\/2271","targetHints":{"allow":["GET"]}}],"collection":[{"href":"https:\/\/diariodelsurdigital.com.ar\/index.php?rest_route=\/wp\/v2\/posts"}],"about":[{"href":"https:\/\/diariodelsurdigital.com.ar\/index.php?rest_route=\/wp\/v2\/types\/post"}],"author":[{"embeddable":true,"href":"https:\/\/diariodelsurdigital.com.ar\/index.php?rest_route=\/wp\/v2\/users\/4"}],"replies":[{"embeddable":true,"href":"https:\/\/diariodelsurdigital.com.ar\/index.php?rest_route=%2Fwp%2Fv2%2Fcomments&post=2271"}],"version-history":[{"count":1,"href":"https:\/\/diariodelsurdigital.com.ar\/index.php?rest_route=\/wp\/v2\/posts\/2271\/revisions"}],"predecessor-version":[{"id":2273,"href":"https:\/\/diariodelsurdigital.com.ar\/index.php?rest_route=\/wp\/v2\/posts\/2271\/revisions\/2273"}],"wp:featuredmedia":[{"embeddable":true,"href":"https:\/\/diariodelsurdigital.com.ar\/index.php?rest_route=\/wp\/v2\/media\/2272"}],"wp:attachment":[{"href":"https:\/\/diariodelsurdigital.com.ar\/index.php?rest_route=%2Fwp%2Fv2%2Fmedia&parent=2271"}],"wp:term":[{"taxonomy":"category","embeddable":true,"href":"https:\/\/diariodelsurdigital.com.ar\/index.php?rest_route=%2Fwp%2Fv2%2Fcategories&post=2271"},{"taxonomy":"post_tag","embeddable":true,"href":"https:\/\/diariodelsurdigital.com.ar\/index.php?rest_route=%2Fwp%2Fv2%2Ftags&post=2271"}],"curies":[{"name":"wp","href":"https:\/\/api.w.org\/{rel}","templated":true}]}}