{"id":2280,"date":"2025-04-26T18:08:03","date_gmt":"2025-04-26T21:08:03","guid":{"rendered":"https:\/\/diariodelsurdigital.com.ar\/?p=2280"},"modified":"2025-04-26T18:08:04","modified_gmt":"2025-04-26T21:08:04","slug":"cuando-y-como-sera-el-conclave-que-elegira-al-proximo-papa","status":"publish","type":"post","link":"https:\/\/diariodelsurdigital.com.ar\/?p=2280","title":{"rendered":"Cu\u00e1ndo y c\u00f3mo ser\u00e1 el C\u00f3nclave que elegir\u00e1 al pr\u00f3ximo Papa"},"content":{"rendered":"\n<h1 class=\"wp-block-heading\"><\/h1>\n\n\n\n<p> <\/p>\n\n\n\n<p>Con el cortejo f\u00fanebre que despidi\u00f3 al papa Francisco ya finalizado, y su cuerpo reposando en la iglesia de Santa Mar\u00eda la Mayor en Roma, el trono de San Pedro se encuentra vacante y a la espera del comienzo del C\u00f3nclave que definir\u00e1 al pr\u00f3ximo Papa.<\/p>\n\n\n\n<p>Los cardenales responsables deber\u00e1n votar quien de sus pares tendr\u00e1 la responsabilidad de conducir la iglesia tras el revolucionario paso del argentino por la Santa Sede. Mientras los analistas debaten si habr\u00e1 una inclinaci\u00f3n por continuar la transformaci\u00f3n doctrinaria de Francisco o si habr\u00e1 un regreso de los sectores m\u00e1s conservadores, el proceso hasta llegar al C\u00f3nclave deber\u00e1 cumplir una serie de tr\u00e1mites administrativos antes de empezar la votaci\u00f3n.<\/p>\n\n\n\n<p>El primer gran dolor de cabeza que tiene el cardenal camarlengo, Kevin Farrell, y los otros responsables de organizar el evento que concluir\u00e1 con la elecci\u00f3n del sucesor de Jorge Bergoglio, es que el n\u00famero de 133 cardenales electores es superior al que figura en las disposiciones que fijan el m\u00e1ximo de votantes en 120 cardenales.<\/p>\n\n\n\n<p>Se trata de una cuesti\u00f3n en suspenso que dej\u00f3 Francisco que, como hicieron sus predecesores hab\u00eda nombrado purpurados menores de 80 a\u00f1os por encima de la cifra, pero no pasaron en las votaciones de 120, se\u00f1al\u00f3&nbsp;<em>el diario Clar\u00edn.<\/em><\/p>\n\n\n\n<p>Los cardenales con menos de 80 a\u00f1os son ahora 135 pero hay dos, los purpurados Canizares y Puglia que no participar\u00e1n por razones de salud, public\u00f3&nbsp;<em>el diario Clar\u00edn.<\/em><\/p>\n\n\n\n<p>Con Francisco ya reposando, comienza ahora un per\u00edodo conocido como los \u201cNovendiales\u201d, nueve d\u00edas de luto en el que el cuerpo del Papa es mostrado a los fieles.<\/p>\n\n\n\n<p>Es por eso que la fecha que pica en punta para el comienzo del C\u00f3nclave es el lunes 5 de mayo, o el martes 6 a m\u00e1s tardar. La ley vaticana estipula que deber\u00e1 celebrarse en un plazo de 20 d\u00edas, tiempo para permitir a los distintos cardenales para que lleguen a Ciudad del Vaticano y se instalen en reposo para reflexionar. Las votaciones se realizar\u00e1n en la Capilla Sixtina.<\/p>\n\n\n\n<p>Hay que recordar que desde el comienzo del C\u00f3nclave el aislamiento de los participantes de la elecci\u00f3n del Papa debe ser total. Los cardenales votantes har\u00e1n todas las ma\u00f1anas en \u00f3mnibus el recorrido entre Santa Marta y el patio de San D\u00e1mado, desde donde se accede a la Capilla Sixtina.<\/p>\n\n\n\n<p>Durante estos d\u00edas, la c\u00e9lebre capilla pintada por Miguel \u00c1ngel permanecer\u00e1 cerrada para poder tenerla completamente aislada del mundo exterior.<\/p>\n\n\n\n<p><strong>C\u00f3mo ser\u00e1 el C\u00f3nclave que definir\u00e1 al sucesor de Francisco<\/strong><\/p>\n\n\n\n<p>El C\u00f3nclave se celebra con los cardenales encerrados para animar al acuerdo y evitar interferencias. Esta pr\u00e1ctica surgi\u00f3 en el 1270, cuando los habitantes de Viterbo, entonces sede pontificia, hartos de a\u00f1os de indecisi\u00f3n, encerraron a los \u201cpr\u00edncipes de la iglesia\u201d hasta elegir sucesor. Funcion\u00f3 y el designado fue Gregorio X.<\/p>\n\n\n\n<p>La duraci\u00f3n del c\u00f3nclave es impredecible debido a que depende del acuerdo entre los cardenales para elegir un nuevo Papa. Una vez elegido un sucesor, la Iglesia anunciar\u00e1 al mundo la noticia con la famosa fumata blanca, el humo blanco que saldr\u00e1 de la chimenea de la Capilla Sixtina, consign\u00f3<em>&nbsp;el diario Clar\u00edn.<\/em><\/p>\n\n\n\n<p>Esta jornada hist\u00f3rica comenzar\u00e1 con la misa \u201cPro eligendo Papa\u201d en la bas\u00edlica de San Pedro y despu\u00e9s los electores ir\u00e1n en procesi\u00f3n hasta la Sixtina cantando el \u201cVeni creator\u201d.<\/p>\n\n\n\n<p>Una vez dentro, ante el Juicio Final de Miguel \u00c1ngel, jurar\u00e1n y luego el maestro ceremoniero echar\u00e1 a los ajenos proclamando \u201cExtra omnes\u201d (fuera todos) y cerrar\u00e1 sus puertas para garantizar la m\u00e1s absoluta privacidad (se usan incluso inhibidores de frecuencia).<\/p>\n\n\n\n<p>Los cardenales de todo el mundo se reunir\u00e1n en la Capilla Sixtina. Los cardenales de todo el mundo se reunir\u00e1n en la Capilla Sixtina.<\/p>\n\n\n\n<p>La elecci\u00f3n se har\u00e1 por escrutinio secreto. Para que sea v\u00e1lida la elecci\u00f3n del Romano Pont\u00edfice se requieren dos tercios de los votos. El primer d\u00eda de encierro se realizar\u00e1 una sola votaci\u00f3n y en los d\u00edas posteriores, en caso de fracasar, dos por la ma\u00f1ana y dos por la tarde.<\/p>\n\n\n\n<p>El \u201cscrutinium\u201d contar\u00e1 con tres cardenales encargados de escrutar el proceso y tres de revisarlo. Las papeletas ser\u00e1n rectangulares y en ellas se lee \u201cEligo in Summum Pontificem\u201d, mientras que en la parte inferior habr\u00e1 un espacio para escribir el nombre del elegido.<\/p>\n\n\n\n<p>Luego, cada purpurado llevar\u00e1 su papeleta hasta la urna y, ante los escrutadores, pronunciar\u00e1 el juramento:&nbsp;<em>\u201cPongo por testigo a Cristo Se\u00f1or, el cual me juzgar\u00e1, de que doy mi voto a quien en presencia de Dios, creo que debe ser elegido\u201d.<\/em>&nbsp;Despu\u00e9s colocar\u00e1 la papeleta en un plato y con \u00e9ste la deslizar\u00e1 en la urna.<\/p>\n\n\n\n<p>Una vez que todos han votado, se procede al recuento. Los escrutadores leer\u00e1n en alto cada papeleta mientras otro toma nota y un tercero las perfora con una aguja e hilo, uni\u00e9ndolas en ristra.<\/p>\n\n\n\n<p>Tras cada votaci\u00f3n, se quemar\u00e1n los votos en una estufa instalada para la ocasi\u00f3n en la Capilla Sixtina. El color del humo que salga por la chimenea anunciar\u00e1 al exterior el resultado: si es blanco, significar\u00e1 que se ha alcanzado un acuerdo. Si es negro, el C\u00f3nclave deber\u00e1 seguir. En el pasado se usaba le\u00f1a o paja para intensificar el humo y evitar confusiones, pero ahora se emplean qu\u00edmicos, describi\u00f3&nbsp;<em>el diario Clar\u00edn.<\/em><\/p>\n\n\n\n<p>Una vez un cardenal se imponga al resto, el decano Giovanni Battista Re preguntar\u00e1 al elegido: \u201c\u00bfAceptas tu elecci\u00f3n can\u00f3nica para Sumo Pont\u00edfice?\u201d. De asentir, le preguntar\u00e1 c\u00f3mo quiere ser llamado.<\/p>\n\n\n\n<p>El nuevo Papa soberano es llevado enseguida a la sacrist\u00eda de la Capilla Sixtina, conocida como la \u201csala de las l\u00e1grimas\u201d, donde habr\u00e1 preparados tres trajes pontificios de varios tama\u00f1os (dado que es imposible saber de antemano qui\u00e9n ser\u00e1 el elegido).<\/p>\n\n\n\n<p>El \u00faltimo paso ser\u00e1 anunciar la elecci\u00f3n al mundo: \u201cHabemus Papam\u201d (\u201cTenemos Papa\u201d) es la f\u00f3rmula que el protodi\u00e1cono exclamar\u00e1 desde el balc\u00f3n de la bas\u00edlica vaticana. El nuevo pont\u00edfice se presentar\u00e1 entonces al mundo e impartir\u00e1 su primera bendici\u00f3n \u201cUrbi et orbi\u201d.<\/p>\n\n\n\n<h3 class=\"wp-block-heading\"> <\/h3>\n","protected":false},"excerpt":{"rendered":"<p>Con el cortejo f\u00fanebre que despidi\u00f3 al papa Francisco ya finalizado, y su cuerpo reposando en la iglesia de Santa Mar\u00eda la Mayor en Roma, el trono de San Pedro se encuentra vacante y a la espera del comienzo del C\u00f3nclave que definir\u00e1 al pr\u00f3ximo Papa. Los cardenales responsables deber\u00e1n votar quien de sus pares [&hellip;]<\/p>\n","protected":false},"author":2,"featured_media":2281,"comment_status":"open","ping_status":"open","sticky":false,"template":"","format":"standard","meta":{"footnotes":""},"categories":[20],"tags":[],"class_list":{"0":"post-2280","1":"post","2":"type-post","3":"status-publish","4":"format-standard","5":"has-post-thumbnail","7":"category-internacionales"},"yoast_head":"<!-- This site is optimized with the Yoast SEO plugin v27.4 - https:\/\/yoast.com\/product\/yoast-seo-wordpress\/ -->\n<title>Cu\u00e1ndo y c\u00f3mo ser\u00e1 el C\u00f3nclave que elegir\u00e1 al pr\u00f3ximo Papa - Diario del Sur<\/title>\n<meta name=\"robots\" content=\"index, follow, max-snippet:-1, max-image-preview:large, max-video-preview:-1\" \/>\n<link rel=\"canonical\" href=\"https:\/\/diariodelsurdigital.com.ar\/?p=2280\" \/>\n<meta property=\"og:locale\" content=\"es_ES\" \/>\n<meta property=\"og:type\" content=\"article\" \/>\n<meta property=\"og:title\" content=\"Cu\u00e1ndo y c\u00f3mo ser\u00e1 el C\u00f3nclave que elegir\u00e1 al pr\u00f3ximo Papa - Diario del Sur\" \/>\n<meta property=\"og:description\" content=\"Con el cortejo f\u00fanebre que despidi\u00f3 al papa Francisco ya finalizado, y su cuerpo reposando en la iglesia de Santa Mar\u00eda la Mayor en Roma, el trono de San Pedro se encuentra vacante y a la espera del comienzo del C\u00f3nclave que definir\u00e1 al pr\u00f3ximo Papa. Los cardenales responsables deber\u00e1n votar quien de sus pares [&hellip;]\" \/>\n<meta property=\"og:url\" content=\"https:\/\/diariodelsurdigital.com.ar\/?p=2280\" \/>\n<meta property=\"og:site_name\" content=\"Diario del Sur\" \/>\n<meta property=\"article:published_time\" content=\"2025-04-26T21:08:03+00:00\" \/>\n<meta property=\"article:modified_time\" content=\"2025-04-26T21:08:04+00:00\" \/>\n<meta property=\"og:image\" content=\"https:\/\/diariodelsurdigital.com.ar\/wp-content\/uploads\/2025\/04\/conclave_3.jpg\" \/>\n\t<meta property=\"og:image:width\" content=\"532\" \/>\n\t<meta property=\"og:image:height\" content=\"321\" \/>\n\t<meta property=\"og:image:type\" content=\"image\/jpeg\" \/>\n<meta name=\"author\" content=\"Diario del Sur Digital\" \/>\n<meta name=\"twitter:card\" content=\"summary_large_image\" \/>\n<meta name=\"twitter:label1\" content=\"Escrito por\" \/>\n\t<meta name=\"twitter:data1\" content=\"Diario del Sur Digital\" \/>\n\t<meta name=\"twitter:label2\" content=\"Tiempo de lectura\" \/>\n\t<meta name=\"twitter:data2\" content=\"5 minutos\" \/>\n<script type=\"application\/ld+json\" class=\"yoast-schema-graph\">{\"@context\":\"https:\\\/\\\/schema.org\",\"@graph\":[{\"@type\":\"Article\",\"@id\":\"https:\\\/\\\/diariodelsurdigital.com.ar\\\/?p=2280#article\",\"isPartOf\":{\"@id\":\"https:\\\/\\\/diariodelsurdigital.com.ar\\\/?p=2280\"},\"author\":{\"name\":\"Diario del Sur Digital\",\"@id\":\"https:\\\/\\\/diariodelsurdigital.com.ar\\\/#\\\/schema\\\/person\\\/6136a32571657f7dba980b88b04c5465\"},\"headline\":\"Cu\u00e1ndo y c\u00f3mo ser\u00e1 el C\u00f3nclave que elegir\u00e1 al pr\u00f3ximo Papa\",\"datePublished\":\"2025-04-26T21:08:03+00:00\",\"dateModified\":\"2025-04-26T21:08:04+00:00\",\"mainEntityOfPage\":{\"@id\":\"https:\\\/\\\/diariodelsurdigital.com.ar\\\/?p=2280\"},\"wordCount\":1089,\"commentCount\":0,\"image\":{\"@id\":\"https:\\\/\\\/diariodelsurdigital.com.ar\\\/?p=2280#primaryimage\"},\"thumbnailUrl\":\"https:\\\/\\\/diariodelsurdigital.com.ar\\\/wp-content\\\/uploads\\\/2025\\\/04\\\/conclave_3.jpg\",\"articleSection\":[\"Internacionales\"],\"inLanguage\":\"es\",\"potentialAction\":[{\"@type\":\"CommentAction\",\"name\":\"Comment\",\"target\":[\"https:\\\/\\\/diariodelsurdigital.com.ar\\\/?p=2280#respond\"]}]},{\"@type\":\"WebPage\",\"@id\":\"https:\\\/\\\/diariodelsurdigital.com.ar\\\/?p=2280\",\"url\":\"https:\\\/\\\/diariodelsurdigital.com.ar\\\/?p=2280\",\"name\":\"Cu\u00e1ndo y c\u00f3mo ser\u00e1 el C\u00f3nclave que elegir\u00e1 al pr\u00f3ximo Papa - Diario del Sur\",\"isPartOf\":{\"@id\":\"https:\\\/\\\/diariodelsurdigital.com.ar\\\/#website\"},\"primaryImageOfPage\":{\"@id\":\"https:\\\/\\\/diariodelsurdigital.com.ar\\\/?p=2280#primaryimage\"},\"image\":{\"@id\":\"https:\\\/\\\/diariodelsurdigital.com.ar\\\/?p=2280#primaryimage\"},\"thumbnailUrl\":\"https:\\\/\\\/diariodelsurdigital.com.ar\\\/wp-content\\\/uploads\\\/2025\\\/04\\\/conclave_3.jpg\",\"datePublished\":\"2025-04-26T21:08:03+00:00\",\"dateModified\":\"2025-04-26T21:08:04+00:00\",\"author\":{\"@id\":\"https:\\\/\\\/diariodelsurdigital.com.ar\\\/#\\\/schema\\\/person\\\/6136a32571657f7dba980b88b04c5465\"},\"breadcrumb\":{\"@id\":\"https:\\\/\\\/diariodelsurdigital.com.ar\\\/?p=2280#breadcrumb\"},\"inLanguage\":\"es\",\"potentialAction\":[{\"@type\":\"ReadAction\",\"target\":[\"https:\\\/\\\/diariodelsurdigital.com.ar\\\/?p=2280\"]}]},{\"@type\":\"ImageObject\",\"inLanguage\":\"es\",\"@id\":\"https:\\\/\\\/diariodelsurdigital.com.ar\\\/?p=2280#primaryimage\",\"url\":\"https:\\\/\\\/diariodelsurdigital.com.ar\\\/wp-content\\\/uploads\\\/2025\\\/04\\\/conclave_3.jpg\",\"contentUrl\":\"https:\\\/\\\/diariodelsurdigital.com.ar\\\/wp-content\\\/uploads\\\/2025\\\/04\\\/conclave_3.jpg\",\"width\":532,\"height\":321},{\"@type\":\"BreadcrumbList\",\"@id\":\"https:\\\/\\\/diariodelsurdigital.com.ar\\\/?p=2280#breadcrumb\",\"itemListElement\":[{\"@type\":\"ListItem\",\"position\":1,\"name\":\"Portada\",\"item\":\"https:\\\/\\\/diariodelsurdigital.com.ar\\\/\"},{\"@type\":\"ListItem\",\"position\":2,\"name\":\"Cu\u00e1ndo y c\u00f3mo ser\u00e1 el C\u00f3nclave que elegir\u00e1 al pr\u00f3ximo Papa\"}]},{\"@type\":\"WebSite\",\"@id\":\"https:\\\/\\\/diariodelsurdigital.com.ar\\\/#website\",\"url\":\"https:\\\/\\\/diariodelsurdigital.com.ar\\\/\",\"name\":\"Diario del Sur\",\"description\":\"Digital\",\"potentialAction\":[{\"@type\":\"SearchAction\",\"target\":{\"@type\":\"EntryPoint\",\"urlTemplate\":\"https:\\\/\\\/diariodelsurdigital.com.ar\\\/?s={search_term_string}\"},\"query-input\":{\"@type\":\"PropertyValueSpecification\",\"valueRequired\":true,\"valueName\":\"search_term_string\"}}],\"inLanguage\":\"es\"},{\"@type\":\"Person\",\"@id\":\"https:\\\/\\\/diariodelsurdigital.com.ar\\\/#\\\/schema\\\/person\\\/6136a32571657f7dba980b88b04c5465\",\"name\":\"Diario del Sur Digital\",\"image\":{\"@type\":\"ImageObject\",\"inLanguage\":\"es\",\"@id\":\"https:\\\/\\\/secure.gravatar.com\\\/avatar\\\/4c29ceac98541dd42460b2474aaa5dd37594d6ce6cb3cf2c101d09b48ee287ba?s=96&d=mm&r=g\",\"url\":\"https:\\\/\\\/secure.gravatar.com\\\/avatar\\\/4c29ceac98541dd42460b2474aaa5dd37594d6ce6cb3cf2c101d09b48ee287ba?s=96&d=mm&r=g\",\"contentUrl\":\"https:\\\/\\\/secure.gravatar.com\\\/avatar\\\/4c29ceac98541dd42460b2474aaa5dd37594d6ce6cb3cf2c101d09b48ee287ba?s=96&d=mm&r=g\",\"caption\":\"Diario del Sur Digital\"},\"url\":\"https:\\\/\\\/diariodelsurdigital.com.ar\\\/?author=2\"}]}<\/script>\n<!-- \/ Yoast SEO plugin. -->","yoast_head_json":{"title":"Cu\u00e1ndo y c\u00f3mo ser\u00e1 el C\u00f3nclave que elegir\u00e1 al pr\u00f3ximo Papa - Diario del Sur","robots":{"index":"index","follow":"follow","max-snippet":"max-snippet:-1","max-image-preview":"max-image-preview:large","max-video-preview":"max-video-preview:-1"},"canonical":"https:\/\/diariodelsurdigital.com.ar\/?p=2280","og_locale":"es_ES","og_type":"article","og_title":"Cu\u00e1ndo y c\u00f3mo ser\u00e1 el C\u00f3nclave que elegir\u00e1 al pr\u00f3ximo Papa - Diario del Sur","og_description":"Con el cortejo f\u00fanebre que despidi\u00f3 al papa Francisco ya finalizado, y su cuerpo reposando en la iglesia de Santa Mar\u00eda la Mayor en Roma, el trono de San Pedro se encuentra vacante y a la espera del comienzo del C\u00f3nclave que definir\u00e1 al pr\u00f3ximo Papa. Los cardenales responsables deber\u00e1n votar quien de sus pares [&hellip;]","og_url":"https:\/\/diariodelsurdigital.com.ar\/?p=2280","og_site_name":"Diario del Sur","article_published_time":"2025-04-26T21:08:03+00:00","article_modified_time":"2025-04-26T21:08:04+00:00","og_image":[{"width":532,"height":321,"url":"https:\/\/diariodelsurdigital.com.ar\/wp-content\/uploads\/2025\/04\/conclave_3.jpg","type":"image\/jpeg"}],"author":"Diario del Sur Digital","twitter_card":"summary_large_image","twitter_misc":{"Escrito por":"Diario del Sur Digital","Tiempo de lectura":"5 minutos"},"schema":{"@context":"https:\/\/schema.org","@graph":[{"@type":"Article","@id":"https:\/\/diariodelsurdigital.com.ar\/?p=2280#article","isPartOf":{"@id":"https:\/\/diariodelsurdigital.com.ar\/?p=2280"},"author":{"name":"Diario del Sur Digital","@id":"https:\/\/diariodelsurdigital.com.ar\/#\/schema\/person\/6136a32571657f7dba980b88b04c5465"},"headline":"Cu\u00e1ndo y c\u00f3mo ser\u00e1 el C\u00f3nclave que elegir\u00e1 al pr\u00f3ximo Papa","datePublished":"2025-04-26T21:08:03+00:00","dateModified":"2025-04-26T21:08:04+00:00","mainEntityOfPage":{"@id":"https:\/\/diariodelsurdigital.com.ar\/?p=2280"},"wordCount":1089,"commentCount":0,"image":{"@id":"https:\/\/diariodelsurdigital.com.ar\/?p=2280#primaryimage"},"thumbnailUrl":"https:\/\/diariodelsurdigital.com.ar\/wp-content\/uploads\/2025\/04\/conclave_3.jpg","articleSection":["Internacionales"],"inLanguage":"es","potentialAction":[{"@type":"CommentAction","name":"Comment","target":["https:\/\/diariodelsurdigital.com.ar\/?p=2280#respond"]}]},{"@type":"WebPage","@id":"https:\/\/diariodelsurdigital.com.ar\/?p=2280","url":"https:\/\/diariodelsurdigital.com.ar\/?p=2280","name":"Cu\u00e1ndo y c\u00f3mo ser\u00e1 el C\u00f3nclave que elegir\u00e1 al pr\u00f3ximo Papa - Diario del Sur","isPartOf":{"@id":"https:\/\/diariodelsurdigital.com.ar\/#website"},"primaryImageOfPage":{"@id":"https:\/\/diariodelsurdigital.com.ar\/?p=2280#primaryimage"},"image":{"@id":"https:\/\/diariodelsurdigital.com.ar\/?p=2280#primaryimage"},"thumbnailUrl":"https:\/\/diariodelsurdigital.com.ar\/wp-content\/uploads\/2025\/04\/conclave_3.jpg","datePublished":"2025-04-26T21:08:03+00:00","dateModified":"2025-04-26T21:08:04+00:00","author":{"@id":"https:\/\/diariodelsurdigital.com.ar\/#\/schema\/person\/6136a32571657f7dba980b88b04c5465"},"breadcrumb":{"@id":"https:\/\/diariodelsurdigital.com.ar\/?p=2280#breadcrumb"},"inLanguage":"es","potentialAction":[{"@type":"ReadAction","target":["https:\/\/diariodelsurdigital.com.ar\/?p=2280"]}]},{"@type":"ImageObject","inLanguage":"es","@id":"https:\/\/diariodelsurdigital.com.ar\/?p=2280#primaryimage","url":"https:\/\/diariodelsurdigital.com.ar\/wp-content\/uploads\/2025\/04\/conclave_3.jpg","contentUrl":"https:\/\/diariodelsurdigital.com.ar\/wp-content\/uploads\/2025\/04\/conclave_3.jpg","width":532,"height":321},{"@type":"BreadcrumbList","@id":"https:\/\/diariodelsurdigital.com.ar\/?p=2280#breadcrumb","itemListElement":[{"@type":"ListItem","position":1,"name":"Portada","item":"https:\/\/diariodelsurdigital.com.ar\/"},{"@type":"ListItem","position":2,"name":"Cu\u00e1ndo y c\u00f3mo ser\u00e1 el C\u00f3nclave que elegir\u00e1 al pr\u00f3ximo Papa"}]},{"@type":"WebSite","@id":"https:\/\/diariodelsurdigital.com.ar\/#website","url":"https:\/\/diariodelsurdigital.com.ar\/","name":"Diario del Sur","description":"Digital","potentialAction":[{"@type":"SearchAction","target":{"@type":"EntryPoint","urlTemplate":"https:\/\/diariodelsurdigital.com.ar\/?s={search_term_string}"},"query-input":{"@type":"PropertyValueSpecification","valueRequired":true,"valueName":"search_term_string"}}],"inLanguage":"es"},{"@type":"Person","@id":"https:\/\/diariodelsurdigital.com.ar\/#\/schema\/person\/6136a32571657f7dba980b88b04c5465","name":"Diario del Sur Digital","image":{"@type":"ImageObject","inLanguage":"es","@id":"https:\/\/secure.gravatar.com\/avatar\/4c29ceac98541dd42460b2474aaa5dd37594d6ce6cb3cf2c101d09b48ee287ba?s=96&d=mm&r=g","url":"https:\/\/secure.gravatar.com\/avatar\/4c29ceac98541dd42460b2474aaa5dd37594d6ce6cb3cf2c101d09b48ee287ba?s=96&d=mm&r=g","contentUrl":"https:\/\/secure.gravatar.com\/avatar\/4c29ceac98541dd42460b2474aaa5dd37594d6ce6cb3cf2c101d09b48ee287ba?s=96&d=mm&r=g","caption":"Diario del Sur Digital"},"url":"https:\/\/diariodelsurdigital.com.ar\/?author=2"}]}},"_links":{"self":[{"href":"https:\/\/diariodelsurdigital.com.ar\/index.php?rest_route=\/wp\/v2\/posts\/2280","targetHints":{"allow":["GET"]}}],"collection":[{"href":"https:\/\/diariodelsurdigital.com.ar\/index.php?rest_route=\/wp\/v2\/posts"}],"about":[{"href":"https:\/\/diariodelsurdigital.com.ar\/index.php?rest_route=\/wp\/v2\/types\/post"}],"author":[{"embeddable":true,"href":"https:\/\/diariodelsurdigital.com.ar\/index.php?rest_route=\/wp\/v2\/users\/2"}],"replies":[{"embeddable":true,"href":"https:\/\/diariodelsurdigital.com.ar\/index.php?rest_route=%2Fwp%2Fv2%2Fcomments&post=2280"}],"version-history":[{"count":1,"href":"https:\/\/diariodelsurdigital.com.ar\/index.php?rest_route=\/wp\/v2\/posts\/2280\/revisions"}],"predecessor-version":[{"id":2282,"href":"https:\/\/diariodelsurdigital.com.ar\/index.php?rest_route=\/wp\/v2\/posts\/2280\/revisions\/2282"}],"wp:featuredmedia":[{"embeddable":true,"href":"https:\/\/diariodelsurdigital.com.ar\/index.php?rest_route=\/wp\/v2\/media\/2281"}],"wp:attachment":[{"href":"https:\/\/diariodelsurdigital.com.ar\/index.php?rest_route=%2Fwp%2Fv2%2Fmedia&parent=2280"}],"wp:term":[{"taxonomy":"category","embeddable":true,"href":"https:\/\/diariodelsurdigital.com.ar\/index.php?rest_route=%2Fwp%2Fv2%2Fcategories&post=2280"},{"taxonomy":"post_tag","embeddable":true,"href":"https:\/\/diariodelsurdigital.com.ar\/index.php?rest_route=%2Fwp%2Fv2%2Ftags&post=2280"}],"curies":[{"name":"wp","href":"https:\/\/api.w.org\/{rel}","templated":true}]}}