{"id":2286,"date":"2025-04-27T18:53:30","date_gmt":"2025-04-27T21:53:30","guid":{"rendered":"https:\/\/diariodelsurdigital.com.ar\/?p=2286"},"modified":"2025-04-27T18:55:17","modified_gmt":"2025-04-27T21:55:17","slug":"pandemia-pejotista-se-reunio-el-pj-con-la-mayoria-de-los-popes-en-forma-virtual","status":"publish","type":"post","link":"https:\/\/diariodelsurdigital.com.ar\/?p=2286","title":{"rendered":"PANDEMIA PEJOTISTA: Se reuni\u00f3 el PJ con la mayor\u00eda de los popes en forma virtual"},"content":{"rendered":"\n<h2 class=\"wp-block-heading\" id=\"nota-title\"> <\/h2>\n\n\n\n<p> <\/p>\n\n\n\n<p>\u00a0\u00a0El Partido Justicialista de Entre R\u00edos resolvi\u00f3 este s\u00e1bado el modo en que elegir\u00e1 a sus candidatos para las elecciones de este a\u00f1o, tras la suspensi\u00f3n de las PASO. En un plenario que se adelant\u00f3 de las 18 a las 16 horas y que reuni\u00f3 en Paran\u00e1 a toda la l\u00ednea oficial de dirigentes (la mayor\u00eda en forma virtual como si todav\u00eda se estuviera en Pandemia), se plante\u00f3 un cronograma tentativo, a terminar de consensuar en los pr\u00f3ximos d\u00edas, que propone como fecha de la elecci\u00f3n interna al domingo 29 de junio.<\/p>\n\n\n\n<p>La interna ser\u00e1 abierta.  Pero el dato m\u00e1s importante es que se acord\u00f3 no usar los servicios del correo, que era el costo m\u00e1s elevado, estimado en unos 350 millones de pesos.<\/p>\n\n\n\n<p>La idea es que todos los estamentos partidarios se comprometan a hacer su aporte en la organizaci\u00f3n de la elecci\u00f3n, que estar\u00e1 a cargo del Consejo Provincial, con participaci\u00f3n de las departamentales. La estimaci\u00f3n es que, de este modo, el acto eleccionario tendr\u00eda un costo que no superar\u00eda los 20 millones de pesos.<\/p>\n\n\n\n<p>Tambi\u00e9n queda por resolver en las consultas de los pr\u00f3ximos d\u00edas qu\u00e9 tipo de instrumento electoral se usar\u00e1. Es posible que se adopte la boleta \u00fanica, como usa la UCR para sus internas partidarias. Es una forma m\u00e1s de achicar costos.<\/p>\n\n\n\n<p>En la reuni\u00f3n participaron todos los sectores internos, de modo presencial y virtual. Incluidos los m\u00e1s cr\u00edticos, como el intendente de Santa Elena Daniel Rossi y referentes del kirchnerismo sin Urribarri. Por Concordia participaron, su Presidente, Facundo Ru\u00edz D\u00edaz, el congresal, Beto Gonz\u00e1lez, Jos\u00e9 Luis Rodr\u00edguez y Mart\u00edn Quir\u00f3z.<\/p>\n\n\n\n<p><strong>Pese a la baja en su imagen Bordet quiere seguir manejando la batuta<\/strong><\/p>\n\n\n\n<p>Tras el encuentro, el ex gobernador y \u00faltimo jefe del PJ de Entre R\u00edos, Gustavo Bordet, afirm\u00f3 que \u201cse sentaron las bases para construir un peronismo unido, con participaci\u00f3n y mirada de futuro\u201d.<\/p>\n\n\n\n<p>El actual diputado nacional destac\u00f3 que en el plenario \u201ccoincidimos en que las elecciones internas son un paso necesario y saludable\u201d, ya que \u201cnos van a permitir reorganizar el partido y fortalecer la vida democr\u00e1tica dentro del justicialismo\u201d.<\/p>\n\n\n\n<p>\u201cTambi\u00e9n definimos con claridad algo fundamental: el peronismo debe asumir con firmeza su rol opositor frente a un modelo que, tanto desde Naci\u00f3n como desde la Provincia, est\u00e1 avanzando en contra de los intereses de los sectores que hist\u00f3ricamente representamos\u201d, acot\u00f3.<\/p>\n\n\n\n<p>Para Bordet, la disputa interna \u201cser\u00e1 una oportunidad para acercar a otros espacios pol\u00edticos afines y, sobre todo, para escuchar lo que la ciudadan\u00eda nos est\u00e1 demandando\u201d.<\/p>\n\n\n\n<p>Lejos de Bordet est\u00e1 en hacerse una autocr\u00edtica y mucho menos de ceder espacio en un Partido Justicialista que est\u00e1 en coma 4 y con pron\u00f3stico reservado, en cuanto a militantes y capacidad financiera. Porque fueron justamente Bordet y muchos de los referentes del pejotismo, como Lauritto, C\u00e1ceres, Romero, Allende y compa\u00f1\u00eda los que durmieron el partido durante muchos a\u00f1os, lo vaciaron de contenido y tambi\u00e9n de recursos. <\/p>\n\n\n\n<p><strong>Deudores al Partido Justicialista \u00abAfuera\u00bb<\/strong><\/p>\n\n\n\n<p>Referentes del Partido confiaron a <strong>Diario del SUR Digital<\/strong>, que prosper\u00f3 un pedido de congresales concordienses de que se de a conocer a los intendentes, legisladores provinciales, funcionarios y concejales de comunas que no aportan al Partido Justicialista. La solicitud de congresales del departamento Concordia, tiene que ver justamente con el grave problema econ\u00f3mico que atraviesa el partido y de que, en caso de negarse, se les impida candidatearse en cualquiera de los cargos que presentar\u00e1 el Partido Justicialista para el a\u00f1o 2027 en todo el territorio provincial.<\/p>\n","protected":false},"excerpt":{"rendered":"<p>\u00a0\u00a0El Partido Justicialista de Entre R\u00edos resolvi\u00f3 este s\u00e1bado el modo en que elegir\u00e1 a sus candidatos para las elecciones de este a\u00f1o, tras la suspensi\u00f3n de las PASO. En un plenario que se adelant\u00f3 de las 18 a las 16 horas y que reuni\u00f3 en Paran\u00e1 a toda la l\u00ednea oficial de dirigentes (la [&hellip;]<\/p>\n","protected":false},"author":2,"featured_media":2287,"comment_status":"open","ping_status":"open","sticky":false,"template":"","format":"standard","meta":{"footnotes":""},"categories":[17],"tags":[],"class_list":{"0":"post-2286","1":"post","2":"type-post","3":"status-publish","4":"format-standard","5":"has-post-thumbnail","7":"category-provinciales"},"yoast_head":"<!-- This site is optimized with the Yoast SEO plugin v27.4 - https:\/\/yoast.com\/product\/yoast-seo-wordpress\/ -->\n<title>PANDEMIA PEJOTISTA: Se reuni\u00f3 el PJ con la mayor\u00eda de los popes en forma virtual - Diario del Sur<\/title>\n<meta name=\"robots\" content=\"index, follow, max-snippet:-1, max-image-preview:large, max-video-preview:-1\" \/>\n<link rel=\"canonical\" href=\"https:\/\/diariodelsurdigital.com.ar\/?p=2286\" \/>\n<meta property=\"og:locale\" content=\"es_ES\" \/>\n<meta property=\"og:type\" content=\"article\" \/>\n<meta property=\"og:title\" content=\"PANDEMIA PEJOTISTA: Se reuni\u00f3 el PJ con la mayor\u00eda de los popes en forma virtual - Diario del Sur\" \/>\n<meta property=\"og:description\" content=\"\u00a0\u00a0El Partido Justicialista de Entre R\u00edos resolvi\u00f3 este s\u00e1bado el modo en que elegir\u00e1 a sus candidatos para las elecciones de este a\u00f1o, tras la suspensi\u00f3n de las PASO. En un plenario que se adelant\u00f3 de las 18 a las 16 horas y que reuni\u00f3 en Paran\u00e1 a toda la l\u00ednea oficial de dirigentes (la [&hellip;]\" \/>\n<meta property=\"og:url\" content=\"https:\/\/diariodelsurdigital.com.ar\/?p=2286\" \/>\n<meta property=\"og:site_name\" content=\"Diario del Sur\" \/>\n<meta property=\"article:published_time\" content=\"2025-04-27T21:53:30+00:00\" \/>\n<meta property=\"article:modified_time\" content=\"2025-04-27T21:55:17+00:00\" \/>\n<meta property=\"og:image\" content=\"https:\/\/diariodelsurdigital.com.ar\/wp-content\/uploads\/2025\/04\/Imagen-de-WhatsApp-2025-04-26-a-las-22.42.07_232a5d93.jpg\" \/>\n\t<meta property=\"og:image:width\" content=\"572\" \/>\n\t<meta property=\"og:image:height\" content=\"353\" \/>\n\t<meta property=\"og:image:type\" content=\"image\/jpeg\" \/>\n<meta name=\"author\" content=\"Diario del Sur Digital\" \/>\n<meta name=\"twitter:card\" content=\"summary_large_image\" \/>\n<meta name=\"twitter:label1\" content=\"Escrito por\" \/>\n\t<meta name=\"twitter:data1\" content=\"Diario del Sur Digital\" \/>\n\t<meta name=\"twitter:label2\" content=\"Tiempo de lectura\" \/>\n\t<meta name=\"twitter:data2\" content=\"3 minutos\" \/>\n<script type=\"application\/ld+json\" class=\"yoast-schema-graph\">{\"@context\":\"https:\\\/\\\/schema.org\",\"@graph\":[{\"@type\":\"Article\",\"@id\":\"https:\\\/\\\/diariodelsurdigital.com.ar\\\/?p=2286#article\",\"isPartOf\":{\"@id\":\"https:\\\/\\\/diariodelsurdigital.com.ar\\\/?p=2286\"},\"author\":{\"name\":\"Diario del Sur Digital\",\"@id\":\"https:\\\/\\\/diariodelsurdigital.com.ar\\\/#\\\/schema\\\/person\\\/6136a32571657f7dba980b88b04c5465\"},\"headline\":\"PANDEMIA PEJOTISTA: Se reuni\u00f3 el PJ con la mayor\u00eda de los popes en forma virtual\",\"datePublished\":\"2025-04-27T21:53:30+00:00\",\"dateModified\":\"2025-04-27T21:55:17+00:00\",\"mainEntityOfPage\":{\"@id\":\"https:\\\/\\\/diariodelsurdigital.com.ar\\\/?p=2286\"},\"wordCount\":636,\"commentCount\":0,\"image\":{\"@id\":\"https:\\\/\\\/diariodelsurdigital.com.ar\\\/?p=2286#primaryimage\"},\"thumbnailUrl\":\"https:\\\/\\\/diariodelsurdigital.com.ar\\\/wp-content\\\/uploads\\\/2025\\\/04\\\/Imagen-de-WhatsApp-2025-04-26-a-las-22.42.07_232a5d93.jpg\",\"articleSection\":[\"Provinciales\"],\"inLanguage\":\"es\",\"potentialAction\":[{\"@type\":\"CommentAction\",\"name\":\"Comment\",\"target\":[\"https:\\\/\\\/diariodelsurdigital.com.ar\\\/?p=2286#respond\"]}]},{\"@type\":\"WebPage\",\"@id\":\"https:\\\/\\\/diariodelsurdigital.com.ar\\\/?p=2286\",\"url\":\"https:\\\/\\\/diariodelsurdigital.com.ar\\\/?p=2286\",\"name\":\"PANDEMIA PEJOTISTA: Se reuni\u00f3 el PJ con la mayor\u00eda de los popes en forma virtual - Diario del Sur\",\"isPartOf\":{\"@id\":\"https:\\\/\\\/diariodelsurdigital.com.ar\\\/#website\"},\"primaryImageOfPage\":{\"@id\":\"https:\\\/\\\/diariodelsurdigital.com.ar\\\/?p=2286#primaryimage\"},\"image\":{\"@id\":\"https:\\\/\\\/diariodelsurdigital.com.ar\\\/?p=2286#primaryimage\"},\"thumbnailUrl\":\"https:\\\/\\\/diariodelsurdigital.com.ar\\\/wp-content\\\/uploads\\\/2025\\\/04\\\/Imagen-de-WhatsApp-2025-04-26-a-las-22.42.07_232a5d93.jpg\",\"datePublished\":\"2025-04-27T21:53:30+00:00\",\"dateModified\":\"2025-04-27T21:55:17+00:00\",\"author\":{\"@id\":\"https:\\\/\\\/diariodelsurdigital.com.ar\\\/#\\\/schema\\\/person\\\/6136a32571657f7dba980b88b04c5465\"},\"breadcrumb\":{\"@id\":\"https:\\\/\\\/diariodelsurdigital.com.ar\\\/?p=2286#breadcrumb\"},\"inLanguage\":\"es\",\"potentialAction\":[{\"@type\":\"ReadAction\",\"target\":[\"https:\\\/\\\/diariodelsurdigital.com.ar\\\/?p=2286\"]}]},{\"@type\":\"ImageObject\",\"inLanguage\":\"es\",\"@id\":\"https:\\\/\\\/diariodelsurdigital.com.ar\\\/?p=2286#primaryimage\",\"url\":\"https:\\\/\\\/diariodelsurdigital.com.ar\\\/wp-content\\\/uploads\\\/2025\\\/04\\\/Imagen-de-WhatsApp-2025-04-26-a-las-22.42.07_232a5d93.jpg\",\"contentUrl\":\"https:\\\/\\\/diariodelsurdigital.com.ar\\\/wp-content\\\/uploads\\\/2025\\\/04\\\/Imagen-de-WhatsApp-2025-04-26-a-las-22.42.07_232a5d93.jpg\",\"width\":572,\"height\":353},{\"@type\":\"BreadcrumbList\",\"@id\":\"https:\\\/\\\/diariodelsurdigital.com.ar\\\/?p=2286#breadcrumb\",\"itemListElement\":[{\"@type\":\"ListItem\",\"position\":1,\"name\":\"Portada\",\"item\":\"https:\\\/\\\/diariodelsurdigital.com.ar\\\/\"},{\"@type\":\"ListItem\",\"position\":2,\"name\":\"PANDEMIA PEJOTISTA: Se reuni\u00f3 el PJ con la mayor\u00eda de los popes en forma virtual\"}]},{\"@type\":\"WebSite\",\"@id\":\"https:\\\/\\\/diariodelsurdigital.com.ar\\\/#website\",\"url\":\"https:\\\/\\\/diariodelsurdigital.com.ar\\\/\",\"name\":\"Diario del Sur\",\"description\":\"Digital\",\"potentialAction\":[{\"@type\":\"SearchAction\",\"target\":{\"@type\":\"EntryPoint\",\"urlTemplate\":\"https:\\\/\\\/diariodelsurdigital.com.ar\\\/?s={search_term_string}\"},\"query-input\":{\"@type\":\"PropertyValueSpecification\",\"valueRequired\":true,\"valueName\":\"search_term_string\"}}],\"inLanguage\":\"es\"},{\"@type\":\"Person\",\"@id\":\"https:\\\/\\\/diariodelsurdigital.com.ar\\\/#\\\/schema\\\/person\\\/6136a32571657f7dba980b88b04c5465\",\"name\":\"Diario del Sur Digital\",\"image\":{\"@type\":\"ImageObject\",\"inLanguage\":\"es\",\"@id\":\"https:\\\/\\\/secure.gravatar.com\\\/avatar\\\/4c29ceac98541dd42460b2474aaa5dd37594d6ce6cb3cf2c101d09b48ee287ba?s=96&d=mm&r=g\",\"url\":\"https:\\\/\\\/secure.gravatar.com\\\/avatar\\\/4c29ceac98541dd42460b2474aaa5dd37594d6ce6cb3cf2c101d09b48ee287ba?s=96&d=mm&r=g\",\"contentUrl\":\"https:\\\/\\\/secure.gravatar.com\\\/avatar\\\/4c29ceac98541dd42460b2474aaa5dd37594d6ce6cb3cf2c101d09b48ee287ba?s=96&d=mm&r=g\",\"caption\":\"Diario del Sur Digital\"},\"url\":\"https:\\\/\\\/diariodelsurdigital.com.ar\\\/?author=2\"}]}<\/script>\n<!-- \/ Yoast SEO plugin. -->","yoast_head_json":{"title":"PANDEMIA PEJOTISTA: Se reuni\u00f3 el PJ con la mayor\u00eda de los popes en forma virtual - Diario del Sur","robots":{"index":"index","follow":"follow","max-snippet":"max-snippet:-1","max-image-preview":"max-image-preview:large","max-video-preview":"max-video-preview:-1"},"canonical":"https:\/\/diariodelsurdigital.com.ar\/?p=2286","og_locale":"es_ES","og_type":"article","og_title":"PANDEMIA PEJOTISTA: Se reuni\u00f3 el PJ con la mayor\u00eda de los popes en forma virtual - Diario del Sur","og_description":"\u00a0\u00a0El Partido Justicialista de Entre R\u00edos resolvi\u00f3 este s\u00e1bado el modo en que elegir\u00e1 a sus candidatos para las elecciones de este a\u00f1o, tras la suspensi\u00f3n de las PASO. En un plenario que se adelant\u00f3 de las 18 a las 16 horas y que reuni\u00f3 en Paran\u00e1 a toda la l\u00ednea oficial de dirigentes (la [&hellip;]","og_url":"https:\/\/diariodelsurdigital.com.ar\/?p=2286","og_site_name":"Diario del Sur","article_published_time":"2025-04-27T21:53:30+00:00","article_modified_time":"2025-04-27T21:55:17+00:00","og_image":[{"width":572,"height":353,"url":"https:\/\/diariodelsurdigital.com.ar\/wp-content\/uploads\/2025\/04\/Imagen-de-WhatsApp-2025-04-26-a-las-22.42.07_232a5d93.jpg","type":"image\/jpeg"}],"author":"Diario del Sur Digital","twitter_card":"summary_large_image","twitter_misc":{"Escrito por":"Diario del Sur Digital","Tiempo de lectura":"3 minutos"},"schema":{"@context":"https:\/\/schema.org","@graph":[{"@type":"Article","@id":"https:\/\/diariodelsurdigital.com.ar\/?p=2286#article","isPartOf":{"@id":"https:\/\/diariodelsurdigital.com.ar\/?p=2286"},"author":{"name":"Diario del Sur Digital","@id":"https:\/\/diariodelsurdigital.com.ar\/#\/schema\/person\/6136a32571657f7dba980b88b04c5465"},"headline":"PANDEMIA PEJOTISTA: Se reuni\u00f3 el PJ con la mayor\u00eda de los popes en forma virtual","datePublished":"2025-04-27T21:53:30+00:00","dateModified":"2025-04-27T21:55:17+00:00","mainEntityOfPage":{"@id":"https:\/\/diariodelsurdigital.com.ar\/?p=2286"},"wordCount":636,"commentCount":0,"image":{"@id":"https:\/\/diariodelsurdigital.com.ar\/?p=2286#primaryimage"},"thumbnailUrl":"https:\/\/diariodelsurdigital.com.ar\/wp-content\/uploads\/2025\/04\/Imagen-de-WhatsApp-2025-04-26-a-las-22.42.07_232a5d93.jpg","articleSection":["Provinciales"],"inLanguage":"es","potentialAction":[{"@type":"CommentAction","name":"Comment","target":["https:\/\/diariodelsurdigital.com.ar\/?p=2286#respond"]}]},{"@type":"WebPage","@id":"https:\/\/diariodelsurdigital.com.ar\/?p=2286","url":"https:\/\/diariodelsurdigital.com.ar\/?p=2286","name":"PANDEMIA PEJOTISTA: Se reuni\u00f3 el PJ con la mayor\u00eda de los popes en forma virtual - Diario del Sur","isPartOf":{"@id":"https:\/\/diariodelsurdigital.com.ar\/#website"},"primaryImageOfPage":{"@id":"https:\/\/diariodelsurdigital.com.ar\/?p=2286#primaryimage"},"image":{"@id":"https:\/\/diariodelsurdigital.com.ar\/?p=2286#primaryimage"},"thumbnailUrl":"https:\/\/diariodelsurdigital.com.ar\/wp-content\/uploads\/2025\/04\/Imagen-de-WhatsApp-2025-04-26-a-las-22.42.07_232a5d93.jpg","datePublished":"2025-04-27T21:53:30+00:00","dateModified":"2025-04-27T21:55:17+00:00","author":{"@id":"https:\/\/diariodelsurdigital.com.ar\/#\/schema\/person\/6136a32571657f7dba980b88b04c5465"},"breadcrumb":{"@id":"https:\/\/diariodelsurdigital.com.ar\/?p=2286#breadcrumb"},"inLanguage":"es","potentialAction":[{"@type":"ReadAction","target":["https:\/\/diariodelsurdigital.com.ar\/?p=2286"]}]},{"@type":"ImageObject","inLanguage":"es","@id":"https:\/\/diariodelsurdigital.com.ar\/?p=2286#primaryimage","url":"https:\/\/diariodelsurdigital.com.ar\/wp-content\/uploads\/2025\/04\/Imagen-de-WhatsApp-2025-04-26-a-las-22.42.07_232a5d93.jpg","contentUrl":"https:\/\/diariodelsurdigital.com.ar\/wp-content\/uploads\/2025\/04\/Imagen-de-WhatsApp-2025-04-26-a-las-22.42.07_232a5d93.jpg","width":572,"height":353},{"@type":"BreadcrumbList","@id":"https:\/\/diariodelsurdigital.com.ar\/?p=2286#breadcrumb","itemListElement":[{"@type":"ListItem","position":1,"name":"Portada","item":"https:\/\/diariodelsurdigital.com.ar\/"},{"@type":"ListItem","position":2,"name":"PANDEMIA PEJOTISTA: Se reuni\u00f3 el PJ con la mayor\u00eda de los popes en forma virtual"}]},{"@type":"WebSite","@id":"https:\/\/diariodelsurdigital.com.ar\/#website","url":"https:\/\/diariodelsurdigital.com.ar\/","name":"Diario del Sur","description":"Digital","potentialAction":[{"@type":"SearchAction","target":{"@type":"EntryPoint","urlTemplate":"https:\/\/diariodelsurdigital.com.ar\/?s={search_term_string}"},"query-input":{"@type":"PropertyValueSpecification","valueRequired":true,"valueName":"search_term_string"}}],"inLanguage":"es"},{"@type":"Person","@id":"https:\/\/diariodelsurdigital.com.ar\/#\/schema\/person\/6136a32571657f7dba980b88b04c5465","name":"Diario del Sur Digital","image":{"@type":"ImageObject","inLanguage":"es","@id":"https:\/\/secure.gravatar.com\/avatar\/4c29ceac98541dd42460b2474aaa5dd37594d6ce6cb3cf2c101d09b48ee287ba?s=96&d=mm&r=g","url":"https:\/\/secure.gravatar.com\/avatar\/4c29ceac98541dd42460b2474aaa5dd37594d6ce6cb3cf2c101d09b48ee287ba?s=96&d=mm&r=g","contentUrl":"https:\/\/secure.gravatar.com\/avatar\/4c29ceac98541dd42460b2474aaa5dd37594d6ce6cb3cf2c101d09b48ee287ba?s=96&d=mm&r=g","caption":"Diario del Sur Digital"},"url":"https:\/\/diariodelsurdigital.com.ar\/?author=2"}]}},"_links":{"self":[{"href":"https:\/\/diariodelsurdigital.com.ar\/index.php?rest_route=\/wp\/v2\/posts\/2286","targetHints":{"allow":["GET"]}}],"collection":[{"href":"https:\/\/diariodelsurdigital.com.ar\/index.php?rest_route=\/wp\/v2\/posts"}],"about":[{"href":"https:\/\/diariodelsurdigital.com.ar\/index.php?rest_route=\/wp\/v2\/types\/post"}],"author":[{"embeddable":true,"href":"https:\/\/diariodelsurdigital.com.ar\/index.php?rest_route=\/wp\/v2\/users\/2"}],"replies":[{"embeddable":true,"href":"https:\/\/diariodelsurdigital.com.ar\/index.php?rest_route=%2Fwp%2Fv2%2Fcomments&post=2286"}],"version-history":[{"count":2,"href":"https:\/\/diariodelsurdigital.com.ar\/index.php?rest_route=\/wp\/v2\/posts\/2286\/revisions"}],"predecessor-version":[{"id":2290,"href":"https:\/\/diariodelsurdigital.com.ar\/index.php?rest_route=\/wp\/v2\/posts\/2286\/revisions\/2290"}],"wp:featuredmedia":[{"embeddable":true,"href":"https:\/\/diariodelsurdigital.com.ar\/index.php?rest_route=\/wp\/v2\/media\/2287"}],"wp:attachment":[{"href":"https:\/\/diariodelsurdigital.com.ar\/index.php?rest_route=%2Fwp%2Fv2%2Fmedia&parent=2286"}],"wp:term":[{"taxonomy":"category","embeddable":true,"href":"https:\/\/diariodelsurdigital.com.ar\/index.php?rest_route=%2Fwp%2Fv2%2Fcategories&post=2286"},{"taxonomy":"post_tag","embeddable":true,"href":"https:\/\/diariodelsurdigital.com.ar\/index.php?rest_route=%2Fwp%2Fv2%2Ftags&post=2286"}],"curies":[{"name":"wp","href":"https:\/\/api.w.org\/{rel}","templated":true}]}}