{"id":2294,"date":"2025-04-27T22:00:05","date_gmt":"2025-04-28T01:00:05","guid":{"rendered":"https:\/\/diariodelsurdigital.com.ar\/?p=2294"},"modified":"2025-04-27T22:00:06","modified_gmt":"2025-04-28T01:00:06","slug":"azcue-sin-careta-confirmo-que-hay-que-aliarse-electoralmente-con-la-ultraderecha-de-milei","status":"publish","type":"post","link":"https:\/\/diariodelsurdigital.com.ar\/?p=2294","title":{"rendered":"Azcu\u00e9 sin careta: Confirm\u00f3 que hay que aliarse electoralmente con la ultraderecha de Milei"},"content":{"rendered":"\n<p><\/p>\n\n\n\n<p>El Intendente de Concordia, insisti\u00f3 en remarcar la conducci\u00f3n de Rogelio Frigerio y reiter\u00f3 su postura de acordar electoralmente con la fuerza que lidera Javier Milei.<\/p>\n\n\n\n<p><strong>Vigilar y castigar<\/strong><\/p>\n\n\n\n<p><a href=\"whatsapp:\/\/send?text=DRU:%20Para%20Azcue%20hay%20que%20conflur%20electoralmente%20%22con%20La%20Libertad%20Avanza%20y%20con%20quienes%20pensemos%20de%20la%20misma%20manera%22%20-%20https:\/\/www.diarioriouruguay.com.ar\/uid-86388\"><\/a><a href=\"https:\/\/www.diarioriouruguay.com.ar\/politica\/para-azcue-hay-que-conflur-electoralmente-con-la-libertad-avanza-y-con-quienes-pensemos-de-la-misma-manera.htm#\"><\/a><a href=\"https:\/\/www.diarioriouruguay.com.ar\/politica\/para-azcue-hay-que-conflur-electoralmente-con-la-libertad-avanza-y-con-quienes-pensemos-de-la-misma-manera.htm#\"><\/a>En di\u00e1logo con <em>Diario R\u00edo Uruguay<\/em>, el presidente municipal detall\u00f3 que la ciudad contar\u00e1 pr\u00f3ximamente con \u201clectores de patente con c\u00e1maras que nos don\u00f3 la ministra de Seguridad de la Naci\u00f3n, Patricia Bullrich\u201d, que ser\u00e1n instalados en los distintos puntos de acceso a la ciudad.<\/p>\n\n\n\n<figure class=\"wp-block-image size-large\"><img loading=\"lazy\" decoding=\"async\" width=\"826\" height=\"1024\" src=\"https:\/\/diariodelsurdigital.com.ar\/wp-content\/uploads\/2025\/04\/WhatsApp-Image-2023-09-22-at-18.46.34-826x1024.jpeg\" alt=\"\" class=\"wp-image-2295\" srcset=\"https:\/\/diariodelsurdigital.com.ar\/wp-content\/uploads\/2025\/04\/WhatsApp-Image-2023-09-22-at-18.46.34-826x1024.jpeg 826w, https:\/\/diariodelsurdigital.com.ar\/wp-content\/uploads\/2025\/04\/WhatsApp-Image-2023-09-22-at-18.46.34-242x300.jpeg 242w, https:\/\/diariodelsurdigital.com.ar\/wp-content\/uploads\/2025\/04\/WhatsApp-Image-2023-09-22-at-18.46.34-768x952.jpeg 768w, https:\/\/diariodelsurdigital.com.ar\/wp-content\/uploads\/2025\/04\/WhatsApp-Image-2023-09-22-at-18.46.34-339x420.jpeg 339w, https:\/\/diariodelsurdigital.com.ar\/wp-content\/uploads\/2025\/04\/WhatsApp-Image-2023-09-22-at-18.46.34-696x863.jpeg 696w, https:\/\/diariodelsurdigital.com.ar\/wp-content\/uploads\/2025\/04\/WhatsApp-Image-2023-09-22-at-18.46.34-1068x1324.jpeg 1068w, https:\/\/diariodelsurdigital.com.ar\/wp-content\/uploads\/2025\/04\/WhatsApp-Image-2023-09-22-at-18.46.34.jpeg 1080w\" sizes=\"auto, (max-width: 826px) 100vw, 826px\" \/><\/figure>\n\n\n\n<p>Al respecto, coment\u00f3 que el pasado jueves \u00abestuvimos recorriendo los accesos de la ciudad, que estar\u00e1n cubiertos con estos arcos que tambi\u00e9n contar\u00e1n con c\u00e1maras y con personal de la Polic\u00eda de Entre R\u00edos con la Divisi\u00f3n Canina, as\u00ed como tambi\u00e9n con Tr\u00e1nsito, porque queremos tenerlos bien controlados\u201d.<\/p>\n\n\n\n<p>De esta manera, asegur\u00f3 que \u201cno solamente se podr\u00e1 establecer la patente de los autos\u201d con estos lectores, sino que tambi\u00e9n \u201cse podr\u00e1 detectar si tienen pedido de secuestro y dem\u00e1s\u201d, por lo que \u201chemos articulado tambi\u00e9n con otras fuerzas Federales para trabajar en conjunto, algo que nos pidi\u00f3 nuestro gobernador\u201d.<\/p>\n\n\n\n<h5 class=\"wp-block-heading\"><strong>Azcu\u00e9 contra el populismo<\/strong><\/h5>\n\n\n\n<p>Consultado sobre su visi\u00f3n particular del paradigma pol\u00edtico nacional, Azcu\u00e9 expres\u00f3 que \u201cla situaci\u00f3n es dif\u00edcil, pero tenemos que poner todo en un contexto dificil\u201d, debido a que \u201cnosotros llegamos a esta posici\u00f3n producto del da\u00f1o que nos provoc\u00f3 el populismo\u00bb, afirmando que&nbsp;<strong>\u00abfue el kirchnerismo trajo desgracia, involuci\u00f3n, atraso y un mont\u00f3n de situaciones que sufrimos todos\u201d.<\/strong><\/p>\n\n\n\n<p>Seg\u00fan sus palabras, el gobierno de Milei&nbsp;<strong>\u201cest\u00e1 tomando las medidas que hab\u00eda que tomar, porque sino iba a explotar todo\u201d&nbsp;<\/strong>y consider\u00f3 que \u201cdesactivaron una bomba realmente\u201d. No obstante, reconoci\u00f3 que \u201ceso por supuesto que trae consecuencias, porque dejar de emitir y tomar las medidas que tomaron genero recesi\u00f3n, lo que provoc\u00f3 la ca\u00edda de la recaudaci\u00f3n y a eso lo sufrimos todos\u201d.<\/p>\n\n\n\n<p>Desde el municipio \u201cadvertimos que, por lo menos desde que somos gesti\u00f3n, que arrancamos con un 25% de inflaci\u00f3n, ha existido una reducci\u00f3n importante en la recuperaci\u00f3n de la econom\u00eda, del consumo y dem\u00e1s\u201d, pero \u201clas cosas no salen gratis, tienen sus consecuencias, desde el plan platita hasta la responsabilidad de un gobierno a la hora de emitir billetes alocadamente\u00bb. Agregando que \u00abtenemos que aprender de eso y no volver nunca m\u00e1s a ese modelo que nos ha hecho mucho da\u00f1o y que revertirlo es muy costoso\u201d.<\/p>\n\n\n\n<h5 class=\"wp-block-heading\"><strong>Presencia del estado<\/strong><\/h5>\n\n\n\n<p>Consultado sobre su posici\u00f3n respecto a la presencia del estado nacional, el intendente manifest\u00f3 que, con Naci\u00f3n, \u201cnosotros coincidimos en muchos aspectos, es cierto que hay que bajar el gasto p\u00fablico, que hay que tener responsabilidad a la hora de administrar, que hay que ser eficientes, que hay que desregular porque las regulaciones excesivas son nocivas para el desarrollo productivo y financiero\u00bb.<\/p>\n\n\n\n<p>Sin embargo aclar\u00f3 que \u00aben la idea de buscar la libertad,&nbsp;<strong>creemos que tenemos que partir desde un piso de igualdad en el que las personas puedan acceder a ciertas herramientas para que despu\u00e9s<\/strong>, a trav\u00e9s de su esfuerzo, puedan desarrollar su proyecto de vida o de lo que sea\u201d, por lo que \u201ccreemos que el estado tiene que estar presente en estos casos y de hecho lo estamos haciendo\u201d.<\/p>\n\n\n\n<p>Sin embargo, remarc\u00f3 que \u201cno aceptamos el culto a la emergencia, el asistencialismo. No aceptamos la idea de tener prendida a la gente de una ayuda para poder sobrevivir y si no me votas te saco la ayuda\u201d, porque \u201ceso es perder y creo que ha hecho mucho da\u00f1o m\u00e1s all\u00e1 de lo estructural y lo econ\u00f3mico, como un da\u00f1o cultural enorme\u201d.<\/p>\n\n\n\n<figure class=\"wp-block-image size-full\"><img loading=\"lazy\" decoding=\"async\" width=\"1024\" height=\"683\" src=\"https:\/\/diariodelsurdigital.com.ar\/wp-content\/uploads\/2025\/04\/image-16-1024x683-1.png\" alt=\"\" class=\"wp-image-2297\" srcset=\"https:\/\/diariodelsurdigital.com.ar\/wp-content\/uploads\/2025\/04\/image-16-1024x683-1.png 1024w, https:\/\/diariodelsurdigital.com.ar\/wp-content\/uploads\/2025\/04\/image-16-1024x683-1-300x200.png 300w, https:\/\/diariodelsurdigital.com.ar\/wp-content\/uploads\/2025\/04\/image-16-1024x683-1-768x512.png 768w, https:\/\/diariodelsurdigital.com.ar\/wp-content\/uploads\/2025\/04\/image-16-1024x683-1-630x420.png 630w, https:\/\/diariodelsurdigital.com.ar\/wp-content\/uploads\/2025\/04\/image-16-1024x683-1-696x464.png 696w\" sizes=\"auto, (max-width: 1024px) 100vw, 1024px\" \/><\/figure>\n\n\n\n<h5 class=\"wp-block-heading\"><strong> Elecciones de octubre<\/strong><\/h5>\n\n\n\n<p>Finalmente, en vista a las pr\u00f3ximas elecciones de octubre, el presidente municipal expres\u00f3 que \u201cnosotros en Entre R\u00edos conformamos un frente que hoy es una coalici\u00f3n de gobierno\u201d, por lo que \u201ceste proyecto pol\u00edtico y de gesti\u00f3n tiene como conductor al gobernador Rogelio Frigerio y, en este caso, est\u00e1 encabezando este proceso de construcci\u00f3n o negociaci\u00f3n con otros partidos, como ya ocurri\u00f3 en a\u00f1os anteriores, con la diferencia de que, como estamos gobernando la provincia, tenemos un l\u00edder claro\u201d.<\/p>\n\n\n\n<p>En cuanto a su posici\u00f3n en particular, apunt\u00f3 que \u201cvoy a estar donde est\u00e9 mi conductor\u201d, pero&nbsp;<strong>\u201csi me preguntan mi opini\u00f3n, debemos confluir en un mismo espacio y llevar adelante una conducci\u00f3n en la que confluyamos con La Libertad Avanza y con quienes pensemos de la misma manera<\/strong>, pero no para forzar a las personas a estar en un lugar donde no quieren\u201d.<\/p>\n\n\n\n<p>Seg\u00fan su prisma, es necesario \u201cescuchar al mandato popular,\u00a0<strong>la gente nos pide que estemos del mismo lado y que podamos construir juntos,\u00a0<\/strong>porque esencialmente coincidimos en las cuestiones centrales, en las bases y en el rumbo\u201d. Adem\u00e1s de que \u201cel pa\u00eds est\u00e1 en un momento de definici\u00f3n importante sobre cu\u00e1l es el camino que queremos tomar, cu\u00e1l es el rol de la pol\u00edtica y el rol del Estado\u201d.<\/p>\n\n\n\n<figure class=\"wp-block-image size-large\"><img loading=\"lazy\" decoding=\"async\" width=\"1024\" height=\"896\" src=\"https:\/\/diariodelsurdigital.com.ar\/wp-content\/uploads\/2025\/04\/918753-5-a-leandroteysseire-1024x896.jpg\" alt=\"\" class=\"wp-image-2298\" srcset=\"https:\/\/diariodelsurdigital.com.ar\/wp-content\/uploads\/2025\/04\/918753-5-a-leandroteysseire-1024x896.jpg 1024w, https:\/\/diariodelsurdigital.com.ar\/wp-content\/uploads\/2025\/04\/918753-5-a-leandroteysseire-300x263.jpg 300w, https:\/\/diariodelsurdigital.com.ar\/wp-content\/uploads\/2025\/04\/918753-5-a-leandroteysseire-768x672.jpg 768w, https:\/\/diariodelsurdigital.com.ar\/wp-content\/uploads\/2025\/04\/918753-5-a-leandroteysseire-480x420.jpg 480w, https:\/\/diariodelsurdigital.com.ar\/wp-content\/uploads\/2025\/04\/918753-5-a-leandroteysseire-696x609.jpg 696w, https:\/\/diariodelsurdigital.com.ar\/wp-content\/uploads\/2025\/04\/918753-5-a-leandroteysseire-1068x935.jpg 1068w, https:\/\/diariodelsurdigital.com.ar\/wp-content\/uploads\/2025\/04\/918753-5-a-leandroteysseire.jpg 1200w\" sizes=\"auto, (max-width: 1024px) 100vw, 1024px\" \/><\/figure>\n\n\n\n<p>Fuente: Diario R\u00edo Uruguay<\/p>\n\n\n\n<p><a href=\"whatsapp:\/\/send?text=DRU:%20Para%20Azcue%20hay%20que%20conflur%20electoralmente%20%22con%20La%20Libertad%20Avanza%20y%20con%20quienes%20pensemos%20de%20la%20misma%20manera%22%20-%20https:\/\/www.diarioriouruguay.com.ar\/uid-86388\"><\/a><\/p>\n","protected":false},"excerpt":{"rendered":"<p>El Intendente de Concordia, insisti\u00f3 en remarcar la conducci\u00f3n de Rogelio Frigerio y reiter\u00f3 su postura de acordar electoralmente con la fuerza que lidera Javier Milei. Vigilar y castigar En di\u00e1logo con Diario R\u00edo Uruguay, el presidente municipal detall\u00f3 que la ciudad contar\u00e1 pr\u00f3ximamente con \u201clectores de patente con c\u00e1maras que nos don\u00f3 la ministra [&hellip;]<\/p>\n","protected":false},"author":2,"featured_media":2296,"comment_status":"open","ping_status":"open","sticky":false,"template":"","format":"standard","meta":{"footnotes":""},"categories":[16],"tags":[],"class_list":{"0":"post-2294","1":"post","2":"type-post","3":"status-publish","4":"format-standard","5":"has-post-thumbnail","7":"category-locales"},"yoast_head":"<!-- This site is optimized with the Yoast SEO plugin v27.4 - https:\/\/yoast.com\/product\/yoast-seo-wordpress\/ -->\n<title>Azcu\u00e9 sin careta: Confirm\u00f3 que hay que aliarse electoralmente con la ultraderecha de Milei - Diario del Sur<\/title>\n<meta name=\"robots\" content=\"index, follow, max-snippet:-1, max-image-preview:large, max-video-preview:-1\" \/>\n<link rel=\"canonical\" href=\"https:\/\/diariodelsurdigital.com.ar\/?p=2294\" \/>\n<meta property=\"og:locale\" content=\"es_ES\" \/>\n<meta property=\"og:type\" content=\"article\" \/>\n<meta property=\"og:title\" content=\"Azcu\u00e9 sin careta: Confirm\u00f3 que hay que aliarse electoralmente con la ultraderecha de Milei - Diario del Sur\" \/>\n<meta property=\"og:description\" content=\"El Intendente de Concordia, insisti\u00f3 en remarcar la conducci\u00f3n de Rogelio Frigerio y reiter\u00f3 su postura de acordar electoralmente con la fuerza que lidera Javier Milei. Vigilar y castigar En di\u00e1logo con Diario R\u00edo Uruguay, el presidente municipal detall\u00f3 que la ciudad contar\u00e1 pr\u00f3ximamente con \u201clectores de patente con c\u00e1maras que nos don\u00f3 la ministra [&hellip;]\" \/>\n<meta property=\"og:url\" content=\"https:\/\/diariodelsurdigital.com.ar\/?p=2294\" \/>\n<meta property=\"og:site_name\" content=\"Diario del Sur\" \/>\n<meta property=\"article:published_time\" content=\"2025-04-28T01:00:05+00:00\" \/>\n<meta property=\"article:modified_time\" content=\"2025-04-28T01:00:06+00:00\" \/>\n<meta property=\"og:image\" content=\"https:\/\/diariodelsurdigital.com.ar\/wp-content\/uploads\/2025\/04\/l_1721810742.jpg\" \/>\n\t<meta property=\"og:image:width\" content=\"560\" \/>\n\t<meta property=\"og:image:height\" content=\"391\" \/>\n\t<meta property=\"og:image:type\" content=\"image\/jpeg\" \/>\n<meta name=\"author\" content=\"Diario del Sur Digital\" \/>\n<meta name=\"twitter:card\" content=\"summary_large_image\" \/>\n<meta name=\"twitter:label1\" content=\"Escrito por\" \/>\n\t<meta name=\"twitter:data1\" content=\"Diario del Sur Digital\" \/>\n\t<meta name=\"twitter:label2\" content=\"Tiempo de lectura\" \/>\n\t<meta name=\"twitter:data2\" content=\"5 minutos\" \/>\n<script type=\"application\/ld+json\" class=\"yoast-schema-graph\">{\"@context\":\"https:\\\/\\\/schema.org\",\"@graph\":[{\"@type\":\"Article\",\"@id\":\"https:\\\/\\\/diariodelsurdigital.com.ar\\\/?p=2294#article\",\"isPartOf\":{\"@id\":\"https:\\\/\\\/diariodelsurdigital.com.ar\\\/?p=2294\"},\"author\":{\"name\":\"Diario del Sur Digital\",\"@id\":\"https:\\\/\\\/diariodelsurdigital.com.ar\\\/#\\\/schema\\\/person\\\/6136a32571657f7dba980b88b04c5465\"},\"headline\":\"Azcu\u00e9 sin careta: Confirm\u00f3 que hay que aliarse electoralmente con la ultraderecha de Milei\",\"datePublished\":\"2025-04-28T01:00:05+00:00\",\"dateModified\":\"2025-04-28T01:00:06+00:00\",\"mainEntityOfPage\":{\"@id\":\"https:\\\/\\\/diariodelsurdigital.com.ar\\\/?p=2294\"},\"wordCount\":889,\"commentCount\":0,\"image\":{\"@id\":\"https:\\\/\\\/diariodelsurdigital.com.ar\\\/?p=2294#primaryimage\"},\"thumbnailUrl\":\"https:\\\/\\\/diariodelsurdigital.com.ar\\\/wp-content\\\/uploads\\\/2025\\\/04\\\/l_1721810742.jpg\",\"articleSection\":[\"Locales\"],\"inLanguage\":\"es\",\"potentialAction\":[{\"@type\":\"CommentAction\",\"name\":\"Comment\",\"target\":[\"https:\\\/\\\/diariodelsurdigital.com.ar\\\/?p=2294#respond\"]}]},{\"@type\":\"WebPage\",\"@id\":\"https:\\\/\\\/diariodelsurdigital.com.ar\\\/?p=2294\",\"url\":\"https:\\\/\\\/diariodelsurdigital.com.ar\\\/?p=2294\",\"name\":\"Azcu\u00e9 sin careta: Confirm\u00f3 que hay que aliarse electoralmente con la ultraderecha de Milei - Diario del Sur\",\"isPartOf\":{\"@id\":\"https:\\\/\\\/diariodelsurdigital.com.ar\\\/#website\"},\"primaryImageOfPage\":{\"@id\":\"https:\\\/\\\/diariodelsurdigital.com.ar\\\/?p=2294#primaryimage\"},\"image\":{\"@id\":\"https:\\\/\\\/diariodelsurdigital.com.ar\\\/?p=2294#primaryimage\"},\"thumbnailUrl\":\"https:\\\/\\\/diariodelsurdigital.com.ar\\\/wp-content\\\/uploads\\\/2025\\\/04\\\/l_1721810742.jpg\",\"datePublished\":\"2025-04-28T01:00:05+00:00\",\"dateModified\":\"2025-04-28T01:00:06+00:00\",\"author\":{\"@id\":\"https:\\\/\\\/diariodelsurdigital.com.ar\\\/#\\\/schema\\\/person\\\/6136a32571657f7dba980b88b04c5465\"},\"breadcrumb\":{\"@id\":\"https:\\\/\\\/diariodelsurdigital.com.ar\\\/?p=2294#breadcrumb\"},\"inLanguage\":\"es\",\"potentialAction\":[{\"@type\":\"ReadAction\",\"target\":[\"https:\\\/\\\/diariodelsurdigital.com.ar\\\/?p=2294\"]}]},{\"@type\":\"ImageObject\",\"inLanguage\":\"es\",\"@id\":\"https:\\\/\\\/diariodelsurdigital.com.ar\\\/?p=2294#primaryimage\",\"url\":\"https:\\\/\\\/diariodelsurdigital.com.ar\\\/wp-content\\\/uploads\\\/2025\\\/04\\\/l_1721810742.jpg\",\"contentUrl\":\"https:\\\/\\\/diariodelsurdigital.com.ar\\\/wp-content\\\/uploads\\\/2025\\\/04\\\/l_1721810742.jpg\",\"width\":560,\"height\":391},{\"@type\":\"BreadcrumbList\",\"@id\":\"https:\\\/\\\/diariodelsurdigital.com.ar\\\/?p=2294#breadcrumb\",\"itemListElement\":[{\"@type\":\"ListItem\",\"position\":1,\"name\":\"Portada\",\"item\":\"https:\\\/\\\/diariodelsurdigital.com.ar\\\/\"},{\"@type\":\"ListItem\",\"position\":2,\"name\":\"Azcu\u00e9 sin careta: Confirm\u00f3 que hay que aliarse electoralmente con la ultraderecha de Milei\"}]},{\"@type\":\"WebSite\",\"@id\":\"https:\\\/\\\/diariodelsurdigital.com.ar\\\/#website\",\"url\":\"https:\\\/\\\/diariodelsurdigital.com.ar\\\/\",\"name\":\"Diario del Sur\",\"description\":\"Digital\",\"potentialAction\":[{\"@type\":\"SearchAction\",\"target\":{\"@type\":\"EntryPoint\",\"urlTemplate\":\"https:\\\/\\\/diariodelsurdigital.com.ar\\\/?s={search_term_string}\"},\"query-input\":{\"@type\":\"PropertyValueSpecification\",\"valueRequired\":true,\"valueName\":\"search_term_string\"}}],\"inLanguage\":\"es\"},{\"@type\":\"Person\",\"@id\":\"https:\\\/\\\/diariodelsurdigital.com.ar\\\/#\\\/schema\\\/person\\\/6136a32571657f7dba980b88b04c5465\",\"name\":\"Diario del Sur Digital\",\"image\":{\"@type\":\"ImageObject\",\"inLanguage\":\"es\",\"@id\":\"https:\\\/\\\/secure.gravatar.com\\\/avatar\\\/4c29ceac98541dd42460b2474aaa5dd37594d6ce6cb3cf2c101d09b48ee287ba?s=96&d=mm&r=g\",\"url\":\"https:\\\/\\\/secure.gravatar.com\\\/avatar\\\/4c29ceac98541dd42460b2474aaa5dd37594d6ce6cb3cf2c101d09b48ee287ba?s=96&d=mm&r=g\",\"contentUrl\":\"https:\\\/\\\/secure.gravatar.com\\\/avatar\\\/4c29ceac98541dd42460b2474aaa5dd37594d6ce6cb3cf2c101d09b48ee287ba?s=96&d=mm&r=g\",\"caption\":\"Diario del Sur Digital\"},\"url\":\"https:\\\/\\\/diariodelsurdigital.com.ar\\\/?author=2\"}]}<\/script>\n<!-- \/ Yoast SEO plugin. -->","yoast_head_json":{"title":"Azcu\u00e9 sin careta: Confirm\u00f3 que hay que aliarse electoralmente con la ultraderecha de Milei - Diario del Sur","robots":{"index":"index","follow":"follow","max-snippet":"max-snippet:-1","max-image-preview":"max-image-preview:large","max-video-preview":"max-video-preview:-1"},"canonical":"https:\/\/diariodelsurdigital.com.ar\/?p=2294","og_locale":"es_ES","og_type":"article","og_title":"Azcu\u00e9 sin careta: Confirm\u00f3 que hay que aliarse electoralmente con la ultraderecha de Milei - Diario del Sur","og_description":"El Intendente de Concordia, insisti\u00f3 en remarcar la conducci\u00f3n de Rogelio Frigerio y reiter\u00f3 su postura de acordar electoralmente con la fuerza que lidera Javier Milei. Vigilar y castigar En di\u00e1logo con Diario R\u00edo Uruguay, el presidente municipal detall\u00f3 que la ciudad contar\u00e1 pr\u00f3ximamente con \u201clectores de patente con c\u00e1maras que nos don\u00f3 la ministra [&hellip;]","og_url":"https:\/\/diariodelsurdigital.com.ar\/?p=2294","og_site_name":"Diario del Sur","article_published_time":"2025-04-28T01:00:05+00:00","article_modified_time":"2025-04-28T01:00:06+00:00","og_image":[{"width":560,"height":391,"url":"https:\/\/diariodelsurdigital.com.ar\/wp-content\/uploads\/2025\/04\/l_1721810742.jpg","type":"image\/jpeg"}],"author":"Diario del Sur Digital","twitter_card":"summary_large_image","twitter_misc":{"Escrito por":"Diario del Sur Digital","Tiempo de lectura":"5 minutos"},"schema":{"@context":"https:\/\/schema.org","@graph":[{"@type":"Article","@id":"https:\/\/diariodelsurdigital.com.ar\/?p=2294#article","isPartOf":{"@id":"https:\/\/diariodelsurdigital.com.ar\/?p=2294"},"author":{"name":"Diario del Sur Digital","@id":"https:\/\/diariodelsurdigital.com.ar\/#\/schema\/person\/6136a32571657f7dba980b88b04c5465"},"headline":"Azcu\u00e9 sin careta: Confirm\u00f3 que hay que aliarse electoralmente con la ultraderecha de Milei","datePublished":"2025-04-28T01:00:05+00:00","dateModified":"2025-04-28T01:00:06+00:00","mainEntityOfPage":{"@id":"https:\/\/diariodelsurdigital.com.ar\/?p=2294"},"wordCount":889,"commentCount":0,"image":{"@id":"https:\/\/diariodelsurdigital.com.ar\/?p=2294#primaryimage"},"thumbnailUrl":"https:\/\/diariodelsurdigital.com.ar\/wp-content\/uploads\/2025\/04\/l_1721810742.jpg","articleSection":["Locales"],"inLanguage":"es","potentialAction":[{"@type":"CommentAction","name":"Comment","target":["https:\/\/diariodelsurdigital.com.ar\/?p=2294#respond"]}]},{"@type":"WebPage","@id":"https:\/\/diariodelsurdigital.com.ar\/?p=2294","url":"https:\/\/diariodelsurdigital.com.ar\/?p=2294","name":"Azcu\u00e9 sin careta: Confirm\u00f3 que hay que aliarse electoralmente con la ultraderecha de Milei - Diario del Sur","isPartOf":{"@id":"https:\/\/diariodelsurdigital.com.ar\/#website"},"primaryImageOfPage":{"@id":"https:\/\/diariodelsurdigital.com.ar\/?p=2294#primaryimage"},"image":{"@id":"https:\/\/diariodelsurdigital.com.ar\/?p=2294#primaryimage"},"thumbnailUrl":"https:\/\/diariodelsurdigital.com.ar\/wp-content\/uploads\/2025\/04\/l_1721810742.jpg","datePublished":"2025-04-28T01:00:05+00:00","dateModified":"2025-04-28T01:00:06+00:00","author":{"@id":"https:\/\/diariodelsurdigital.com.ar\/#\/schema\/person\/6136a32571657f7dba980b88b04c5465"},"breadcrumb":{"@id":"https:\/\/diariodelsurdigital.com.ar\/?p=2294#breadcrumb"},"inLanguage":"es","potentialAction":[{"@type":"ReadAction","target":["https:\/\/diariodelsurdigital.com.ar\/?p=2294"]}]},{"@type":"ImageObject","inLanguage":"es","@id":"https:\/\/diariodelsurdigital.com.ar\/?p=2294#primaryimage","url":"https:\/\/diariodelsurdigital.com.ar\/wp-content\/uploads\/2025\/04\/l_1721810742.jpg","contentUrl":"https:\/\/diariodelsurdigital.com.ar\/wp-content\/uploads\/2025\/04\/l_1721810742.jpg","width":560,"height":391},{"@type":"BreadcrumbList","@id":"https:\/\/diariodelsurdigital.com.ar\/?p=2294#breadcrumb","itemListElement":[{"@type":"ListItem","position":1,"name":"Portada","item":"https:\/\/diariodelsurdigital.com.ar\/"},{"@type":"ListItem","position":2,"name":"Azcu\u00e9 sin careta: Confirm\u00f3 que hay que aliarse electoralmente con la ultraderecha de Milei"}]},{"@type":"WebSite","@id":"https:\/\/diariodelsurdigital.com.ar\/#website","url":"https:\/\/diariodelsurdigital.com.ar\/","name":"Diario del Sur","description":"Digital","potentialAction":[{"@type":"SearchAction","target":{"@type":"EntryPoint","urlTemplate":"https:\/\/diariodelsurdigital.com.ar\/?s={search_term_string}"},"query-input":{"@type":"PropertyValueSpecification","valueRequired":true,"valueName":"search_term_string"}}],"inLanguage":"es"},{"@type":"Person","@id":"https:\/\/diariodelsurdigital.com.ar\/#\/schema\/person\/6136a32571657f7dba980b88b04c5465","name":"Diario del Sur Digital","image":{"@type":"ImageObject","inLanguage":"es","@id":"https:\/\/secure.gravatar.com\/avatar\/4c29ceac98541dd42460b2474aaa5dd37594d6ce6cb3cf2c101d09b48ee287ba?s=96&d=mm&r=g","url":"https:\/\/secure.gravatar.com\/avatar\/4c29ceac98541dd42460b2474aaa5dd37594d6ce6cb3cf2c101d09b48ee287ba?s=96&d=mm&r=g","contentUrl":"https:\/\/secure.gravatar.com\/avatar\/4c29ceac98541dd42460b2474aaa5dd37594d6ce6cb3cf2c101d09b48ee287ba?s=96&d=mm&r=g","caption":"Diario del Sur Digital"},"url":"https:\/\/diariodelsurdigital.com.ar\/?author=2"}]}},"_links":{"self":[{"href":"https:\/\/diariodelsurdigital.com.ar\/index.php?rest_route=\/wp\/v2\/posts\/2294","targetHints":{"allow":["GET"]}}],"collection":[{"href":"https:\/\/diariodelsurdigital.com.ar\/index.php?rest_route=\/wp\/v2\/posts"}],"about":[{"href":"https:\/\/diariodelsurdigital.com.ar\/index.php?rest_route=\/wp\/v2\/types\/post"}],"author":[{"embeddable":true,"href":"https:\/\/diariodelsurdigital.com.ar\/index.php?rest_route=\/wp\/v2\/users\/2"}],"replies":[{"embeddable":true,"href":"https:\/\/diariodelsurdigital.com.ar\/index.php?rest_route=%2Fwp%2Fv2%2Fcomments&post=2294"}],"version-history":[{"count":1,"href":"https:\/\/diariodelsurdigital.com.ar\/index.php?rest_route=\/wp\/v2\/posts\/2294\/revisions"}],"predecessor-version":[{"id":2299,"href":"https:\/\/diariodelsurdigital.com.ar\/index.php?rest_route=\/wp\/v2\/posts\/2294\/revisions\/2299"}],"wp:featuredmedia":[{"embeddable":true,"href":"https:\/\/diariodelsurdigital.com.ar\/index.php?rest_route=\/wp\/v2\/media\/2296"}],"wp:attachment":[{"href":"https:\/\/diariodelsurdigital.com.ar\/index.php?rest_route=%2Fwp%2Fv2%2Fmedia&parent=2294"}],"wp:term":[{"taxonomy":"category","embeddable":true,"href":"https:\/\/diariodelsurdigital.com.ar\/index.php?rest_route=%2Fwp%2Fv2%2Fcategories&post=2294"},{"taxonomy":"post_tag","embeddable":true,"href":"https:\/\/diariodelsurdigital.com.ar\/index.php?rest_route=%2Fwp%2Fv2%2Ftags&post=2294"}],"curies":[{"name":"wp","href":"https:\/\/api.w.org\/{rel}","templated":true}]}}