{"id":2302,"date":"2025-04-28T09:21:27","date_gmt":"2025-04-28T12:21:27","guid":{"rendered":"https:\/\/diariodelsurdigital.com.ar\/?p=2302"},"modified":"2025-04-28T09:21:28","modified_gmt":"2025-04-28T12:21:28","slug":"la-inflacion-y-la-salida-del-cepo-impactaron-en-el-precio-de-la-carne-subas-de-hasta-36-en-algunos-cortes","status":"publish","type":"post","link":"https:\/\/diariodelsurdigital.com.ar\/?p=2302","title":{"rendered":"La inflaci\u00f3n y la salida del cepo impactaron en el precio de la carne: subas de hasta 36% en algunos cortes"},"content":{"rendered":"\n<p>Este aumento responde tanto a ajustes por inflaci\u00f3n como a alzas preventivas vinculadas a la devaluaci\u00f3n. En este contexto, el acceso a la carne se volvi\u00f3 cada vez m\u00e1s restringido para amplios sectores de la poblaci\u00f3n.<\/p>\n\n\n\n<p>A pesar de ciertos signos de recuperaci\u00f3n econ\u00f3mica, con un crecimiento del 5,7% en febrero, el consumo de alimentos esenciales como la carne vacuna contin\u00faa en declive, especialmente entre los sectores m\u00e1s vulnerables. La sustituci\u00f3n de cortes vacunos por opciones m\u00e1s econ\u00f3micas como el pollo, el cerdo e incluso productos b\u00e1sicos como fideos, arroz o polenta se volvi\u00f3 una constante en los hogares bajo la l\u00ednea de pobreza.<\/p>\n\n\n\n<p>El precio de los principales cortes experiment\u00f3 fuertes subas en las \u00faltimas semanas. De acuerdo con el Instituto de Promoci\u00f3n de la Carne Vacuna Argentina (IPCVA), entre fines de marzo y esta semana, el roast beef pas\u00f3 de $9.759 a $13.300 (+36%), la carnaza com\u00fan de $7.381 a $10.100 (+36%), el cuadril de $12.719 a $17.500 (+33%) y la paleta de $10.152 a $13.400 (+32%). Otros cortes como la nalga, el lomo o la bola de lomo tambi\u00e9n tuvieron aumentos de entre 16% y 28%.<\/p>\n\n\n\n<p>Esta suba responde tanto a ajustes por inflaci\u00f3n como a aumentos preventivos vinculados a la devaluaci\u00f3n. En este contexto, el acceso a la carne se volvi\u00f3 cada vez m\u00e1s restringido para amplios sectores de la poblaci\u00f3n, public\u00f3 \u00c1mbito.<\/p>\n\n\n\n<h2 class=\"wp-block-heading\">El consumo masivo sigue en retracci\u00f3n<\/h2>\n\n\n\n<p>Argentina atraviesa una crisis en el consumo masivo de alimentos, bebidas y productos de limpieza, con una contracci\u00f3n acumulada de 16 meses. Seg\u00fan datos de la C\u00e1mara de la Industria y Comercio de Carnes y Derivados de la Rep\u00fablica Argentina (Ciccra), el consumo de carne vacuna volvi\u00f3 a caer en marzo un 2,7% mensual y un 5,4% interanual. En t\u00e9rminos hist\u00f3ricos, el consumo promedio por habitante se ubic\u00f3 en 47,8 kilos anuales, el nivel m\u00e1s bajo en 30 a\u00f1os.<\/p>\n\n\n\n<p>La ca\u00edda tambi\u00e9n se refleja en los puntos de venta: las ventas de carne en supermercados y autoservicios descendieron 7,1% y 3,7% respectivamente. El encarecimiento del producto y la p\u00e9rdida del poder adquisitivo han llevado a muchos hogares a reducir su frecuencia de compra o directamente eliminar la carne vacuna de su dieta.<\/p>\n\n\n\n<p>Mientras tanto, los salarios siguen sin alcanzar a la inflaci\u00f3n, que en marzo fue del 3,7% seg\u00fan el INDEC, con alimentos creciendo un 5,9%. La suba acumulada del \u00cdndice de Precios al Consumidor en lo que va del a\u00f1o llega al 8,6%, con un 55,9% interanual.<\/p>\n\n\n\n<p>La crisis econ\u00f3mica sigue modificando los h\u00e1bitos de consumo en los hogares argentinos, especialmente entre los sectores m\u00e1s golpeados por la p\u00e9rdida del poder adquisitivo. Seg\u00fan un informe de NielsenIQ, los consumidores est\u00e1n siendo cada vez m\u00e1s selectivos, priorizando el cuidado personal y el mantenimiento del hogar por sobre la compra de alimentos esenciales.<\/p>\n\n\n\n<p>Este cambio se refleja en las estad\u00edsticas: en marzo, las ventas de alimentos b\u00e1sicos apenas crecieron un 0,5%, mientras que rubros como golosinas y alimentos no esenciales aumentaron un 2,2% y 1,9% respectivamente. Al mismo tiempo, las bebidas alcoh\u00f3licas registraron una fuerte ca\u00edda del 10%, y las no alcoh\u00f3licas se mantuvieron pr\u00e1cticamente estables, con un alza de solo 0,5%.&nbsp;<\/p>\n","protected":false},"excerpt":{"rendered":"<p>Este aumento responde tanto a ajustes por inflaci\u00f3n como a alzas preventivas vinculadas a la devaluaci\u00f3n. En este contexto, el acceso a la carne se volvi\u00f3 cada vez m\u00e1s restringido para amplios sectores de la poblaci\u00f3n. A pesar de ciertos signos de recuperaci\u00f3n econ\u00f3mica, con un crecimiento del 5,7% en febrero, el consumo de alimentos [&hellip;]<\/p>\n","protected":false},"author":4,"featured_media":2303,"comment_status":"open","ping_status":"open","sticky":false,"template":"","format":"standard","meta":{"footnotes":""},"categories":[19,18],"tags":[],"class_list":{"0":"post-2302","1":"post","2":"type-post","3":"status-publish","4":"format-standard","5":"has-post-thumbnail","7":"category-interes-general","8":"category-nacionales"},"yoast_head":"<!-- This site is optimized with the Yoast SEO plugin v27.4 - https:\/\/yoast.com\/product\/yoast-seo-wordpress\/ -->\n<title>La inflaci\u00f3n y la salida del cepo impactaron en el precio de la carne: subas de hasta 36% en algunos cortes - Diario del Sur<\/title>\n<meta name=\"robots\" content=\"index, follow, max-snippet:-1, max-image-preview:large, max-video-preview:-1\" \/>\n<link rel=\"canonical\" href=\"https:\/\/diariodelsurdigital.com.ar\/?p=2302\" \/>\n<meta property=\"og:locale\" content=\"es_ES\" \/>\n<meta property=\"og:type\" content=\"article\" \/>\n<meta property=\"og:title\" content=\"La inflaci\u00f3n y la salida del cepo impactaron en el precio de la carne: subas de hasta 36% en algunos cortes - Diario del Sur\" \/>\n<meta property=\"og:description\" content=\"Este aumento responde tanto a ajustes por inflaci\u00f3n como a alzas preventivas vinculadas a la devaluaci\u00f3n. En este contexto, el acceso a la carne se volvi\u00f3 cada vez m\u00e1s restringido para amplios sectores de la poblaci\u00f3n. A pesar de ciertos signos de recuperaci\u00f3n econ\u00f3mica, con un crecimiento del 5,7% en febrero, el consumo de alimentos [&hellip;]\" \/>\n<meta property=\"og:url\" content=\"https:\/\/diariodelsurdigital.com.ar\/?p=2302\" \/>\n<meta property=\"og:site_name\" content=\"Diario del Sur\" \/>\n<meta property=\"article:published_time\" content=\"2025-04-28T12:21:27+00:00\" \/>\n<meta property=\"article:modified_time\" content=\"2025-04-28T12:21:28+00:00\" \/>\n<meta property=\"og:image\" content=\"https:\/\/diariodelsurdigital.com.ar\/wp-content\/uploads\/2025\/04\/md-20.webp\" \/>\n\t<meta property=\"og:image:width\" content=\"992\" \/>\n\t<meta property=\"og:image:height\" content=\"614\" \/>\n\t<meta property=\"og:image:type\" content=\"image\/webp\" \/>\n<meta name=\"author\" content=\"Diario del Sur Digital\" \/>\n<meta name=\"twitter:card\" content=\"summary_large_image\" \/>\n<meta name=\"twitter:label1\" content=\"Escrito por\" \/>\n\t<meta name=\"twitter:data1\" content=\"Diario del Sur Digital\" \/>\n\t<meta name=\"twitter:label2\" content=\"Tiempo de lectura\" \/>\n\t<meta name=\"twitter:data2\" content=\"3 minutos\" \/>\n<script type=\"application\/ld+json\" class=\"yoast-schema-graph\">{\"@context\":\"https:\\\/\\\/schema.org\",\"@graph\":[{\"@type\":\"Article\",\"@id\":\"https:\\\/\\\/diariodelsurdigital.com.ar\\\/?p=2302#article\",\"isPartOf\":{\"@id\":\"https:\\\/\\\/diariodelsurdigital.com.ar\\\/?p=2302\"},\"author\":{\"name\":\"Diario del Sur Digital\",\"@id\":\"https:\\\/\\\/diariodelsurdigital.com.ar\\\/#\\\/schema\\\/person\\\/1a4992532ed62965c968031b49195c81\"},\"headline\":\"La inflaci\u00f3n y la salida del cepo impactaron en el precio de la carne: subas de hasta 36% en algunos cortes\",\"datePublished\":\"2025-04-28T12:21:27+00:00\",\"dateModified\":\"2025-04-28T12:21:28+00:00\",\"mainEntityOfPage\":{\"@id\":\"https:\\\/\\\/diariodelsurdigital.com.ar\\\/?p=2302\"},\"wordCount\":563,\"commentCount\":0,\"image\":{\"@id\":\"https:\\\/\\\/diariodelsurdigital.com.ar\\\/?p=2302#primaryimage\"},\"thumbnailUrl\":\"https:\\\/\\\/diariodelsurdigital.com.ar\\\/wp-content\\\/uploads\\\/2025\\\/04\\\/md-20.webp\",\"articleSection\":[\"Inter\u00e9s General\",\"Nacionales\"],\"inLanguage\":\"es\",\"potentialAction\":[{\"@type\":\"CommentAction\",\"name\":\"Comment\",\"target\":[\"https:\\\/\\\/diariodelsurdigital.com.ar\\\/?p=2302#respond\"]}]},{\"@type\":\"WebPage\",\"@id\":\"https:\\\/\\\/diariodelsurdigital.com.ar\\\/?p=2302\",\"url\":\"https:\\\/\\\/diariodelsurdigital.com.ar\\\/?p=2302\",\"name\":\"La inflaci\u00f3n y la salida del cepo impactaron en el precio de la carne: subas de hasta 36% en algunos cortes - Diario del Sur\",\"isPartOf\":{\"@id\":\"https:\\\/\\\/diariodelsurdigital.com.ar\\\/#website\"},\"primaryImageOfPage\":{\"@id\":\"https:\\\/\\\/diariodelsurdigital.com.ar\\\/?p=2302#primaryimage\"},\"image\":{\"@id\":\"https:\\\/\\\/diariodelsurdigital.com.ar\\\/?p=2302#primaryimage\"},\"thumbnailUrl\":\"https:\\\/\\\/diariodelsurdigital.com.ar\\\/wp-content\\\/uploads\\\/2025\\\/04\\\/md-20.webp\",\"datePublished\":\"2025-04-28T12:21:27+00:00\",\"dateModified\":\"2025-04-28T12:21:28+00:00\",\"author\":{\"@id\":\"https:\\\/\\\/diariodelsurdigital.com.ar\\\/#\\\/schema\\\/person\\\/1a4992532ed62965c968031b49195c81\"},\"breadcrumb\":{\"@id\":\"https:\\\/\\\/diariodelsurdigital.com.ar\\\/?p=2302#breadcrumb\"},\"inLanguage\":\"es\",\"potentialAction\":[{\"@type\":\"ReadAction\",\"target\":[\"https:\\\/\\\/diariodelsurdigital.com.ar\\\/?p=2302\"]}]},{\"@type\":\"ImageObject\",\"inLanguage\":\"es\",\"@id\":\"https:\\\/\\\/diariodelsurdigital.com.ar\\\/?p=2302#primaryimage\",\"url\":\"https:\\\/\\\/diariodelsurdigital.com.ar\\\/wp-content\\\/uploads\\\/2025\\\/04\\\/md-20.webp\",\"contentUrl\":\"https:\\\/\\\/diariodelsurdigital.com.ar\\\/wp-content\\\/uploads\\\/2025\\\/04\\\/md-20.webp\",\"width\":992,\"height\":614},{\"@type\":\"BreadcrumbList\",\"@id\":\"https:\\\/\\\/diariodelsurdigital.com.ar\\\/?p=2302#breadcrumb\",\"itemListElement\":[{\"@type\":\"ListItem\",\"position\":1,\"name\":\"Portada\",\"item\":\"https:\\\/\\\/diariodelsurdigital.com.ar\\\/\"},{\"@type\":\"ListItem\",\"position\":2,\"name\":\"La inflaci\u00f3n y la salida del cepo impactaron en el precio de la carne: subas de hasta 36% en algunos cortes\"}]},{\"@type\":\"WebSite\",\"@id\":\"https:\\\/\\\/diariodelsurdigital.com.ar\\\/#website\",\"url\":\"https:\\\/\\\/diariodelsurdigital.com.ar\\\/\",\"name\":\"Diario del Sur\",\"description\":\"Digital\",\"potentialAction\":[{\"@type\":\"SearchAction\",\"target\":{\"@type\":\"EntryPoint\",\"urlTemplate\":\"https:\\\/\\\/diariodelsurdigital.com.ar\\\/?s={search_term_string}\"},\"query-input\":{\"@type\":\"PropertyValueSpecification\",\"valueRequired\":true,\"valueName\":\"search_term_string\"}}],\"inLanguage\":\"es\"},{\"@type\":\"Person\",\"@id\":\"https:\\\/\\\/diariodelsurdigital.com.ar\\\/#\\\/schema\\\/person\\\/1a4992532ed62965c968031b49195c81\",\"name\":\"Diario del Sur Digital\",\"image\":{\"@type\":\"ImageObject\",\"inLanguage\":\"es\",\"@id\":\"https:\\\/\\\/secure.gravatar.com\\\/avatar\\\/f0c7c47fc7146d19828273b9b8eda651c9c7ab583767e6338d3d3bee825adf76?s=96&d=mm&r=g\",\"url\":\"https:\\\/\\\/secure.gravatar.com\\\/avatar\\\/f0c7c47fc7146d19828273b9b8eda651c9c7ab583767e6338d3d3bee825adf76?s=96&d=mm&r=g\",\"contentUrl\":\"https:\\\/\\\/secure.gravatar.com\\\/avatar\\\/f0c7c47fc7146d19828273b9b8eda651c9c7ab583767e6338d3d3bee825adf76?s=96&d=mm&r=g\",\"caption\":\"Diario del Sur Digital\"},\"url\":\"https:\\\/\\\/diariodelsurdigital.com.ar\\\/?author=4\"}]}<\/script>\n<!-- \/ Yoast SEO plugin. -->","yoast_head_json":{"title":"La inflaci\u00f3n y la salida del cepo impactaron en el precio de la carne: subas de hasta 36% en algunos cortes - Diario del Sur","robots":{"index":"index","follow":"follow","max-snippet":"max-snippet:-1","max-image-preview":"max-image-preview:large","max-video-preview":"max-video-preview:-1"},"canonical":"https:\/\/diariodelsurdigital.com.ar\/?p=2302","og_locale":"es_ES","og_type":"article","og_title":"La inflaci\u00f3n y la salida del cepo impactaron en el precio de la carne: subas de hasta 36% en algunos cortes - Diario del Sur","og_description":"Este aumento responde tanto a ajustes por inflaci\u00f3n como a alzas preventivas vinculadas a la devaluaci\u00f3n. En este contexto, el acceso a la carne se volvi\u00f3 cada vez m\u00e1s restringido para amplios sectores de la poblaci\u00f3n. A pesar de ciertos signos de recuperaci\u00f3n econ\u00f3mica, con un crecimiento del 5,7% en febrero, el consumo de alimentos [&hellip;]","og_url":"https:\/\/diariodelsurdigital.com.ar\/?p=2302","og_site_name":"Diario del Sur","article_published_time":"2025-04-28T12:21:27+00:00","article_modified_time":"2025-04-28T12:21:28+00:00","og_image":[{"width":992,"height":614,"url":"https:\/\/diariodelsurdigital.com.ar\/wp-content\/uploads\/2025\/04\/md-20.webp","type":"image\/webp"}],"author":"Diario del Sur Digital","twitter_card":"summary_large_image","twitter_misc":{"Escrito por":"Diario del Sur Digital","Tiempo de lectura":"3 minutos"},"schema":{"@context":"https:\/\/schema.org","@graph":[{"@type":"Article","@id":"https:\/\/diariodelsurdigital.com.ar\/?p=2302#article","isPartOf":{"@id":"https:\/\/diariodelsurdigital.com.ar\/?p=2302"},"author":{"name":"Diario del Sur Digital","@id":"https:\/\/diariodelsurdigital.com.ar\/#\/schema\/person\/1a4992532ed62965c968031b49195c81"},"headline":"La inflaci\u00f3n y la salida del cepo impactaron en el precio de la carne: subas de hasta 36% en algunos cortes","datePublished":"2025-04-28T12:21:27+00:00","dateModified":"2025-04-28T12:21:28+00:00","mainEntityOfPage":{"@id":"https:\/\/diariodelsurdigital.com.ar\/?p=2302"},"wordCount":563,"commentCount":0,"image":{"@id":"https:\/\/diariodelsurdigital.com.ar\/?p=2302#primaryimage"},"thumbnailUrl":"https:\/\/diariodelsurdigital.com.ar\/wp-content\/uploads\/2025\/04\/md-20.webp","articleSection":["Inter\u00e9s General","Nacionales"],"inLanguage":"es","potentialAction":[{"@type":"CommentAction","name":"Comment","target":["https:\/\/diariodelsurdigital.com.ar\/?p=2302#respond"]}]},{"@type":"WebPage","@id":"https:\/\/diariodelsurdigital.com.ar\/?p=2302","url":"https:\/\/diariodelsurdigital.com.ar\/?p=2302","name":"La inflaci\u00f3n y la salida del cepo impactaron en el precio de la carne: subas de hasta 36% en algunos cortes - Diario del Sur","isPartOf":{"@id":"https:\/\/diariodelsurdigital.com.ar\/#website"},"primaryImageOfPage":{"@id":"https:\/\/diariodelsurdigital.com.ar\/?p=2302#primaryimage"},"image":{"@id":"https:\/\/diariodelsurdigital.com.ar\/?p=2302#primaryimage"},"thumbnailUrl":"https:\/\/diariodelsurdigital.com.ar\/wp-content\/uploads\/2025\/04\/md-20.webp","datePublished":"2025-04-28T12:21:27+00:00","dateModified":"2025-04-28T12:21:28+00:00","author":{"@id":"https:\/\/diariodelsurdigital.com.ar\/#\/schema\/person\/1a4992532ed62965c968031b49195c81"},"breadcrumb":{"@id":"https:\/\/diariodelsurdigital.com.ar\/?p=2302#breadcrumb"},"inLanguage":"es","potentialAction":[{"@type":"ReadAction","target":["https:\/\/diariodelsurdigital.com.ar\/?p=2302"]}]},{"@type":"ImageObject","inLanguage":"es","@id":"https:\/\/diariodelsurdigital.com.ar\/?p=2302#primaryimage","url":"https:\/\/diariodelsurdigital.com.ar\/wp-content\/uploads\/2025\/04\/md-20.webp","contentUrl":"https:\/\/diariodelsurdigital.com.ar\/wp-content\/uploads\/2025\/04\/md-20.webp","width":992,"height":614},{"@type":"BreadcrumbList","@id":"https:\/\/diariodelsurdigital.com.ar\/?p=2302#breadcrumb","itemListElement":[{"@type":"ListItem","position":1,"name":"Portada","item":"https:\/\/diariodelsurdigital.com.ar\/"},{"@type":"ListItem","position":2,"name":"La inflaci\u00f3n y la salida del cepo impactaron en el precio de la carne: subas de hasta 36% en algunos cortes"}]},{"@type":"WebSite","@id":"https:\/\/diariodelsurdigital.com.ar\/#website","url":"https:\/\/diariodelsurdigital.com.ar\/","name":"Diario del Sur","description":"Digital","potentialAction":[{"@type":"SearchAction","target":{"@type":"EntryPoint","urlTemplate":"https:\/\/diariodelsurdigital.com.ar\/?s={search_term_string}"},"query-input":{"@type":"PropertyValueSpecification","valueRequired":true,"valueName":"search_term_string"}}],"inLanguage":"es"},{"@type":"Person","@id":"https:\/\/diariodelsurdigital.com.ar\/#\/schema\/person\/1a4992532ed62965c968031b49195c81","name":"Diario del Sur Digital","image":{"@type":"ImageObject","inLanguage":"es","@id":"https:\/\/secure.gravatar.com\/avatar\/f0c7c47fc7146d19828273b9b8eda651c9c7ab583767e6338d3d3bee825adf76?s=96&d=mm&r=g","url":"https:\/\/secure.gravatar.com\/avatar\/f0c7c47fc7146d19828273b9b8eda651c9c7ab583767e6338d3d3bee825adf76?s=96&d=mm&r=g","contentUrl":"https:\/\/secure.gravatar.com\/avatar\/f0c7c47fc7146d19828273b9b8eda651c9c7ab583767e6338d3d3bee825adf76?s=96&d=mm&r=g","caption":"Diario del Sur Digital"},"url":"https:\/\/diariodelsurdigital.com.ar\/?author=4"}]}},"_links":{"self":[{"href":"https:\/\/diariodelsurdigital.com.ar\/index.php?rest_route=\/wp\/v2\/posts\/2302","targetHints":{"allow":["GET"]}}],"collection":[{"href":"https:\/\/diariodelsurdigital.com.ar\/index.php?rest_route=\/wp\/v2\/posts"}],"about":[{"href":"https:\/\/diariodelsurdigital.com.ar\/index.php?rest_route=\/wp\/v2\/types\/post"}],"author":[{"embeddable":true,"href":"https:\/\/diariodelsurdigital.com.ar\/index.php?rest_route=\/wp\/v2\/users\/4"}],"replies":[{"embeddable":true,"href":"https:\/\/diariodelsurdigital.com.ar\/index.php?rest_route=%2Fwp%2Fv2%2Fcomments&post=2302"}],"version-history":[{"count":1,"href":"https:\/\/diariodelsurdigital.com.ar\/index.php?rest_route=\/wp\/v2\/posts\/2302\/revisions"}],"predecessor-version":[{"id":2304,"href":"https:\/\/diariodelsurdigital.com.ar\/index.php?rest_route=\/wp\/v2\/posts\/2302\/revisions\/2304"}],"wp:featuredmedia":[{"embeddable":true,"href":"https:\/\/diariodelsurdigital.com.ar\/index.php?rest_route=\/wp\/v2\/media\/2303"}],"wp:attachment":[{"href":"https:\/\/diariodelsurdigital.com.ar\/index.php?rest_route=%2Fwp%2Fv2%2Fmedia&parent=2302"}],"wp:term":[{"taxonomy":"category","embeddable":true,"href":"https:\/\/diariodelsurdigital.com.ar\/index.php?rest_route=%2Fwp%2Fv2%2Fcategories&post=2302"},{"taxonomy":"post_tag","embeddable":true,"href":"https:\/\/diariodelsurdigital.com.ar\/index.php?rest_route=%2Fwp%2Fv2%2Ftags&post=2302"}],"curies":[{"name":"wp","href":"https:\/\/api.w.org\/{rel}","templated":true}]}}