{"id":2312,"date":"2025-04-28T09:38:20","date_gmt":"2025-04-28T12:38:20","guid":{"rendered":"https:\/\/diariodelsurdigital.com.ar\/?p=2312"},"modified":"2025-04-28T09:38:22","modified_gmt":"2025-04-28T12:38:22","slug":"el-indec-detallo-los-cambios-que-tendra-el-nuevo-indice-de-inflacion-y-el-impacto-en-la-medicion","status":"publish","type":"post","link":"https:\/\/diariodelsurdigital.com.ar\/?p=2312","title":{"rendered":"El Indec detall\u00f3 los cambios que tendr\u00e1 el nuevo \u00edndice de inflaci\u00f3n y el impacto en la medici\u00f3n"},"content":{"rendered":"\n<p>El organismo busca construir una estructura de medici\u00f3n proyectada a diez a\u00f1os, con datos m\u00e1s representativos de los patrones de consumo actuales. Entre los nuevos consumos que se sumar\u00e1n al \u00edndice, el titular del organismo anticip\u00f3 que se destacan servicios como Netflix y celulares. Sin embargo aclar\u00f3 que las diferencias en el porcentaje con los \u00edndices actuales \u201cno es grande\u201d.<\/p>\n\n\n\n<p><br>El organismo busca construir una estructura de medici\u00f3n proyectada a diez a\u00f1os, con datos m\u00e1s representativos de los patrones de consumo actuales. Entre los nuevos consumos que se sumar\u00e1n al \u00edndice, el titular del organismo anticip\u00f3 que se destacan servicios como Netflix y celulares. Sin embargo aclar\u00f3 que las diferencias en el porcentaje con los \u00edndices actuales \u201cno es grande\u201d.<\/p>\n\n\n\n<p>El titular del INDEC, Marco Lavagna, confirm\u00f3 que el organismo est\u00e1 trabajando en una actualizaci\u00f3n del \u00cdndice de Precios al Consumidor (IPC), que incluir\u00e1 una canasta renovada con nuevos productos y servicios.<\/p>\n\n\n\n<p>Aunque no hay una fecha definida para la implementaci\u00f3n del nuevo esquema, Lavagna aclar\u00f3 que el impacto estad\u00edstico ser\u00e1 menor. \u00abPareciera por lo que digo que va a dar un resultado muy distinto, pero ser\u00e1 muy parecido\u00bb, afirm\u00f3 en una entrevista radial.<\/p>\n\n\n\n<p>La actualizaci\u00f3n responde a la necesidad de adaptar la medici\u00f3n a los h\u00e1bitos de consumo actuales y a est\u00e1ndares internacionales. \u00abVamos a actualizar la canasta al meter nuevos productos. No significa que d\u00e9 una diferencia muy sustancial. Sirve para brindar mayor dato\u00bb, explic\u00f3.<\/p>\n\n\n\n<p>Entre los nuevos consumos que se sumar\u00e1n al \u00edndice se destacan servicios como Netflix y celulares, que hoy no est\u00e1n reflejados en la medici\u00f3n vigente. Actualmente, el IPC del Indec se calcula sobre la base de la Encuesta Nacional de Gasto de los Hogares (ENGHO) 2004-2005 y un \u00edndice base de 2016. Aunque en su momento se elabor\u00f3 una nueva encuesta en 2017-2018, esa versi\u00f3n nunca se implement\u00f3.<\/p>\n\n\n\n<p>Ahora, el organismo busca construir una estructura de medici\u00f3n proyectada a diez a\u00f1os, con datos m\u00e1s representativos de los patrones de consumo actuales.<\/p>\n\n\n\n<p>Lavagna detall\u00f3 que las diferencias que pueda arrojar el nuevo \u00edndice respecto del actual ser\u00e1n m\u00ednimas: \u00abLas diferencias pueden ser de 0,1% o 0,2%, no es una diferencia grande en lo estad\u00edstico\u00bb, se\u00f1al\u00f3.<\/p>\n\n\n\n<p>Adem\u00e1s, explic\u00f3 que a lo largo del tiempo, los \u00edndices deber\u00edan mostrar una tendencia similar, aunque en algunos meses podr\u00eda notarse m\u00e1s peso de alimentos o servicios, seg\u00fan el contexto.<\/p>\n\n\n\n<p>El anuncio se dio en medio de un contexto en el que la inflaci\u00f3n mostr\u00f3 una leve suba en marzo, con un 3,7% mensual, cortando la racha descendente de los meses anteriores.<\/p>\n\n\n\n<p>Consultado sobre lo que se espera para abril, Lavagna sostuvo: \u00abHay que esperar el dato de inflaci\u00f3n de abril, porque el cambio del esquema cambiario se dio a mitad de mes. No veo una inflaci\u00f3n muy distinta en el pr\u00f3ximo mes\u00bb.<\/p>\n\n\n\n<p><\/p>\n","protected":false},"excerpt":{"rendered":"<p>El organismo busca construir una estructura de medici\u00f3n proyectada a diez a\u00f1os, con datos m\u00e1s representativos de los patrones de consumo actuales. Entre los nuevos consumos que se sumar\u00e1n al \u00edndice, el titular del organismo anticip\u00f3 que se destacan servicios como Netflix y celulares. Sin embargo aclar\u00f3 que las diferencias en el porcentaje con los [&hellip;]<\/p>\n","protected":false},"author":4,"featured_media":2314,"comment_status":"open","ping_status":"open","sticky":false,"template":"","format":"standard","meta":{"footnotes":""},"categories":[18],"tags":[],"class_list":{"0":"post-2312","1":"post","2":"type-post","3":"status-publish","4":"format-standard","5":"has-post-thumbnail","7":"category-nacionales"},"yoast_head":"<!-- This site is optimized with the Yoast SEO plugin v27.4 - https:\/\/yoast.com\/product\/yoast-seo-wordpress\/ -->\n<title>El Indec detall\u00f3 los cambios que tendr\u00e1 el nuevo \u00edndice de inflaci\u00f3n y el impacto en la medici\u00f3n - Diario del Sur<\/title>\n<meta name=\"robots\" content=\"index, follow, max-snippet:-1, max-image-preview:large, max-video-preview:-1\" \/>\n<link rel=\"canonical\" href=\"https:\/\/diariodelsurdigital.com.ar\/?p=2312\" \/>\n<meta property=\"og:locale\" content=\"es_ES\" \/>\n<meta property=\"og:type\" content=\"article\" \/>\n<meta property=\"og:title\" content=\"El Indec detall\u00f3 los cambios que tendr\u00e1 el nuevo \u00edndice de inflaci\u00f3n y el impacto en la medici\u00f3n - Diario del Sur\" \/>\n<meta property=\"og:description\" content=\"El organismo busca construir una estructura de medici\u00f3n proyectada a diez a\u00f1os, con datos m\u00e1s representativos de los patrones de consumo actuales. Entre los nuevos consumos que se sumar\u00e1n al \u00edndice, el titular del organismo anticip\u00f3 que se destacan servicios como Netflix y celulares. Sin embargo aclar\u00f3 que las diferencias en el porcentaje con los [&hellip;]\" \/>\n<meta property=\"og:url\" content=\"https:\/\/diariodelsurdigital.com.ar\/?p=2312\" \/>\n<meta property=\"og:site_name\" content=\"Diario del Sur\" \/>\n<meta property=\"article:published_time\" content=\"2025-04-28T12:38:20+00:00\" \/>\n<meta property=\"article:modified_time\" content=\"2025-04-28T12:38:22+00:00\" \/>\n<meta property=\"og:image\" content=\"https:\/\/diariodelsurdigital.com.ar\/wp-content\/uploads\/2025\/04\/md-23.webp\" \/>\n\t<meta property=\"og:image:width\" content=\"992\" \/>\n\t<meta property=\"og:image:height\" content=\"520\" \/>\n\t<meta property=\"og:image:type\" content=\"image\/webp\" \/>\n<meta name=\"author\" content=\"Diario del Sur Digital\" \/>\n<meta name=\"twitter:card\" content=\"summary_large_image\" \/>\n<meta name=\"twitter:label1\" content=\"Escrito por\" \/>\n\t<meta name=\"twitter:data1\" content=\"Diario del Sur Digital\" \/>\n\t<meta name=\"twitter:label2\" content=\"Tiempo de lectura\" \/>\n\t<meta name=\"twitter:data2\" content=\"3 minutos\" \/>\n<script type=\"application\/ld+json\" class=\"yoast-schema-graph\">{\"@context\":\"https:\\\/\\\/schema.org\",\"@graph\":[{\"@type\":\"Article\",\"@id\":\"https:\\\/\\\/diariodelsurdigital.com.ar\\\/?p=2312#article\",\"isPartOf\":{\"@id\":\"https:\\\/\\\/diariodelsurdigital.com.ar\\\/?p=2312\"},\"author\":{\"name\":\"Diario del Sur Digital\",\"@id\":\"https:\\\/\\\/diariodelsurdigital.com.ar\\\/#\\\/schema\\\/person\\\/1a4992532ed62965c968031b49195c81\"},\"headline\":\"El Indec detall\u00f3 los cambios que tendr\u00e1 el nuevo \u00edndice de inflaci\u00f3n y el impacto en la medici\u00f3n\",\"datePublished\":\"2025-04-28T12:38:20+00:00\",\"dateModified\":\"2025-04-28T12:38:22+00:00\",\"mainEntityOfPage\":{\"@id\":\"https:\\\/\\\/diariodelsurdigital.com.ar\\\/?p=2312\"},\"wordCount\":515,\"commentCount\":0,\"image\":{\"@id\":\"https:\\\/\\\/diariodelsurdigital.com.ar\\\/?p=2312#primaryimage\"},\"thumbnailUrl\":\"https:\\\/\\\/diariodelsurdigital.com.ar\\\/wp-content\\\/uploads\\\/2025\\\/04\\\/md-23.webp\",\"articleSection\":[\"Nacionales\"],\"inLanguage\":\"es\",\"potentialAction\":[{\"@type\":\"CommentAction\",\"name\":\"Comment\",\"target\":[\"https:\\\/\\\/diariodelsurdigital.com.ar\\\/?p=2312#respond\"]}]},{\"@type\":\"WebPage\",\"@id\":\"https:\\\/\\\/diariodelsurdigital.com.ar\\\/?p=2312\",\"url\":\"https:\\\/\\\/diariodelsurdigital.com.ar\\\/?p=2312\",\"name\":\"El Indec detall\u00f3 los cambios que tendr\u00e1 el nuevo \u00edndice de inflaci\u00f3n y el impacto en la medici\u00f3n - Diario del Sur\",\"isPartOf\":{\"@id\":\"https:\\\/\\\/diariodelsurdigital.com.ar\\\/#website\"},\"primaryImageOfPage\":{\"@id\":\"https:\\\/\\\/diariodelsurdigital.com.ar\\\/?p=2312#primaryimage\"},\"image\":{\"@id\":\"https:\\\/\\\/diariodelsurdigital.com.ar\\\/?p=2312#primaryimage\"},\"thumbnailUrl\":\"https:\\\/\\\/diariodelsurdigital.com.ar\\\/wp-content\\\/uploads\\\/2025\\\/04\\\/md-23.webp\",\"datePublished\":\"2025-04-28T12:38:20+00:00\",\"dateModified\":\"2025-04-28T12:38:22+00:00\",\"author\":{\"@id\":\"https:\\\/\\\/diariodelsurdigital.com.ar\\\/#\\\/schema\\\/person\\\/1a4992532ed62965c968031b49195c81\"},\"breadcrumb\":{\"@id\":\"https:\\\/\\\/diariodelsurdigital.com.ar\\\/?p=2312#breadcrumb\"},\"inLanguage\":\"es\",\"potentialAction\":[{\"@type\":\"ReadAction\",\"target\":[\"https:\\\/\\\/diariodelsurdigital.com.ar\\\/?p=2312\"]}]},{\"@type\":\"ImageObject\",\"inLanguage\":\"es\",\"@id\":\"https:\\\/\\\/diariodelsurdigital.com.ar\\\/?p=2312#primaryimage\",\"url\":\"https:\\\/\\\/diariodelsurdigital.com.ar\\\/wp-content\\\/uploads\\\/2025\\\/04\\\/md-23.webp\",\"contentUrl\":\"https:\\\/\\\/diariodelsurdigital.com.ar\\\/wp-content\\\/uploads\\\/2025\\\/04\\\/md-23.webp\",\"width\":992,\"height\":520},{\"@type\":\"BreadcrumbList\",\"@id\":\"https:\\\/\\\/diariodelsurdigital.com.ar\\\/?p=2312#breadcrumb\",\"itemListElement\":[{\"@type\":\"ListItem\",\"position\":1,\"name\":\"Portada\",\"item\":\"https:\\\/\\\/diariodelsurdigital.com.ar\\\/\"},{\"@type\":\"ListItem\",\"position\":2,\"name\":\"El Indec detall\u00f3 los cambios que tendr\u00e1 el nuevo \u00edndice de inflaci\u00f3n y el impacto en la medici\u00f3n\"}]},{\"@type\":\"WebSite\",\"@id\":\"https:\\\/\\\/diariodelsurdigital.com.ar\\\/#website\",\"url\":\"https:\\\/\\\/diariodelsurdigital.com.ar\\\/\",\"name\":\"Diario del Sur\",\"description\":\"Digital\",\"potentialAction\":[{\"@type\":\"SearchAction\",\"target\":{\"@type\":\"EntryPoint\",\"urlTemplate\":\"https:\\\/\\\/diariodelsurdigital.com.ar\\\/?s={search_term_string}\"},\"query-input\":{\"@type\":\"PropertyValueSpecification\",\"valueRequired\":true,\"valueName\":\"search_term_string\"}}],\"inLanguage\":\"es\"},{\"@type\":\"Person\",\"@id\":\"https:\\\/\\\/diariodelsurdigital.com.ar\\\/#\\\/schema\\\/person\\\/1a4992532ed62965c968031b49195c81\",\"name\":\"Diario del Sur Digital\",\"image\":{\"@type\":\"ImageObject\",\"inLanguage\":\"es\",\"@id\":\"https:\\\/\\\/secure.gravatar.com\\\/avatar\\\/f0c7c47fc7146d19828273b9b8eda651c9c7ab583767e6338d3d3bee825adf76?s=96&d=mm&r=g\",\"url\":\"https:\\\/\\\/secure.gravatar.com\\\/avatar\\\/f0c7c47fc7146d19828273b9b8eda651c9c7ab583767e6338d3d3bee825adf76?s=96&d=mm&r=g\",\"contentUrl\":\"https:\\\/\\\/secure.gravatar.com\\\/avatar\\\/f0c7c47fc7146d19828273b9b8eda651c9c7ab583767e6338d3d3bee825adf76?s=96&d=mm&r=g\",\"caption\":\"Diario del Sur Digital\"},\"url\":\"https:\\\/\\\/diariodelsurdigital.com.ar\\\/?author=4\"}]}<\/script>\n<!-- \/ Yoast SEO plugin. -->","yoast_head_json":{"title":"El Indec detall\u00f3 los cambios que tendr\u00e1 el nuevo \u00edndice de inflaci\u00f3n y el impacto en la medici\u00f3n - Diario del Sur","robots":{"index":"index","follow":"follow","max-snippet":"max-snippet:-1","max-image-preview":"max-image-preview:large","max-video-preview":"max-video-preview:-1"},"canonical":"https:\/\/diariodelsurdigital.com.ar\/?p=2312","og_locale":"es_ES","og_type":"article","og_title":"El Indec detall\u00f3 los cambios que tendr\u00e1 el nuevo \u00edndice de inflaci\u00f3n y el impacto en la medici\u00f3n - Diario del Sur","og_description":"El organismo busca construir una estructura de medici\u00f3n proyectada a diez a\u00f1os, con datos m\u00e1s representativos de los patrones de consumo actuales. Entre los nuevos consumos que se sumar\u00e1n al \u00edndice, el titular del organismo anticip\u00f3 que se destacan servicios como Netflix y celulares. Sin embargo aclar\u00f3 que las diferencias en el porcentaje con los [&hellip;]","og_url":"https:\/\/diariodelsurdigital.com.ar\/?p=2312","og_site_name":"Diario del Sur","article_published_time":"2025-04-28T12:38:20+00:00","article_modified_time":"2025-04-28T12:38:22+00:00","og_image":[{"width":992,"height":520,"url":"https:\/\/diariodelsurdigital.com.ar\/wp-content\/uploads\/2025\/04\/md-23.webp","type":"image\/webp"}],"author":"Diario del Sur Digital","twitter_card":"summary_large_image","twitter_misc":{"Escrito por":"Diario del Sur Digital","Tiempo de lectura":"3 minutos"},"schema":{"@context":"https:\/\/schema.org","@graph":[{"@type":"Article","@id":"https:\/\/diariodelsurdigital.com.ar\/?p=2312#article","isPartOf":{"@id":"https:\/\/diariodelsurdigital.com.ar\/?p=2312"},"author":{"name":"Diario del Sur Digital","@id":"https:\/\/diariodelsurdigital.com.ar\/#\/schema\/person\/1a4992532ed62965c968031b49195c81"},"headline":"El Indec detall\u00f3 los cambios que tendr\u00e1 el nuevo \u00edndice de inflaci\u00f3n y el impacto en la medici\u00f3n","datePublished":"2025-04-28T12:38:20+00:00","dateModified":"2025-04-28T12:38:22+00:00","mainEntityOfPage":{"@id":"https:\/\/diariodelsurdigital.com.ar\/?p=2312"},"wordCount":515,"commentCount":0,"image":{"@id":"https:\/\/diariodelsurdigital.com.ar\/?p=2312#primaryimage"},"thumbnailUrl":"https:\/\/diariodelsurdigital.com.ar\/wp-content\/uploads\/2025\/04\/md-23.webp","articleSection":["Nacionales"],"inLanguage":"es","potentialAction":[{"@type":"CommentAction","name":"Comment","target":["https:\/\/diariodelsurdigital.com.ar\/?p=2312#respond"]}]},{"@type":"WebPage","@id":"https:\/\/diariodelsurdigital.com.ar\/?p=2312","url":"https:\/\/diariodelsurdigital.com.ar\/?p=2312","name":"El Indec detall\u00f3 los cambios que tendr\u00e1 el nuevo \u00edndice de inflaci\u00f3n y el impacto en la medici\u00f3n - Diario del Sur","isPartOf":{"@id":"https:\/\/diariodelsurdigital.com.ar\/#website"},"primaryImageOfPage":{"@id":"https:\/\/diariodelsurdigital.com.ar\/?p=2312#primaryimage"},"image":{"@id":"https:\/\/diariodelsurdigital.com.ar\/?p=2312#primaryimage"},"thumbnailUrl":"https:\/\/diariodelsurdigital.com.ar\/wp-content\/uploads\/2025\/04\/md-23.webp","datePublished":"2025-04-28T12:38:20+00:00","dateModified":"2025-04-28T12:38:22+00:00","author":{"@id":"https:\/\/diariodelsurdigital.com.ar\/#\/schema\/person\/1a4992532ed62965c968031b49195c81"},"breadcrumb":{"@id":"https:\/\/diariodelsurdigital.com.ar\/?p=2312#breadcrumb"},"inLanguage":"es","potentialAction":[{"@type":"ReadAction","target":["https:\/\/diariodelsurdigital.com.ar\/?p=2312"]}]},{"@type":"ImageObject","inLanguage":"es","@id":"https:\/\/diariodelsurdigital.com.ar\/?p=2312#primaryimage","url":"https:\/\/diariodelsurdigital.com.ar\/wp-content\/uploads\/2025\/04\/md-23.webp","contentUrl":"https:\/\/diariodelsurdigital.com.ar\/wp-content\/uploads\/2025\/04\/md-23.webp","width":992,"height":520},{"@type":"BreadcrumbList","@id":"https:\/\/diariodelsurdigital.com.ar\/?p=2312#breadcrumb","itemListElement":[{"@type":"ListItem","position":1,"name":"Portada","item":"https:\/\/diariodelsurdigital.com.ar\/"},{"@type":"ListItem","position":2,"name":"El Indec detall\u00f3 los cambios que tendr\u00e1 el nuevo \u00edndice de inflaci\u00f3n y el impacto en la medici\u00f3n"}]},{"@type":"WebSite","@id":"https:\/\/diariodelsurdigital.com.ar\/#website","url":"https:\/\/diariodelsurdigital.com.ar\/","name":"Diario del Sur","description":"Digital","potentialAction":[{"@type":"SearchAction","target":{"@type":"EntryPoint","urlTemplate":"https:\/\/diariodelsurdigital.com.ar\/?s={search_term_string}"},"query-input":{"@type":"PropertyValueSpecification","valueRequired":true,"valueName":"search_term_string"}}],"inLanguage":"es"},{"@type":"Person","@id":"https:\/\/diariodelsurdigital.com.ar\/#\/schema\/person\/1a4992532ed62965c968031b49195c81","name":"Diario del Sur Digital","image":{"@type":"ImageObject","inLanguage":"es","@id":"https:\/\/secure.gravatar.com\/avatar\/f0c7c47fc7146d19828273b9b8eda651c9c7ab583767e6338d3d3bee825adf76?s=96&d=mm&r=g","url":"https:\/\/secure.gravatar.com\/avatar\/f0c7c47fc7146d19828273b9b8eda651c9c7ab583767e6338d3d3bee825adf76?s=96&d=mm&r=g","contentUrl":"https:\/\/secure.gravatar.com\/avatar\/f0c7c47fc7146d19828273b9b8eda651c9c7ab583767e6338d3d3bee825adf76?s=96&d=mm&r=g","caption":"Diario del Sur Digital"},"url":"https:\/\/diariodelsurdigital.com.ar\/?author=4"}]}},"_links":{"self":[{"href":"https:\/\/diariodelsurdigital.com.ar\/index.php?rest_route=\/wp\/v2\/posts\/2312","targetHints":{"allow":["GET"]}}],"collection":[{"href":"https:\/\/diariodelsurdigital.com.ar\/index.php?rest_route=\/wp\/v2\/posts"}],"about":[{"href":"https:\/\/diariodelsurdigital.com.ar\/index.php?rest_route=\/wp\/v2\/types\/post"}],"author":[{"embeddable":true,"href":"https:\/\/diariodelsurdigital.com.ar\/index.php?rest_route=\/wp\/v2\/users\/4"}],"replies":[{"embeddable":true,"href":"https:\/\/diariodelsurdigital.com.ar\/index.php?rest_route=%2Fwp%2Fv2%2Fcomments&post=2312"}],"version-history":[{"count":1,"href":"https:\/\/diariodelsurdigital.com.ar\/index.php?rest_route=\/wp\/v2\/posts\/2312\/revisions"}],"predecessor-version":[{"id":2315,"href":"https:\/\/diariodelsurdigital.com.ar\/index.php?rest_route=\/wp\/v2\/posts\/2312\/revisions\/2315"}],"wp:featuredmedia":[{"embeddable":true,"href":"https:\/\/diariodelsurdigital.com.ar\/index.php?rest_route=\/wp\/v2\/media\/2314"}],"wp:attachment":[{"href":"https:\/\/diariodelsurdigital.com.ar\/index.php?rest_route=%2Fwp%2Fv2%2Fmedia&parent=2312"}],"wp:term":[{"taxonomy":"category","embeddable":true,"href":"https:\/\/diariodelsurdigital.com.ar\/index.php?rest_route=%2Fwp%2Fv2%2Fcategories&post=2312"},{"taxonomy":"post_tag","embeddable":true,"href":"https:\/\/diariodelsurdigital.com.ar\/index.php?rest_route=%2Fwp%2Fv2%2Ftags&post=2312"}],"curies":[{"name":"wp","href":"https:\/\/api.w.org\/{rel}","templated":true}]}}